{"id":40234,"date":"2021-04-01T09:14:25","date_gmt":"2021-04-01T07:14:25","guid":{"rendered":"https:\/\/nockultury.pl\/?p=40234"},"modified":"2021-04-26T10:08:23","modified_gmt":"2021-04-26T08:08:23","slug":"wesolego-alleluja","status":"publish","type":"post","link":"https:\/\/nockultury.pl\/pl\/wesolego-alleluja\/","title":{"rendered":"Weso\u0142ego Alleluja"},"content":{"rendered":"<p>Z okazji \u015awi\u0105t Wielkanocnych<br \/>\n\u017cyczymy wszystkim,<br \/>\naby te dni przynios\u0142y Wam rado\u015b\u0107<br \/>\noraz wzajemn\u0105 \u017cyczliwo\u015b\u0107.<\/p>\n<p>Zesp\u00f3\u0142 Warsztat\u00f3w Kultury<\/p>\n<p>Projekt Kartki: Ilona Wa\u0142\u0119cak<\/p>\n","protected":false},"excerpt":{"rendered":"<p>Z okazji \u015awi\u0105t Wielkanocnych \u017cyczymy wszystkim, aby te dni przynios\u0142y  [&#8230;]<\/p>\n","protected":false},"author":1,"featured_media":40236,"comment_status":"closed","ping_status":"open","sticky":false,"template":"","format":"standard","meta":{"_acf_changed":false,"ngg_post_thumbnail":0,"footnotes":""},"categories":[48],"tags":[],"class_list":["post-40234","post","type-post","status-publish","format-standard","has-post-thumbnail","hentry","category-aktualnosc"],"acf":[],"yoast_head":"<!-- This site is optimized with the Yoast SEO plugin v26.1.1 - https:\/\/yoast.com\/wordpress\/plugins\/seo\/ -->\n<title>Weso\u0142ego Alleluja - Noc Kultury<\/title>\n<meta name=\"robots\" content=\"index, follow, max-snippet:-1, max-image-preview:large, max-video-preview:-1\" \/>\n<link rel=\"canonical\" href=\"https:\/\/nockultury.pl\/pl\/wesolego-alleluja\/\" \/>\n<meta property=\"og:locale\" content=\"pl_PL\" \/>\n<meta property=\"og:type\" content=\"article\" \/>\n<meta property=\"og:title\" content=\"Weso\u0142ego Alleluja - Noc Kultury\" \/>\n<meta property=\"og:description\" content=\"Z okazji \u015awi\u0105t Wielkanocnych \u017cyczymy wszystkim, aby te dni przynios\u0142y [...]\" \/>\n<meta property=\"og:url\" content=\"https:\/\/nockultury.pl\/pl\/wesolego-alleluja\/\" \/>\n<meta property=\"og:site_name\" content=\"Noc Kultury\" \/>\n<meta property=\"article:publisher\" content=\"https:\/\/www.facebook.com\/NocKultury\/\" \/>\n<meta property=\"article:published_time\" content=\"2021-04-01T07:14:25+00:00\" \/>\n<meta property=\"article:modified_time\" content=\"2021-04-26T08:08:23+00:00\" \/>\n<meta property=\"og:image\" content=\"https:\/\/nockultury.pl\/wp-content\/uploads\/2021\/04\/kartka-wielkanocna-2021-hd.png\" \/>\n\t<meta property=\"og:image:width\" content=\"1920\" \/>\n\t<meta property=\"og:image:height\" content=\"1080\" \/>\n\t<meta property=\"og:image:type\" content=\"image\/png\" \/>\n<meta name=\"author\" content=\"admin_nk\" \/>\n<meta name=\"twitter:card\" content=\"summary_large_image\" \/>\n<meta name=\"twitter:label1\" content=\"Napisane przez\" \/>\n\t<meta name=\"twitter:data1\" content=\"admin_nk\" \/>\n<script type=\"application\/ld+json\" class=\"yoast-schema-graph\">{\"@context\":\"https:\/\/schema.org\",\"@graph\":[{\"@type\":\"Article\",\"@id\":\"https:\/\/nockultury.pl\/pl\/wesolego-alleluja\/#article\",\"isPartOf\":{\"@id\":\"https:\/\/nockultury.pl\/pl\/wesolego-alleluja\/\"},\"author\":{\"name\":\"admin_nk\",\"@id\":\"https:\/\/nockultury.pl\/pl\/#\/schema\/person\/4720e32c52aa6b49e5c3022a927bfe26\"},\"headline\":\"Weso\u0142ego Alleluja\",\"datePublished\":\"2021-04-01T07:14:25+00:00\",\"dateModified\":\"2021-04-26T08:08:23+00:00\",\"mainEntityOfPage\":{\"@id\":\"https:\/\/nockultury.pl\/pl\/wesolego-alleluja\/\"},\"wordCount\":29,\"publisher\":{\"@id\":\"https:\/\/nockultury.pl\/pl\/#organization\"},\"image\":{\"@id\":\"https:\/\/nockultury.pl\/pl\/wesolego-alleluja\/#primaryimage\"},\"thumbnailUrl\":\"https:\/\/nockultury.pl\/wp-content\/uploads\/2021\/04\/kartka-wielkanocna-2021-hd.png\",\"articleSection\":[\"aktualno\u015b\u0107\"],\"inLanguage\":\"pl-PL\"},{\"@type\":\"WebPage\",\"@id\":\"https:\/\/nockultury.pl\/pl\/wesolego-alleluja\/\",\"url\":\"https:\/\/nockultury.pl\/pl\/wesolego-alleluja\/\",\"name\":\"Weso\u0142ego Alleluja - Noc Kultury\",\"isPartOf\":{\"@id\":\"https:\/\/nockultury.pl\/pl\/#website\"},\"primaryImageOfPage\":{\"@id\":\"https:\/\/nockultury.pl\/pl\/wesolego-alleluja\/#primaryimage\"},\"image\":{\"@id\":\"https:\/\/nockultury.pl\/pl\/wesolego-alleluja\/#primaryimage\"},\"thumbnailUrl\":\"https:\/\/nockultury.pl\/wp-content\/uploads\/2021\/04\/kartka-wielkanocna-2021-hd.png\",\"datePublished\":\"2021-04-01T07:14:25+00:00\",\"dateModified\":\"2021-04-26T08:08:23+00:00\",\"breadcrumb\":{\"@id\":\"https:\/\/nockultury.pl\/pl\/wesolego-alleluja\/#breadcrumb\"},\"inLanguage\":\"pl-PL\",\"potentialAction\":[{\"@type\":\"ReadAction\",\"target\":[\"https:\/\/nockultury.pl\/pl\/wesolego-alleluja\/\"]}]},{\"@type\":\"ImageObject\",\"inLanguage\":\"pl-PL\",\"@id\":\"https:\/\/nockultury.pl\/pl\/wesolego-alleluja\/#primaryimage\",\"url\":\"https:\/\/nockultury.pl\/wp-content\/uploads\/2021\/04\/kartka-wielkanocna-2021-hd.png\",\"contentUrl\":\"https:\/\/nockultury.pl\/wp-content\/uploads\/2021\/04\/kartka-wielkanocna-2021-hd.png\",\"width\":1920,\"height\":1080,\"caption\":\"kartka \u015bwi\u0105teczna w kolorze jasnoniebieskim. q prawym dolnym rogu pi\u0119\u0107 pisanek, nad nimi logo warsztat\u00f3w Kultury. w lewym g\u00f3rnym rogu napis Weso\u0142ego Alleluja\"},{\"@type\":\"BreadcrumbList\",\"@id\":\"https:\/\/nockultury.pl\/pl\/wesolego-alleluja\/#breadcrumb\",\"itemListElement\":[{\"@type\":\"ListItem\",\"position\":1,\"name\":\"Strona g\u0142\u00f3wna\",\"item\":\"https:\/\/nockultury.pl\/pl\/\"},{\"@type\":\"ListItem\",\"position\":2,\"name\":\"Weso\u0142ego Alleluja\"}]},{\"@type\":\"WebSite\",\"@id\":\"https:\/\/nockultury.pl\/pl\/#website\",\"url\":\"https:\/\/nockultury.pl\/pl\/\",\"name\":\"Noc Kultury\",\"description\":\"Lublin, Stare Miasto | wst\u0119p wolny\",\"publisher\":{\"@id\":\"https:\/\/nockultury.pl\/pl\/#organization\"},\"potentialAction\":[{\"@type\":\"SearchAction\",\"target\":{\"@type\":\"EntryPoint\",\"urlTemplate\":\"https:\/\/nockultury.pl\/pl\/?s={search_term_string}\"},\"query-input\":{\"@type\":\"PropertyValueSpecification\",\"valueRequired\":true,\"valueName\":\"search_term_string\"}}],\"inLanguage\":\"pl-PL\"},{\"@type\":\"Organization\",\"@id\":\"https:\/\/nockultury.pl\/pl\/#organization\",\"name\":\"Warsztaty Kultury w Lublinie\",\"url\":\"https:\/\/nockultury.pl\/pl\/\",\"logo\":{\"@type\":\"ImageObject\",\"inLanguage\":\"pl-PL\",\"@id\":\"https:\/\/nockultury.pl\/pl\/#\/schema\/logo\/image\/\",\"url\":\"https:\/\/nockultury.pl\/wp-content\/uploads\/2020\/03\/NOC-KULTURY-LOGO-170.jpg\",\"contentUrl\":\"https:\/\/nockultury.pl\/wp-content\/uploads\/2020\/03\/NOC-KULTURY-LOGO-170.jpg\",\"width\":170,\"height\":79,\"caption\":\"Warsztaty Kultury w Lublinie\"},\"image\":{\"@id\":\"https:\/\/nockultury.pl\/pl\/#\/schema\/logo\/image\/\"},\"sameAs\":[\"https:\/\/www.facebook.com\/NocKultury\/\",\"https:\/\/www.instagram.com\/nockultury\/\",\"https:\/\/www.youtube.com\/@videonockultury\"]},{\"@type\":\"Person\",\"@id\":\"https:\/\/nockultury.pl\/pl\/#\/schema\/person\/4720e32c52aa6b49e5c3022a927bfe26\",\"name\":\"admin_nk\",\"image\":{\"@type\":\"ImageObject\",\"inLanguage\":\"pl-PL\",\"@id\":\"https:\/\/nockultury.pl\/pl\/#\/schema\/person\/image\/\",\"url\":\"https:\/\/secure.gravatar.com\/avatar\/407110da9576f3167e12d8fc2b032f23162c02e21af96323c071520f7890f40a?s=96&d=mm&r=g\",\"contentUrl\":\"https:\/\/secure.gravatar.com\/avatar\/407110da9576f3167e12d8fc2b032f23162c02e21af96323c071520f7890f40a?s=96&d=mm&r=g\",\"caption\":\"admin_nk\"}}]}<\/script>\n<!-- \/ Yoast SEO plugin. -->","yoast_head_json":{"title":"Weso\u0142ego Alleluja - Noc Kultury","robots":{"index":"index","follow":"follow","max-snippet":"max-snippet:-1","max-image-preview":"max-image-preview:large","max-video-preview":"max-video-preview:-1"},"canonical":"https:\/\/nockultury.pl\/pl\/wesolego-alleluja\/","og_locale":"pl_PL","og_type":"article","og_title":"Weso\u0142ego Alleluja - Noc Kultury","og_description":"Z okazji \u015awi\u0105t Wielkanocnych \u017cyczymy wszystkim, aby te dni przynios\u0142y [...]","og_url":"https:\/\/nockultury.pl\/pl\/wesolego-alleluja\/","og_site_name":"Noc Kultury","article_publisher":"https:\/\/www.facebook.com\/NocKultury\/","article_published_time":"2021-04-01T07:14:25+00:00","article_modified_time":"2021-04-26T08:08:23+00:00","og_image":[{"width":1920,"height":1080,"url":"https:\/\/nockultury.pl\/wp-content\/uploads\/2021\/04\/kartka-wielkanocna-2021-hd.png","type":"image\/png"}],"author":"admin_nk","twitter_card":"summary_large_image","twitter_misc":{"Napisane przez":"admin_nk"},"schema":{"@context":"https:\/\/schema.org","@graph":[{"@type":"Article","@id":"https:\/\/nockultury.pl\/pl\/wesolego-alleluja\/#article","isPartOf":{"@id":"https:\/\/nockultury.pl\/pl\/wesolego-alleluja\/"},"author":{"name":"admin_nk","@id":"https:\/\/nockultury.pl\/pl\/#\/schema\/person\/4720e32c52aa6b49e5c3022a927bfe26"},"headline":"Weso\u0142ego Alleluja","datePublished":"2021-04-01T07:14:25+00:00","dateModified":"2021-04-26T08:08:23+00:00","mainEntityOfPage":{"@id":"https:\/\/nockultury.pl\/pl\/wesolego-alleluja\/"},"wordCount":29,"publisher":{"@id":"https:\/\/nockultury.pl\/pl\/#organization"},"image":{"@id":"https:\/\/nockultury.pl\/pl\/wesolego-alleluja\/#primaryimage"},"thumbnailUrl":"https:\/\/nockultury.pl\/wp-content\/uploads\/2021\/04\/kartka-wielkanocna-2021-hd.png","articleSection":["aktualno\u015b\u0107"],"inLanguage":"pl-PL"},{"@type":"WebPage","@id":"https:\/\/nockultury.pl\/pl\/wesolego-alleluja\/","url":"https:\/\/nockultury.pl\/pl\/wesolego-alleluja\/","name":"Weso\u0142ego Alleluja - Noc Kultury","isPartOf":{"@id":"https:\/\/nockultury.pl\/pl\/#website"},"primaryImageOfPage":{"@id":"https:\/\/nockultury.pl\/pl\/wesolego-alleluja\/#primaryimage"},"image":{"@id":"https:\/\/nockultury.pl\/pl\/wesolego-alleluja\/#primaryimage"},"thumbnailUrl":"https:\/\/nockultury.pl\/wp-content\/uploads\/2021\/04\/kartka-wielkanocna-2021-hd.png","datePublished":"2021-04-01T07:14:25+00:00","dateModified":"2021-04-26T08:08:23+00:00","breadcrumb":{"@id":"https:\/\/nockultury.pl\/pl\/wesolego-alleluja\/#breadcrumb"},"inLanguage":"pl-PL","potentialAction":[{"@type":"ReadAction","target":["https:\/\/nockultury.pl\/pl\/wesolego-alleluja\/"]}]},{"@type":"ImageObject","inLanguage":"pl-PL","@id":"https:\/\/nockultury.pl\/pl\/wesolego-alleluja\/#primaryimage","url":"https:\/\/nockultury.pl\/wp-content\/uploads\/2021\/04\/kartka-wielkanocna-2021-hd.png","contentUrl":"https:\/\/nockultury.pl\/wp-content\/uploads\/2021\/04\/kartka-wielkanocna-2021-hd.png","width":1920,"height":1080,"caption":"kartka \u015bwi\u0105teczna w kolorze jasnoniebieskim. q prawym dolnym rogu pi\u0119\u0107 pisanek, nad nimi logo warsztat\u00f3w Kultury. w lewym g\u00f3rnym rogu napis Weso\u0142ego Alleluja"},{"@type":"BreadcrumbList","@id":"https:\/\/nockultury.pl\/pl\/wesolego-alleluja\/#breadcrumb","itemListElement":[{"@type":"ListItem","position":1,"name":"Strona g\u0142\u00f3wna","item":"https:\/\/nockultury.pl\/pl\/"},{"@type":"ListItem","position":2,"name":"Weso\u0142ego Alleluja"}]},{"@type":"WebSite","@id":"https:\/\/nockultury.pl\/pl\/#website","url":"https:\/\/nockultury.pl\/pl\/","name":"Noc Kultury","description":"Lublin, Stare Miasto | wst\u0119p wolny","publisher":{"@id":"https:\/\/nockultury.pl\/pl\/#organization"},"potentialAction":[{"@type":"SearchAction","target":{"@type":"EntryPoint","urlTemplate":"https:\/\/nockultury.pl\/pl\/?s={search_term_string}"},"query-input":{"@type":"PropertyValueSpecification","valueRequired":true,"valueName":"search_term_string"}}],"inLanguage":"pl-PL"},{"@type":"Organization","@id":"https:\/\/nockultury.pl\/pl\/#organization","name":"Warsztaty Kultury w Lublinie","url":"https:\/\/nockultury.pl\/pl\/","logo":{"@type":"ImageObject","inLanguage":"pl-PL","@id":"https:\/\/nockultury.pl\/pl\/#\/schema\/logo\/image\/","url":"https:\/\/nockultury.pl\/wp-content\/uploads\/2020\/03\/NOC-KULTURY-LOGO-170.jpg","contentUrl":"https:\/\/nockultury.pl\/wp-content\/uploads\/2020\/03\/NOC-KULTURY-LOGO-170.jpg","width":170,"height":79,"caption":"Warsztaty Kultury w Lublinie"},"image":{"@id":"https:\/\/nockultury.pl\/pl\/#\/schema\/logo\/image\/"},"sameAs":["https:\/\/www.facebook.com\/NocKultury\/","https:\/\/www.instagram.com\/nockultury\/","https:\/\/www.youtube.com\/@videonockultury"]},{"@type":"Person","@id":"https:\/\/nockultury.pl\/pl\/#\/schema\/person\/4720e32c52aa6b49e5c3022a927bfe26","name":"admin_nk","image":{"@type":"ImageObject","inLanguage":"pl-PL","@id":"https:\/\/nockultury.pl\/pl\/#\/schema\/person\/image\/","url":"https:\/\/secure.gravatar.com\/avatar\/407110da9576f3167e12d8fc2b032f23162c02e21af96323c071520f7890f40a?s=96&d=mm&r=g","contentUrl":"https:\/\/secure.gravatar.com\/avatar\/407110da9576f3167e12d8fc2b032f23162c02e21af96323c071520f7890f40a?s=96&d=mm&r=g","caption":"admin_nk"}}]}},"_links":{"self":[{"href":"https:\/\/nockultury.pl\/pl\/wp-json\/wp\/v2\/posts\/40234","targetHints":{"allow":["GET"]}}],"collection":[{"href":"https:\/\/nockultury.pl\/pl\/wp-json\/wp\/v2\/posts"}],"about":[{"href":"https:\/\/nockultury.pl\/pl\/wp-json\/wp\/v2\/types\/post"}],"author":[{"embeddable":true,"href":"https:\/\/nockultury.pl\/pl\/wp-json\/wp\/v2\/users\/1"}],"replies":[{"embeddable":true,"href":"https:\/\/nockultury.pl\/pl\/wp-json\/wp\/v2\/comments?post=40234"}],"version-history":[{"count":0,"href":"https:\/\/nockultury.pl\/pl\/wp-json\/wp\/v2\/posts\/40234\/revisions"}],"wp:featuredmedia":[{"embeddable":true,"href":"https:\/\/nockultury.pl\/pl\/wp-json\/wp\/v2\/media\/40236"}],"wp:attachment":[{"href":"https:\/\/nockultury.pl\/pl\/wp-json\/wp\/v2\/media?parent=40234"}],"wp:term":[{"taxonomy":"category","embeddable":true,"href":"https:\/\/nockultury.pl\/pl\/wp-json\/wp\/v2\/categories?post=40234"},{"taxonomy":"post_tag","embeddable":true,"href":"https:\/\/nockultury.pl\/pl\/wp-json\/wp\/v2\/tags?post=40234"}],"curies":[{"name":"wp","href":"https:\/\/api.w.org\/{rel}","templated":true}]}}