{"id":40254,"date":"2020-11-19T10:03:10","date_gmt":"2020-11-19T09:03:10","guid":{"rendered":"https:\/\/nockultury.pl\/?p=40254"},"modified":"2021-04-26T10:05:31","modified_gmt":"2021-04-26T08:05:31","slug":"miastoczulosc-porozmawiajmy-o-miescie-spotkania-online-z-wykladowcami-ibpp","status":"publish","type":"post","link":"https:\/\/nockultury.pl\/pl\/miastoczulosc-porozmawiajmy-o-miescie-spotkania-online-z-wykladowcami-ibpp\/","title":{"rendered":"Miastoczu\u0142o\u015b\u0107: porozmawiajmy o mie\u015bcie | Spotkania online z wyk\u0142adowcami IBPP"},"content":{"rendered":"<p><span data-fusion-font=\"true\"><b>Zapraszamy na cykl spotka\u0144 z wyk\u0142adowcami Instytutu Bada\u0144 Przestrzeni Publicznej (ASP w Warszawie). Zajmiemy si\u0119 szeroko rozumian\u0105 tematyk\u0105 miejsk\u0105, ze szczeg\u00f3lnym uwzgl\u0119dnieniem przestrzeni publicznej.<\/b><\/span><\/p>\n<p data-fusion-font=\"true\">Projekt jest skierowany do wszystkich, kt\u00f3rzy chc\u0105 poszerzy\u0107 swoje naukowe kompetencje, pozna\u0107 specyfik\u0119 dzia\u0142ania w r\u00f3\u017cnych obszarach miejskich aktywno\u015bci.<\/p>\n<p data-fusion-font=\"true\">Spotkania odb\u0119d\u0105 si\u0119 w aplikacji ZOOM.<\/p>\n<p><b><span data-fusion-font=\"true\">I spotkanie: Sensualne miasto<\/span><\/b><\/p>\n<p data-fusion-font=\"true\">Kiedy: 23 listopada (poniedzia\u0142ek), godz. 16.30<\/p>\n<p data-fusion-font=\"true\">Prowadzenie: dr Monika Weychert<\/p>\n<p data-fusion-font=\"true\"><b><a href=\"https:\/\/forms.gle\/HpdvCyvbZMTiRowP7\" target=\"_blank\" rel=\"noopener noreferrer\">ZAPISY<\/a><\/b><\/p>\n<p data-fusion-font=\"true\">dr Monika Weychert \u2013 adiunkt i kierowniczka katedry Dziennikarstwa i Komunikacji Spo\u0142ecznej SAN Warszawa (z t\u0105 uczelni\u0105 zwi\u0105zana od 2015 roku). Od 2016 roku wsp\u00f3\u0142pracuje r\u00f3wnie\u017c z Instytutem Bada\u0144 Przestrzeni Publicznej ASP w Warszawie. W Toruniu prowadzi\u0142a m.in. niezale\u017cn\u0105 lotn\u0105 galeri\u0119, by\u0142a zwi\u0105zana z warszawsk\u0105 Galeri\u0105 Foksal i Muzeum Rze\u017aby im. Xawerego Dunikowskiego w Kr\u00f3likarni \u2013 Oddzia\u0142em Muzeum Narodowego w Warszawie. Kuratorka kilkudziesi\u0119ciu wystaw. Wieloletnia wsp\u00f3\u0142pracownica TVP Kultura; autorka artyku\u0142\u00f3w publikowanych w kilkunastu tytu\u0142ach pism naukowych i krytycznych, a tak\u017ce katalogach wystaw, redaktorka ksi\u0105\u017cek, cz\u0142onkini AICA.<\/p>\n<p data-fusion-font=\"true\">\u2014\u2013<\/p>\n<p><b>II spotkanie: Nowe media a przestrze\u0144 publiczna<\/b><\/p>\n<p>Kiedy: 26 listopada (czwartek), godz. 10.00<\/p>\n<p>Prowadzenie: dr hab. Piotr Welk<\/p>\n<p><a href=\"https:\/\/forms.gle\/xo2Tz3zqZAQs7nox8\" target=\"_blank\" rel=\"noopener noreferrer\"><b>ZAPISY<\/b><\/a><\/p>\n<p>Dr hab. Piotr Welk \u2013 studiowa\u0142 na Wydziale Grafiki Akademii Sztuk Pi\u0119knych w Warszawie. Dyplom uzyska\u0142 w roku 1998 w pracowni prof. Waldemara \u015awierzego. Artysta grafik, nauczyciel akademicki na Wydziale Grafiki Akademii Sztuk Pi\u0119knych w Warszawie, gdzie prowadzi pracowni\u0119 Multimedialnej Kreacji Artystycznej. Tworzy grafiki komputerowe w technikach 2D i 3D, animacje komputerowe i efekty specjalne do film\u00f3w animowanych, jest autorem fotografii i instalacji multimedialnych. Piotr Welk jest ambasadorem Legalnej Kultury.<\/p>\n<p>\u2014\u2013<\/p>\n<p><span data-fusion-font=\"true\"><b>III spotkanie: Estetyka + etyka \u015brodowiskowa<\/b><\/span><\/p>\n<p data-fusion-font=\"true\">Kiedy: 2 grudnia (\u015broda), godz. 16.30<\/p>\n<p data-fusion-font=\"true\">Prowadzenie: dr hab. Mateusz Salwa<\/p>\n<p data-fusion-font=\"true\"><b><a href=\"https:\/\/forms.gle\/4n9YydWPiyyx75s5A\" target=\"_blank\" rel=\"noopener noreferrer\">ZAPISY<\/a><\/b><\/p>\n<p data-fusion-font=\"true\">Mateusz Salwa \u2013 dr hab., adiunkt w Zak\u0142adzie Estetyki Wydzia\u0142u Filozofii Uniwersytetu Warszawskiego; w ostatnich latach zajmuje si\u0119 przede wszystkim estetyk\u0105 krajobrazu i przyrody (w powi\u0105zaniu ze sztuk\u0105). Opublikowa\u0142 m.in. Estetyka ogrodu. Mi\u0119dzy sztuk\u0105 a ekologi\u0105 (2016), publikowa\u0142 tak\u017ce w takich pismach jak \u201eEtyka\u201d, \u201ePrace Kulturoznawcze\u201d, \u201ePrzegl\u0105d Humanistyczny\u201d, \u201ePrzegl\u0105d Kulturoznawczy\u201d, \u201eContemporary Aesthetics\u201d, \u201eRivista di Estetica\u201d.<\/p>\n","protected":false},"excerpt":{"rendered":"<p>Zapraszamy na cykl spotka\u0144 z wyk\u0142adowcami Instytutu Bada\u0144 Przestrzeni Publicznej  [&#8230;]<\/p>\n","protected":false},"author":1,"featured_media":40255,"comment_status":"closed","ping_status":"open","sticky":false,"template":"","format":"standard","meta":{"_acf_changed":false,"ngg_post_thumbnail":0,"footnotes":""},"categories":[48],"tags":[],"class_list":["post-40254","post","type-post","status-publish","format-standard","has-post-thumbnail","hentry","category-aktualnosc"],"acf":[],"yoast_head":"<!-- This site is optimized with the Yoast SEO plugin v26.1.1 - https:\/\/yoast.com\/wordpress\/plugins\/seo\/ -->\n<title>Miastoczu\u0142o\u015b\u0107: porozmawiajmy o mie\u015bcie | Spotkania online z wyk\u0142adowcami IBPP - Noc Kultury<\/title>\n<meta name=\"robots\" content=\"index, follow, max-snippet:-1, max-image-preview:large, max-video-preview:-1\" \/>\n<link rel=\"canonical\" href=\"https:\/\/nockultury.pl\/pl\/miastoczulosc-porozmawiajmy-o-miescie-spotkania-online-z-wykladowcami-ibpp\/\" \/>\n<meta property=\"og:locale\" content=\"pl_PL\" \/>\n<meta property=\"og:type\" content=\"article\" \/>\n<meta property=\"og:title\" content=\"Miastoczu\u0142o\u015b\u0107: porozmawiajmy o mie\u015bcie | Spotkania online z wyk\u0142adowcami IBPP - Noc Kultury\" \/>\n<meta property=\"og:description\" content=\"Zapraszamy na cykl spotka\u0144 z wyk\u0142adowcami Instytutu Bada\u0144 Przestrzeni Publicznej [...]\" \/>\n<meta property=\"og:url\" content=\"https:\/\/nockultury.pl\/pl\/miastoczulosc-porozmawiajmy-o-miescie-spotkania-online-z-wykladowcami-ibpp\/\" \/>\n<meta property=\"og:site_name\" content=\"Noc Kultury\" \/>\n<meta property=\"article:publisher\" content=\"https:\/\/www.facebook.com\/NocKultury\/\" \/>\n<meta property=\"article:published_time\" content=\"2020-11-19T09:03:10+00:00\" \/>\n<meta property=\"article:modified_time\" content=\"2021-04-26T08:05:31+00:00\" \/>\n<meta property=\"og:image\" content=\"https:\/\/nockultury.pl\/wp-content\/uploads\/2021\/04\/wydarzeniehd.png\" \/>\n\t<meta property=\"og:image:width\" content=\"1920\" \/>\n\t<meta property=\"og:image:height\" content=\"1080\" \/>\n\t<meta property=\"og:image:type\" content=\"image\/png\" \/>\n<meta name=\"author\" content=\"admin_nk\" \/>\n<meta name=\"twitter:card\" content=\"summary_large_image\" \/>\n<meta name=\"twitter:label1\" content=\"Napisane przez\" \/>\n\t<meta name=\"twitter:data1\" content=\"admin_nk\" \/>\n\t<meta name=\"twitter:label2\" content=\"Szacowany czas czytania\" \/>\n\t<meta name=\"twitter:data2\" content=\"2 minuty\" \/>\n<script type=\"application\/ld+json\" class=\"yoast-schema-graph\">{\"@context\":\"https:\/\/schema.org\",\"@graph\":[{\"@type\":\"Article\",\"@id\":\"https:\/\/nockultury.pl\/pl\/miastoczulosc-porozmawiajmy-o-miescie-spotkania-online-z-wykladowcami-ibpp\/#article\",\"isPartOf\":{\"@id\":\"https:\/\/nockultury.pl\/pl\/miastoczulosc-porozmawiajmy-o-miescie-spotkania-online-z-wykladowcami-ibpp\/\"},\"author\":{\"name\":\"admin_nk\",\"@id\":\"https:\/\/nockultury.pl\/pl\/#\/schema\/person\/4720e32c52aa6b49e5c3022a927bfe26\"},\"headline\":\"Miastoczu\u0142o\u015b\u0107: porozmawiajmy o mie\u015bcie | Spotkania online z wyk\u0142adowcami IBPP\",\"datePublished\":\"2020-11-19T09:03:10+00:00\",\"dateModified\":\"2021-04-26T08:05:31+00:00\",\"mainEntityOfPage\":{\"@id\":\"https:\/\/nockultury.pl\/pl\/miastoczulosc-porozmawiajmy-o-miescie-spotkania-online-z-wykladowcami-ibpp\/\"},\"wordCount\":348,\"publisher\":{\"@id\":\"https:\/\/nockultury.pl\/pl\/#organization\"},\"image\":{\"@id\":\"https:\/\/nockultury.pl\/pl\/miastoczulosc-porozmawiajmy-o-miescie-spotkania-online-z-wykladowcami-ibpp\/#primaryimage\"},\"thumbnailUrl\":\"https:\/\/nockultury.pl\/wp-content\/uploads\/2021\/04\/wydarzeniehd.png\",\"articleSection\":[\"aktualno\u015b\u0107\"],\"inLanguage\":\"pl-PL\"},{\"@type\":\"WebPage\",\"@id\":\"https:\/\/nockultury.pl\/pl\/miastoczulosc-porozmawiajmy-o-miescie-spotkania-online-z-wykladowcami-ibpp\/\",\"url\":\"https:\/\/nockultury.pl\/pl\/miastoczulosc-porozmawiajmy-o-miescie-spotkania-online-z-wykladowcami-ibpp\/\",\"name\":\"Miastoczu\u0142o\u015b\u0107: porozmawiajmy o mie\u015bcie | Spotkania online z wyk\u0142adowcami IBPP - Noc Kultury\",\"isPartOf\":{\"@id\":\"https:\/\/nockultury.pl\/pl\/#website\"},\"primaryImageOfPage\":{\"@id\":\"https:\/\/nockultury.pl\/pl\/miastoczulosc-porozmawiajmy-o-miescie-spotkania-online-z-wykladowcami-ibpp\/#primaryimage\"},\"image\":{\"@id\":\"https:\/\/nockultury.pl\/pl\/miastoczulosc-porozmawiajmy-o-miescie-spotkania-online-z-wykladowcami-ibpp\/#primaryimage\"},\"thumbnailUrl\":\"https:\/\/nockultury.pl\/wp-content\/uploads\/2021\/04\/wydarzeniehd.png\",\"datePublished\":\"2020-11-19T09:03:10+00:00\",\"dateModified\":\"2021-04-26T08:05:31+00:00\",\"breadcrumb\":{\"@id\":\"https:\/\/nockultury.pl\/pl\/miastoczulosc-porozmawiajmy-o-miescie-spotkania-online-z-wykladowcami-ibpp\/#breadcrumb\"},\"inLanguage\":\"pl-PL\",\"potentialAction\":[{\"@type\":\"ReadAction\",\"target\":[\"https:\/\/nockultury.pl\/pl\/miastoczulosc-porozmawiajmy-o-miescie-spotkania-online-z-wykladowcami-ibpp\/\"]}]},{\"@type\":\"ImageObject\",\"inLanguage\":\"pl-PL\",\"@id\":\"https:\/\/nockultury.pl\/pl\/miastoczulosc-porozmawiajmy-o-miescie-spotkania-online-z-wykladowcami-ibpp\/#primaryimage\",\"url\":\"https:\/\/nockultury.pl\/wp-content\/uploads\/2021\/04\/wydarzeniehd.png\",\"contentUrl\":\"https:\/\/nockultury.pl\/wp-content\/uploads\/2021\/04\/wydarzeniehd.png\",\"width\":1920,\"height\":1080,\"caption\":\"#kulturaonline Miastoczu\u0142o\u015b\u0107: porozmawiajmy o mie\u015bcie\"},{\"@type\":\"BreadcrumbList\",\"@id\":\"https:\/\/nockultury.pl\/pl\/miastoczulosc-porozmawiajmy-o-miescie-spotkania-online-z-wykladowcami-ibpp\/#breadcrumb\",\"itemListElement\":[{\"@type\":\"ListItem\",\"position\":1,\"name\":\"Strona g\u0142\u00f3wna\",\"item\":\"https:\/\/nockultury.pl\/pl\/\"},{\"@type\":\"ListItem\",\"position\":2,\"name\":\"Miastoczu\u0142o\u015b\u0107: porozmawiajmy o mie\u015bcie | Spotkania online z wyk\u0142adowcami IBPP\"}]},{\"@type\":\"WebSite\",\"@id\":\"https:\/\/nockultury.pl\/pl\/#website\",\"url\":\"https:\/\/nockultury.pl\/pl\/\",\"name\":\"Noc Kultury\",\"description\":\"Lublin, Stare Miasto | wst\u0119p wolny\",\"publisher\":{\"@id\":\"https:\/\/nockultury.pl\/pl\/#organization\"},\"potentialAction\":[{\"@type\":\"SearchAction\",\"target\":{\"@type\":\"EntryPoint\",\"urlTemplate\":\"https:\/\/nockultury.pl\/pl\/?s={search_term_string}\"},\"query-input\":{\"@type\":\"PropertyValueSpecification\",\"valueRequired\":true,\"valueName\":\"search_term_string\"}}],\"inLanguage\":\"pl-PL\"},{\"@type\":\"Organization\",\"@id\":\"https:\/\/nockultury.pl\/pl\/#organization\",\"name\":\"Warsztaty Kultury w Lublinie\",\"url\":\"https:\/\/nockultury.pl\/pl\/\",\"logo\":{\"@type\":\"ImageObject\",\"inLanguage\":\"pl-PL\",\"@id\":\"https:\/\/nockultury.pl\/pl\/#\/schema\/logo\/image\/\",\"url\":\"https:\/\/nockultury.pl\/wp-content\/uploads\/2020\/03\/NOC-KULTURY-LOGO-170.jpg\",\"contentUrl\":\"https:\/\/nockultury.pl\/wp-content\/uploads\/2020\/03\/NOC-KULTURY-LOGO-170.jpg\",\"width\":170,\"height\":79,\"caption\":\"Warsztaty Kultury w Lublinie\"},\"image\":{\"@id\":\"https:\/\/nockultury.pl\/pl\/#\/schema\/logo\/image\/\"},\"sameAs\":[\"https:\/\/www.facebook.com\/NocKultury\/\",\"https:\/\/www.instagram.com\/nockultury\/\",\"https:\/\/www.youtube.com\/@videonockultury\"]},{\"@type\":\"Person\",\"@id\":\"https:\/\/nockultury.pl\/pl\/#\/schema\/person\/4720e32c52aa6b49e5c3022a927bfe26\",\"name\":\"admin_nk\",\"image\":{\"@type\":\"ImageObject\",\"inLanguage\":\"pl-PL\",\"@id\":\"https:\/\/nockultury.pl\/pl\/#\/schema\/person\/image\/\",\"url\":\"https:\/\/secure.gravatar.com\/avatar\/407110da9576f3167e12d8fc2b032f23162c02e21af96323c071520f7890f40a?s=96&d=mm&r=g\",\"contentUrl\":\"https:\/\/secure.gravatar.com\/avatar\/407110da9576f3167e12d8fc2b032f23162c02e21af96323c071520f7890f40a?s=96&d=mm&r=g\",\"caption\":\"admin_nk\"}}]}<\/script>\n<!-- \/ Yoast SEO plugin. -->","yoast_head_json":{"title":"Miastoczu\u0142o\u015b\u0107: porozmawiajmy o mie\u015bcie | Spotkania online z wyk\u0142adowcami IBPP - Noc Kultury","robots":{"index":"index","follow":"follow","max-snippet":"max-snippet:-1","max-image-preview":"max-image-preview:large","max-video-preview":"max-video-preview:-1"},"canonical":"https:\/\/nockultury.pl\/pl\/miastoczulosc-porozmawiajmy-o-miescie-spotkania-online-z-wykladowcami-ibpp\/","og_locale":"pl_PL","og_type":"article","og_title":"Miastoczu\u0142o\u015b\u0107: porozmawiajmy o mie\u015bcie | Spotkania online z wyk\u0142adowcami IBPP - Noc Kultury","og_description":"Zapraszamy na cykl spotka\u0144 z wyk\u0142adowcami Instytutu Bada\u0144 Przestrzeni Publicznej [...]","og_url":"https:\/\/nockultury.pl\/pl\/miastoczulosc-porozmawiajmy-o-miescie-spotkania-online-z-wykladowcami-ibpp\/","og_site_name":"Noc Kultury","article_publisher":"https:\/\/www.facebook.com\/NocKultury\/","article_published_time":"2020-11-19T09:03:10+00:00","article_modified_time":"2021-04-26T08:05:31+00:00","og_image":[{"width":1920,"height":1080,"url":"https:\/\/nockultury.pl\/wp-content\/uploads\/2021\/04\/wydarzeniehd.png","type":"image\/png"}],"author":"admin_nk","twitter_card":"summary_large_image","twitter_misc":{"Napisane przez":"admin_nk","Szacowany czas czytania":"2 minuty"},"schema":{"@context":"https:\/\/schema.org","@graph":[{"@type":"Article","@id":"https:\/\/nockultury.pl\/pl\/miastoczulosc-porozmawiajmy-o-miescie-spotkania-online-z-wykladowcami-ibpp\/#article","isPartOf":{"@id":"https:\/\/nockultury.pl\/pl\/miastoczulosc-porozmawiajmy-o-miescie-spotkania-online-z-wykladowcami-ibpp\/"},"author":{"name":"admin_nk","@id":"https:\/\/nockultury.pl\/pl\/#\/schema\/person\/4720e32c52aa6b49e5c3022a927bfe26"},"headline":"Miastoczu\u0142o\u015b\u0107: porozmawiajmy o mie\u015bcie | Spotkania online z wyk\u0142adowcami IBPP","datePublished":"2020-11-19T09:03:10+00:00","dateModified":"2021-04-26T08:05:31+00:00","mainEntityOfPage":{"@id":"https:\/\/nockultury.pl\/pl\/miastoczulosc-porozmawiajmy-o-miescie-spotkania-online-z-wykladowcami-ibpp\/"},"wordCount":348,"publisher":{"@id":"https:\/\/nockultury.pl\/pl\/#organization"},"image":{"@id":"https:\/\/nockultury.pl\/pl\/miastoczulosc-porozmawiajmy-o-miescie-spotkania-online-z-wykladowcami-ibpp\/#primaryimage"},"thumbnailUrl":"https:\/\/nockultury.pl\/wp-content\/uploads\/2021\/04\/wydarzeniehd.png","articleSection":["aktualno\u015b\u0107"],"inLanguage":"pl-PL"},{"@type":"WebPage","@id":"https:\/\/nockultury.pl\/pl\/miastoczulosc-porozmawiajmy-o-miescie-spotkania-online-z-wykladowcami-ibpp\/","url":"https:\/\/nockultury.pl\/pl\/miastoczulosc-porozmawiajmy-o-miescie-spotkania-online-z-wykladowcami-ibpp\/","name":"Miastoczu\u0142o\u015b\u0107: porozmawiajmy o mie\u015bcie | Spotkania online z wyk\u0142adowcami IBPP - Noc Kultury","isPartOf":{"@id":"https:\/\/nockultury.pl\/pl\/#website"},"primaryImageOfPage":{"@id":"https:\/\/nockultury.pl\/pl\/miastoczulosc-porozmawiajmy-o-miescie-spotkania-online-z-wykladowcami-ibpp\/#primaryimage"},"image":{"@id":"https:\/\/nockultury.pl\/pl\/miastoczulosc-porozmawiajmy-o-miescie-spotkania-online-z-wykladowcami-ibpp\/#primaryimage"},"thumbnailUrl":"https:\/\/nockultury.pl\/wp-content\/uploads\/2021\/04\/wydarzeniehd.png","datePublished":"2020-11-19T09:03:10+00:00","dateModified":"2021-04-26T08:05:31+00:00","breadcrumb":{"@id":"https:\/\/nockultury.pl\/pl\/miastoczulosc-porozmawiajmy-o-miescie-spotkania-online-z-wykladowcami-ibpp\/#breadcrumb"},"inLanguage":"pl-PL","potentialAction":[{"@type":"ReadAction","target":["https:\/\/nockultury.pl\/pl\/miastoczulosc-porozmawiajmy-o-miescie-spotkania-online-z-wykladowcami-ibpp\/"]}]},{"@type":"ImageObject","inLanguage":"pl-PL","@id":"https:\/\/nockultury.pl\/pl\/miastoczulosc-porozmawiajmy-o-miescie-spotkania-online-z-wykladowcami-ibpp\/#primaryimage","url":"https:\/\/nockultury.pl\/wp-content\/uploads\/2021\/04\/wydarzeniehd.png","contentUrl":"https:\/\/nockultury.pl\/wp-content\/uploads\/2021\/04\/wydarzeniehd.png","width":1920,"height":1080,"caption":"#kulturaonline Miastoczu\u0142o\u015b\u0107: porozmawiajmy o mie\u015bcie"},{"@type":"BreadcrumbList","@id":"https:\/\/nockultury.pl\/pl\/miastoczulosc-porozmawiajmy-o-miescie-spotkania-online-z-wykladowcami-ibpp\/#breadcrumb","itemListElement":[{"@type":"ListItem","position":1,"name":"Strona g\u0142\u00f3wna","item":"https:\/\/nockultury.pl\/pl\/"},{"@type":"ListItem","position":2,"name":"Miastoczu\u0142o\u015b\u0107: porozmawiajmy o mie\u015bcie | Spotkania online z wyk\u0142adowcami IBPP"}]},{"@type":"WebSite","@id":"https:\/\/nockultury.pl\/pl\/#website","url":"https:\/\/nockultury.pl\/pl\/","name":"Noc Kultury","description":"Lublin, Stare Miasto | wst\u0119p wolny","publisher":{"@id":"https:\/\/nockultury.pl\/pl\/#organization"},"potentialAction":[{"@type":"SearchAction","target":{"@type":"EntryPoint","urlTemplate":"https:\/\/nockultury.pl\/pl\/?s={search_term_string}"},"query-input":{"@type":"PropertyValueSpecification","valueRequired":true,"valueName":"search_term_string"}}],"inLanguage":"pl-PL"},{"@type":"Organization","@id":"https:\/\/nockultury.pl\/pl\/#organization","name":"Warsztaty Kultury w Lublinie","url":"https:\/\/nockultury.pl\/pl\/","logo":{"@type":"ImageObject","inLanguage":"pl-PL","@id":"https:\/\/nockultury.pl\/pl\/#\/schema\/logo\/image\/","url":"https:\/\/nockultury.pl\/wp-content\/uploads\/2020\/03\/NOC-KULTURY-LOGO-170.jpg","contentUrl":"https:\/\/nockultury.pl\/wp-content\/uploads\/2020\/03\/NOC-KULTURY-LOGO-170.jpg","width":170,"height":79,"caption":"Warsztaty Kultury w Lublinie"},"image":{"@id":"https:\/\/nockultury.pl\/pl\/#\/schema\/logo\/image\/"},"sameAs":["https:\/\/www.facebook.com\/NocKultury\/","https:\/\/www.instagram.com\/nockultury\/","https:\/\/www.youtube.com\/@videonockultury"]},{"@type":"Person","@id":"https:\/\/nockultury.pl\/pl\/#\/schema\/person\/4720e32c52aa6b49e5c3022a927bfe26","name":"admin_nk","image":{"@type":"ImageObject","inLanguage":"pl-PL","@id":"https:\/\/nockultury.pl\/pl\/#\/schema\/person\/image\/","url":"https:\/\/secure.gravatar.com\/avatar\/407110da9576f3167e12d8fc2b032f23162c02e21af96323c071520f7890f40a?s=96&d=mm&r=g","contentUrl":"https:\/\/secure.gravatar.com\/avatar\/407110da9576f3167e12d8fc2b032f23162c02e21af96323c071520f7890f40a?s=96&d=mm&r=g","caption":"admin_nk"}}]}},"_links":{"self":[{"href":"https:\/\/nockultury.pl\/pl\/wp-json\/wp\/v2\/posts\/40254","targetHints":{"allow":["GET"]}}],"collection":[{"href":"https:\/\/nockultury.pl\/pl\/wp-json\/wp\/v2\/posts"}],"about":[{"href":"https:\/\/nockultury.pl\/pl\/wp-json\/wp\/v2\/types\/post"}],"author":[{"embeddable":true,"href":"https:\/\/nockultury.pl\/pl\/wp-json\/wp\/v2\/users\/1"}],"replies":[{"embeddable":true,"href":"https:\/\/nockultury.pl\/pl\/wp-json\/wp\/v2\/comments?post=40254"}],"version-history":[{"count":0,"href":"https:\/\/nockultury.pl\/pl\/wp-json\/wp\/v2\/posts\/40254\/revisions"}],"wp:featuredmedia":[{"embeddable":true,"href":"https:\/\/nockultury.pl\/pl\/wp-json\/wp\/v2\/media\/40255"}],"wp:attachment":[{"href":"https:\/\/nockultury.pl\/pl\/wp-json\/wp\/v2\/media?parent=40254"}],"wp:term":[{"taxonomy":"category","embeddable":true,"href":"https:\/\/nockultury.pl\/pl\/wp-json\/wp\/v2\/categories?post=40254"},{"taxonomy":"post_tag","embeddable":true,"href":"https:\/\/nockultury.pl\/pl\/wp-json\/wp\/v2\/tags?post=40254"}],"curies":[{"name":"wp","href":"https:\/\/api.w.org\/{rel}","templated":true}]}}