{"id":40273,"date":"2020-06-15T10:22:05","date_gmt":"2020-06-15T08:22:05","guid":{"rendered":"https:\/\/nockultury.pl\/?p=40273"},"modified":"2021-04-26T10:23:45","modified_gmt":"2021-04-26T08:23:45","slug":"znamy-wyniki-nocy-balkonow","status":"publish","type":"post","link":"https:\/\/nockultury.pl\/pl\/znamy-wyniki-nocy-balkonow\/","title":{"rendered":"Znamy wyniki &#8222;Nocy Balkon\u00f3w&#8221;"},"content":{"rendered":"<p><strong>6\/7 czerwca 2020 to by\u0142a data, na kt\u00f3r\u0105 czeka\u0142o wielu mieszka\u0144c\u00f3w Lublina, artyst\u00f3w, animator\u00f3w kultury i przyjaci\u00f3\u0142 naszego miasta. Wtedy to mia\u0142a odby\u0107 si\u0119 Noc Kultury. Niestety ze wzgl\u0119du na pandemi\u0119 festiwal zosta\u0142 prze\u0142o\u017cony na jesie\u0144, ale tamtej nocy roz\u015bwietli\u0142y si\u0119 balkony Lublina. Wszystko za spraw\u0105 konkursu \u201eNoc Balkon\u00f3w\u201d zorganizowanego przez Warsztaty Kultury w Lublinie na najpi\u0119kniej udekorowany \u015bwiat\u0142em balkon, okno, czy parapet. <\/strong><\/p>\n<p>Nagrod\u0119 jury zdoby\u0142a <strong>Wioletta Stafi\u0144ska<\/strong> (dzielnica Czuby P\u0142n.) za: \u201eniezwykle r\u00f3\u017cnorodn\u0105 i pomys\u0142ow\u0105 aran\u017cacj\u0119 balkonu, po\u0142\u0105czon\u0105 z seri\u0105 dzia\u0142a\u0144 skierowanych do s\u0105siad\u00f3w i przechodni\u00f3w. Urzek\u0142 nas szczeg\u00f3lnie pomys\u0142 zorganizowania&nbsp; muzycznego przedstawienia Jednorazowego Teatru Cieni &#8222;ot i tu&#8221; (ze specjalnym udzia\u0142em korona-ksi\u0119\u017cyca) oraz kolorowo-butelkowe misterium &#8222;kwarantanna&#8221;. Postanowili\u015bmy nagrodzi\u0107 kreacj\u0119 artystyczn\u0105 odnosz\u0105c\u0105 si\u0119 z humorem do trudnej sytuacji, w kt\u00f3rej si\u0119 znale\u017ali\u015bmy. Jury jednocze\u015bnie pragnie podzi\u0119kowa\u0107 za inspiracj\u0119 i zaprasza do powt\u00f3rzenia dzia\u0142a\u0144 we wsp\u00f3lnie wybranej przestrzeni na Starym Mie\u015bcie.<\/p>\n<p>Nagrod\u0119 publiczno\u015bci (najwi\u0119ksza liczba\u201elajk\u00f3w\u201d) zdoby\u0142a <strong>Natalia Reszut<\/strong> (dzielnica Czech\u00f3w), kt\u00f3ra otrzyma\u0142a a\u017c&nbsp;13 ty\u015b. polubie\u0144.<\/p>\n<p>Zwyci\u0119\u017cczyniom serdecznie gratulujemy!<\/p>\n","protected":false},"excerpt":{"rendered":"<p>6\/7 czerwca 2020 to by\u0142a data, na kt\u00f3r\u0105 czeka\u0142o wielu  [&#8230;]<\/p>\n","protected":false},"author":1,"featured_media":40276,"comment_status":"closed","ping_status":"open","sticky":false,"template":"","format":"standard","meta":{"_acf_changed":false,"ngg_post_thumbnail":0,"footnotes":""},"categories":[48],"tags":[],"class_list":["post-40273","post","type-post","status-publish","format-standard","has-post-thumbnail","hentry","category-aktualnosc"],"acf":[],"yoast_head":"<!-- This site is optimized with the Yoast SEO plugin v26.1.1 - https:\/\/yoast.com\/wordpress\/plugins\/seo\/ -->\n<title>Znamy wyniki &quot;Nocy Balkon\u00f3w&quot; - Noc Kultury<\/title>\n<meta name=\"robots\" content=\"index, follow, max-snippet:-1, max-image-preview:large, max-video-preview:-1\" \/>\n<link rel=\"canonical\" href=\"https:\/\/nockultury.pl\/pl\/znamy-wyniki-nocy-balkonow\/\" \/>\n<meta property=\"og:locale\" content=\"pl_PL\" \/>\n<meta property=\"og:type\" content=\"article\" \/>\n<meta property=\"og:title\" content=\"Znamy wyniki &quot;Nocy Balkon\u00f3w&quot; - Noc Kultury\" \/>\n<meta property=\"og:description\" content=\"6\/7 czerwca 2020 to by\u0142a data, na kt\u00f3r\u0105 czeka\u0142o wielu [...]\" \/>\n<meta property=\"og:url\" content=\"https:\/\/nockultury.pl\/pl\/znamy-wyniki-nocy-balkonow\/\" \/>\n<meta property=\"og:site_name\" content=\"Noc Kultury\" \/>\n<meta property=\"article:publisher\" content=\"https:\/\/www.facebook.com\/NocKultury\/\" \/>\n<meta property=\"article:published_time\" content=\"2020-06-15T08:22:05+00:00\" \/>\n<meta property=\"article:modified_time\" content=\"2021-04-26T08:23:45+00:00\" \/>\n<meta property=\"og:image\" content=\"https:\/\/nockultury.pl\/wp-content\/uploads\/2020\/06\/103053765_3240677722651809_1464912020030842477_n-e1592235844527.jpg\" \/>\n\t<meta property=\"og:image:width\" content=\"921\" \/>\n\t<meta property=\"og:image:height\" content=\"508\" \/>\n\t<meta property=\"og:image:type\" content=\"image\/jpeg\" \/>\n<meta name=\"author\" content=\"admin_nk\" \/>\n<meta name=\"twitter:card\" content=\"summary_large_image\" \/>\n<meta name=\"twitter:label1\" content=\"Napisane przez\" \/>\n\t<meta name=\"twitter:data1\" content=\"admin_nk\" \/>\n\t<meta name=\"twitter:label2\" content=\"Szacowany czas czytania\" \/>\n\t<meta name=\"twitter:data2\" content=\"1 minuta\" \/>\n<script type=\"application\/ld+json\" class=\"yoast-schema-graph\">{\"@context\":\"https:\/\/schema.org\",\"@graph\":[{\"@type\":\"Article\",\"@id\":\"https:\/\/nockultury.pl\/pl\/znamy-wyniki-nocy-balkonow\/#article\",\"isPartOf\":{\"@id\":\"https:\/\/nockultury.pl\/pl\/znamy-wyniki-nocy-balkonow\/\"},\"author\":{\"name\":\"admin_nk\",\"@id\":\"https:\/\/nockultury.pl\/pl\/#\/schema\/person\/4720e32c52aa6b49e5c3022a927bfe26\"},\"headline\":\"Znamy wyniki &#8222;Nocy Balkon\u00f3w&#8221;\",\"datePublished\":\"2020-06-15T08:22:05+00:00\",\"dateModified\":\"2021-04-26T08:23:45+00:00\",\"mainEntityOfPage\":{\"@id\":\"https:\/\/nockultury.pl\/pl\/znamy-wyniki-nocy-balkonow\/\"},\"wordCount\":213,\"publisher\":{\"@id\":\"https:\/\/nockultury.pl\/pl\/#organization\"},\"image\":{\"@id\":\"https:\/\/nockultury.pl\/pl\/znamy-wyniki-nocy-balkonow\/#primaryimage\"},\"thumbnailUrl\":\"https:\/\/nockultury.pl\/wp-content\/uploads\/2020\/06\/103053765_3240677722651809_1464912020030842477_n-e1592235844527.jpg\",\"articleSection\":[\"aktualno\u015b\u0107\"],\"inLanguage\":\"pl-PL\"},{\"@type\":\"WebPage\",\"@id\":\"https:\/\/nockultury.pl\/pl\/znamy-wyniki-nocy-balkonow\/\",\"url\":\"https:\/\/nockultury.pl\/pl\/znamy-wyniki-nocy-balkonow\/\",\"name\":\"Znamy wyniki \\\"Nocy Balkon\u00f3w\\\" - Noc Kultury\",\"isPartOf\":{\"@id\":\"https:\/\/nockultury.pl\/pl\/#website\"},\"primaryImageOfPage\":{\"@id\":\"https:\/\/nockultury.pl\/pl\/znamy-wyniki-nocy-balkonow\/#primaryimage\"},\"image\":{\"@id\":\"https:\/\/nockultury.pl\/pl\/znamy-wyniki-nocy-balkonow\/#primaryimage\"},\"thumbnailUrl\":\"https:\/\/nockultury.pl\/wp-content\/uploads\/2020\/06\/103053765_3240677722651809_1464912020030842477_n-e1592235844527.jpg\",\"datePublished\":\"2020-06-15T08:22:05+00:00\",\"dateModified\":\"2021-04-26T08:23:45+00:00\",\"breadcrumb\":{\"@id\":\"https:\/\/nockultury.pl\/pl\/znamy-wyniki-nocy-balkonow\/#breadcrumb\"},\"inLanguage\":\"pl-PL\",\"potentialAction\":[{\"@type\":\"ReadAction\",\"target\":[\"https:\/\/nockultury.pl\/pl\/znamy-wyniki-nocy-balkonow\/\"]}]},{\"@type\":\"ImageObject\",\"inLanguage\":\"pl-PL\",\"@id\":\"https:\/\/nockultury.pl\/pl\/znamy-wyniki-nocy-balkonow\/#primaryimage\",\"url\":\"https:\/\/nockultury.pl\/wp-content\/uploads\/2020\/06\/103053765_3240677722651809_1464912020030842477_n-e1592235844527.jpg\",\"contentUrl\":\"https:\/\/nockultury.pl\/wp-content\/uploads\/2020\/06\/103053765_3240677722651809_1464912020030842477_n-e1592235844527.jpg\",\"width\":921,\"height\":508,\"caption\":\"Instalacja na Nocy Kultury, szklane butelki wype\u0142nione kolorowymi p\u0142ynami\"},{\"@type\":\"BreadcrumbList\",\"@id\":\"https:\/\/nockultury.pl\/pl\/znamy-wyniki-nocy-balkonow\/#breadcrumb\",\"itemListElement\":[{\"@type\":\"ListItem\",\"position\":1,\"name\":\"Strona g\u0142\u00f3wna\",\"item\":\"https:\/\/nockultury.pl\/pl\/\"},{\"@type\":\"ListItem\",\"position\":2,\"name\":\"Znamy wyniki &#8222;Nocy Balkon\u00f3w&#8221;\"}]},{\"@type\":\"WebSite\",\"@id\":\"https:\/\/nockultury.pl\/pl\/#website\",\"url\":\"https:\/\/nockultury.pl\/pl\/\",\"name\":\"Noc Kultury\",\"description\":\"Lublin, Stare Miasto | wst\u0119p wolny\",\"publisher\":{\"@id\":\"https:\/\/nockultury.pl\/pl\/#organization\"},\"potentialAction\":[{\"@type\":\"SearchAction\",\"target\":{\"@type\":\"EntryPoint\",\"urlTemplate\":\"https:\/\/nockultury.pl\/pl\/?s={search_term_string}\"},\"query-input\":{\"@type\":\"PropertyValueSpecification\",\"valueRequired\":true,\"valueName\":\"search_term_string\"}}],\"inLanguage\":\"pl-PL\"},{\"@type\":\"Organization\",\"@id\":\"https:\/\/nockultury.pl\/pl\/#organization\",\"name\":\"Warsztaty Kultury w Lublinie\",\"url\":\"https:\/\/nockultury.pl\/pl\/\",\"logo\":{\"@type\":\"ImageObject\",\"inLanguage\":\"pl-PL\",\"@id\":\"https:\/\/nockultury.pl\/pl\/#\/schema\/logo\/image\/\",\"url\":\"https:\/\/nockultury.pl\/wp-content\/uploads\/2020\/03\/NOC-KULTURY-LOGO-170.jpg\",\"contentUrl\":\"https:\/\/nockultury.pl\/wp-content\/uploads\/2020\/03\/NOC-KULTURY-LOGO-170.jpg\",\"width\":170,\"height\":79,\"caption\":\"Warsztaty Kultury w Lublinie\"},\"image\":{\"@id\":\"https:\/\/nockultury.pl\/pl\/#\/schema\/logo\/image\/\"},\"sameAs\":[\"https:\/\/www.facebook.com\/NocKultury\/\",\"https:\/\/www.instagram.com\/nockultury\/\",\"https:\/\/www.youtube.com\/@videonockultury\"]},{\"@type\":\"Person\",\"@id\":\"https:\/\/nockultury.pl\/pl\/#\/schema\/person\/4720e32c52aa6b49e5c3022a927bfe26\",\"name\":\"admin_nk\",\"image\":{\"@type\":\"ImageObject\",\"inLanguage\":\"pl-PL\",\"@id\":\"https:\/\/nockultury.pl\/pl\/#\/schema\/person\/image\/\",\"url\":\"https:\/\/secure.gravatar.com\/avatar\/407110da9576f3167e12d8fc2b032f23162c02e21af96323c071520f7890f40a?s=96&d=mm&r=g\",\"contentUrl\":\"https:\/\/secure.gravatar.com\/avatar\/407110da9576f3167e12d8fc2b032f23162c02e21af96323c071520f7890f40a?s=96&d=mm&r=g\",\"caption\":\"admin_nk\"}}]}<\/script>\n<!-- \/ Yoast SEO plugin. -->","yoast_head_json":{"title":"Znamy wyniki \"Nocy Balkon\u00f3w\" - Noc Kultury","robots":{"index":"index","follow":"follow","max-snippet":"max-snippet:-1","max-image-preview":"max-image-preview:large","max-video-preview":"max-video-preview:-1"},"canonical":"https:\/\/nockultury.pl\/pl\/znamy-wyniki-nocy-balkonow\/","og_locale":"pl_PL","og_type":"article","og_title":"Znamy wyniki \"Nocy Balkon\u00f3w\" - Noc Kultury","og_description":"6\/7 czerwca 2020 to by\u0142a data, na kt\u00f3r\u0105 czeka\u0142o wielu [...]","og_url":"https:\/\/nockultury.pl\/pl\/znamy-wyniki-nocy-balkonow\/","og_site_name":"Noc Kultury","article_publisher":"https:\/\/www.facebook.com\/NocKultury\/","article_published_time":"2020-06-15T08:22:05+00:00","article_modified_time":"2021-04-26T08:23:45+00:00","og_image":[{"width":921,"height":508,"url":"https:\/\/nockultury.pl\/wp-content\/uploads\/2020\/06\/103053765_3240677722651809_1464912020030842477_n-e1592235844527.jpg","type":"image\/jpeg"}],"author":"admin_nk","twitter_card":"summary_large_image","twitter_misc":{"Napisane przez":"admin_nk","Szacowany czas czytania":"1 minuta"},"schema":{"@context":"https:\/\/schema.org","@graph":[{"@type":"Article","@id":"https:\/\/nockultury.pl\/pl\/znamy-wyniki-nocy-balkonow\/#article","isPartOf":{"@id":"https:\/\/nockultury.pl\/pl\/znamy-wyniki-nocy-balkonow\/"},"author":{"name":"admin_nk","@id":"https:\/\/nockultury.pl\/pl\/#\/schema\/person\/4720e32c52aa6b49e5c3022a927bfe26"},"headline":"Znamy wyniki &#8222;Nocy Balkon\u00f3w&#8221;","datePublished":"2020-06-15T08:22:05+00:00","dateModified":"2021-04-26T08:23:45+00:00","mainEntityOfPage":{"@id":"https:\/\/nockultury.pl\/pl\/znamy-wyniki-nocy-balkonow\/"},"wordCount":213,"publisher":{"@id":"https:\/\/nockultury.pl\/pl\/#organization"},"image":{"@id":"https:\/\/nockultury.pl\/pl\/znamy-wyniki-nocy-balkonow\/#primaryimage"},"thumbnailUrl":"https:\/\/nockultury.pl\/wp-content\/uploads\/2020\/06\/103053765_3240677722651809_1464912020030842477_n-e1592235844527.jpg","articleSection":["aktualno\u015b\u0107"],"inLanguage":"pl-PL"},{"@type":"WebPage","@id":"https:\/\/nockultury.pl\/pl\/znamy-wyniki-nocy-balkonow\/","url":"https:\/\/nockultury.pl\/pl\/znamy-wyniki-nocy-balkonow\/","name":"Znamy wyniki \"Nocy Balkon\u00f3w\" - Noc Kultury","isPartOf":{"@id":"https:\/\/nockultury.pl\/pl\/#website"},"primaryImageOfPage":{"@id":"https:\/\/nockultury.pl\/pl\/znamy-wyniki-nocy-balkonow\/#primaryimage"},"image":{"@id":"https:\/\/nockultury.pl\/pl\/znamy-wyniki-nocy-balkonow\/#primaryimage"},"thumbnailUrl":"https:\/\/nockultury.pl\/wp-content\/uploads\/2020\/06\/103053765_3240677722651809_1464912020030842477_n-e1592235844527.jpg","datePublished":"2020-06-15T08:22:05+00:00","dateModified":"2021-04-26T08:23:45+00:00","breadcrumb":{"@id":"https:\/\/nockultury.pl\/pl\/znamy-wyniki-nocy-balkonow\/#breadcrumb"},"inLanguage":"pl-PL","potentialAction":[{"@type":"ReadAction","target":["https:\/\/nockultury.pl\/pl\/znamy-wyniki-nocy-balkonow\/"]}]},{"@type":"ImageObject","inLanguage":"pl-PL","@id":"https:\/\/nockultury.pl\/pl\/znamy-wyniki-nocy-balkonow\/#primaryimage","url":"https:\/\/nockultury.pl\/wp-content\/uploads\/2020\/06\/103053765_3240677722651809_1464912020030842477_n-e1592235844527.jpg","contentUrl":"https:\/\/nockultury.pl\/wp-content\/uploads\/2020\/06\/103053765_3240677722651809_1464912020030842477_n-e1592235844527.jpg","width":921,"height":508,"caption":"Instalacja na Nocy Kultury, szklane butelki wype\u0142nione kolorowymi p\u0142ynami"},{"@type":"BreadcrumbList","@id":"https:\/\/nockultury.pl\/pl\/znamy-wyniki-nocy-balkonow\/#breadcrumb","itemListElement":[{"@type":"ListItem","position":1,"name":"Strona g\u0142\u00f3wna","item":"https:\/\/nockultury.pl\/pl\/"},{"@type":"ListItem","position":2,"name":"Znamy wyniki &#8222;Nocy Balkon\u00f3w&#8221;"}]},{"@type":"WebSite","@id":"https:\/\/nockultury.pl\/pl\/#website","url":"https:\/\/nockultury.pl\/pl\/","name":"Noc Kultury","description":"Lublin, Stare Miasto | wst\u0119p wolny","publisher":{"@id":"https:\/\/nockultury.pl\/pl\/#organization"},"potentialAction":[{"@type":"SearchAction","target":{"@type":"EntryPoint","urlTemplate":"https:\/\/nockultury.pl\/pl\/?s={search_term_string}"},"query-input":{"@type":"PropertyValueSpecification","valueRequired":true,"valueName":"search_term_string"}}],"inLanguage":"pl-PL"},{"@type":"Organization","@id":"https:\/\/nockultury.pl\/pl\/#organization","name":"Warsztaty Kultury w Lublinie","url":"https:\/\/nockultury.pl\/pl\/","logo":{"@type":"ImageObject","inLanguage":"pl-PL","@id":"https:\/\/nockultury.pl\/pl\/#\/schema\/logo\/image\/","url":"https:\/\/nockultury.pl\/wp-content\/uploads\/2020\/03\/NOC-KULTURY-LOGO-170.jpg","contentUrl":"https:\/\/nockultury.pl\/wp-content\/uploads\/2020\/03\/NOC-KULTURY-LOGO-170.jpg","width":170,"height":79,"caption":"Warsztaty Kultury w Lublinie"},"image":{"@id":"https:\/\/nockultury.pl\/pl\/#\/schema\/logo\/image\/"},"sameAs":["https:\/\/www.facebook.com\/NocKultury\/","https:\/\/www.instagram.com\/nockultury\/","https:\/\/www.youtube.com\/@videonockultury"]},{"@type":"Person","@id":"https:\/\/nockultury.pl\/pl\/#\/schema\/person\/4720e32c52aa6b49e5c3022a927bfe26","name":"admin_nk","image":{"@type":"ImageObject","inLanguage":"pl-PL","@id":"https:\/\/nockultury.pl\/pl\/#\/schema\/person\/image\/","url":"https:\/\/secure.gravatar.com\/avatar\/407110da9576f3167e12d8fc2b032f23162c02e21af96323c071520f7890f40a?s=96&d=mm&r=g","contentUrl":"https:\/\/secure.gravatar.com\/avatar\/407110da9576f3167e12d8fc2b032f23162c02e21af96323c071520f7890f40a?s=96&d=mm&r=g","caption":"admin_nk"}}]}},"_links":{"self":[{"href":"https:\/\/nockultury.pl\/pl\/wp-json\/wp\/v2\/posts\/40273","targetHints":{"allow":["GET"]}}],"collection":[{"href":"https:\/\/nockultury.pl\/pl\/wp-json\/wp\/v2\/posts"}],"about":[{"href":"https:\/\/nockultury.pl\/pl\/wp-json\/wp\/v2\/types\/post"}],"author":[{"embeddable":true,"href":"https:\/\/nockultury.pl\/pl\/wp-json\/wp\/v2\/users\/1"}],"replies":[{"embeddable":true,"href":"https:\/\/nockultury.pl\/pl\/wp-json\/wp\/v2\/comments?post=40273"}],"version-history":[{"count":0,"href":"https:\/\/nockultury.pl\/pl\/wp-json\/wp\/v2\/posts\/40273\/revisions"}],"wp:featuredmedia":[{"embeddable":true,"href":"https:\/\/nockultury.pl\/pl\/wp-json\/wp\/v2\/media\/40276"}],"wp:attachment":[{"href":"https:\/\/nockultury.pl\/pl\/wp-json\/wp\/v2\/media?parent=40273"}],"wp:term":[{"taxonomy":"category","embeddable":true,"href":"https:\/\/nockultury.pl\/pl\/wp-json\/wp\/v2\/categories?post=40273"},{"taxonomy":"post_tag","embeddable":true,"href":"https:\/\/nockultury.pl\/pl\/wp-json\/wp\/v2\/tags?post=40273"}],"curies":[{"name":"wp","href":"https:\/\/api.w.org\/{rel}","templated":true}]}}