{"id":40283,"date":"2020-04-28T10:26:52","date_gmt":"2020-04-28T08:26:52","guid":{"rendered":"https:\/\/nockultury.pl\/?p=40283"},"modified":"2021-04-26T10:29:17","modified_gmt":"2021-04-26T08:29:17","slug":"konkurs-na-mapping-zmiana-terminu-rozstrzygniecia-termin-skladania-prac-bez-zmian","status":"publish","type":"post","link":"https:\/\/nockultury.pl\/pl\/konkurs-na-mapping-zmiana-terminu-rozstrzygniecia-termin-skladania-prac-bez-zmian\/","title":{"rendered":"Konkurs na mapping  &#8211; zmiana terminu rozstrzygni\u0119cia, termin sk\u0142adania prac bez zmian"},"content":{"rendered":"<p><strong>Dotychczasowe prognozy rozwoju pandemii SARS-CoV-2 w naszym kraju niestety nie pozostawiaj\u0105 z\u0142udze\u0144. Zorganizowanie Nocy Kultury w terminie 6\/7 czerwca 2020, nie jest mo\u017cliwe. Sytuacja, w jakiej wszyscy si\u0119 znale\u017ali\u015bmy, wymaga podj\u0119cia radykalnych krok\u00f3w. Nie mo\u017cemy ryzykowa\u0107 zdrowia mieszka\u0144c\u00f3w Lublina i go\u015bci, kt\u00f3rzy tak ch\u0119tnie przyje\u017cd\u017caj\u0105 do naszego miasta.<\/strong><\/p>\n<p>Postanowili\u015bmy bezprecedensowo przenie\u015b\u0107 Noc Kultury na jesie\u0144 2020 roku. Dalsze decyzje b\u0119dziemy podejmowa\u0107 w oparciu o oficjalne komunikaty i zalecenia WHO i polskiego rz\u0105du. W zwi\u0105zku z tym o dok\u0142adnej dacie oraz ostatecznej formie wydarzenia poinformujemy w terminie p\u00f3\u017aniejszym.<\/p>\n<p><strong>Nie planujemy jednak odwo\u0142ania naszego konkursu na mapping Nocy Kultury. Podobnie jak ca\u0142y festiwal, termin prezentacji oraz termin rozstrzygni\u0119cia przenosimy na jesie\u0144. Nie zmieniamy natomiast terminu dostarczania prac, kt\u00f3ry zosta\u0142 ustalony na 6 maja.&nbsp;<\/strong><\/p>\n<p><a href=\"https:\/\/nockultury.pl\/wp-content\/uploads\/2020\/04\/Zmiana-Regulaminu-Konkursu-na-mapping-w-ramach-Nocy-Kultury-2020.docx\" target=\"_blank\" rel=\"noopener\"><strong>Aneks do regulaminu<\/strong><\/a><\/p>\n<p>Nadal zach\u0119camy do udzia\u0142u. Do ko\u0144ca pozosta\u0142o nieco ponad tydzie\u0144. <strong>To ostatnia prosta, aby zdoby\u0107 5000 z\u0142!<\/strong><\/p>\n<p><a href=\"https:\/\/nockultury.pl\/stworz-mapping-na-noc-kultury-i-wygraj-5000-zl-2\/\" target=\"_blank\" rel=\"noopener\"><strong>Sprawd\u017a szczeg\u00f3\u0142y konkursu.<\/strong><\/a><\/p>\n","protected":false},"excerpt":{"rendered":"<p>Dotychczasowe prognozy rozwoju pandemii SARS-CoV-2 w naszym kraju niestety nie  [&#8230;]<\/p>\n","protected":false},"author":1,"featured_media":40284,"comment_status":"closed","ping_status":"open","sticky":false,"template":"","format":"standard","meta":{"_acf_changed":false,"ngg_post_thumbnail":0,"footnotes":""},"categories":[48],"tags":[],"class_list":["post-40283","post","type-post","status-publish","format-standard","has-post-thumbnail","hentry","category-aktualnosc"],"acf":[],"yoast_head":"<!-- This site is optimized with the Yoast SEO plugin v26.1.1 - https:\/\/yoast.com\/wordpress\/plugins\/seo\/ -->\n<title>Konkurs na mapping - zmiana terminu rozstrzygni\u0119cia, termin sk\u0142adania prac bez zmian - Noc Kultury<\/title>\n<meta name=\"robots\" content=\"index, follow, max-snippet:-1, max-image-preview:large, max-video-preview:-1\" \/>\n<link rel=\"canonical\" href=\"https:\/\/nockultury.pl\/pl\/konkurs-na-mapping-zmiana-terminu-rozstrzygniecia-termin-skladania-prac-bez-zmian\/\" \/>\n<meta property=\"og:locale\" content=\"pl_PL\" \/>\n<meta property=\"og:type\" content=\"article\" \/>\n<meta property=\"og:title\" content=\"Konkurs na mapping - zmiana terminu rozstrzygni\u0119cia, termin sk\u0142adania prac bez zmian - Noc Kultury\" \/>\n<meta property=\"og:description\" content=\"Dotychczasowe prognozy rozwoju pandemii SARS-CoV-2 w naszym kraju niestety nie [...]\" \/>\n<meta property=\"og:url\" content=\"https:\/\/nockultury.pl\/pl\/konkurs-na-mapping-zmiana-terminu-rozstrzygniecia-termin-skladania-prac-bez-zmian\/\" \/>\n<meta property=\"og:site_name\" content=\"Noc Kultury\" \/>\n<meta property=\"article:publisher\" content=\"https:\/\/www.facebook.com\/NocKultury\/\" \/>\n<meta property=\"article:published_time\" content=\"2020-04-28T08:26:52+00:00\" \/>\n<meta property=\"article:modified_time\" content=\"2021-04-26T08:29:17+00:00\" \/>\n<meta property=\"og:image\" content=\"https:\/\/nockultury.pl\/wp-content\/uploads\/2021\/04\/fot.-Piotr-Mazur-11-e1588079955464.jpg\" \/>\n\t<meta property=\"og:image:width\" content=\"1000\" \/>\n\t<meta property=\"og:image:height\" content=\"652\" \/>\n\t<meta property=\"og:image:type\" content=\"image\/jpeg\" \/>\n<meta name=\"author\" content=\"admin_nk\" \/>\n<meta name=\"twitter:card\" content=\"summary_large_image\" \/>\n<meta name=\"twitter:label1\" content=\"Napisane przez\" \/>\n\t<meta name=\"twitter:data1\" content=\"admin_nk\" \/>\n\t<meta name=\"twitter:label2\" content=\"Szacowany czas czytania\" \/>\n\t<meta name=\"twitter:data2\" content=\"1 minuta\" \/>\n<script type=\"application\/ld+json\" class=\"yoast-schema-graph\">{\"@context\":\"https:\/\/schema.org\",\"@graph\":[{\"@type\":\"Article\",\"@id\":\"https:\/\/nockultury.pl\/pl\/konkurs-na-mapping-zmiana-terminu-rozstrzygniecia-termin-skladania-prac-bez-zmian\/#article\",\"isPartOf\":{\"@id\":\"https:\/\/nockultury.pl\/pl\/konkurs-na-mapping-zmiana-terminu-rozstrzygniecia-termin-skladania-prac-bez-zmian\/\"},\"author\":{\"name\":\"admin_nk\",\"@id\":\"https:\/\/nockultury.pl\/pl\/#\/schema\/person\/4720e32c52aa6b49e5c3022a927bfe26\"},\"headline\":\"Konkurs na mapping &#8211; zmiana terminu rozstrzygni\u0119cia, termin sk\u0142adania prac bez zmian\",\"datePublished\":\"2020-04-28T08:26:52+00:00\",\"dateModified\":\"2021-04-26T08:29:17+00:00\",\"mainEntityOfPage\":{\"@id\":\"https:\/\/nockultury.pl\/pl\/konkurs-na-mapping-zmiana-terminu-rozstrzygniecia-termin-skladania-prac-bez-zmian\/\"},\"wordCount\":183,\"publisher\":{\"@id\":\"https:\/\/nockultury.pl\/pl\/#organization\"},\"image\":{\"@id\":\"https:\/\/nockultury.pl\/pl\/konkurs-na-mapping-zmiana-terminu-rozstrzygniecia-termin-skladania-prac-bez-zmian\/#primaryimage\"},\"thumbnailUrl\":\"https:\/\/nockultury.pl\/wp-content\/uploads\/2021\/04\/fot.-Piotr-Mazur-11-e1588079955464.jpg\",\"articleSection\":[\"aktualno\u015b\u0107\"],\"inLanguage\":\"pl-PL\"},{\"@type\":\"WebPage\",\"@id\":\"https:\/\/nockultury.pl\/pl\/konkurs-na-mapping-zmiana-terminu-rozstrzygniecia-termin-skladania-prac-bez-zmian\/\",\"url\":\"https:\/\/nockultury.pl\/pl\/konkurs-na-mapping-zmiana-terminu-rozstrzygniecia-termin-skladania-prac-bez-zmian\/\",\"name\":\"Konkurs na mapping - zmiana terminu rozstrzygni\u0119cia, termin sk\u0142adania prac bez zmian - Noc Kultury\",\"isPartOf\":{\"@id\":\"https:\/\/nockultury.pl\/pl\/#website\"},\"primaryImageOfPage\":{\"@id\":\"https:\/\/nockultury.pl\/pl\/konkurs-na-mapping-zmiana-terminu-rozstrzygniecia-termin-skladania-prac-bez-zmian\/#primaryimage\"},\"image\":{\"@id\":\"https:\/\/nockultury.pl\/pl\/konkurs-na-mapping-zmiana-terminu-rozstrzygniecia-termin-skladania-prac-bez-zmian\/#primaryimage\"},\"thumbnailUrl\":\"https:\/\/nockultury.pl\/wp-content\/uploads\/2021\/04\/fot.-Piotr-Mazur-11-e1588079955464.jpg\",\"datePublished\":\"2020-04-28T08:26:52+00:00\",\"dateModified\":\"2021-04-26T08:29:17+00:00\",\"breadcrumb\":{\"@id\":\"https:\/\/nockultury.pl\/pl\/konkurs-na-mapping-zmiana-terminu-rozstrzygniecia-termin-skladania-prac-bez-zmian\/#breadcrumb\"},\"inLanguage\":\"pl-PL\",\"potentialAction\":[{\"@type\":\"ReadAction\",\"target\":[\"https:\/\/nockultury.pl\/pl\/konkurs-na-mapping-zmiana-terminu-rozstrzygniecia-termin-skladania-prac-bez-zmian\/\"]}]},{\"@type\":\"ImageObject\",\"inLanguage\":\"pl-PL\",\"@id\":\"https:\/\/nockultury.pl\/pl\/konkurs-na-mapping-zmiana-terminu-rozstrzygniecia-termin-skladania-prac-bez-zmian\/#primaryimage\",\"url\":\"https:\/\/nockultury.pl\/wp-content\/uploads\/2021\/04\/fot.-Piotr-Mazur-11-e1588079955464.jpg\",\"contentUrl\":\"https:\/\/nockultury.pl\/wp-content\/uploads\/2021\/04\/fot.-Piotr-Mazur-11-e1588079955464.jpg\",\"width\":1000,\"height\":652,\"caption\":\"Instalacja na Nocy Kultury, mappimg na budynku poczty i podziwiaj\u0105ca go publiczno\u015b\u0107\"},{\"@type\":\"BreadcrumbList\",\"@id\":\"https:\/\/nockultury.pl\/pl\/konkurs-na-mapping-zmiana-terminu-rozstrzygniecia-termin-skladania-prac-bez-zmian\/#breadcrumb\",\"itemListElement\":[{\"@type\":\"ListItem\",\"position\":1,\"name\":\"Strona g\u0142\u00f3wna\",\"item\":\"https:\/\/nockultury.pl\/pl\/\"},{\"@type\":\"ListItem\",\"position\":2,\"name\":\"Konkurs na mapping &#8211; zmiana terminu rozstrzygni\u0119cia, termin sk\u0142adania prac bez zmian\"}]},{\"@type\":\"WebSite\",\"@id\":\"https:\/\/nockultury.pl\/pl\/#website\",\"url\":\"https:\/\/nockultury.pl\/pl\/\",\"name\":\"Noc Kultury\",\"description\":\"Lublin, Stare Miasto | wst\u0119p wolny\",\"publisher\":{\"@id\":\"https:\/\/nockultury.pl\/pl\/#organization\"},\"potentialAction\":[{\"@type\":\"SearchAction\",\"target\":{\"@type\":\"EntryPoint\",\"urlTemplate\":\"https:\/\/nockultury.pl\/pl\/?s={search_term_string}\"},\"query-input\":{\"@type\":\"PropertyValueSpecification\",\"valueRequired\":true,\"valueName\":\"search_term_string\"}}],\"inLanguage\":\"pl-PL\"},{\"@type\":\"Organization\",\"@id\":\"https:\/\/nockultury.pl\/pl\/#organization\",\"name\":\"Warsztaty Kultury w Lublinie\",\"url\":\"https:\/\/nockultury.pl\/pl\/\",\"logo\":{\"@type\":\"ImageObject\",\"inLanguage\":\"pl-PL\",\"@id\":\"https:\/\/nockultury.pl\/pl\/#\/schema\/logo\/image\/\",\"url\":\"https:\/\/nockultury.pl\/wp-content\/uploads\/2020\/03\/NOC-KULTURY-LOGO-170.jpg\",\"contentUrl\":\"https:\/\/nockultury.pl\/wp-content\/uploads\/2020\/03\/NOC-KULTURY-LOGO-170.jpg\",\"width\":170,\"height\":79,\"caption\":\"Warsztaty Kultury w Lublinie\"},\"image\":{\"@id\":\"https:\/\/nockultury.pl\/pl\/#\/schema\/logo\/image\/\"},\"sameAs\":[\"https:\/\/www.facebook.com\/NocKultury\/\",\"https:\/\/www.instagram.com\/nockultury\/\",\"https:\/\/www.youtube.com\/@videonockultury\"]},{\"@type\":\"Person\",\"@id\":\"https:\/\/nockultury.pl\/pl\/#\/schema\/person\/4720e32c52aa6b49e5c3022a927bfe26\",\"name\":\"admin_nk\",\"image\":{\"@type\":\"ImageObject\",\"inLanguage\":\"pl-PL\",\"@id\":\"https:\/\/nockultury.pl\/pl\/#\/schema\/person\/image\/\",\"url\":\"https:\/\/secure.gravatar.com\/avatar\/407110da9576f3167e12d8fc2b032f23162c02e21af96323c071520f7890f40a?s=96&d=mm&r=g\",\"contentUrl\":\"https:\/\/secure.gravatar.com\/avatar\/407110da9576f3167e12d8fc2b032f23162c02e21af96323c071520f7890f40a?s=96&d=mm&r=g\",\"caption\":\"admin_nk\"}}]}<\/script>\n<!-- \/ Yoast SEO plugin. -->","yoast_head_json":{"title":"Konkurs na mapping - zmiana terminu rozstrzygni\u0119cia, termin sk\u0142adania prac bez zmian - Noc Kultury","robots":{"index":"index","follow":"follow","max-snippet":"max-snippet:-1","max-image-preview":"max-image-preview:large","max-video-preview":"max-video-preview:-1"},"canonical":"https:\/\/nockultury.pl\/pl\/konkurs-na-mapping-zmiana-terminu-rozstrzygniecia-termin-skladania-prac-bez-zmian\/","og_locale":"pl_PL","og_type":"article","og_title":"Konkurs na mapping - zmiana terminu rozstrzygni\u0119cia, termin sk\u0142adania prac bez zmian - Noc Kultury","og_description":"Dotychczasowe prognozy rozwoju pandemii SARS-CoV-2 w naszym kraju niestety nie [...]","og_url":"https:\/\/nockultury.pl\/pl\/konkurs-na-mapping-zmiana-terminu-rozstrzygniecia-termin-skladania-prac-bez-zmian\/","og_site_name":"Noc Kultury","article_publisher":"https:\/\/www.facebook.com\/NocKultury\/","article_published_time":"2020-04-28T08:26:52+00:00","article_modified_time":"2021-04-26T08:29:17+00:00","og_image":[{"width":1000,"height":652,"url":"https:\/\/nockultury.pl\/wp-content\/uploads\/2021\/04\/fot.-Piotr-Mazur-11-e1588079955464.jpg","type":"image\/jpeg"}],"author":"admin_nk","twitter_card":"summary_large_image","twitter_misc":{"Napisane przez":"admin_nk","Szacowany czas czytania":"1 minuta"},"schema":{"@context":"https:\/\/schema.org","@graph":[{"@type":"Article","@id":"https:\/\/nockultury.pl\/pl\/konkurs-na-mapping-zmiana-terminu-rozstrzygniecia-termin-skladania-prac-bez-zmian\/#article","isPartOf":{"@id":"https:\/\/nockultury.pl\/pl\/konkurs-na-mapping-zmiana-terminu-rozstrzygniecia-termin-skladania-prac-bez-zmian\/"},"author":{"name":"admin_nk","@id":"https:\/\/nockultury.pl\/pl\/#\/schema\/person\/4720e32c52aa6b49e5c3022a927bfe26"},"headline":"Konkurs na mapping &#8211; zmiana terminu rozstrzygni\u0119cia, termin sk\u0142adania prac bez zmian","datePublished":"2020-04-28T08:26:52+00:00","dateModified":"2021-04-26T08:29:17+00:00","mainEntityOfPage":{"@id":"https:\/\/nockultury.pl\/pl\/konkurs-na-mapping-zmiana-terminu-rozstrzygniecia-termin-skladania-prac-bez-zmian\/"},"wordCount":183,"publisher":{"@id":"https:\/\/nockultury.pl\/pl\/#organization"},"image":{"@id":"https:\/\/nockultury.pl\/pl\/konkurs-na-mapping-zmiana-terminu-rozstrzygniecia-termin-skladania-prac-bez-zmian\/#primaryimage"},"thumbnailUrl":"https:\/\/nockultury.pl\/wp-content\/uploads\/2021\/04\/fot.-Piotr-Mazur-11-e1588079955464.jpg","articleSection":["aktualno\u015b\u0107"],"inLanguage":"pl-PL"},{"@type":"WebPage","@id":"https:\/\/nockultury.pl\/pl\/konkurs-na-mapping-zmiana-terminu-rozstrzygniecia-termin-skladania-prac-bez-zmian\/","url":"https:\/\/nockultury.pl\/pl\/konkurs-na-mapping-zmiana-terminu-rozstrzygniecia-termin-skladania-prac-bez-zmian\/","name":"Konkurs na mapping - zmiana terminu rozstrzygni\u0119cia, termin sk\u0142adania prac bez zmian - Noc Kultury","isPartOf":{"@id":"https:\/\/nockultury.pl\/pl\/#website"},"primaryImageOfPage":{"@id":"https:\/\/nockultury.pl\/pl\/konkurs-na-mapping-zmiana-terminu-rozstrzygniecia-termin-skladania-prac-bez-zmian\/#primaryimage"},"image":{"@id":"https:\/\/nockultury.pl\/pl\/konkurs-na-mapping-zmiana-terminu-rozstrzygniecia-termin-skladania-prac-bez-zmian\/#primaryimage"},"thumbnailUrl":"https:\/\/nockultury.pl\/wp-content\/uploads\/2021\/04\/fot.-Piotr-Mazur-11-e1588079955464.jpg","datePublished":"2020-04-28T08:26:52+00:00","dateModified":"2021-04-26T08:29:17+00:00","breadcrumb":{"@id":"https:\/\/nockultury.pl\/pl\/konkurs-na-mapping-zmiana-terminu-rozstrzygniecia-termin-skladania-prac-bez-zmian\/#breadcrumb"},"inLanguage":"pl-PL","potentialAction":[{"@type":"ReadAction","target":["https:\/\/nockultury.pl\/pl\/konkurs-na-mapping-zmiana-terminu-rozstrzygniecia-termin-skladania-prac-bez-zmian\/"]}]},{"@type":"ImageObject","inLanguage":"pl-PL","@id":"https:\/\/nockultury.pl\/pl\/konkurs-na-mapping-zmiana-terminu-rozstrzygniecia-termin-skladania-prac-bez-zmian\/#primaryimage","url":"https:\/\/nockultury.pl\/wp-content\/uploads\/2021\/04\/fot.-Piotr-Mazur-11-e1588079955464.jpg","contentUrl":"https:\/\/nockultury.pl\/wp-content\/uploads\/2021\/04\/fot.-Piotr-Mazur-11-e1588079955464.jpg","width":1000,"height":652,"caption":"Instalacja na Nocy Kultury, mappimg na budynku poczty i podziwiaj\u0105ca go publiczno\u015b\u0107"},{"@type":"BreadcrumbList","@id":"https:\/\/nockultury.pl\/pl\/konkurs-na-mapping-zmiana-terminu-rozstrzygniecia-termin-skladania-prac-bez-zmian\/#breadcrumb","itemListElement":[{"@type":"ListItem","position":1,"name":"Strona g\u0142\u00f3wna","item":"https:\/\/nockultury.pl\/pl\/"},{"@type":"ListItem","position":2,"name":"Konkurs na mapping &#8211; zmiana terminu rozstrzygni\u0119cia, termin sk\u0142adania prac bez zmian"}]},{"@type":"WebSite","@id":"https:\/\/nockultury.pl\/pl\/#website","url":"https:\/\/nockultury.pl\/pl\/","name":"Noc Kultury","description":"Lublin, Stare Miasto | wst\u0119p wolny","publisher":{"@id":"https:\/\/nockultury.pl\/pl\/#organization"},"potentialAction":[{"@type":"SearchAction","target":{"@type":"EntryPoint","urlTemplate":"https:\/\/nockultury.pl\/pl\/?s={search_term_string}"},"query-input":{"@type":"PropertyValueSpecification","valueRequired":true,"valueName":"search_term_string"}}],"inLanguage":"pl-PL"},{"@type":"Organization","@id":"https:\/\/nockultury.pl\/pl\/#organization","name":"Warsztaty Kultury w Lublinie","url":"https:\/\/nockultury.pl\/pl\/","logo":{"@type":"ImageObject","inLanguage":"pl-PL","@id":"https:\/\/nockultury.pl\/pl\/#\/schema\/logo\/image\/","url":"https:\/\/nockultury.pl\/wp-content\/uploads\/2020\/03\/NOC-KULTURY-LOGO-170.jpg","contentUrl":"https:\/\/nockultury.pl\/wp-content\/uploads\/2020\/03\/NOC-KULTURY-LOGO-170.jpg","width":170,"height":79,"caption":"Warsztaty Kultury w Lublinie"},"image":{"@id":"https:\/\/nockultury.pl\/pl\/#\/schema\/logo\/image\/"},"sameAs":["https:\/\/www.facebook.com\/NocKultury\/","https:\/\/www.instagram.com\/nockultury\/","https:\/\/www.youtube.com\/@videonockultury"]},{"@type":"Person","@id":"https:\/\/nockultury.pl\/pl\/#\/schema\/person\/4720e32c52aa6b49e5c3022a927bfe26","name":"admin_nk","image":{"@type":"ImageObject","inLanguage":"pl-PL","@id":"https:\/\/nockultury.pl\/pl\/#\/schema\/person\/image\/","url":"https:\/\/secure.gravatar.com\/avatar\/407110da9576f3167e12d8fc2b032f23162c02e21af96323c071520f7890f40a?s=96&d=mm&r=g","contentUrl":"https:\/\/secure.gravatar.com\/avatar\/407110da9576f3167e12d8fc2b032f23162c02e21af96323c071520f7890f40a?s=96&d=mm&r=g","caption":"admin_nk"}}]}},"_links":{"self":[{"href":"https:\/\/nockultury.pl\/pl\/wp-json\/wp\/v2\/posts\/40283","targetHints":{"allow":["GET"]}}],"collection":[{"href":"https:\/\/nockultury.pl\/pl\/wp-json\/wp\/v2\/posts"}],"about":[{"href":"https:\/\/nockultury.pl\/pl\/wp-json\/wp\/v2\/types\/post"}],"author":[{"embeddable":true,"href":"https:\/\/nockultury.pl\/pl\/wp-json\/wp\/v2\/users\/1"}],"replies":[{"embeddable":true,"href":"https:\/\/nockultury.pl\/pl\/wp-json\/wp\/v2\/comments?post=40283"}],"version-history":[{"count":0,"href":"https:\/\/nockultury.pl\/pl\/wp-json\/wp\/v2\/posts\/40283\/revisions"}],"wp:featuredmedia":[{"embeddable":true,"href":"https:\/\/nockultury.pl\/pl\/wp-json\/wp\/v2\/media\/40284"}],"wp:attachment":[{"href":"https:\/\/nockultury.pl\/pl\/wp-json\/wp\/v2\/media?parent=40283"}],"wp:term":[{"taxonomy":"category","embeddable":true,"href":"https:\/\/nockultury.pl\/pl\/wp-json\/wp\/v2\/categories?post=40283"},{"taxonomy":"post_tag","embeddable":true,"href":"https:\/\/nockultury.pl\/pl\/wp-json\/wp\/v2\/tags?post=40283"}],"curies":[{"name":"wp","href":"https:\/\/api.w.org\/{rel}","templated":true}]}}