{"id":40287,"date":"2020-04-23T10:30:57","date_gmt":"2020-04-23T08:30:57","guid":{"rendered":"https:\/\/nockultury.pl\/?p=40287"},"modified":"2021-04-26T10:32:57","modified_gmt":"2021-04-26T08:32:57","slug":"zmiana-terminu-14-edycji-lubelskiej-nocy-kultury","status":"publish","type":"post","link":"https:\/\/nockultury.pl\/pl\/zmiana-terminu-14-edycji-lubelskiej-nocy-kultury\/","title":{"rendered":"Zmiana terminu 14. edycji lubelskiej Nocy Kultury!"},"content":{"rendered":"<p><strong>Mimo odpowiedzialno\u015bci i solidarno\u015bci jak\u0105 wykazuj\u0105 si\u0119 Polacy i bohaterskiej pracy s\u0142u\u017cb medycznych, za kt\u00f3r\u0105 jeste\u015bmy niezmiernie wdzi\u0119czni, pandemia SARS-CoV-2 niestety nie odpuszcza. Maj\u0105c na uwadze zdrowie nas wszystkich, Warsztaty Kultury w Lublinie ju\u017c od po\u0142owy marca w\u0142\u0105czy\u0142y si\u0119 w akcj\u0119 #zostanwdomu \u2013 pracujemy zdalnie i tworzymy program wydarze\u0144 kulturalnych online.<\/strong><\/p>\n<p>W naszym programie s\u0105 jednak wydarzenia, kt\u00f3rych przeniesienie do domu jest niezmiernie trudne. Do takich nale\u017cy Noc Kultury, kt\u00f3ra zgodnie z planem mia\u0142a odby\u0107 si\u0119 w nocy z 6 na 7 czerwca. Dotychczasowe prognozy rozwoju epidemii w naszym kraju niestety nie pozostawiaj\u0105 z\u0142udze\u0144. Zorganizowanie w tym terminie festiwalu w przestrzeni publicznej, gromadz\u0105cego dziesi\u0105tki tysi\u0119cy uczestnik\u00f3w, nie jest mo\u017cliwe. Sytuacja, w jakiej wszyscy si\u0119 znale\u017ali\u015bmy, wymaga podj\u0119cia radykalnych krok\u00f3w. Nie mo\u017cemy ryzykowa\u0107 zdrowia mieszka\u0144c\u00f3w Lublina i go\u015bci, kt\u00f3rzy tak ch\u0119tnie przyje\u017cd\u017caj\u0105 do naszego miasta.<\/p>\n<p>Postanowili\u015bmy bezprecedensowo przenie\u015b\u0107 Noc Kultury na jesie\u0144 2020 roku. Dok\u0142adnie,&nbsp;<strong>9-11 pa\u017adziernika<\/strong>, ale wszystko zale\u017cy od sytuacji epidemicznej w naszym kraju i przepis\u00f3w sanitarnych jakie b\u0119d\u0105 wtedy obowi\u0105zywa\u0142y.<\/p>\n<p>Decyzja o zmianie terminu nie jest dla nas \u0142atwa i wymaga dobrej wsp\u00f3\u0142pracy ze strony kilkudziesi\u0119ciu instytucji, organizacji, firm, setek artyst\u00f3w i animator\u00f3w zaanga\u017cowanych w tworzenie programu festiwalu. Dalsze decyzje b\u0119dziemy podejmowa\u0107 w oparciu o oficjalne komunikaty i zalecenia WHO i polskiego rz\u0105du. W zwi\u0105zku z tym o dok\u0142adnej dacie oraz ostatecznej formie wydarzenia poinformujemy w terminie p\u00f3\u017aniejszym.<\/p>\n<p>Natomiast ju\u017c dzi\u015b wiemy, \u017ce ta Noc Kultury nie b\u0119dzie taka sama jak zawsze. Nie b\u0119dziemy ubiera\u0107 jesieni w pocz\u0105tek lata. B\u0119dzie ch\u0142odniej, ale r\u00f3wnie\u017c niezwykle czule, bo po tak d\u0142ugim po\u015bcie, powstrzymywaniu si\u0119 od bycia razem, blisko, rami\u0119 w rami\u0119, wszyscy b\u0119dziemy chcieli poczu\u0107 prawdziw\u0105 wsp\u00f3lnot\u0119 prze\u017cywania pi\u0119kna. Wierzymy, \u017ce Noc Kultury b\u0119dzie mia\u0142a jeszcze wi\u0119ksz\u0105 moc ni\u017c do tej pory! Mamy nadziej\u0119, \u017ce ju\u017c nied\u0142ugo, wsp\u00f3lnie, b\u0119dziemy \u015bwi\u0119towa\u0107 powr\u00f3t do normalno\u015bci, kt\u00f3ry do tego czasu nast\u0105pi. Tymczasem #zosta\u0144mywdomu!<\/p>\n<p>&nbsp;<\/p>\n<p><strong>Zesp\u00f3\u0142 Warsztat\u00f3w Kultury w Lublinie<\/strong><br \/>\n<strong> Organizator Nocy Kultury&nbsp;<\/strong><\/p>\n","protected":false},"excerpt":{"rendered":"<p>Mimo odpowiedzialno\u015bci i solidarno\u015bci jak\u0105 wykazuj\u0105 si\u0119 Polacy i bohaterskiej  [&#8230;]<\/p>\n","protected":false},"author":1,"featured_media":0,"comment_status":"closed","ping_status":"open","sticky":false,"template":"","format":"standard","meta":{"_acf_changed":false,"ngg_post_thumbnail":0,"footnotes":""},"categories":[48],"tags":[],"class_list":["post-40287","post","type-post","status-publish","format-standard","hentry","category-aktualnosc"],"acf":[],"yoast_head":"<!-- This site is optimized with the Yoast SEO plugin v26.1.1 - https:\/\/yoast.com\/wordpress\/plugins\/seo\/ -->\n<title>Zmiana terminu 14. edycji lubelskiej Nocy Kultury! - Noc Kultury<\/title>\n<meta name=\"robots\" content=\"index, follow, max-snippet:-1, max-image-preview:large, max-video-preview:-1\" \/>\n<link rel=\"canonical\" href=\"https:\/\/nockultury.pl\/pl\/zmiana-terminu-14-edycji-lubelskiej-nocy-kultury\/\" \/>\n<meta property=\"og:locale\" content=\"pl_PL\" \/>\n<meta property=\"og:type\" content=\"article\" \/>\n<meta property=\"og:title\" content=\"Zmiana terminu 14. edycji lubelskiej Nocy Kultury! - Noc Kultury\" \/>\n<meta property=\"og:description\" content=\"Mimo odpowiedzialno\u015bci i solidarno\u015bci jak\u0105 wykazuj\u0105 si\u0119 Polacy i bohaterskiej [...]\" \/>\n<meta property=\"og:url\" content=\"https:\/\/nockultury.pl\/pl\/zmiana-terminu-14-edycji-lubelskiej-nocy-kultury\/\" \/>\n<meta property=\"og:site_name\" content=\"Noc Kultury\" \/>\n<meta property=\"article:publisher\" content=\"https:\/\/www.facebook.com\/NocKultury\/\" \/>\n<meta property=\"article:published_time\" content=\"2020-04-23T08:30:57+00:00\" \/>\n<meta property=\"article:modified_time\" content=\"2021-04-26T08:32:57+00:00\" \/>\n<meta property=\"og:image\" content=\"https:\/\/nockultury.pl\/wp-content\/uploads\/2026\/04\/666909448_952682540483720_5385792266393922546_n-1.jpg\" \/>\n\t<meta property=\"og:image:width\" content=\"2048\" \/>\n\t<meta property=\"og:image:height\" content=\"1072\" \/>\n\t<meta property=\"og:image:type\" content=\"image\/jpeg\" \/>\n<meta name=\"author\" content=\"admin_nk\" \/>\n<meta name=\"twitter:card\" content=\"summary_large_image\" \/>\n<meta name=\"twitter:label1\" content=\"Napisane przez\" \/>\n\t<meta name=\"twitter:data1\" content=\"admin_nk\" \/>\n\t<meta name=\"twitter:label2\" content=\"Szacowany czas czytania\" \/>\n\t<meta name=\"twitter:data2\" content=\"2 minuty\" \/>\n<script type=\"application\/ld+json\" class=\"yoast-schema-graph\">{\"@context\":\"https:\/\/schema.org\",\"@graph\":[{\"@type\":\"Article\",\"@id\":\"https:\/\/nockultury.pl\/pl\/zmiana-terminu-14-edycji-lubelskiej-nocy-kultury\/#article\",\"isPartOf\":{\"@id\":\"https:\/\/nockultury.pl\/pl\/zmiana-terminu-14-edycji-lubelskiej-nocy-kultury\/\"},\"author\":{\"name\":\"admin_nk\",\"@id\":\"https:\/\/nockultury.pl\/pl\/#\/schema\/person\/4720e32c52aa6b49e5c3022a927bfe26\"},\"headline\":\"Zmiana terminu 14. edycji lubelskiej Nocy Kultury!\",\"datePublished\":\"2020-04-23T08:30:57+00:00\",\"dateModified\":\"2021-04-26T08:32:57+00:00\",\"mainEntityOfPage\":{\"@id\":\"https:\/\/nockultury.pl\/pl\/zmiana-terminu-14-edycji-lubelskiej-nocy-kultury\/\"},\"wordCount\":389,\"publisher\":{\"@id\":\"https:\/\/nockultury.pl\/pl\/#organization\"},\"articleSection\":[\"aktualno\u015b\u0107\"],\"inLanguage\":\"pl-PL\"},{\"@type\":\"WebPage\",\"@id\":\"https:\/\/nockultury.pl\/pl\/zmiana-terminu-14-edycji-lubelskiej-nocy-kultury\/\",\"url\":\"https:\/\/nockultury.pl\/pl\/zmiana-terminu-14-edycji-lubelskiej-nocy-kultury\/\",\"name\":\"Zmiana terminu 14. edycji lubelskiej Nocy Kultury! - Noc Kultury\",\"isPartOf\":{\"@id\":\"https:\/\/nockultury.pl\/pl\/#website\"},\"datePublished\":\"2020-04-23T08:30:57+00:00\",\"dateModified\":\"2021-04-26T08:32:57+00:00\",\"breadcrumb\":{\"@id\":\"https:\/\/nockultury.pl\/pl\/zmiana-terminu-14-edycji-lubelskiej-nocy-kultury\/#breadcrumb\"},\"inLanguage\":\"pl-PL\",\"potentialAction\":[{\"@type\":\"ReadAction\",\"target\":[\"https:\/\/nockultury.pl\/pl\/zmiana-terminu-14-edycji-lubelskiej-nocy-kultury\/\"]}]},{\"@type\":\"BreadcrumbList\",\"@id\":\"https:\/\/nockultury.pl\/pl\/zmiana-terminu-14-edycji-lubelskiej-nocy-kultury\/#breadcrumb\",\"itemListElement\":[{\"@type\":\"ListItem\",\"position\":1,\"name\":\"Strona g\u0142\u00f3wna\",\"item\":\"https:\/\/nockultury.pl\/pl\/\"},{\"@type\":\"ListItem\",\"position\":2,\"name\":\"Zmiana terminu 14. edycji lubelskiej Nocy Kultury!\"}]},{\"@type\":\"WebSite\",\"@id\":\"https:\/\/nockultury.pl\/pl\/#website\",\"url\":\"https:\/\/nockultury.pl\/pl\/\",\"name\":\"Noc Kultury\",\"description\":\"Lublin, Stare Miasto | wst\u0119p wolny\",\"publisher\":{\"@id\":\"https:\/\/nockultury.pl\/pl\/#organization\"},\"potentialAction\":[{\"@type\":\"SearchAction\",\"target\":{\"@type\":\"EntryPoint\",\"urlTemplate\":\"https:\/\/nockultury.pl\/pl\/?s={search_term_string}\"},\"query-input\":{\"@type\":\"PropertyValueSpecification\",\"valueRequired\":true,\"valueName\":\"search_term_string\"}}],\"inLanguage\":\"pl-PL\"},{\"@type\":\"Organization\",\"@id\":\"https:\/\/nockultury.pl\/pl\/#organization\",\"name\":\"Warsztaty Kultury w Lublinie\",\"url\":\"https:\/\/nockultury.pl\/pl\/\",\"logo\":{\"@type\":\"ImageObject\",\"inLanguage\":\"pl-PL\",\"@id\":\"https:\/\/nockultury.pl\/pl\/#\/schema\/logo\/image\/\",\"url\":\"https:\/\/nockultury.pl\/wp-content\/uploads\/2020\/03\/NOC-KULTURY-LOGO-170.jpg\",\"contentUrl\":\"https:\/\/nockultury.pl\/wp-content\/uploads\/2020\/03\/NOC-KULTURY-LOGO-170.jpg\",\"width\":170,\"height\":79,\"caption\":\"Warsztaty Kultury w Lublinie\"},\"image\":{\"@id\":\"https:\/\/nockultury.pl\/pl\/#\/schema\/logo\/image\/\"},\"sameAs\":[\"https:\/\/www.facebook.com\/NocKultury\/\",\"https:\/\/www.instagram.com\/nockultury\/\",\"https:\/\/www.youtube.com\/@videonockultury\"]},{\"@type\":\"Person\",\"@id\":\"https:\/\/nockultury.pl\/pl\/#\/schema\/person\/4720e32c52aa6b49e5c3022a927bfe26\",\"name\":\"admin_nk\",\"image\":{\"@type\":\"ImageObject\",\"inLanguage\":\"pl-PL\",\"@id\":\"https:\/\/nockultury.pl\/pl\/#\/schema\/person\/image\/\",\"url\":\"https:\/\/secure.gravatar.com\/avatar\/407110da9576f3167e12d8fc2b032f23162c02e21af96323c071520f7890f40a?s=96&d=mm&r=g\",\"contentUrl\":\"https:\/\/secure.gravatar.com\/avatar\/407110da9576f3167e12d8fc2b032f23162c02e21af96323c071520f7890f40a?s=96&d=mm&r=g\",\"caption\":\"admin_nk\"}}]}<\/script>\n<!-- \/ Yoast SEO plugin. -->","yoast_head_json":{"title":"Zmiana terminu 14. edycji lubelskiej Nocy Kultury! - Noc Kultury","robots":{"index":"index","follow":"follow","max-snippet":"max-snippet:-1","max-image-preview":"max-image-preview:large","max-video-preview":"max-video-preview:-1"},"canonical":"https:\/\/nockultury.pl\/pl\/zmiana-terminu-14-edycji-lubelskiej-nocy-kultury\/","og_locale":"pl_PL","og_type":"article","og_title":"Zmiana terminu 14. edycji lubelskiej Nocy Kultury! - Noc Kultury","og_description":"Mimo odpowiedzialno\u015bci i solidarno\u015bci jak\u0105 wykazuj\u0105 si\u0119 Polacy i bohaterskiej [...]","og_url":"https:\/\/nockultury.pl\/pl\/zmiana-terminu-14-edycji-lubelskiej-nocy-kultury\/","og_site_name":"Noc Kultury","article_publisher":"https:\/\/www.facebook.com\/NocKultury\/","article_published_time":"2020-04-23T08:30:57+00:00","article_modified_time":"2021-04-26T08:32:57+00:00","og_image":[{"width":2048,"height":1072,"url":"https:\/\/nockultury.pl\/wp-content\/uploads\/2026\/04\/666909448_952682540483720_5385792266393922546_n-1.jpg","type":"image\/jpeg"}],"author":"admin_nk","twitter_card":"summary_large_image","twitter_misc":{"Napisane przez":"admin_nk","Szacowany czas czytania":"2 minuty"},"schema":{"@context":"https:\/\/schema.org","@graph":[{"@type":"Article","@id":"https:\/\/nockultury.pl\/pl\/zmiana-terminu-14-edycji-lubelskiej-nocy-kultury\/#article","isPartOf":{"@id":"https:\/\/nockultury.pl\/pl\/zmiana-terminu-14-edycji-lubelskiej-nocy-kultury\/"},"author":{"name":"admin_nk","@id":"https:\/\/nockultury.pl\/pl\/#\/schema\/person\/4720e32c52aa6b49e5c3022a927bfe26"},"headline":"Zmiana terminu 14. edycji lubelskiej Nocy Kultury!","datePublished":"2020-04-23T08:30:57+00:00","dateModified":"2021-04-26T08:32:57+00:00","mainEntityOfPage":{"@id":"https:\/\/nockultury.pl\/pl\/zmiana-terminu-14-edycji-lubelskiej-nocy-kultury\/"},"wordCount":389,"publisher":{"@id":"https:\/\/nockultury.pl\/pl\/#organization"},"articleSection":["aktualno\u015b\u0107"],"inLanguage":"pl-PL"},{"@type":"WebPage","@id":"https:\/\/nockultury.pl\/pl\/zmiana-terminu-14-edycji-lubelskiej-nocy-kultury\/","url":"https:\/\/nockultury.pl\/pl\/zmiana-terminu-14-edycji-lubelskiej-nocy-kultury\/","name":"Zmiana terminu 14. edycji lubelskiej Nocy Kultury! - Noc Kultury","isPartOf":{"@id":"https:\/\/nockultury.pl\/pl\/#website"},"datePublished":"2020-04-23T08:30:57+00:00","dateModified":"2021-04-26T08:32:57+00:00","breadcrumb":{"@id":"https:\/\/nockultury.pl\/pl\/zmiana-terminu-14-edycji-lubelskiej-nocy-kultury\/#breadcrumb"},"inLanguage":"pl-PL","potentialAction":[{"@type":"ReadAction","target":["https:\/\/nockultury.pl\/pl\/zmiana-terminu-14-edycji-lubelskiej-nocy-kultury\/"]}]},{"@type":"BreadcrumbList","@id":"https:\/\/nockultury.pl\/pl\/zmiana-terminu-14-edycji-lubelskiej-nocy-kultury\/#breadcrumb","itemListElement":[{"@type":"ListItem","position":1,"name":"Strona g\u0142\u00f3wna","item":"https:\/\/nockultury.pl\/pl\/"},{"@type":"ListItem","position":2,"name":"Zmiana terminu 14. edycji lubelskiej Nocy Kultury!"}]},{"@type":"WebSite","@id":"https:\/\/nockultury.pl\/pl\/#website","url":"https:\/\/nockultury.pl\/pl\/","name":"Noc Kultury","description":"Lublin, Stare Miasto | wst\u0119p wolny","publisher":{"@id":"https:\/\/nockultury.pl\/pl\/#organization"},"potentialAction":[{"@type":"SearchAction","target":{"@type":"EntryPoint","urlTemplate":"https:\/\/nockultury.pl\/pl\/?s={search_term_string}"},"query-input":{"@type":"PropertyValueSpecification","valueRequired":true,"valueName":"search_term_string"}}],"inLanguage":"pl-PL"},{"@type":"Organization","@id":"https:\/\/nockultury.pl\/pl\/#organization","name":"Warsztaty Kultury w Lublinie","url":"https:\/\/nockultury.pl\/pl\/","logo":{"@type":"ImageObject","inLanguage":"pl-PL","@id":"https:\/\/nockultury.pl\/pl\/#\/schema\/logo\/image\/","url":"https:\/\/nockultury.pl\/wp-content\/uploads\/2020\/03\/NOC-KULTURY-LOGO-170.jpg","contentUrl":"https:\/\/nockultury.pl\/wp-content\/uploads\/2020\/03\/NOC-KULTURY-LOGO-170.jpg","width":170,"height":79,"caption":"Warsztaty Kultury w Lublinie"},"image":{"@id":"https:\/\/nockultury.pl\/pl\/#\/schema\/logo\/image\/"},"sameAs":["https:\/\/www.facebook.com\/NocKultury\/","https:\/\/www.instagram.com\/nockultury\/","https:\/\/www.youtube.com\/@videonockultury"]},{"@type":"Person","@id":"https:\/\/nockultury.pl\/pl\/#\/schema\/person\/4720e32c52aa6b49e5c3022a927bfe26","name":"admin_nk","image":{"@type":"ImageObject","inLanguage":"pl-PL","@id":"https:\/\/nockultury.pl\/pl\/#\/schema\/person\/image\/","url":"https:\/\/secure.gravatar.com\/avatar\/407110da9576f3167e12d8fc2b032f23162c02e21af96323c071520f7890f40a?s=96&d=mm&r=g","contentUrl":"https:\/\/secure.gravatar.com\/avatar\/407110da9576f3167e12d8fc2b032f23162c02e21af96323c071520f7890f40a?s=96&d=mm&r=g","caption":"admin_nk"}}]}},"_links":{"self":[{"href":"https:\/\/nockultury.pl\/pl\/wp-json\/wp\/v2\/posts\/40287","targetHints":{"allow":["GET"]}}],"collection":[{"href":"https:\/\/nockultury.pl\/pl\/wp-json\/wp\/v2\/posts"}],"about":[{"href":"https:\/\/nockultury.pl\/pl\/wp-json\/wp\/v2\/types\/post"}],"author":[{"embeddable":true,"href":"https:\/\/nockultury.pl\/pl\/wp-json\/wp\/v2\/users\/1"}],"replies":[{"embeddable":true,"href":"https:\/\/nockultury.pl\/pl\/wp-json\/wp\/v2\/comments?post=40287"}],"version-history":[{"count":0,"href":"https:\/\/nockultury.pl\/pl\/wp-json\/wp\/v2\/posts\/40287\/revisions"}],"wp:attachment":[{"href":"https:\/\/nockultury.pl\/pl\/wp-json\/wp\/v2\/media?parent=40287"}],"wp:term":[{"taxonomy":"category","embeddable":true,"href":"https:\/\/nockultury.pl\/pl\/wp-json\/wp\/v2\/categories?post=40287"},{"taxonomy":"post_tag","embeddable":true,"href":"https:\/\/nockultury.pl\/pl\/wp-json\/wp\/v2\/tags?post=40287"}],"curies":[{"name":"wp","href":"https:\/\/api.w.org\/{rel}","templated":true}]}}