{"id":40290,"date":"2020-03-31T10:33:23","date_gmt":"2020-03-31T08:33:23","guid":{"rendered":"https:\/\/nockultury.pl\/?p=40290"},"modified":"2021-04-26T10:34:21","modified_gmt":"2021-04-26T08:34:21","slug":"plebiscyt-sukces-30-lecia-lublina-festiwale-z-nominacja","status":"publish","type":"post","link":"https:\/\/nockultury.pl\/pl\/plebiscyt-sukces-30-lecia-lublina-festiwale-z-nominacja\/","title":{"rendered":"PLEBISCYT \u201eSukces 30-lecia Lublina\u201d | Festiwale z nominacj\u0105!"},"content":{"rendered":"<p><b>Z czego Lublin jest najbardziej dumny? Nie ulega w\u0105tpliwo\u015bci, \u017ce nasze miasto w ostatnich latach zmieni\u0142o si\u0119 nie do poznania. Du\u017cy wp\u0142yw na rozw\u00f3j miasta mia\u0142y tak\u017ce nasze festiwale \u2013 Noc Kultury, Inne Brzmienia, Carnaval Sztukmistrz\u00f3w i Jarmark Jagiello\u0144ski.<\/b><\/p>\n<p>Jeste\u015bmy niezmiernie dumni, \u017ce zostali\u015bmy nominowani do pierwszej dwunastki plebiscytu na sukces 30-lecia.<\/p>\n<p>Zapraszamy Was do udzia\u0142u w g\u0142osowaniu, kt\u00f3re potrwa do 30 kwietnia! Kryjemy si\u0119 pod nazw\u0105 \u201eWielkie festiwale kulturalne\u201d.<\/p>\n<p><b><a href=\"https:\/\/lublin.wyborcza.pl\/lublin\/7,48724,25813481,dwanascie-rzeczy-z-ktorych-lublin-jest-dumny-wybieramy-sukces.html?fbclid=IwAR2aIZESgSMUFA01aj_8m4bMmYiPMUsfLTXJj93-H0Yz71vD3yEKo6y16pg\" target=\"_blank\" rel=\"noopener noreferrer\">Zobacz stron\u0119 plebiscytu i zag\u0142osuj!<\/a><\/b><\/p>\n","protected":false},"excerpt":{"rendered":"<p>Z czego Lublin jest najbardziej dumny? Nie ulega w\u0105tpliwo\u015bci, \u017ce  [&#8230;]<\/p>\n","protected":false},"author":1,"featured_media":0,"comment_status":"closed","ping_status":"open","sticky":false,"template":"","format":"standard","meta":{"_acf_changed":false,"ngg_post_thumbnail":0,"footnotes":""},"categories":[48],"tags":[],"class_list":["post-40290","post","type-post","status-publish","format-standard","hentry","category-aktualnosc"],"acf":[],"yoast_head":"<!-- This site is optimized with the Yoast SEO plugin v26.1.1 - https:\/\/yoast.com\/wordpress\/plugins\/seo\/ -->\n<title>PLEBISCYT \u201eSukces 30-lecia Lublina\u201d | Festiwale z nominacj\u0105! - Noc Kultury<\/title>\n<meta name=\"robots\" content=\"index, follow, max-snippet:-1, max-image-preview:large, max-video-preview:-1\" \/>\n<link rel=\"canonical\" href=\"https:\/\/nockultury.pl\/pl\/plebiscyt-sukces-30-lecia-lublina-festiwale-z-nominacja\/\" \/>\n<meta property=\"og:locale\" content=\"pl_PL\" \/>\n<meta property=\"og:type\" content=\"article\" \/>\n<meta property=\"og:title\" content=\"PLEBISCYT \u201eSukces 30-lecia Lublina\u201d | Festiwale z nominacj\u0105! - Noc Kultury\" \/>\n<meta property=\"og:description\" content=\"Z czego Lublin jest najbardziej dumny? Nie ulega w\u0105tpliwo\u015bci, \u017ce [...]\" \/>\n<meta property=\"og:url\" content=\"https:\/\/nockultury.pl\/pl\/plebiscyt-sukces-30-lecia-lublina-festiwale-z-nominacja\/\" \/>\n<meta property=\"og:site_name\" content=\"Noc Kultury\" \/>\n<meta property=\"article:publisher\" content=\"https:\/\/www.facebook.com\/NocKultury\/\" \/>\n<meta property=\"article:published_time\" content=\"2020-03-31T08:33:23+00:00\" \/>\n<meta property=\"article:modified_time\" content=\"2021-04-26T08:34:21+00:00\" \/>\n<meta property=\"og:image\" content=\"https:\/\/nockultury.pl\/wp-content\/uploads\/2026\/04\/666909448_952682540483720_5385792266393922546_n-1.jpg\" \/>\n\t<meta property=\"og:image:width\" content=\"2048\" \/>\n\t<meta property=\"og:image:height\" content=\"1072\" \/>\n\t<meta property=\"og:image:type\" content=\"image\/jpeg\" \/>\n<meta name=\"author\" content=\"admin_nk\" \/>\n<meta name=\"twitter:card\" content=\"summary_large_image\" \/>\n<meta name=\"twitter:label1\" content=\"Napisane przez\" \/>\n\t<meta name=\"twitter:data1\" content=\"admin_nk\" \/>\n<script type=\"application\/ld+json\" class=\"yoast-schema-graph\">{\"@context\":\"https:\/\/schema.org\",\"@graph\":[{\"@type\":\"Article\",\"@id\":\"https:\/\/nockultury.pl\/pl\/plebiscyt-sukces-30-lecia-lublina-festiwale-z-nominacja\/#article\",\"isPartOf\":{\"@id\":\"https:\/\/nockultury.pl\/pl\/plebiscyt-sukces-30-lecia-lublina-festiwale-z-nominacja\/\"},\"author\":{\"name\":\"admin_nk\",\"@id\":\"https:\/\/nockultury.pl\/pl\/#\/schema\/person\/4720e32c52aa6b49e5c3022a927bfe26\"},\"headline\":\"PLEBISCYT \u201eSukces 30-lecia Lublina\u201d | Festiwale z nominacj\u0105!\",\"datePublished\":\"2020-03-31T08:33:23+00:00\",\"dateModified\":\"2021-04-26T08:34:21+00:00\",\"mainEntityOfPage\":{\"@id\":\"https:\/\/nockultury.pl\/pl\/plebiscyt-sukces-30-lecia-lublina-festiwale-z-nominacja\/\"},\"wordCount\":96,\"publisher\":{\"@id\":\"https:\/\/nockultury.pl\/pl\/#organization\"},\"articleSection\":[\"aktualno\u015b\u0107\"],\"inLanguage\":\"pl-PL\"},{\"@type\":\"WebPage\",\"@id\":\"https:\/\/nockultury.pl\/pl\/plebiscyt-sukces-30-lecia-lublina-festiwale-z-nominacja\/\",\"url\":\"https:\/\/nockultury.pl\/pl\/plebiscyt-sukces-30-lecia-lublina-festiwale-z-nominacja\/\",\"name\":\"PLEBISCYT \u201eSukces 30-lecia Lublina\u201d | Festiwale z nominacj\u0105! - Noc Kultury\",\"isPartOf\":{\"@id\":\"https:\/\/nockultury.pl\/pl\/#website\"},\"datePublished\":\"2020-03-31T08:33:23+00:00\",\"dateModified\":\"2021-04-26T08:34:21+00:00\",\"breadcrumb\":{\"@id\":\"https:\/\/nockultury.pl\/pl\/plebiscyt-sukces-30-lecia-lublina-festiwale-z-nominacja\/#breadcrumb\"},\"inLanguage\":\"pl-PL\",\"potentialAction\":[{\"@type\":\"ReadAction\",\"target\":[\"https:\/\/nockultury.pl\/pl\/plebiscyt-sukces-30-lecia-lublina-festiwale-z-nominacja\/\"]}]},{\"@type\":\"BreadcrumbList\",\"@id\":\"https:\/\/nockultury.pl\/pl\/plebiscyt-sukces-30-lecia-lublina-festiwale-z-nominacja\/#breadcrumb\",\"itemListElement\":[{\"@type\":\"ListItem\",\"position\":1,\"name\":\"Strona g\u0142\u00f3wna\",\"item\":\"https:\/\/nockultury.pl\/pl\/\"},{\"@type\":\"ListItem\",\"position\":2,\"name\":\"PLEBISCYT \u201eSukces 30-lecia Lublina\u201d | Festiwale z nominacj\u0105!\"}]},{\"@type\":\"WebSite\",\"@id\":\"https:\/\/nockultury.pl\/pl\/#website\",\"url\":\"https:\/\/nockultury.pl\/pl\/\",\"name\":\"Noc Kultury\",\"description\":\"Lublin, Stare Miasto | wst\u0119p wolny\",\"publisher\":{\"@id\":\"https:\/\/nockultury.pl\/pl\/#organization\"},\"potentialAction\":[{\"@type\":\"SearchAction\",\"target\":{\"@type\":\"EntryPoint\",\"urlTemplate\":\"https:\/\/nockultury.pl\/pl\/?s={search_term_string}\"},\"query-input\":{\"@type\":\"PropertyValueSpecification\",\"valueRequired\":true,\"valueName\":\"search_term_string\"}}],\"inLanguage\":\"pl-PL\"},{\"@type\":\"Organization\",\"@id\":\"https:\/\/nockultury.pl\/pl\/#organization\",\"name\":\"Warsztaty Kultury w Lublinie\",\"url\":\"https:\/\/nockultury.pl\/pl\/\",\"logo\":{\"@type\":\"ImageObject\",\"inLanguage\":\"pl-PL\",\"@id\":\"https:\/\/nockultury.pl\/pl\/#\/schema\/logo\/image\/\",\"url\":\"https:\/\/nockultury.pl\/wp-content\/uploads\/2020\/03\/NOC-KULTURY-LOGO-170.jpg\",\"contentUrl\":\"https:\/\/nockultury.pl\/wp-content\/uploads\/2020\/03\/NOC-KULTURY-LOGO-170.jpg\",\"width\":170,\"height\":79,\"caption\":\"Warsztaty Kultury w Lublinie\"},\"image\":{\"@id\":\"https:\/\/nockultury.pl\/pl\/#\/schema\/logo\/image\/\"},\"sameAs\":[\"https:\/\/www.facebook.com\/NocKultury\/\",\"https:\/\/www.instagram.com\/nockultury\/\",\"https:\/\/www.youtube.com\/@videonockultury\"]},{\"@type\":\"Person\",\"@id\":\"https:\/\/nockultury.pl\/pl\/#\/schema\/person\/4720e32c52aa6b49e5c3022a927bfe26\",\"name\":\"admin_nk\",\"image\":{\"@type\":\"ImageObject\",\"inLanguage\":\"pl-PL\",\"@id\":\"https:\/\/nockultury.pl\/pl\/#\/schema\/person\/image\/\",\"url\":\"https:\/\/secure.gravatar.com\/avatar\/407110da9576f3167e12d8fc2b032f23162c02e21af96323c071520f7890f40a?s=96&d=mm&r=g\",\"contentUrl\":\"https:\/\/secure.gravatar.com\/avatar\/407110da9576f3167e12d8fc2b032f23162c02e21af96323c071520f7890f40a?s=96&d=mm&r=g\",\"caption\":\"admin_nk\"}}]}<\/script>\n<!-- \/ Yoast SEO plugin. -->","yoast_head_json":{"title":"PLEBISCYT \u201eSukces 30-lecia Lublina\u201d | Festiwale z nominacj\u0105! - Noc Kultury","robots":{"index":"index","follow":"follow","max-snippet":"max-snippet:-1","max-image-preview":"max-image-preview:large","max-video-preview":"max-video-preview:-1"},"canonical":"https:\/\/nockultury.pl\/pl\/plebiscyt-sukces-30-lecia-lublina-festiwale-z-nominacja\/","og_locale":"pl_PL","og_type":"article","og_title":"PLEBISCYT \u201eSukces 30-lecia Lublina\u201d | Festiwale z nominacj\u0105! - Noc Kultury","og_description":"Z czego Lublin jest najbardziej dumny? Nie ulega w\u0105tpliwo\u015bci, \u017ce [...]","og_url":"https:\/\/nockultury.pl\/pl\/plebiscyt-sukces-30-lecia-lublina-festiwale-z-nominacja\/","og_site_name":"Noc Kultury","article_publisher":"https:\/\/www.facebook.com\/NocKultury\/","article_published_time":"2020-03-31T08:33:23+00:00","article_modified_time":"2021-04-26T08:34:21+00:00","og_image":[{"width":2048,"height":1072,"url":"https:\/\/nockultury.pl\/wp-content\/uploads\/2026\/04\/666909448_952682540483720_5385792266393922546_n-1.jpg","type":"image\/jpeg"}],"author":"admin_nk","twitter_card":"summary_large_image","twitter_misc":{"Napisane przez":"admin_nk"},"schema":{"@context":"https:\/\/schema.org","@graph":[{"@type":"Article","@id":"https:\/\/nockultury.pl\/pl\/plebiscyt-sukces-30-lecia-lublina-festiwale-z-nominacja\/#article","isPartOf":{"@id":"https:\/\/nockultury.pl\/pl\/plebiscyt-sukces-30-lecia-lublina-festiwale-z-nominacja\/"},"author":{"name":"admin_nk","@id":"https:\/\/nockultury.pl\/pl\/#\/schema\/person\/4720e32c52aa6b49e5c3022a927bfe26"},"headline":"PLEBISCYT \u201eSukces 30-lecia Lublina\u201d | Festiwale z nominacj\u0105!","datePublished":"2020-03-31T08:33:23+00:00","dateModified":"2021-04-26T08:34:21+00:00","mainEntityOfPage":{"@id":"https:\/\/nockultury.pl\/pl\/plebiscyt-sukces-30-lecia-lublina-festiwale-z-nominacja\/"},"wordCount":96,"publisher":{"@id":"https:\/\/nockultury.pl\/pl\/#organization"},"articleSection":["aktualno\u015b\u0107"],"inLanguage":"pl-PL"},{"@type":"WebPage","@id":"https:\/\/nockultury.pl\/pl\/plebiscyt-sukces-30-lecia-lublina-festiwale-z-nominacja\/","url":"https:\/\/nockultury.pl\/pl\/plebiscyt-sukces-30-lecia-lublina-festiwale-z-nominacja\/","name":"PLEBISCYT \u201eSukces 30-lecia Lublina\u201d | Festiwale z nominacj\u0105! - Noc Kultury","isPartOf":{"@id":"https:\/\/nockultury.pl\/pl\/#website"},"datePublished":"2020-03-31T08:33:23+00:00","dateModified":"2021-04-26T08:34:21+00:00","breadcrumb":{"@id":"https:\/\/nockultury.pl\/pl\/plebiscyt-sukces-30-lecia-lublina-festiwale-z-nominacja\/#breadcrumb"},"inLanguage":"pl-PL","potentialAction":[{"@type":"ReadAction","target":["https:\/\/nockultury.pl\/pl\/plebiscyt-sukces-30-lecia-lublina-festiwale-z-nominacja\/"]}]},{"@type":"BreadcrumbList","@id":"https:\/\/nockultury.pl\/pl\/plebiscyt-sukces-30-lecia-lublina-festiwale-z-nominacja\/#breadcrumb","itemListElement":[{"@type":"ListItem","position":1,"name":"Strona g\u0142\u00f3wna","item":"https:\/\/nockultury.pl\/pl\/"},{"@type":"ListItem","position":2,"name":"PLEBISCYT \u201eSukces 30-lecia Lublina\u201d | Festiwale z nominacj\u0105!"}]},{"@type":"WebSite","@id":"https:\/\/nockultury.pl\/pl\/#website","url":"https:\/\/nockultury.pl\/pl\/","name":"Noc Kultury","description":"Lublin, Stare Miasto | wst\u0119p wolny","publisher":{"@id":"https:\/\/nockultury.pl\/pl\/#organization"},"potentialAction":[{"@type":"SearchAction","target":{"@type":"EntryPoint","urlTemplate":"https:\/\/nockultury.pl\/pl\/?s={search_term_string}"},"query-input":{"@type":"PropertyValueSpecification","valueRequired":true,"valueName":"search_term_string"}}],"inLanguage":"pl-PL"},{"@type":"Organization","@id":"https:\/\/nockultury.pl\/pl\/#organization","name":"Warsztaty Kultury w Lublinie","url":"https:\/\/nockultury.pl\/pl\/","logo":{"@type":"ImageObject","inLanguage":"pl-PL","@id":"https:\/\/nockultury.pl\/pl\/#\/schema\/logo\/image\/","url":"https:\/\/nockultury.pl\/wp-content\/uploads\/2020\/03\/NOC-KULTURY-LOGO-170.jpg","contentUrl":"https:\/\/nockultury.pl\/wp-content\/uploads\/2020\/03\/NOC-KULTURY-LOGO-170.jpg","width":170,"height":79,"caption":"Warsztaty Kultury w Lublinie"},"image":{"@id":"https:\/\/nockultury.pl\/pl\/#\/schema\/logo\/image\/"},"sameAs":["https:\/\/www.facebook.com\/NocKultury\/","https:\/\/www.instagram.com\/nockultury\/","https:\/\/www.youtube.com\/@videonockultury"]},{"@type":"Person","@id":"https:\/\/nockultury.pl\/pl\/#\/schema\/person\/4720e32c52aa6b49e5c3022a927bfe26","name":"admin_nk","image":{"@type":"ImageObject","inLanguage":"pl-PL","@id":"https:\/\/nockultury.pl\/pl\/#\/schema\/person\/image\/","url":"https:\/\/secure.gravatar.com\/avatar\/407110da9576f3167e12d8fc2b032f23162c02e21af96323c071520f7890f40a?s=96&d=mm&r=g","contentUrl":"https:\/\/secure.gravatar.com\/avatar\/407110da9576f3167e12d8fc2b032f23162c02e21af96323c071520f7890f40a?s=96&d=mm&r=g","caption":"admin_nk"}}]}},"_links":{"self":[{"href":"https:\/\/nockultury.pl\/pl\/wp-json\/wp\/v2\/posts\/40290","targetHints":{"allow":["GET"]}}],"collection":[{"href":"https:\/\/nockultury.pl\/pl\/wp-json\/wp\/v2\/posts"}],"about":[{"href":"https:\/\/nockultury.pl\/pl\/wp-json\/wp\/v2\/types\/post"}],"author":[{"embeddable":true,"href":"https:\/\/nockultury.pl\/pl\/wp-json\/wp\/v2\/users\/1"}],"replies":[{"embeddable":true,"href":"https:\/\/nockultury.pl\/pl\/wp-json\/wp\/v2\/comments?post=40290"}],"version-history":[{"count":0,"href":"https:\/\/nockultury.pl\/pl\/wp-json\/wp\/v2\/posts\/40290\/revisions"}],"wp:attachment":[{"href":"https:\/\/nockultury.pl\/pl\/wp-json\/wp\/v2\/media?parent=40290"}],"wp:term":[{"taxonomy":"category","embeddable":true,"href":"https:\/\/nockultury.pl\/pl\/wp-json\/wp\/v2\/categories?post=40290"},{"taxonomy":"post_tag","embeddable":true,"href":"https:\/\/nockultury.pl\/pl\/wp-json\/wp\/v2\/tags?post=40290"}],"curies":[{"name":"wp","href":"https:\/\/api.w.org\/{rel}","templated":true}]}}