{"id":40987,"date":"2021-06-04T11:39:27","date_gmt":"2021-06-04T09:39:27","guid":{"rendered":"https:\/\/nockultury.pl\/?p=40987"},"modified":"2021-06-05T11:54:03","modified_gmt":"2021-06-05T09:54:03","slug":"to-juz-dzis","status":"publish","type":"post","link":"https:\/\/nockultury.pl\/pl\/to-juz-dzis\/","title":{"rendered":"Noc Kultury &#8211; informacje praktyczne"},"content":{"rendered":"<p><strong>Tegoroczna, wyczekiwana Noc Kultury, startuje ju\u017c dzi\u015b \u2013 4 czerwca i potrwa przez kilka tygodni! To mo\u017ce zaskoczy\u0107 i wprawi\u0107 w zak\u0142opotanie. Jak odnale\u017a\u0107 si\u0119 w najd\u0142u\u017cszej Nocy Kultury na \u015bwiecie? Podpowiadamy.<\/strong><\/p>\n<p><strong>Gdzie i kiedy odbywa si\u0119 Noc Kultury?<\/strong><\/p>\n<p>4 czerwca \u2013 21 lipca 2021<br \/>\nStare Miasto w Lublinie<br \/>\nwst\u0119p wolny<\/p>\n<p><strong>Dwa miesi\u0105ce? Ale jak to?<\/strong><\/p>\n<p>Noc Kultury 2021 odb\u0119dzie si\u0119 w terminie od 4 czerwca do 21 lipca. Ta wyj\u0105tkowa edycja potrwa przez kilka tygodni i b\u0119dzie mia\u0142a formu\u0142\u0119 spacer\u00f3w w poszukiwaniu instalacji ukrytych w zau\u0142kach Starego Miasta w Lublinie. Powody s\u0105 oczywiste. Chcemy zapewni\u0107 wszystkim uczestnikom bezpiecze\u0144stwo, dlatego decydujemy si\u0119 na znacznie d\u0142u\u017csz\u0105 ni\u017c jedna noc ekspozycj\u0119 instalacji. Artystyczne obiekty w kolejnych tygodniach b\u0119d\u0105 si\u0119 zmienia\u0107, zaprezentujemy te, kt\u00f3re nie mia\u0142y szansy pokaza\u0107 si\u0119 rok temu, b\u0119d\u0105 te\u017c nowo\u015bci.<\/p>\n<p><strong>Gdzie znajd\u0119 program?<\/strong><\/p>\n<p>Zapraszamy Was na stron\u0119 nockultury.pl Program mo\u017cna eksplorowa\u0107 na dwa sposoby:<br \/>\n\u2013 klasycznie czytaj\u0105c opisy instalacji w zak\u0142adce <a href=\"https:\/\/nockultury.pl\/pl\/program-nk\/\">PROGRAM<\/a><br \/>\n\u2013 interaktywnie w zak\u0142adce <a href=\"https:\/\/nockultury.pl\/pl\/mapa-festiwalu\/\">MAPA,<\/a> gdzie wszystkie instalacje s\u0105 oznaczone na mapie Google \u2013 te purpurowe s\u0105 dost\u0119pne od dzisiaj, szare pojawi\u0105 si\u0119 na terenie Starego Miasta w kolejnych tygodniach.<\/p>\n<p>W tym roku nie ma drukowanego programu festiwalu ani punkt\u00f3w informacyjnych.<\/p>\n<p><strong>Co jest w programie?<\/strong><\/p>\n<p>Program tegorocznej Nocy Kultury to instalacje artystyczne i wystawy w przestrzeni miejskiej.<br \/>\nZe wzgl\u0119du na bezpiecze\u0144stwo nie przewidzieli\u015bmy wydarze\u0144 performatywnych takich jak koncerty, spektakle czy pokazy. Z pewno\u015bci\u0105 powr\u00f3cimy do nich w kolejnych edycjach festiwalu.<\/p>\n<p>Skoro Noc Kultury ma kilka tygodni, to kiedy najlepiej wybra\u0107 si\u0119 na spacer?<\/p>\n<p>Najlepiej wybra\u0107 si\u0119 na kilka spacer\u00f3w, poniewa\u017c instalacje i dekoracje, kt\u00f3re przygotowali\u015bmy na t\u0119 edycj\u0119 festiwalu b\u0119d\u0105 si\u0119 zmienia\u0107. Co tydzie\u0144 b\u0119dziemy informowa\u0107 Was o nowych instalacjach, kt\u00f3re pojawi\u0105 si\u0119 w przestrzeni Starego Miasta.<\/p>\n<p><strong>Gdzie mog\u0119 zapisa\u0107 si\u0119 na wydarzenia Nocy Kultury?<\/strong><\/p>\n<p>Nie prowadzimy zapis\u00f3w na Noc Kultury. W tym roku nie ma w programie wydarze\u0144, kt\u00f3re by tego wymaga\u0142y. Wszystkie instalacje s\u0105 dost\u0119pne w przestrzeni publicznej, wystarczy sprawdzi\u0107 na mapie ich lokalizacje i wyruszy\u0107 na spacer.<\/p>\n<p><strong>Czy s\u0105 jakie\u015b utrudnienia ruchu dla kierowc\u00f3w?<\/strong><\/p>\n<p>Ruch drogowy na Starym Mie\u015bcie mimo trwania Nocy Kultury pozostaje bez zmian. Nie zamykamy \u017cadnej z ulic ani nie zajmujemy \u017cadnego z parking\u00f3w.<\/p>\n","protected":false},"excerpt":{"rendered":"<p>Tegoroczna, wyczekiwana Noc Kultury, startuje ju\u017c dzi\u015b \u2013 4 czerwca  [&#8230;]<\/p>\n","protected":false},"author":8,"featured_media":41035,"comment_status":"closed","ping_status":"open","sticky":false,"template":"","format":"standard","meta":{"_acf_changed":false,"ngg_post_thumbnail":0,"footnotes":""},"categories":[1],"tags":[],"class_list":["post-40987","post","type-post","status-publish","format-standard","has-post-thumbnail","hentry","category-bez-kategorii"],"acf":[],"yoast_head":"<!-- This site is optimized with the Yoast SEO plugin v26.1.1 - https:\/\/yoast.com\/wordpress\/plugins\/seo\/ -->\n<title>Noc Kultury - informacje praktyczne - Noc Kultury<\/title>\n<meta name=\"robots\" content=\"index, follow, max-snippet:-1, max-image-preview:large, max-video-preview:-1\" \/>\n<link rel=\"canonical\" href=\"https:\/\/nockultury.pl\/pl\/to-juz-dzis\/\" \/>\n<meta property=\"og:locale\" content=\"pl_PL\" \/>\n<meta property=\"og:type\" content=\"article\" \/>\n<meta property=\"og:title\" content=\"Noc Kultury - informacje praktyczne - Noc Kultury\" \/>\n<meta property=\"og:description\" content=\"Tegoroczna, wyczekiwana Noc Kultury, startuje ju\u017c dzi\u015b \u2013 4 czerwca [...]\" \/>\n<meta property=\"og:url\" content=\"https:\/\/nockultury.pl\/pl\/to-juz-dzis\/\" \/>\n<meta property=\"og:site_name\" content=\"Noc Kultury\" \/>\n<meta property=\"article:publisher\" content=\"https:\/\/www.facebook.com\/NocKultury\/\" \/>\n<meta property=\"article:published_time\" content=\"2021-06-04T09:39:27+00:00\" \/>\n<meta property=\"article:modified_time\" content=\"2021-06-05T09:54:03+00:00\" \/>\n<meta property=\"og:image\" content=\"https:\/\/nockultury.pl\/wp-content\/uploads\/2021\/06\/11406585_850653678350796_6189623174008274675_o.jpg\" \/>\n\t<meta property=\"og:image:width\" content=\"1050\" \/>\n\t<meta property=\"og:image:height\" content=\"700\" \/>\n\t<meta property=\"og:image:type\" content=\"image\/jpeg\" \/>\n<meta name=\"author\" content=\"Ma\u0142gorzata Stanek\" \/>\n<meta name=\"twitter:card\" content=\"summary_large_image\" \/>\n<meta name=\"twitter:label1\" content=\"Napisane przez\" \/>\n\t<meta name=\"twitter:data1\" content=\"Ma\u0142gorzata Stanek\" \/>\n\t<meta name=\"twitter:label2\" content=\"Szacowany czas czytania\" \/>\n\t<meta name=\"twitter:data2\" content=\"2 minuty\" \/>\n<script type=\"application\/ld+json\" class=\"yoast-schema-graph\">{\"@context\":\"https:\/\/schema.org\",\"@graph\":[{\"@type\":\"Article\",\"@id\":\"https:\/\/nockultury.pl\/pl\/to-juz-dzis\/#article\",\"isPartOf\":{\"@id\":\"https:\/\/nockultury.pl\/pl\/to-juz-dzis\/\"},\"author\":{\"name\":\"Ma\u0142gorzata Stanek\",\"@id\":\"https:\/\/nockultury.pl\/pl\/#\/schema\/person\/b455ea53392e5908331cf9642243f21c\"},\"headline\":\"Noc Kultury &#8211; informacje praktyczne\",\"datePublished\":\"2021-06-04T09:39:27+00:00\",\"dateModified\":\"2021-06-05T09:54:03+00:00\",\"mainEntityOfPage\":{\"@id\":\"https:\/\/nockultury.pl\/pl\/to-juz-dzis\/\"},\"wordCount\":391,\"publisher\":{\"@id\":\"https:\/\/nockultury.pl\/pl\/#organization\"},\"image\":{\"@id\":\"https:\/\/nockultury.pl\/pl\/to-juz-dzis\/#primaryimage\"},\"thumbnailUrl\":\"https:\/\/nockultury.pl\/wp-content\/uploads\/2021\/06\/11406585_850653678350796_6189623174008274675_o.jpg\",\"inLanguage\":\"pl-PL\"},{\"@type\":\"WebPage\",\"@id\":\"https:\/\/nockultury.pl\/pl\/to-juz-dzis\/\",\"url\":\"https:\/\/nockultury.pl\/pl\/to-juz-dzis\/\",\"name\":\"Noc Kultury - informacje praktyczne - Noc Kultury\",\"isPartOf\":{\"@id\":\"https:\/\/nockultury.pl\/pl\/#website\"},\"primaryImageOfPage\":{\"@id\":\"https:\/\/nockultury.pl\/pl\/to-juz-dzis\/#primaryimage\"},\"image\":{\"@id\":\"https:\/\/nockultury.pl\/pl\/to-juz-dzis\/#primaryimage\"},\"thumbnailUrl\":\"https:\/\/nockultury.pl\/wp-content\/uploads\/2021\/06\/11406585_850653678350796_6189623174008274675_o.jpg\",\"datePublished\":\"2021-06-04T09:39:27+00:00\",\"dateModified\":\"2021-06-05T09:54:03+00:00\",\"breadcrumb\":{\"@id\":\"https:\/\/nockultury.pl\/pl\/to-juz-dzis\/#breadcrumb\"},\"inLanguage\":\"pl-PL\",\"potentialAction\":[{\"@type\":\"ReadAction\",\"target\":[\"https:\/\/nockultury.pl\/pl\/to-juz-dzis\/\"]}]},{\"@type\":\"ImageObject\",\"inLanguage\":\"pl-PL\",\"@id\":\"https:\/\/nockultury.pl\/pl\/to-juz-dzis\/#primaryimage\",\"url\":\"https:\/\/nockultury.pl\/wp-content\/uploads\/2021\/06\/11406585_850653678350796_6189623174008274675_o.jpg\",\"contentUrl\":\"https:\/\/nockultury.pl\/wp-content\/uploads\/2021\/06\/11406585_850653678350796_6189623174008274675_o.jpg\",\"width\":1050,\"height\":700,\"caption\":\"Zdj\u0119cie przedstawia kobiet\u0119 robi\u0105ca zdj\u0119cie ulicy nad kt\u00f3r\u0105 rozwieszone s\u0105 \u015bwiec\u0105ce sukienki.\"},{\"@type\":\"BreadcrumbList\",\"@id\":\"https:\/\/nockultury.pl\/pl\/to-juz-dzis\/#breadcrumb\",\"itemListElement\":[{\"@type\":\"ListItem\",\"position\":1,\"name\":\"Strona g\u0142\u00f3wna\",\"item\":\"https:\/\/nockultury.pl\/pl\/\"},{\"@type\":\"ListItem\",\"position\":2,\"name\":\"Noc Kultury &#8211; informacje praktyczne\"}]},{\"@type\":\"WebSite\",\"@id\":\"https:\/\/nockultury.pl\/pl\/#website\",\"url\":\"https:\/\/nockultury.pl\/pl\/\",\"name\":\"Noc Kultury\",\"description\":\"Lublin, Stare Miasto | wst\u0119p wolny\",\"publisher\":{\"@id\":\"https:\/\/nockultury.pl\/pl\/#organization\"},\"potentialAction\":[{\"@type\":\"SearchAction\",\"target\":{\"@type\":\"EntryPoint\",\"urlTemplate\":\"https:\/\/nockultury.pl\/pl\/?s={search_term_string}\"},\"query-input\":{\"@type\":\"PropertyValueSpecification\",\"valueRequired\":true,\"valueName\":\"search_term_string\"}}],\"inLanguage\":\"pl-PL\"},{\"@type\":\"Organization\",\"@id\":\"https:\/\/nockultury.pl\/pl\/#organization\",\"name\":\"Warsztaty Kultury w Lublinie\",\"url\":\"https:\/\/nockultury.pl\/pl\/\",\"logo\":{\"@type\":\"ImageObject\",\"inLanguage\":\"pl-PL\",\"@id\":\"https:\/\/nockultury.pl\/pl\/#\/schema\/logo\/image\/\",\"url\":\"https:\/\/nockultury.pl\/wp-content\/uploads\/2020\/03\/NOC-KULTURY-LOGO-170.jpg\",\"contentUrl\":\"https:\/\/nockultury.pl\/wp-content\/uploads\/2020\/03\/NOC-KULTURY-LOGO-170.jpg\",\"width\":170,\"height\":79,\"caption\":\"Warsztaty Kultury w Lublinie\"},\"image\":{\"@id\":\"https:\/\/nockultury.pl\/pl\/#\/schema\/logo\/image\/\"},\"sameAs\":[\"https:\/\/www.facebook.com\/NocKultury\/\",\"https:\/\/www.instagram.com\/nockultury\/\",\"https:\/\/www.youtube.com\/@videonockultury\"]},{\"@type\":\"Person\",\"@id\":\"https:\/\/nockultury.pl\/pl\/#\/schema\/person\/b455ea53392e5908331cf9642243f21c\",\"name\":\"Ma\u0142gorzata Stanek\",\"image\":{\"@type\":\"ImageObject\",\"inLanguage\":\"pl-PL\",\"@id\":\"https:\/\/nockultury.pl\/pl\/#\/schema\/person\/image\/\",\"url\":\"https:\/\/secure.gravatar.com\/avatar\/45935340e0720354e023c66e68c2c506b7ca3adf6417db0177bb9e832d57e28c?s=96&d=mm&r=g\",\"contentUrl\":\"https:\/\/secure.gravatar.com\/avatar\/45935340e0720354e023c66e68c2c506b7ca3adf6417db0177bb9e832d57e28c?s=96&d=mm&r=g\",\"caption\":\"Ma\u0142gorzata Stanek\"}}]}<\/script>\n<!-- \/ Yoast SEO plugin. -->","yoast_head_json":{"title":"Noc Kultury - informacje praktyczne - Noc Kultury","robots":{"index":"index","follow":"follow","max-snippet":"max-snippet:-1","max-image-preview":"max-image-preview:large","max-video-preview":"max-video-preview:-1"},"canonical":"https:\/\/nockultury.pl\/pl\/to-juz-dzis\/","og_locale":"pl_PL","og_type":"article","og_title":"Noc Kultury - informacje praktyczne - Noc Kultury","og_description":"Tegoroczna, wyczekiwana Noc Kultury, startuje ju\u017c dzi\u015b \u2013 4 czerwca [...]","og_url":"https:\/\/nockultury.pl\/pl\/to-juz-dzis\/","og_site_name":"Noc Kultury","article_publisher":"https:\/\/www.facebook.com\/NocKultury\/","article_published_time":"2021-06-04T09:39:27+00:00","article_modified_time":"2021-06-05T09:54:03+00:00","og_image":[{"width":1050,"height":700,"url":"https:\/\/nockultury.pl\/wp-content\/uploads\/2021\/06\/11406585_850653678350796_6189623174008274675_o.jpg","type":"image\/jpeg"}],"author":"Ma\u0142gorzata Stanek","twitter_card":"summary_large_image","twitter_misc":{"Napisane przez":"Ma\u0142gorzata Stanek","Szacowany czas czytania":"2 minuty"},"schema":{"@context":"https:\/\/schema.org","@graph":[{"@type":"Article","@id":"https:\/\/nockultury.pl\/pl\/to-juz-dzis\/#article","isPartOf":{"@id":"https:\/\/nockultury.pl\/pl\/to-juz-dzis\/"},"author":{"name":"Ma\u0142gorzata Stanek","@id":"https:\/\/nockultury.pl\/pl\/#\/schema\/person\/b455ea53392e5908331cf9642243f21c"},"headline":"Noc Kultury &#8211; informacje praktyczne","datePublished":"2021-06-04T09:39:27+00:00","dateModified":"2021-06-05T09:54:03+00:00","mainEntityOfPage":{"@id":"https:\/\/nockultury.pl\/pl\/to-juz-dzis\/"},"wordCount":391,"publisher":{"@id":"https:\/\/nockultury.pl\/pl\/#organization"},"image":{"@id":"https:\/\/nockultury.pl\/pl\/to-juz-dzis\/#primaryimage"},"thumbnailUrl":"https:\/\/nockultury.pl\/wp-content\/uploads\/2021\/06\/11406585_850653678350796_6189623174008274675_o.jpg","inLanguage":"pl-PL"},{"@type":"WebPage","@id":"https:\/\/nockultury.pl\/pl\/to-juz-dzis\/","url":"https:\/\/nockultury.pl\/pl\/to-juz-dzis\/","name":"Noc Kultury - informacje praktyczne - Noc Kultury","isPartOf":{"@id":"https:\/\/nockultury.pl\/pl\/#website"},"primaryImageOfPage":{"@id":"https:\/\/nockultury.pl\/pl\/to-juz-dzis\/#primaryimage"},"image":{"@id":"https:\/\/nockultury.pl\/pl\/to-juz-dzis\/#primaryimage"},"thumbnailUrl":"https:\/\/nockultury.pl\/wp-content\/uploads\/2021\/06\/11406585_850653678350796_6189623174008274675_o.jpg","datePublished":"2021-06-04T09:39:27+00:00","dateModified":"2021-06-05T09:54:03+00:00","breadcrumb":{"@id":"https:\/\/nockultury.pl\/pl\/to-juz-dzis\/#breadcrumb"},"inLanguage":"pl-PL","potentialAction":[{"@type":"ReadAction","target":["https:\/\/nockultury.pl\/pl\/to-juz-dzis\/"]}]},{"@type":"ImageObject","inLanguage":"pl-PL","@id":"https:\/\/nockultury.pl\/pl\/to-juz-dzis\/#primaryimage","url":"https:\/\/nockultury.pl\/wp-content\/uploads\/2021\/06\/11406585_850653678350796_6189623174008274675_o.jpg","contentUrl":"https:\/\/nockultury.pl\/wp-content\/uploads\/2021\/06\/11406585_850653678350796_6189623174008274675_o.jpg","width":1050,"height":700,"caption":"Zdj\u0119cie przedstawia kobiet\u0119 robi\u0105ca zdj\u0119cie ulicy nad kt\u00f3r\u0105 rozwieszone s\u0105 \u015bwiec\u0105ce sukienki."},{"@type":"BreadcrumbList","@id":"https:\/\/nockultury.pl\/pl\/to-juz-dzis\/#breadcrumb","itemListElement":[{"@type":"ListItem","position":1,"name":"Strona g\u0142\u00f3wna","item":"https:\/\/nockultury.pl\/pl\/"},{"@type":"ListItem","position":2,"name":"Noc Kultury &#8211; informacje praktyczne"}]},{"@type":"WebSite","@id":"https:\/\/nockultury.pl\/pl\/#website","url":"https:\/\/nockultury.pl\/pl\/","name":"Noc Kultury","description":"Lublin, Stare Miasto | wst\u0119p wolny","publisher":{"@id":"https:\/\/nockultury.pl\/pl\/#organization"},"potentialAction":[{"@type":"SearchAction","target":{"@type":"EntryPoint","urlTemplate":"https:\/\/nockultury.pl\/pl\/?s={search_term_string}"},"query-input":{"@type":"PropertyValueSpecification","valueRequired":true,"valueName":"search_term_string"}}],"inLanguage":"pl-PL"},{"@type":"Organization","@id":"https:\/\/nockultury.pl\/pl\/#organization","name":"Warsztaty Kultury w Lublinie","url":"https:\/\/nockultury.pl\/pl\/","logo":{"@type":"ImageObject","inLanguage":"pl-PL","@id":"https:\/\/nockultury.pl\/pl\/#\/schema\/logo\/image\/","url":"https:\/\/nockultury.pl\/wp-content\/uploads\/2020\/03\/NOC-KULTURY-LOGO-170.jpg","contentUrl":"https:\/\/nockultury.pl\/wp-content\/uploads\/2020\/03\/NOC-KULTURY-LOGO-170.jpg","width":170,"height":79,"caption":"Warsztaty Kultury w Lublinie"},"image":{"@id":"https:\/\/nockultury.pl\/pl\/#\/schema\/logo\/image\/"},"sameAs":["https:\/\/www.facebook.com\/NocKultury\/","https:\/\/www.instagram.com\/nockultury\/","https:\/\/www.youtube.com\/@videonockultury"]},{"@type":"Person","@id":"https:\/\/nockultury.pl\/pl\/#\/schema\/person\/b455ea53392e5908331cf9642243f21c","name":"Ma\u0142gorzata Stanek","image":{"@type":"ImageObject","inLanguage":"pl-PL","@id":"https:\/\/nockultury.pl\/pl\/#\/schema\/person\/image\/","url":"https:\/\/secure.gravatar.com\/avatar\/45935340e0720354e023c66e68c2c506b7ca3adf6417db0177bb9e832d57e28c?s=96&d=mm&r=g","contentUrl":"https:\/\/secure.gravatar.com\/avatar\/45935340e0720354e023c66e68c2c506b7ca3adf6417db0177bb9e832d57e28c?s=96&d=mm&r=g","caption":"Ma\u0142gorzata Stanek"}}]}},"_links":{"self":[{"href":"https:\/\/nockultury.pl\/pl\/wp-json\/wp\/v2\/posts\/40987","targetHints":{"allow":["GET"]}}],"collection":[{"href":"https:\/\/nockultury.pl\/pl\/wp-json\/wp\/v2\/posts"}],"about":[{"href":"https:\/\/nockultury.pl\/pl\/wp-json\/wp\/v2\/types\/post"}],"author":[{"embeddable":true,"href":"https:\/\/nockultury.pl\/pl\/wp-json\/wp\/v2\/users\/8"}],"replies":[{"embeddable":true,"href":"https:\/\/nockultury.pl\/pl\/wp-json\/wp\/v2\/comments?post=40987"}],"version-history":[{"count":0,"href":"https:\/\/nockultury.pl\/pl\/wp-json\/wp\/v2\/posts\/40987\/revisions"}],"wp:featuredmedia":[{"embeddable":true,"href":"https:\/\/nockultury.pl\/pl\/wp-json\/wp\/v2\/media\/41035"}],"wp:attachment":[{"href":"https:\/\/nockultury.pl\/pl\/wp-json\/wp\/v2\/media?parent=40987"}],"wp:term":[{"taxonomy":"category","embeddable":true,"href":"https:\/\/nockultury.pl\/pl\/wp-json\/wp\/v2\/categories?post=40987"},{"taxonomy":"post_tag","embeddable":true,"href":"https:\/\/nockultury.pl\/pl\/wp-json\/wp\/v2\/tags?post=40987"}],"curies":[{"name":"wp","href":"https:\/\/api.w.org\/{rel}","templated":true}]}}