{"id":41231,"date":"2021-07-09T14:43:19","date_gmt":"2021-07-09T12:43:19","guid":{"rendered":"https:\/\/nockultury.pl\/?p=41231"},"modified":"2021-07-09T15:10:20","modified_gmt":"2021-07-09T13:10:20","slug":"wieczorny-spacer-szlakiem-nocy-kultury-z-joanna-wawiorka-kamieniecka","status":"publish","type":"post","link":"https:\/\/nockultury.pl\/pl\/wieczorny-spacer-szlakiem-nocy-kultury-z-joanna-wawiorka-kamieniecka\/","title":{"rendered":"Wieczorny spacer szlakiem Nocy Kultury z Joann\u0105 Wawi\u00f3rk\u0105-Kamienieck\u0105"},"content":{"rendered":"<p><strong>Zapraszamy na magiczny spacer szlakiem Nocy Kultury, kt\u00f3ry odb\u0119dzie si\u0119 16 lipca o godz. 20.30. O instalacjach i idei najd\u0142u\u017cszej nocy na \u015bwiecie opowie Joanna Wawi\u00f3rka-Kamieniecka, dyrektorka Nocy Kultury.<\/strong><\/p>\n<p><strong>ZAPISY NA SPACER:<\/strong> <a href=\"https:\/\/forms.gle\/ozoGqPRpoaGpaQ5c7\">https:\/\/forms.gle\/ozoGqPRpoaGpaQ5c7<\/a><\/p>\n","protected":false},"excerpt":{"rendered":"<p>Zapraszamy na magiczny spacer szlakiem Nocy Kultury, kt\u00f3ry odb\u0119dzie si\u0119  [&#8230;]<\/p>\n","protected":false},"author":1,"featured_media":41232,"comment_status":"closed","ping_status":"open","sticky":false,"template":"","format":"standard","meta":{"_acf_changed":false,"ngg_post_thumbnail":0,"footnotes":""},"categories":[1],"tags":[],"class_list":["post-41231","post","type-post","status-publish","format-standard","has-post-thumbnail","hentry","category-bez-kategorii"],"acf":[],"yoast_head":"<!-- This site is optimized with the Yoast SEO plugin v26.1.1 - https:\/\/yoast.com\/wordpress\/plugins\/seo\/ -->\n<title>Wieczorny spacer szlakiem Nocy Kultury z Joann\u0105 Wawi\u00f3rk\u0105-Kamienieck\u0105 - Noc Kultury<\/title>\n<meta name=\"robots\" content=\"index, follow, max-snippet:-1, max-image-preview:large, max-video-preview:-1\" \/>\n<link rel=\"canonical\" href=\"https:\/\/nockultury.pl\/pl\/wieczorny-spacer-szlakiem-nocy-kultury-z-joanna-wawiorka-kamieniecka\/\" \/>\n<meta property=\"og:locale\" content=\"pl_PL\" \/>\n<meta property=\"og:type\" content=\"article\" \/>\n<meta property=\"og:title\" content=\"Wieczorny spacer szlakiem Nocy Kultury z Joann\u0105 Wawi\u00f3rk\u0105-Kamienieck\u0105 - Noc Kultury\" \/>\n<meta property=\"og:description\" content=\"Zapraszamy na magiczny spacer szlakiem Nocy Kultury, kt\u00f3ry odb\u0119dzie si\u0119 [...]\" \/>\n<meta property=\"og:url\" content=\"https:\/\/nockultury.pl\/pl\/wieczorny-spacer-szlakiem-nocy-kultury-z-joanna-wawiorka-kamieniecka\/\" \/>\n<meta property=\"og:site_name\" content=\"Noc Kultury\" \/>\n<meta property=\"article:publisher\" content=\"https:\/\/www.facebook.com\/NocKultury\/\" \/>\n<meta property=\"article:published_time\" content=\"2021-07-09T12:43:19+00:00\" \/>\n<meta property=\"article:modified_time\" content=\"2021-07-09T13:10:20+00:00\" \/>\n<meta property=\"og:image\" content=\"https:\/\/nockultury.pl\/wp-content\/uploads\/2021\/07\/213465976_4153585384724259_8433566158814245756_n-1.jpg\" \/>\n\t<meta property=\"og:image:width\" content=\"2000\" \/>\n\t<meta property=\"og:image:height\" content=\"1335\" \/>\n\t<meta property=\"og:image:type\" content=\"image\/jpeg\" \/>\n<meta name=\"author\" content=\"admin_nk\" \/>\n<meta name=\"twitter:card\" content=\"summary_large_image\" \/>\n<meta name=\"twitter:label1\" content=\"Napisane przez\" \/>\n\t<meta name=\"twitter:data1\" content=\"admin_nk\" \/>\n<script type=\"application\/ld+json\" class=\"yoast-schema-graph\">{\"@context\":\"https:\/\/schema.org\",\"@graph\":[{\"@type\":\"Article\",\"@id\":\"https:\/\/nockultury.pl\/pl\/wieczorny-spacer-szlakiem-nocy-kultury-z-joanna-wawiorka-kamieniecka\/#article\",\"isPartOf\":{\"@id\":\"https:\/\/nockultury.pl\/pl\/wieczorny-spacer-szlakiem-nocy-kultury-z-joanna-wawiorka-kamieniecka\/\"},\"author\":{\"name\":\"admin_nk\",\"@id\":\"https:\/\/nockultury.pl\/pl\/#\/schema\/person\/4720e32c52aa6b49e5c3022a927bfe26\"},\"headline\":\"Wieczorny spacer szlakiem Nocy Kultury z Joann\u0105 Wawi\u00f3rk\u0105-Kamienieck\u0105\",\"datePublished\":\"2021-07-09T12:43:19+00:00\",\"dateModified\":\"2021-07-09T13:10:20+00:00\",\"mainEntityOfPage\":{\"@id\":\"https:\/\/nockultury.pl\/pl\/wieczorny-spacer-szlakiem-nocy-kultury-z-joanna-wawiorka-kamieniecka\/\"},\"wordCount\":50,\"publisher\":{\"@id\":\"https:\/\/nockultury.pl\/pl\/#organization\"},\"image\":{\"@id\":\"https:\/\/nockultury.pl\/pl\/wieczorny-spacer-szlakiem-nocy-kultury-z-joanna-wawiorka-kamieniecka\/#primaryimage\"},\"thumbnailUrl\":\"https:\/\/nockultury.pl\/wp-content\/uploads\/2021\/07\/213465976_4153585384724259_8433566158814245756_n-1.jpg\",\"inLanguage\":\"pl-PL\"},{\"@type\":\"WebPage\",\"@id\":\"https:\/\/nockultury.pl\/pl\/wieczorny-spacer-szlakiem-nocy-kultury-z-joanna-wawiorka-kamieniecka\/\",\"url\":\"https:\/\/nockultury.pl\/pl\/wieczorny-spacer-szlakiem-nocy-kultury-z-joanna-wawiorka-kamieniecka\/\",\"name\":\"Wieczorny spacer szlakiem Nocy Kultury z Joann\u0105 Wawi\u00f3rk\u0105-Kamienieck\u0105 - Noc Kultury\",\"isPartOf\":{\"@id\":\"https:\/\/nockultury.pl\/pl\/#website\"},\"primaryImageOfPage\":{\"@id\":\"https:\/\/nockultury.pl\/pl\/wieczorny-spacer-szlakiem-nocy-kultury-z-joanna-wawiorka-kamieniecka\/#primaryimage\"},\"image\":{\"@id\":\"https:\/\/nockultury.pl\/pl\/wieczorny-spacer-szlakiem-nocy-kultury-z-joanna-wawiorka-kamieniecka\/#primaryimage\"},\"thumbnailUrl\":\"https:\/\/nockultury.pl\/wp-content\/uploads\/2021\/07\/213465976_4153585384724259_8433566158814245756_n-1.jpg\",\"datePublished\":\"2021-07-09T12:43:19+00:00\",\"dateModified\":\"2021-07-09T13:10:20+00:00\",\"breadcrumb\":{\"@id\":\"https:\/\/nockultury.pl\/pl\/wieczorny-spacer-szlakiem-nocy-kultury-z-joanna-wawiorka-kamieniecka\/#breadcrumb\"},\"inLanguage\":\"pl-PL\",\"potentialAction\":[{\"@type\":\"ReadAction\",\"target\":[\"https:\/\/nockultury.pl\/pl\/wieczorny-spacer-szlakiem-nocy-kultury-z-joanna-wawiorka-kamieniecka\/\"]}]},{\"@type\":\"ImageObject\",\"inLanguage\":\"pl-PL\",\"@id\":\"https:\/\/nockultury.pl\/pl\/wieczorny-spacer-szlakiem-nocy-kultury-z-joanna-wawiorka-kamieniecka\/#primaryimage\",\"url\":\"https:\/\/nockultury.pl\/wp-content\/uploads\/2021\/07\/213465976_4153585384724259_8433566158814245756_n-1.jpg\",\"contentUrl\":\"https:\/\/nockultury.pl\/wp-content\/uploads\/2021\/07\/213465976_4153585384724259_8433566158814245756_n-1.jpg\",\"width\":2000,\"height\":1335,\"caption\":\"Zdj\u0119cie przedstawia r\u00f3\u017cne czarne przedmioty obklejone kawa\u0142kami lustra.\"},{\"@type\":\"BreadcrumbList\",\"@id\":\"https:\/\/nockultury.pl\/pl\/wieczorny-spacer-szlakiem-nocy-kultury-z-joanna-wawiorka-kamieniecka\/#breadcrumb\",\"itemListElement\":[{\"@type\":\"ListItem\",\"position\":1,\"name\":\"Strona g\u0142\u00f3wna\",\"item\":\"https:\/\/nockultury.pl\/pl\/\"},{\"@type\":\"ListItem\",\"position\":2,\"name\":\"Wieczorny spacer szlakiem Nocy Kultury z Joann\u0105 Wawi\u00f3rk\u0105-Kamienieck\u0105\"}]},{\"@type\":\"WebSite\",\"@id\":\"https:\/\/nockultury.pl\/pl\/#website\",\"url\":\"https:\/\/nockultury.pl\/pl\/\",\"name\":\"Noc Kultury\",\"description\":\"Lublin, Stare Miasto | wst\u0119p wolny\",\"publisher\":{\"@id\":\"https:\/\/nockultury.pl\/pl\/#organization\"},\"potentialAction\":[{\"@type\":\"SearchAction\",\"target\":{\"@type\":\"EntryPoint\",\"urlTemplate\":\"https:\/\/nockultury.pl\/pl\/?s={search_term_string}\"},\"query-input\":{\"@type\":\"PropertyValueSpecification\",\"valueRequired\":true,\"valueName\":\"search_term_string\"}}],\"inLanguage\":\"pl-PL\"},{\"@type\":\"Organization\",\"@id\":\"https:\/\/nockultury.pl\/pl\/#organization\",\"name\":\"Warsztaty Kultury w Lublinie\",\"url\":\"https:\/\/nockultury.pl\/pl\/\",\"logo\":{\"@type\":\"ImageObject\",\"inLanguage\":\"pl-PL\",\"@id\":\"https:\/\/nockultury.pl\/pl\/#\/schema\/logo\/image\/\",\"url\":\"https:\/\/nockultury.pl\/wp-content\/uploads\/2020\/03\/NOC-KULTURY-LOGO-170.jpg\",\"contentUrl\":\"https:\/\/nockultury.pl\/wp-content\/uploads\/2020\/03\/NOC-KULTURY-LOGO-170.jpg\",\"width\":170,\"height\":79,\"caption\":\"Warsztaty Kultury w Lublinie\"},\"image\":{\"@id\":\"https:\/\/nockultury.pl\/pl\/#\/schema\/logo\/image\/\"},\"sameAs\":[\"https:\/\/www.facebook.com\/NocKultury\/\",\"https:\/\/www.instagram.com\/nockultury\/\",\"https:\/\/www.youtube.com\/@videonockultury\"]},{\"@type\":\"Person\",\"@id\":\"https:\/\/nockultury.pl\/pl\/#\/schema\/person\/4720e32c52aa6b49e5c3022a927bfe26\",\"name\":\"admin_nk\",\"image\":{\"@type\":\"ImageObject\",\"inLanguage\":\"pl-PL\",\"@id\":\"https:\/\/nockultury.pl\/pl\/#\/schema\/person\/image\/\",\"url\":\"https:\/\/secure.gravatar.com\/avatar\/407110da9576f3167e12d8fc2b032f23162c02e21af96323c071520f7890f40a?s=96&d=mm&r=g\",\"contentUrl\":\"https:\/\/secure.gravatar.com\/avatar\/407110da9576f3167e12d8fc2b032f23162c02e21af96323c071520f7890f40a?s=96&d=mm&r=g\",\"caption\":\"admin_nk\"}}]}<\/script>\n<!-- \/ Yoast SEO plugin. -->","yoast_head_json":{"title":"Wieczorny spacer szlakiem Nocy Kultury z Joann\u0105 Wawi\u00f3rk\u0105-Kamienieck\u0105 - Noc Kultury","robots":{"index":"index","follow":"follow","max-snippet":"max-snippet:-1","max-image-preview":"max-image-preview:large","max-video-preview":"max-video-preview:-1"},"canonical":"https:\/\/nockultury.pl\/pl\/wieczorny-spacer-szlakiem-nocy-kultury-z-joanna-wawiorka-kamieniecka\/","og_locale":"pl_PL","og_type":"article","og_title":"Wieczorny spacer szlakiem Nocy Kultury z Joann\u0105 Wawi\u00f3rk\u0105-Kamienieck\u0105 - Noc Kultury","og_description":"Zapraszamy na magiczny spacer szlakiem Nocy Kultury, kt\u00f3ry odb\u0119dzie si\u0119 [...]","og_url":"https:\/\/nockultury.pl\/pl\/wieczorny-spacer-szlakiem-nocy-kultury-z-joanna-wawiorka-kamieniecka\/","og_site_name":"Noc Kultury","article_publisher":"https:\/\/www.facebook.com\/NocKultury\/","article_published_time":"2021-07-09T12:43:19+00:00","article_modified_time":"2021-07-09T13:10:20+00:00","og_image":[{"width":2000,"height":1335,"url":"https:\/\/nockultury.pl\/wp-content\/uploads\/2021\/07\/213465976_4153585384724259_8433566158814245756_n-1.jpg","type":"image\/jpeg"}],"author":"admin_nk","twitter_card":"summary_large_image","twitter_misc":{"Napisane przez":"admin_nk"},"schema":{"@context":"https:\/\/schema.org","@graph":[{"@type":"Article","@id":"https:\/\/nockultury.pl\/pl\/wieczorny-spacer-szlakiem-nocy-kultury-z-joanna-wawiorka-kamieniecka\/#article","isPartOf":{"@id":"https:\/\/nockultury.pl\/pl\/wieczorny-spacer-szlakiem-nocy-kultury-z-joanna-wawiorka-kamieniecka\/"},"author":{"name":"admin_nk","@id":"https:\/\/nockultury.pl\/pl\/#\/schema\/person\/4720e32c52aa6b49e5c3022a927bfe26"},"headline":"Wieczorny spacer szlakiem Nocy Kultury z Joann\u0105 Wawi\u00f3rk\u0105-Kamienieck\u0105","datePublished":"2021-07-09T12:43:19+00:00","dateModified":"2021-07-09T13:10:20+00:00","mainEntityOfPage":{"@id":"https:\/\/nockultury.pl\/pl\/wieczorny-spacer-szlakiem-nocy-kultury-z-joanna-wawiorka-kamieniecka\/"},"wordCount":50,"publisher":{"@id":"https:\/\/nockultury.pl\/pl\/#organization"},"image":{"@id":"https:\/\/nockultury.pl\/pl\/wieczorny-spacer-szlakiem-nocy-kultury-z-joanna-wawiorka-kamieniecka\/#primaryimage"},"thumbnailUrl":"https:\/\/nockultury.pl\/wp-content\/uploads\/2021\/07\/213465976_4153585384724259_8433566158814245756_n-1.jpg","inLanguage":"pl-PL"},{"@type":"WebPage","@id":"https:\/\/nockultury.pl\/pl\/wieczorny-spacer-szlakiem-nocy-kultury-z-joanna-wawiorka-kamieniecka\/","url":"https:\/\/nockultury.pl\/pl\/wieczorny-spacer-szlakiem-nocy-kultury-z-joanna-wawiorka-kamieniecka\/","name":"Wieczorny spacer szlakiem Nocy Kultury z Joann\u0105 Wawi\u00f3rk\u0105-Kamienieck\u0105 - Noc Kultury","isPartOf":{"@id":"https:\/\/nockultury.pl\/pl\/#website"},"primaryImageOfPage":{"@id":"https:\/\/nockultury.pl\/pl\/wieczorny-spacer-szlakiem-nocy-kultury-z-joanna-wawiorka-kamieniecka\/#primaryimage"},"image":{"@id":"https:\/\/nockultury.pl\/pl\/wieczorny-spacer-szlakiem-nocy-kultury-z-joanna-wawiorka-kamieniecka\/#primaryimage"},"thumbnailUrl":"https:\/\/nockultury.pl\/wp-content\/uploads\/2021\/07\/213465976_4153585384724259_8433566158814245756_n-1.jpg","datePublished":"2021-07-09T12:43:19+00:00","dateModified":"2021-07-09T13:10:20+00:00","breadcrumb":{"@id":"https:\/\/nockultury.pl\/pl\/wieczorny-spacer-szlakiem-nocy-kultury-z-joanna-wawiorka-kamieniecka\/#breadcrumb"},"inLanguage":"pl-PL","potentialAction":[{"@type":"ReadAction","target":["https:\/\/nockultury.pl\/pl\/wieczorny-spacer-szlakiem-nocy-kultury-z-joanna-wawiorka-kamieniecka\/"]}]},{"@type":"ImageObject","inLanguage":"pl-PL","@id":"https:\/\/nockultury.pl\/pl\/wieczorny-spacer-szlakiem-nocy-kultury-z-joanna-wawiorka-kamieniecka\/#primaryimage","url":"https:\/\/nockultury.pl\/wp-content\/uploads\/2021\/07\/213465976_4153585384724259_8433566158814245756_n-1.jpg","contentUrl":"https:\/\/nockultury.pl\/wp-content\/uploads\/2021\/07\/213465976_4153585384724259_8433566158814245756_n-1.jpg","width":2000,"height":1335,"caption":"Zdj\u0119cie przedstawia r\u00f3\u017cne czarne przedmioty obklejone kawa\u0142kami lustra."},{"@type":"BreadcrumbList","@id":"https:\/\/nockultury.pl\/pl\/wieczorny-spacer-szlakiem-nocy-kultury-z-joanna-wawiorka-kamieniecka\/#breadcrumb","itemListElement":[{"@type":"ListItem","position":1,"name":"Strona g\u0142\u00f3wna","item":"https:\/\/nockultury.pl\/pl\/"},{"@type":"ListItem","position":2,"name":"Wieczorny spacer szlakiem Nocy Kultury z Joann\u0105 Wawi\u00f3rk\u0105-Kamienieck\u0105"}]},{"@type":"WebSite","@id":"https:\/\/nockultury.pl\/pl\/#website","url":"https:\/\/nockultury.pl\/pl\/","name":"Noc Kultury","description":"Lublin, Stare Miasto | wst\u0119p wolny","publisher":{"@id":"https:\/\/nockultury.pl\/pl\/#organization"},"potentialAction":[{"@type":"SearchAction","target":{"@type":"EntryPoint","urlTemplate":"https:\/\/nockultury.pl\/pl\/?s={search_term_string}"},"query-input":{"@type":"PropertyValueSpecification","valueRequired":true,"valueName":"search_term_string"}}],"inLanguage":"pl-PL"},{"@type":"Organization","@id":"https:\/\/nockultury.pl\/pl\/#organization","name":"Warsztaty Kultury w Lublinie","url":"https:\/\/nockultury.pl\/pl\/","logo":{"@type":"ImageObject","inLanguage":"pl-PL","@id":"https:\/\/nockultury.pl\/pl\/#\/schema\/logo\/image\/","url":"https:\/\/nockultury.pl\/wp-content\/uploads\/2020\/03\/NOC-KULTURY-LOGO-170.jpg","contentUrl":"https:\/\/nockultury.pl\/wp-content\/uploads\/2020\/03\/NOC-KULTURY-LOGO-170.jpg","width":170,"height":79,"caption":"Warsztaty Kultury w Lublinie"},"image":{"@id":"https:\/\/nockultury.pl\/pl\/#\/schema\/logo\/image\/"},"sameAs":["https:\/\/www.facebook.com\/NocKultury\/","https:\/\/www.instagram.com\/nockultury\/","https:\/\/www.youtube.com\/@videonockultury"]},{"@type":"Person","@id":"https:\/\/nockultury.pl\/pl\/#\/schema\/person\/4720e32c52aa6b49e5c3022a927bfe26","name":"admin_nk","image":{"@type":"ImageObject","inLanguage":"pl-PL","@id":"https:\/\/nockultury.pl\/pl\/#\/schema\/person\/image\/","url":"https:\/\/secure.gravatar.com\/avatar\/407110da9576f3167e12d8fc2b032f23162c02e21af96323c071520f7890f40a?s=96&d=mm&r=g","contentUrl":"https:\/\/secure.gravatar.com\/avatar\/407110da9576f3167e12d8fc2b032f23162c02e21af96323c071520f7890f40a?s=96&d=mm&r=g","caption":"admin_nk"}}]}},"_links":{"self":[{"href":"https:\/\/nockultury.pl\/pl\/wp-json\/wp\/v2\/posts\/41231","targetHints":{"allow":["GET"]}}],"collection":[{"href":"https:\/\/nockultury.pl\/pl\/wp-json\/wp\/v2\/posts"}],"about":[{"href":"https:\/\/nockultury.pl\/pl\/wp-json\/wp\/v2\/types\/post"}],"author":[{"embeddable":true,"href":"https:\/\/nockultury.pl\/pl\/wp-json\/wp\/v2\/users\/1"}],"replies":[{"embeddable":true,"href":"https:\/\/nockultury.pl\/pl\/wp-json\/wp\/v2\/comments?post=41231"}],"version-history":[{"count":0,"href":"https:\/\/nockultury.pl\/pl\/wp-json\/wp\/v2\/posts\/41231\/revisions"}],"wp:featuredmedia":[{"embeddable":true,"href":"https:\/\/nockultury.pl\/pl\/wp-json\/wp\/v2\/media\/41232"}],"wp:attachment":[{"href":"https:\/\/nockultury.pl\/pl\/wp-json\/wp\/v2\/media?parent=41231"}],"wp:term":[{"taxonomy":"category","embeddable":true,"href":"https:\/\/nockultury.pl\/pl\/wp-json\/wp\/v2\/categories?post=41231"},{"taxonomy":"post_tag","embeddable":true,"href":"https:\/\/nockultury.pl\/pl\/wp-json\/wp\/v2\/tags?post=41231"}],"curies":[{"name":"wp","href":"https:\/\/api.w.org\/{rel}","templated":true}]}}