{"id":41411,"date":"2022-04-14T16:26:36","date_gmt":"2022-04-14T14:26:36","guid":{"rendered":"https:\/\/nockultury.pl\/?p=41411"},"modified":"2022-04-20T12:38:10","modified_gmt":"2022-04-20T10:38:10","slug":"rusza-otwarty-nabor-do-nocy-kultury-2022","status":"publish","type":"post","link":"https:\/\/nockultury.pl\/pl\/rusza-otwarty-nabor-do-nocy-kultury-2022\/","title":{"rendered":"Rusza otwarty nab\u00f3r projekt\u00f3w do Nocy Kultury 2022!"},"content":{"rendered":"<div class=\"fusion-fullwidth fullwidth-box fusion-builder-row-1 fusion-flex-container nonhundred-percent-fullwidth non-hundred-percent-height-scrolling\" style=\"--awb-border-radius-top-left:0px;--awb-border-radius-top-right:0px;--awb-border-radius-bottom-right:0px;--awb-border-radius-bottom-left:0px;--awb-flex-wrap:wrap;\" ><div class=\"fusion-builder-row fusion-row fusion-flex-align-items-flex-start fusion-flex-content-wrap\" style=\"max-width:1996.8px;margin-left: calc(-4% \/ 2 );margin-right: calc(-4% \/ 2 );\"><div class=\"fusion-layout-column fusion_builder_column fusion-builder-column-0 fusion_builder_column_1_1 1_1 fusion-flex-column\" style=\"--awb-bg-color:rgba(0,0,0,0);--awb-bg-color-hover:rgba(0,0,0,0);--awb-bg-size:cover;--awb-width-large:100%;--awb-margin-top-large:0px;--awb-spacing-right-large:1.92%;--awb-margin-bottom-large:0px;--awb-spacing-left-large:1.92%;--awb-width-medium:100%;--awb-spacing-right-medium:1.92%;--awb-spacing-left-medium:1.92%;--awb-width-small:100%;--awb-spacing-right-small:1.92%;--awb-spacing-left-small:1.92%;\"><div class=\"fusion-column-wrapper fusion-flex-justify-content-flex-start fusion-content-layout-column\"><div class=\"fusion-text fusion-text-1\" style=\"--awb-text-transform:none;\"><p><strong>W nocy z 4 na 5 czerwca 2022 r. odb\u0119dzie si\u0119 16. lubelska Noc Kultury. W\u0142a\u015bnie rusza otwarty nab\u00f3r projekt\u00f3w. Warsztaty Kultury w Lublinie zapraszaj\u0105 wszystkich zainteresowanych \u2013 niezrzeszonych mieszka\u0144c\u00f3w Lublina (ka\u017cdego z osobna, r\u00f3wnie\u017c tych niepe\u0142noletnich), przedsi\u0119biorstwa, organizacje pozarz\u0105dowe oraz instytucje do przygotowania czego\u015b specjalnego i premierowego w\u0142a\u015bnie na to niezwyk\u0142e \u015bwi\u0119to Lublina. B\u0119dziemy wsp\u00f3lnie tworzy\u0107 Sztuk\u0119 Stosowan\u0105.<\/strong><\/p>\n<p>\u2013 <em>Ju\u017c od dawna t\u0119sknimy za miastem pe\u0142nym ludzi, gwaru, rozm\u00f3w i \u015bmiechu. Wci\u0105\u017c wspominamy ulice ciasno wype\u0142nione t\u0142umami spacerowicz\u00f3w. Mimo niespokojnych i wyj\u0105tkowo trudnych czas\u00f3w pragniemy razem z Wami, chocia\u017c na kilka chwil, zi\u015bci\u0107 beztroski sen o pi\u0119knych ludziach w pi\u0119knym mie\u015bcie. Ju\u017c po raz 16. sztuka wniknie w tkank\u0119 miejsk\u0105, by odmieni\u0107 zar\u00f3wno przestrze\u0144, jak i ludzi<\/em> \u2013 opowiada o tegorocznej edycji Nocy Kultury Joanna Wawi\u00f3rka-Kamieniecka, dyrektor wydarzenia.<\/p>\n<p>Otwarty nab\u00f3r rusza ju\u017c dzi\u015b. Warsztaty Kultury w Lublinie czekaj\u0105 na zg\u0142oszenia do 6 maja 2022 r. w\u0142\u0105cznie. Pomys\u0142y mo\u017cna przesy\u0142a\u0107 za po\u015brednictwem formularza online dost\u0119pnego na stronie <a href=\"http:\/\/www.nockultury.pl\">www.nockultury.pl<\/a>. Tym razem zapraszamy do zg\u0142aszania projekt\u00f3w w dw\u00f3ch kategoriach: Noc w siedzibie Organizatora oraz aran\u017cacja jednego z wybranych miejsc w przestrzeni miasta.<\/p>\n<p style=\"padding-left: 40px;\"><strong>&gt;&gt;<a href=\"https:\/\/docs.google.com\/forms\/d\/e\/1FAIpQLScGpCld4ZTfDKwD0S8FflPF_ehuy0-K5Xl9nPoh4ACkboFCTA\/viewform?usp=sf_link\" target=\"_blank\" rel=\"noopener\">Formularz: Noc Kultury w siedzibie Organizatora &lt;&lt;<\/a><\/strong><\/p>\n<p style=\"padding-left: 40px;\"><a href=\"https:\/\/docs.google.com\/forms\/d\/e\/1FAIpQLSfILiwCQfXbWIDrDTjw5JrvlGM-092jOuPggW1NmNcLhH1BRA\/viewform?usp=sf_link\" target=\"_blank\" rel=\"noopener\"><strong>&gt;&gt;Formularz: Noc Kultury: wykonaj aran\u017cacj\u0119 jednego z miejsc<\/strong> &lt;&lt;<\/a><\/p>\n<p><strong>\u00a0 \u00a0 \u00a0 \u00a0 \u00a0 <a href=\"https:\/\/nockultury.pl\/wp-content\/uploads\/2022\/04\/regulamin-NK-2022.docx\" target=\"_blank\" rel=\"noopener\">&gt;&gt;Regulamin&lt;&lt;<\/a><\/strong><\/p>\n<p>Warto zapozna\u0107 si\u0119 te\u017c z kryteriami, wed\u0142ug kt\u00f3rych zostan\u0105 ocenione wszystkie zg\u0142oszenia. Istotne b\u0119dzie szeroko rozumiane odnoszenie si\u0119 do <strong>historii<\/strong> Lublina, Znaku Dziedzictwa Europejskiego i Pomnika Historii. Liczymy na <strong>kreatywno\u015b\u0107<\/strong> \u2013 zach\u0119camy bowiem do dzia\u0142a\u0144 w niecodziennych obszarach, wyobra\u017cania sobie siebie i miasta na nowo, planowania niestandardowych dzia\u0142a\u0144, szczeg\u00f3lnie bior\u0105c pod uwag\u0119 nieoczywiste rozwi\u0105zania, wsp\u00f3\u0142prace i konteksty; <strong>premierowo\u015b\u0107<\/strong> \u2013 wydarzenia dedykowane Nocy Kultury, uwzgl\u0119dniaj\u0105ce jej charakter, stworzone z my\u015bl\u0105 o prezentacji podczas festiwalu, a szczeg\u00f3lnie te nastawione i d\u0105\u017c\u0105ce do interakcji oraz w\u0142\u0105czania w dzia\u0142ania uczestnik\u00f3w Nocy Kultury.<\/p>\n<p><em>\u2013 Po co to wszystko? By komentowa\u0107 rzeczywisto\u015b\u0107, przypomina\u0107 o tym, czego ju\u017c nie ma, sk\u0142ania\u0107 do refleksji, dawa\u0107 przyjemno\u015b\u0107, zaskakiwa\u0107. By m\u00f3c zobaczy\u0107 Lublin w nowej ods\u0142onie, poszukiwa\u0107 nowych rzeczy w znanych miejscach. Sztuk\u0119 cenimy nie tylko ze wzgl\u0119du na jej znaczenie i u\u017cyteczno\u015b\u0107, ale r\u00f3wnie\u017c walory estetyczne \u2013 <\/em>wyja\u015bnia Joanna Wawi\u00f3rka-Kamieniecka.<\/p>\n<p>Zg\u0142oszone projekty zostan\u0105 zweryfikowane pod k\u0105tem mo\u017cliwo\u015bci ich realizacji i bezpiecze\u0144stwa uczestnik\u00f3w festiwalu. Ka\u017cdy z zainteresowanych b\u0119dzie poinformowany drog\u0105 mailow\u0105 lub telefoniczn\u0105 o decyzji organizatora po 9 maja 2022 r.<\/p>\n<p><strong>Organizatorzy wydarzenia:<br \/>\n<\/strong>Warsztaty Kultury w Lublinie, Instytucja Kultury Miasta Lublin oraz Miasto Lublin. Patronat honorowy nad wydarzeniem obj\u0105\u0142 Krzysztof\u00a0 \u017buk &#8211;\u00a0 Prezydent Miasta Lublin.<\/p>\n<p><strong>Noc Kultury<br \/>\n<\/strong>4\/5 czerwca 2022\u00a0\u00a0\u00a0\u00a0\u00a0\u00a0\u00a0\u00a0\u00a0\u00a0\u00a0\u00a0 <strong><br \/>\n<\/strong>Lublin \u2013 Stare Miasto i \u015ar\u00f3dmie\u015bcie<\/p>\n<p><strong>nockultury.pl<\/strong><\/p>\n<\/div><\/div><\/div><\/div><\/div>\n","protected":false},"excerpt":{"rendered":"","protected":false},"author":8,"featured_media":41396,"comment_status":"closed","ping_status":"open","sticky":false,"template":"","format":"standard","meta":{"_acf_changed":false,"ngg_post_thumbnail":0,"footnotes":""},"categories":[1],"tags":[],"class_list":["post-41411","post","type-post","status-publish","format-standard","has-post-thumbnail","hentry","category-bez-kategorii"],"acf":[],"yoast_head":"<!-- This site is optimized with the Yoast SEO plugin v26.1.1 - https:\/\/yoast.com\/wordpress\/plugins\/seo\/ -->\n<title>Rusza otwarty nab\u00f3r projekt\u00f3w do Nocy Kultury 2022! - Noc Kultury<\/title>\n<meta name=\"robots\" content=\"index, follow, max-snippet:-1, max-image-preview:large, max-video-preview:-1\" \/>\n<link rel=\"canonical\" href=\"https:\/\/nockultury.pl\/pl\/rusza-otwarty-nabor-do-nocy-kultury-2022\/\" \/>\n<meta property=\"og:locale\" content=\"pl_PL\" \/>\n<meta property=\"og:type\" content=\"article\" \/>\n<meta property=\"og:title\" content=\"Rusza otwarty nab\u00f3r projekt\u00f3w do Nocy Kultury 2022! - Noc Kultury\" \/>\n<meta property=\"og:url\" content=\"https:\/\/nockultury.pl\/pl\/rusza-otwarty-nabor-do-nocy-kultury-2022\/\" \/>\n<meta property=\"og:site_name\" content=\"Noc Kultury\" \/>\n<meta property=\"article:publisher\" content=\"https:\/\/www.facebook.com\/NocKultury\/\" \/>\n<meta property=\"article:published_time\" content=\"2022-04-14T14:26:36+00:00\" \/>\n<meta property=\"article:modified_time\" content=\"2022-04-20T10:38:10+00:00\" \/>\n<meta property=\"og:image\" content=\"https:\/\/nockultury.pl\/wp-content\/uploads\/2022\/04\/fot.Katarzyna_Anna_Kubiak_25-1-e1649941495285.jpg\" \/>\n\t<meta property=\"og:image:width\" content=\"1053\" \/>\n\t<meta property=\"og:image:height\" content=\"801\" \/>\n\t<meta property=\"og:image:type\" content=\"image\/jpeg\" \/>\n<meta name=\"author\" content=\"Ma\u0142gorzata Stanek\" \/>\n<meta name=\"twitter:card\" content=\"summary_large_image\" \/>\n<meta name=\"twitter:label1\" content=\"Napisane przez\" \/>\n\t<meta name=\"twitter:data1\" content=\"Ma\u0142gorzata Stanek\" \/>\n\t<meta name=\"twitter:label2\" content=\"Szacowany czas czytania\" \/>\n\t<meta name=\"twitter:data2\" content=\"3 minuty\" \/>\n<script type=\"application\/ld+json\" class=\"yoast-schema-graph\">{\"@context\":\"https:\/\/schema.org\",\"@graph\":[{\"@type\":\"Article\",\"@id\":\"https:\/\/nockultury.pl\/pl\/rusza-otwarty-nabor-do-nocy-kultury-2022\/#article\",\"isPartOf\":{\"@id\":\"https:\/\/nockultury.pl\/pl\/rusza-otwarty-nabor-do-nocy-kultury-2022\/\"},\"author\":{\"name\":\"Ma\u0142gorzata Stanek\",\"@id\":\"https:\/\/nockultury.pl\/pl\/#\/schema\/person\/b455ea53392e5908331cf9642243f21c\"},\"headline\":\"Rusza otwarty nab\u00f3r projekt\u00f3w do Nocy Kultury 2022!\",\"datePublished\":\"2022-04-14T14:26:36+00:00\",\"dateModified\":\"2022-04-20T10:38:10+00:00\",\"mainEntityOfPage\":{\"@id\":\"https:\/\/nockultury.pl\/pl\/rusza-otwarty-nabor-do-nocy-kultury-2022\/\"},\"wordCount\":641,\"publisher\":{\"@id\":\"https:\/\/nockultury.pl\/pl\/#organization\"},\"image\":{\"@id\":\"https:\/\/nockultury.pl\/pl\/rusza-otwarty-nabor-do-nocy-kultury-2022\/#primaryimage\"},\"thumbnailUrl\":\"https:\/\/nockultury.pl\/wp-content\/uploads\/2022\/04\/fot.Katarzyna_Anna_Kubiak_25-1-e1649941495285.jpg\",\"inLanguage\":\"pl-PL\"},{\"@type\":\"WebPage\",\"@id\":\"https:\/\/nockultury.pl\/pl\/rusza-otwarty-nabor-do-nocy-kultury-2022\/\",\"url\":\"https:\/\/nockultury.pl\/pl\/rusza-otwarty-nabor-do-nocy-kultury-2022\/\",\"name\":\"Rusza otwarty nab\u00f3r projekt\u00f3w do Nocy Kultury 2022! - Noc Kultury\",\"isPartOf\":{\"@id\":\"https:\/\/nockultury.pl\/pl\/#website\"},\"primaryImageOfPage\":{\"@id\":\"https:\/\/nockultury.pl\/pl\/rusza-otwarty-nabor-do-nocy-kultury-2022\/#primaryimage\"},\"image\":{\"@id\":\"https:\/\/nockultury.pl\/pl\/rusza-otwarty-nabor-do-nocy-kultury-2022\/#primaryimage\"},\"thumbnailUrl\":\"https:\/\/nockultury.pl\/wp-content\/uploads\/2022\/04\/fot.Katarzyna_Anna_Kubiak_25-1-e1649941495285.jpg\",\"datePublished\":\"2022-04-14T14:26:36+00:00\",\"dateModified\":\"2022-04-20T10:38:10+00:00\",\"breadcrumb\":{\"@id\":\"https:\/\/nockultury.pl\/pl\/rusza-otwarty-nabor-do-nocy-kultury-2022\/#breadcrumb\"},\"inLanguage\":\"pl-PL\",\"potentialAction\":[{\"@type\":\"ReadAction\",\"target\":[\"https:\/\/nockultury.pl\/pl\/rusza-otwarty-nabor-do-nocy-kultury-2022\/\"]}]},{\"@type\":\"ImageObject\",\"inLanguage\":\"pl-PL\",\"@id\":\"https:\/\/nockultury.pl\/pl\/rusza-otwarty-nabor-do-nocy-kultury-2022\/#primaryimage\",\"url\":\"https:\/\/nockultury.pl\/wp-content\/uploads\/2022\/04\/fot.Katarzyna_Anna_Kubiak_25-1-e1649941495285.jpg\",\"contentUrl\":\"https:\/\/nockultury.pl\/wp-content\/uploads\/2022\/04\/fot.Katarzyna_Anna_Kubiak_25-1-e1649941495285.jpg\",\"width\":1053,\"height\":801,\"caption\":\"Na drewnianych balkonach kamienicy Warsztat\u00f3w Kultury zawieszone s\u0105 kolorowe balony. Kto\u015b pr\u00f3buje zrobi\u0107 im zdj\u0119cie telefonem.\"},{\"@type\":\"BreadcrumbList\",\"@id\":\"https:\/\/nockultury.pl\/pl\/rusza-otwarty-nabor-do-nocy-kultury-2022\/#breadcrumb\",\"itemListElement\":[{\"@type\":\"ListItem\",\"position\":1,\"name\":\"Strona g\u0142\u00f3wna\",\"item\":\"https:\/\/nockultury.pl\/pl\/\"},{\"@type\":\"ListItem\",\"position\":2,\"name\":\"Rusza otwarty nab\u00f3r projekt\u00f3w do Nocy Kultury 2022!\"}]},{\"@type\":\"WebSite\",\"@id\":\"https:\/\/nockultury.pl\/pl\/#website\",\"url\":\"https:\/\/nockultury.pl\/pl\/\",\"name\":\"Noc Kultury\",\"description\":\"Lublin, Stare Miasto | wst\u0119p wolny\",\"publisher\":{\"@id\":\"https:\/\/nockultury.pl\/pl\/#organization\"},\"potentialAction\":[{\"@type\":\"SearchAction\",\"target\":{\"@type\":\"EntryPoint\",\"urlTemplate\":\"https:\/\/nockultury.pl\/pl\/?s={search_term_string}\"},\"query-input\":{\"@type\":\"PropertyValueSpecification\",\"valueRequired\":true,\"valueName\":\"search_term_string\"}}],\"inLanguage\":\"pl-PL\"},{\"@type\":\"Organization\",\"@id\":\"https:\/\/nockultury.pl\/pl\/#organization\",\"name\":\"Warsztaty Kultury w Lublinie\",\"url\":\"https:\/\/nockultury.pl\/pl\/\",\"logo\":{\"@type\":\"ImageObject\",\"inLanguage\":\"pl-PL\",\"@id\":\"https:\/\/nockultury.pl\/pl\/#\/schema\/logo\/image\/\",\"url\":\"https:\/\/nockultury.pl\/wp-content\/uploads\/2020\/03\/NOC-KULTURY-LOGO-170.jpg\",\"contentUrl\":\"https:\/\/nockultury.pl\/wp-content\/uploads\/2020\/03\/NOC-KULTURY-LOGO-170.jpg\",\"width\":170,\"height\":79,\"caption\":\"Warsztaty Kultury w Lublinie\"},\"image\":{\"@id\":\"https:\/\/nockultury.pl\/pl\/#\/schema\/logo\/image\/\"},\"sameAs\":[\"https:\/\/www.facebook.com\/NocKultury\/\",\"https:\/\/www.instagram.com\/nockultury\/\",\"https:\/\/www.youtube.com\/@videonockultury\"]},{\"@type\":\"Person\",\"@id\":\"https:\/\/nockultury.pl\/pl\/#\/schema\/person\/b455ea53392e5908331cf9642243f21c\",\"name\":\"Ma\u0142gorzata Stanek\",\"image\":{\"@type\":\"ImageObject\",\"inLanguage\":\"pl-PL\",\"@id\":\"https:\/\/nockultury.pl\/pl\/#\/schema\/person\/image\/\",\"url\":\"https:\/\/secure.gravatar.com\/avatar\/45935340e0720354e023c66e68c2c506b7ca3adf6417db0177bb9e832d57e28c?s=96&d=mm&r=g\",\"contentUrl\":\"https:\/\/secure.gravatar.com\/avatar\/45935340e0720354e023c66e68c2c506b7ca3adf6417db0177bb9e832d57e28c?s=96&d=mm&r=g\",\"caption\":\"Ma\u0142gorzata Stanek\"}}]}<\/script>\n<!-- \/ Yoast SEO plugin. -->","yoast_head_json":{"title":"Rusza otwarty nab\u00f3r projekt\u00f3w do Nocy Kultury 2022! - Noc Kultury","robots":{"index":"index","follow":"follow","max-snippet":"max-snippet:-1","max-image-preview":"max-image-preview:large","max-video-preview":"max-video-preview:-1"},"canonical":"https:\/\/nockultury.pl\/pl\/rusza-otwarty-nabor-do-nocy-kultury-2022\/","og_locale":"pl_PL","og_type":"article","og_title":"Rusza otwarty nab\u00f3r projekt\u00f3w do Nocy Kultury 2022! - Noc Kultury","og_url":"https:\/\/nockultury.pl\/pl\/rusza-otwarty-nabor-do-nocy-kultury-2022\/","og_site_name":"Noc Kultury","article_publisher":"https:\/\/www.facebook.com\/NocKultury\/","article_published_time":"2022-04-14T14:26:36+00:00","article_modified_time":"2022-04-20T10:38:10+00:00","og_image":[{"width":1053,"height":801,"url":"https:\/\/nockultury.pl\/wp-content\/uploads\/2022\/04\/fot.Katarzyna_Anna_Kubiak_25-1-e1649941495285.jpg","type":"image\/jpeg"}],"author":"Ma\u0142gorzata Stanek","twitter_card":"summary_large_image","twitter_misc":{"Napisane przez":"Ma\u0142gorzata Stanek","Szacowany czas czytania":"3 minuty"},"schema":{"@context":"https:\/\/schema.org","@graph":[{"@type":"Article","@id":"https:\/\/nockultury.pl\/pl\/rusza-otwarty-nabor-do-nocy-kultury-2022\/#article","isPartOf":{"@id":"https:\/\/nockultury.pl\/pl\/rusza-otwarty-nabor-do-nocy-kultury-2022\/"},"author":{"name":"Ma\u0142gorzata Stanek","@id":"https:\/\/nockultury.pl\/pl\/#\/schema\/person\/b455ea53392e5908331cf9642243f21c"},"headline":"Rusza otwarty nab\u00f3r projekt\u00f3w do Nocy Kultury 2022!","datePublished":"2022-04-14T14:26:36+00:00","dateModified":"2022-04-20T10:38:10+00:00","mainEntityOfPage":{"@id":"https:\/\/nockultury.pl\/pl\/rusza-otwarty-nabor-do-nocy-kultury-2022\/"},"wordCount":641,"publisher":{"@id":"https:\/\/nockultury.pl\/pl\/#organization"},"image":{"@id":"https:\/\/nockultury.pl\/pl\/rusza-otwarty-nabor-do-nocy-kultury-2022\/#primaryimage"},"thumbnailUrl":"https:\/\/nockultury.pl\/wp-content\/uploads\/2022\/04\/fot.Katarzyna_Anna_Kubiak_25-1-e1649941495285.jpg","inLanguage":"pl-PL"},{"@type":"WebPage","@id":"https:\/\/nockultury.pl\/pl\/rusza-otwarty-nabor-do-nocy-kultury-2022\/","url":"https:\/\/nockultury.pl\/pl\/rusza-otwarty-nabor-do-nocy-kultury-2022\/","name":"Rusza otwarty nab\u00f3r projekt\u00f3w do Nocy Kultury 2022! - Noc Kultury","isPartOf":{"@id":"https:\/\/nockultury.pl\/pl\/#website"},"primaryImageOfPage":{"@id":"https:\/\/nockultury.pl\/pl\/rusza-otwarty-nabor-do-nocy-kultury-2022\/#primaryimage"},"image":{"@id":"https:\/\/nockultury.pl\/pl\/rusza-otwarty-nabor-do-nocy-kultury-2022\/#primaryimage"},"thumbnailUrl":"https:\/\/nockultury.pl\/wp-content\/uploads\/2022\/04\/fot.Katarzyna_Anna_Kubiak_25-1-e1649941495285.jpg","datePublished":"2022-04-14T14:26:36+00:00","dateModified":"2022-04-20T10:38:10+00:00","breadcrumb":{"@id":"https:\/\/nockultury.pl\/pl\/rusza-otwarty-nabor-do-nocy-kultury-2022\/#breadcrumb"},"inLanguage":"pl-PL","potentialAction":[{"@type":"ReadAction","target":["https:\/\/nockultury.pl\/pl\/rusza-otwarty-nabor-do-nocy-kultury-2022\/"]}]},{"@type":"ImageObject","inLanguage":"pl-PL","@id":"https:\/\/nockultury.pl\/pl\/rusza-otwarty-nabor-do-nocy-kultury-2022\/#primaryimage","url":"https:\/\/nockultury.pl\/wp-content\/uploads\/2022\/04\/fot.Katarzyna_Anna_Kubiak_25-1-e1649941495285.jpg","contentUrl":"https:\/\/nockultury.pl\/wp-content\/uploads\/2022\/04\/fot.Katarzyna_Anna_Kubiak_25-1-e1649941495285.jpg","width":1053,"height":801,"caption":"Na drewnianych balkonach kamienicy Warsztat\u00f3w Kultury zawieszone s\u0105 kolorowe balony. Kto\u015b pr\u00f3buje zrobi\u0107 im zdj\u0119cie telefonem."},{"@type":"BreadcrumbList","@id":"https:\/\/nockultury.pl\/pl\/rusza-otwarty-nabor-do-nocy-kultury-2022\/#breadcrumb","itemListElement":[{"@type":"ListItem","position":1,"name":"Strona g\u0142\u00f3wna","item":"https:\/\/nockultury.pl\/pl\/"},{"@type":"ListItem","position":2,"name":"Rusza otwarty nab\u00f3r projekt\u00f3w do Nocy Kultury 2022!"}]},{"@type":"WebSite","@id":"https:\/\/nockultury.pl\/pl\/#website","url":"https:\/\/nockultury.pl\/pl\/","name":"Noc Kultury","description":"Lublin, Stare Miasto | wst\u0119p wolny","publisher":{"@id":"https:\/\/nockultury.pl\/pl\/#organization"},"potentialAction":[{"@type":"SearchAction","target":{"@type":"EntryPoint","urlTemplate":"https:\/\/nockultury.pl\/pl\/?s={search_term_string}"},"query-input":{"@type":"PropertyValueSpecification","valueRequired":true,"valueName":"search_term_string"}}],"inLanguage":"pl-PL"},{"@type":"Organization","@id":"https:\/\/nockultury.pl\/pl\/#organization","name":"Warsztaty Kultury w Lublinie","url":"https:\/\/nockultury.pl\/pl\/","logo":{"@type":"ImageObject","inLanguage":"pl-PL","@id":"https:\/\/nockultury.pl\/pl\/#\/schema\/logo\/image\/","url":"https:\/\/nockultury.pl\/wp-content\/uploads\/2020\/03\/NOC-KULTURY-LOGO-170.jpg","contentUrl":"https:\/\/nockultury.pl\/wp-content\/uploads\/2020\/03\/NOC-KULTURY-LOGO-170.jpg","width":170,"height":79,"caption":"Warsztaty Kultury w Lublinie"},"image":{"@id":"https:\/\/nockultury.pl\/pl\/#\/schema\/logo\/image\/"},"sameAs":["https:\/\/www.facebook.com\/NocKultury\/","https:\/\/www.instagram.com\/nockultury\/","https:\/\/www.youtube.com\/@videonockultury"]},{"@type":"Person","@id":"https:\/\/nockultury.pl\/pl\/#\/schema\/person\/b455ea53392e5908331cf9642243f21c","name":"Ma\u0142gorzata Stanek","image":{"@type":"ImageObject","inLanguage":"pl-PL","@id":"https:\/\/nockultury.pl\/pl\/#\/schema\/person\/image\/","url":"https:\/\/secure.gravatar.com\/avatar\/45935340e0720354e023c66e68c2c506b7ca3adf6417db0177bb9e832d57e28c?s=96&d=mm&r=g","contentUrl":"https:\/\/secure.gravatar.com\/avatar\/45935340e0720354e023c66e68c2c506b7ca3adf6417db0177bb9e832d57e28c?s=96&d=mm&r=g","caption":"Ma\u0142gorzata Stanek"}}]}},"_links":{"self":[{"href":"https:\/\/nockultury.pl\/pl\/wp-json\/wp\/v2\/posts\/41411","targetHints":{"allow":["GET"]}}],"collection":[{"href":"https:\/\/nockultury.pl\/pl\/wp-json\/wp\/v2\/posts"}],"about":[{"href":"https:\/\/nockultury.pl\/pl\/wp-json\/wp\/v2\/types\/post"}],"author":[{"embeddable":true,"href":"https:\/\/nockultury.pl\/pl\/wp-json\/wp\/v2\/users\/8"}],"replies":[{"embeddable":true,"href":"https:\/\/nockultury.pl\/pl\/wp-json\/wp\/v2\/comments?post=41411"}],"version-history":[{"count":0,"href":"https:\/\/nockultury.pl\/pl\/wp-json\/wp\/v2\/posts\/41411\/revisions"}],"wp:featuredmedia":[{"embeddable":true,"href":"https:\/\/nockultury.pl\/pl\/wp-json\/wp\/v2\/media\/41396"}],"wp:attachment":[{"href":"https:\/\/nockultury.pl\/pl\/wp-json\/wp\/v2\/media?parent=41411"}],"wp:term":[{"taxonomy":"category","embeddable":true,"href":"https:\/\/nockultury.pl\/pl\/wp-json\/wp\/v2\/categories?post=41411"},{"taxonomy":"post_tag","embeddable":true,"href":"https:\/\/nockultury.pl\/pl\/wp-json\/wp\/v2\/tags?post=41411"}],"curies":[{"name":"wp","href":"https:\/\/api.w.org\/{rel}","templated":true}]}}