{"id":42343,"date":"2022-05-31T09:27:42","date_gmt":"2022-05-31T07:27:42","guid":{"rendered":"https:\/\/nockultury.pl\/?p=42343"},"modified":"2022-05-31T16:29:49","modified_gmt":"2022-05-31T14:29:49","slug":"wydarzenia-rodzinne","status":"publish","type":"post","link":"https:\/\/nockultury.pl\/pl\/wydarzenia-rodzinne\/","title":{"rendered":"Noc Kultury 2022 dla ka\u017cdego | wydarzenia dla rodzin z dzie\u0107mi"},"content":{"rendered":"<p><strong>Jak tegoroczn\u0105 Noc Kultury (4\/5 czerwca, Lublin) sp\u0119dzi Agata z rodzin\u0105? Co podczas tej wyj\u0105tkowej nocy planuj\u0105 zobaczy\u0107? Jakie atrakcje przygotowali organizatorzy z my\u015bl\u0105 o osobach posiadaj\u0105cych dzieci? Odpowiedzi na te wszystkie pytania znajdziecie w poni\u017cszym artykule! <\/strong><\/p>\n<p>Lubelska Noc Kultury ju\u017c za niespe\u0142na tydzie\u0144 (4\/5 czerwca 2022). Jak wiecie to festiwal, kt\u00f3ry nieustannie zaskakuje swoj\u0105 r\u00f3\u017cnorodno\u015bci\u0105. Jak z setek wydarze\u0144 wybra\u0107 te, kt\u00f3re najbardziej nas zainteresuj\u0105? Postanowili\u015bmy zapyta\u0107 kilka os\u00f3b o ich nocokulturowy rozk\u0142ad jazdy. Mo\u017ce to Was zainspiruje? Dzi\u015b przedstawiamy plan Agaty i jej najbli\u017cszych.<\/p>\n<p>Agata jest wyk\u0142adowc\u0105 akademickim, a jej m\u0105\u017c kierownikiem administracyjnym liceum. Wsp\u00f3lnie wychowuj\u0105 dwie c\u00f3rki: 7-letnie bli\u017aniaczki. Jak zgodnie przyznaj\u0105, dziewczynkom nie brakuje energii, dlatego wolne chwile cz\u0119sto sp\u0119dzaj\u0105 na \u015bwie\u017cym powietrzu i wycieczkach.<br \/>\nW programie tegorocznej Nocy Kultury znale\u017ali kilka wydarze\u0144, kt\u00f3re z pewno\u015bci\u0105 przypadn\u0105 do gustu ca\u0142ej rodzinie.<\/p>\n<p><em>\u2013 Jeste\u015bmy mi\u0142o\u015bnikami Nocy Kultury od lat. Odk\u0105d pojawi\u0142y si\u0119 dziewczynki, wsp\u00f3lnie wybieramy si\u0119 na miasto, by m\u00f3c podziwia\u0107 te wszystkie artystyczne projekty. Jestem zadowolona, \u017ce w programie tegorocznej edycji festiwalu jest sporo wydarze\u0144, kt\u00f3re zainteresuj\u0105 r\u00f3wnie\u017c moje dzieci. My\u015bl\u0119, \u017ce dziewczynki b\u0119d\u0105 zachwycone prezentacj\u0105 choreografii w rolkarstwie figurowym, tym bardziej, \u017ce same ch\u0119tnie je\u017cd\u017c\u0105 na rolkach. Planujemy wybra\u0107 si\u0119 te\u017c na Grodzk\u0105, by zobaczy\u0107 Szklane Domki i instalacj\u0119 Kwiaty piekie\u0142. My\u015bl\u0119, \u017ce makarony wychodz\u0105ce ze \u015bciany na placu Po Farze b\u0119d\u0105 \u015bwietn\u0105 okazj\u0105 do zrobienia rodzinnych zdj\u0119\u0107. Z racji tego, \u017ce dziewczynki s\u0105 fankami film\u00f3w przyrodniczych i g\u0142os pani Krystyny Czub\u00f3wny towarzyszy im od lat, z pewno\u015bci\u0105 odwiedzimy patio Warsztat\u00f3w Kultury \u2013 <\/em>opowiada Agata, wyk\u0142adowca akademicki.<\/p>\n<p><strong>Punkty Nocy Kultury wybrane przez Agat\u0119 i jej rodzin\u0119:<\/strong><\/p>\n<p><strong>19.00\u20132.00 | Mro\u017ane wrota | plac Po Farze \u2013 drzwi do kamienicy Grodzka 11<\/strong><\/p>\n<p>Podczas nocy Kultury, nawet w ciep\u0142y, czerwcowy wiecz\u00f3r, mo\u017cesz napotka\u0107 p\u0142askorze\u017ab\u0119 przypominaj\u0105c\u0105 bram\u0119 do Krainy Lodu. Arty\u015bci stawiaj\u0105 na lekko\u015b\u0107 i fantazj\u0119.<\/p>\n<p><strong>Autor:<\/strong> studenci WA UMCS<\/p>\n<hr \/>\n<p><strong>\u00a0<\/strong><strong>20.00\u201320.30 | L\u00f3d latem | VIVO! Lublin<\/strong><br \/>\nPrezentacja choreografii w rolkarstwie figurowym zawodniczek As Lublin.<\/p>\n<hr \/>\n<p><strong>19.00\u20132.00 | Szklane domki | Grodzka 7 \u2013 przy poczcie<\/strong><\/p>\n<p>Szklane domy to metafora, kt\u00f3r\u0105 pami\u0119tamy z \u201ePrzedwio\u015bnia\u201d Stefana \u017beromskiego, a szklane domki to artystyczna wizja ba\u015bniowego miasteczka, nad kt\u00f3rym fruwaj\u0105 szklane kolorowe ptaki.<br \/>\n<strong>Autor:<\/strong> Karolina Karpi\u0144ska<\/p>\n<hr \/>\n<p><strong>19.00\u201302.00 | Makarony wychodz\u0105ce ze \u015bciany | plac Po Farze<\/strong><br \/>\nD\u0142ugie i kolorowe piankowe formy wnikaj\u0105ce w tkank\u0119 miejsk\u0105 zapraszaj\u0105 do bli\u017cszego kontaktu.<br \/>\n<strong>Autor:<\/strong> Paulina Strzali\u0144ska<\/p>\n<hr \/>\n<p><strong>19.00\u20132.00 | Tajemnicze drzwi | plac Po Farze<\/strong><br \/>\nNatura wkrada si\u0119 do miasta, tworz\u0105c miejsca tajemnicze i fascynuj\u0105ce.<br \/>\n<strong>Autor:<\/strong> Natalia W\u00f3jcik, Martyna Denis<\/p>\n<hr \/>\n<p><strong>19.00\u20132.00 | Kwiaty piekie\u0142 | Grodzka 7\u2013 patio<br \/>\n<\/strong>\u00a0Ceramiczna realizacja niezwyk\u0142ego projektu rze\u017abiarskiego pn. ,,Kwiaty piekie\u0142\u201d lu\u017ano inspirowanego ,,Bosk\u0105 komedi\u0105\u201d Dantego Alighieriego. Prezentacji niezwyk\u0142ych form b\u0119dzie towarzyszy\u0142 g\u0142os Krystyny Czub\u00f3wny.<br \/>\n<strong>Autor:<\/strong> studenci WA UMCS<\/p>\n<hr \/>\n<p><strong>19.00\u201302.00 | Wiosna w Browarze \u2013 instalacja \u015bwietlna | Per\u0142a \u2013 Browary Lubelskie S.A., Bernardy\u0144ska 15<br \/>\n<\/strong>\u201eWiosna w Browarze\u201d stanowi sta\u0142y element dekoracji przestrzeni w Perle.<br \/>\n<strong>Autor: <\/strong>Jaros\u0142aw Koziara<\/p>\n<hr \/>\n<p><strong>19.00\u20132.00 | Noc w Browarze: Wst\u0105\u017cki w Perle | Per\u0142a \u2013 Browary Lubelskie S.A., Bernardy\u0144ska 15<\/strong><br \/>\nWst\u0105\u017cki w Perle to niezwyk\u0142a, interaktywna instalacja, do kt\u00f3rej b\u0119dziecie mogli wej\u015b\u0107 i zanurzy\u0107 si\u0119 w ogromnej ilo\u015bci tasiemek. Zielona d\u017cungla z pewno\u015bci\u0105 stanie si\u0119 idealnym t\u0142em do szalonych zdj\u0119\u0107 z przyjaci\u00f3\u0142mi.<br \/>\n<strong>Autor: <\/strong>Agata Zwierzy\u0144ska<\/p>\n<hr \/>\n<p><strong>19.00\u201321.30 | Zwiedzanie Warzelni | Per\u0142a \u2013 Browary Lubelskie S.A., Bernardy\u0144ska 15<br \/>\n<\/strong>Udost\u0119pniona do\u00a0zwiedzania w\u00a02016 roku zabytkowa warzelnia to miejsce, kt\u00f3re przez\u00a0piwowar\u00f3w okre\u015blane jest jako serce browaru.<\/p>\n<hr \/>\n<p><strong>O Nocy Kultury: <\/strong><\/p>\n<p>Po raz 16. uliczki Starego Miasta stan\u0105 si\u0119 najbardziej niezwyk\u0142ymi zak\u0105tkami Europy. W nocy z soboty na niedziel\u0119, 4\/5 czerwca, wszystko mo\u017ce si\u0119 zdarzy\u0107! B\u0119dziemy wsp\u00f3lnie zachwyca\u0107 si\u0119 Lublinem jako miastem niezwykle klimatycznym, kt\u00f3re na te kilka godzin zamieni si\u0119 w raj dla wszystkich mi\u0142o\u015bnik\u00f3w sztuki i dobrej zabawy. Bramy zn\u00f3w stan\u0105 si\u0119 \u015bwietlistymi instalacjami, place i skwery scenami muzycznymi, a uliczki Starego Miasta zaskocz\u0105 nawet sta\u0142ych bywalc\u00f3w!<\/p>\n<p>Noc Kultury to \u015bwi\u0119to Lublina. To spotkanie artyst\u00f3w, animator\u00f3w, r\u00f3\u017cnych \u015brodowisk kulturalnych i tych, kt\u00f3rzy chc\u0105 ten wiecz\u00f3r po prostu sp\u0119dzi\u0107 w gronie przyjaci\u00f3\u0142. Uczestnicy staj\u0105 przed trudnym wyborem. Do zobaczenia jest bowiem ponad setka atrakcji, a czas jego trwania to zaledwie kilka godzin.<\/p>\n<p>Ca\u0142y program dost\u0119pny na stronie internetowej w zak\u0142adce <a href=\"https:\/\/nockultury.pl\/pl\/program\/\" target=\"_blank\" rel=\"noopener\">program<\/a><\/p>\n<hr \/>\n<p><strong>Noc Kultury | 4\/5 czerwca 2022 | Stare Miasto, Lublin | Wst\u0119p wolny <\/strong><\/p>\n<p>Organizatorem festiwalu s\u0105 Warsztaty Kultury w Lublinie.<br \/>\nProjekt realizowany przy wsparciu Miasta Lublin.<\/p>\n<p>Patronat honorowy nad projektem obj\u0105\u0142 Prezydent Miasta Lublin \u2013 Krzysztof \u017buk.<\/p>\n<p><strong>Patroni medialni:<\/strong> TVP 2, TVP Kultura, TVP3 Lublin, Polskie Radio Lublin, Gazeta Wyborcza<br \/>\n<strong>Sponsorzy:<\/strong> VIVO! Lublin, Per\u0142a \u2013 Browary Lubelskie S.A.<\/p>\n<hr \/>\n<p><strong>Ponadto w programie festiwalowym Warsztat\u00f3w Kultury w Lublinie: <\/strong><\/p>\n<p>Wsch\u00f3d Kultury \u2013 Inne Brzmienia | 7\u20131 0 lipca 2022 | B\u0142onia pod Zamkiem w Lublinie<br \/>\nCarnaval Sztukmistrz\u00f3w | 28\u201331 lipca 2022 | Stare Miasto w Lublinie<br \/>\nre:tradycja \u2013 Jarmark Jagiello\u0144ski | 19\u201321 sierpnia 2022 | Stare Miasto w Lublinie<\/p>\n","protected":false},"excerpt":{"rendered":"<p>Jak tegoroczn\u0105 Noc Kultury (4\/5 czerwca, Lublin) sp\u0119dzi Agata z  [&#8230;]<\/p>\n","protected":false},"author":8,"featured_media":42347,"comment_status":"closed","ping_status":"open","sticky":false,"template":"","format":"standard","meta":{"_acf_changed":false,"ngg_post_thumbnail":0,"footnotes":""},"categories":[1],"tags":[],"class_list":["post-42343","post","type-post","status-publish","format-standard","has-post-thumbnail","hentry","category-bez-kategorii"],"acf":[],"yoast_head":"<!-- This site is optimized with the Yoast SEO plugin v26.1.1 - https:\/\/yoast.com\/wordpress\/plugins\/seo\/ -->\n<title>Noc Kultury 2022 dla ka\u017cdego | wydarzenia dla rodzin z dzie\u0107mi - Noc Kultury<\/title>\n<meta name=\"robots\" content=\"index, follow, max-snippet:-1, max-image-preview:large, max-video-preview:-1\" \/>\n<link rel=\"canonical\" href=\"https:\/\/nockultury.pl\/pl\/wydarzenia-rodzinne\/\" \/>\n<meta property=\"og:locale\" content=\"pl_PL\" \/>\n<meta property=\"og:type\" content=\"article\" \/>\n<meta property=\"og:title\" content=\"Noc Kultury 2022 dla ka\u017cdego | wydarzenia dla rodzin z dzie\u0107mi - Noc Kultury\" \/>\n<meta property=\"og:description\" content=\"Jak tegoroczn\u0105 Noc Kultury (4\/5 czerwca, Lublin) sp\u0119dzi Agata z [...]\" \/>\n<meta property=\"og:url\" content=\"https:\/\/nockultury.pl\/pl\/wydarzenia-rodzinne\/\" \/>\n<meta property=\"og:site_name\" content=\"Noc Kultury\" \/>\n<meta property=\"article:publisher\" content=\"https:\/\/www.facebook.com\/NocKultury\/\" \/>\n<meta property=\"article:published_time\" content=\"2022-05-31T07:27:42+00:00\" \/>\n<meta property=\"article:modified_time\" content=\"2022-05-31T14:29:49+00:00\" \/>\n<meta property=\"og:image\" content=\"https:\/\/nockultury.pl\/wp-content\/uploads\/2022\/05\/Ignac-Tokarczyk-119-e1654007371606.jpg\" \/>\n\t<meta property=\"og:image:width\" content=\"1335\" \/>\n\t<meta property=\"og:image:height\" content=\"1335\" \/>\n\t<meta property=\"og:image:type\" content=\"image\/jpeg\" \/>\n<meta name=\"author\" content=\"Ma\u0142gorzata Stanek\" \/>\n<meta name=\"twitter:card\" content=\"summary_large_image\" \/>\n<meta name=\"twitter:label1\" content=\"Napisane przez\" \/>\n\t<meta name=\"twitter:data1\" content=\"Ma\u0142gorzata Stanek\" \/>\n\t<meta name=\"twitter:label2\" content=\"Szacowany czas czytania\" \/>\n\t<meta name=\"twitter:data2\" content=\"4 minuty\" \/>\n<script type=\"application\/ld+json\" class=\"yoast-schema-graph\">{\"@context\":\"https:\/\/schema.org\",\"@graph\":[{\"@type\":\"Article\",\"@id\":\"https:\/\/nockultury.pl\/pl\/wydarzenia-rodzinne\/#article\",\"isPartOf\":{\"@id\":\"https:\/\/nockultury.pl\/pl\/wydarzenia-rodzinne\/\"},\"author\":{\"name\":\"Ma\u0142gorzata Stanek\",\"@id\":\"https:\/\/nockultury.pl\/pl\/#\/schema\/person\/b455ea53392e5908331cf9642243f21c\"},\"headline\":\"Noc Kultury 2022 dla ka\u017cdego | wydarzenia dla rodzin z dzie\u0107mi\",\"datePublished\":\"2022-05-31T07:27:42+00:00\",\"dateModified\":\"2022-05-31T14:29:49+00:00\",\"mainEntityOfPage\":{\"@id\":\"https:\/\/nockultury.pl\/pl\/wydarzenia-rodzinne\/\"},\"wordCount\":852,\"publisher\":{\"@id\":\"https:\/\/nockultury.pl\/pl\/#organization\"},\"image\":{\"@id\":\"https:\/\/nockultury.pl\/pl\/wydarzenia-rodzinne\/#primaryimage\"},\"thumbnailUrl\":\"https:\/\/nockultury.pl\/wp-content\/uploads\/2022\/05\/Ignac-Tokarczyk-119-e1654007371606.jpg\",\"inLanguage\":\"pl-PL\"},{\"@type\":\"WebPage\",\"@id\":\"https:\/\/nockultury.pl\/pl\/wydarzenia-rodzinne\/\",\"url\":\"https:\/\/nockultury.pl\/pl\/wydarzenia-rodzinne\/\",\"name\":\"Noc Kultury 2022 dla ka\u017cdego | wydarzenia dla rodzin z dzie\u0107mi - Noc Kultury\",\"isPartOf\":{\"@id\":\"https:\/\/nockultury.pl\/pl\/#website\"},\"primaryImageOfPage\":{\"@id\":\"https:\/\/nockultury.pl\/pl\/wydarzenia-rodzinne\/#primaryimage\"},\"image\":{\"@id\":\"https:\/\/nockultury.pl\/pl\/wydarzenia-rodzinne\/#primaryimage\"},\"thumbnailUrl\":\"https:\/\/nockultury.pl\/wp-content\/uploads\/2022\/05\/Ignac-Tokarczyk-119-e1654007371606.jpg\",\"datePublished\":\"2022-05-31T07:27:42+00:00\",\"dateModified\":\"2022-05-31T14:29:49+00:00\",\"breadcrumb\":{\"@id\":\"https:\/\/nockultury.pl\/pl\/wydarzenia-rodzinne\/#breadcrumb\"},\"inLanguage\":\"pl-PL\",\"potentialAction\":[{\"@type\":\"ReadAction\",\"target\":[\"https:\/\/nockultury.pl\/pl\/wydarzenia-rodzinne\/\"]}]},{\"@type\":\"ImageObject\",\"inLanguage\":\"pl-PL\",\"@id\":\"https:\/\/nockultury.pl\/pl\/wydarzenia-rodzinne\/#primaryimage\",\"url\":\"https:\/\/nockultury.pl\/wp-content\/uploads\/2022\/05\/Ignac-Tokarczyk-119-e1654007371606.jpg\",\"contentUrl\":\"https:\/\/nockultury.pl\/wp-content\/uploads\/2022\/05\/Ignac-Tokarczyk-119-e1654007371606.jpg\",\"width\":1335,\"height\":1335,\"caption\":\"Ch\u0142opiec przygl\u0105da si\u0119 pod\u015bwietlanemu muralowi.\"},{\"@type\":\"BreadcrumbList\",\"@id\":\"https:\/\/nockultury.pl\/pl\/wydarzenia-rodzinne\/#breadcrumb\",\"itemListElement\":[{\"@type\":\"ListItem\",\"position\":1,\"name\":\"Strona g\u0142\u00f3wna\",\"item\":\"https:\/\/nockultury.pl\/pl\/\"},{\"@type\":\"ListItem\",\"position\":2,\"name\":\"Noc Kultury 2022 dla ka\u017cdego | wydarzenia dla rodzin z dzie\u0107mi\"}]},{\"@type\":\"WebSite\",\"@id\":\"https:\/\/nockultury.pl\/pl\/#website\",\"url\":\"https:\/\/nockultury.pl\/pl\/\",\"name\":\"Noc Kultury\",\"description\":\"Lublin, Stare Miasto | wst\u0119p wolny\",\"publisher\":{\"@id\":\"https:\/\/nockultury.pl\/pl\/#organization\"},\"potentialAction\":[{\"@type\":\"SearchAction\",\"target\":{\"@type\":\"EntryPoint\",\"urlTemplate\":\"https:\/\/nockultury.pl\/pl\/?s={search_term_string}\"},\"query-input\":{\"@type\":\"PropertyValueSpecification\",\"valueRequired\":true,\"valueName\":\"search_term_string\"}}],\"inLanguage\":\"pl-PL\"},{\"@type\":\"Organization\",\"@id\":\"https:\/\/nockultury.pl\/pl\/#organization\",\"name\":\"Warsztaty Kultury w Lublinie\",\"url\":\"https:\/\/nockultury.pl\/pl\/\",\"logo\":{\"@type\":\"ImageObject\",\"inLanguage\":\"pl-PL\",\"@id\":\"https:\/\/nockultury.pl\/pl\/#\/schema\/logo\/image\/\",\"url\":\"https:\/\/nockultury.pl\/wp-content\/uploads\/2020\/03\/NOC-KULTURY-LOGO-170.jpg\",\"contentUrl\":\"https:\/\/nockultury.pl\/wp-content\/uploads\/2020\/03\/NOC-KULTURY-LOGO-170.jpg\",\"width\":170,\"height\":79,\"caption\":\"Warsztaty Kultury w Lublinie\"},\"image\":{\"@id\":\"https:\/\/nockultury.pl\/pl\/#\/schema\/logo\/image\/\"},\"sameAs\":[\"https:\/\/www.facebook.com\/NocKultury\/\",\"https:\/\/www.instagram.com\/nockultury\/\",\"https:\/\/www.youtube.com\/@videonockultury\"]},{\"@type\":\"Person\",\"@id\":\"https:\/\/nockultury.pl\/pl\/#\/schema\/person\/b455ea53392e5908331cf9642243f21c\",\"name\":\"Ma\u0142gorzata Stanek\",\"image\":{\"@type\":\"ImageObject\",\"inLanguage\":\"pl-PL\",\"@id\":\"https:\/\/nockultury.pl\/pl\/#\/schema\/person\/image\/\",\"url\":\"https:\/\/secure.gravatar.com\/avatar\/45935340e0720354e023c66e68c2c506b7ca3adf6417db0177bb9e832d57e28c?s=96&d=mm&r=g\",\"contentUrl\":\"https:\/\/secure.gravatar.com\/avatar\/45935340e0720354e023c66e68c2c506b7ca3adf6417db0177bb9e832d57e28c?s=96&d=mm&r=g\",\"caption\":\"Ma\u0142gorzata Stanek\"}}]}<\/script>\n<!-- \/ Yoast SEO plugin. -->","yoast_head_json":{"title":"Noc Kultury 2022 dla ka\u017cdego | wydarzenia dla rodzin z dzie\u0107mi - Noc Kultury","robots":{"index":"index","follow":"follow","max-snippet":"max-snippet:-1","max-image-preview":"max-image-preview:large","max-video-preview":"max-video-preview:-1"},"canonical":"https:\/\/nockultury.pl\/pl\/wydarzenia-rodzinne\/","og_locale":"pl_PL","og_type":"article","og_title":"Noc Kultury 2022 dla ka\u017cdego | wydarzenia dla rodzin z dzie\u0107mi - Noc Kultury","og_description":"Jak tegoroczn\u0105 Noc Kultury (4\/5 czerwca, Lublin) sp\u0119dzi Agata z [...]","og_url":"https:\/\/nockultury.pl\/pl\/wydarzenia-rodzinne\/","og_site_name":"Noc Kultury","article_publisher":"https:\/\/www.facebook.com\/NocKultury\/","article_published_time":"2022-05-31T07:27:42+00:00","article_modified_time":"2022-05-31T14:29:49+00:00","og_image":[{"width":1335,"height":1335,"url":"https:\/\/nockultury.pl\/wp-content\/uploads\/2022\/05\/Ignac-Tokarczyk-119-e1654007371606.jpg","type":"image\/jpeg"}],"author":"Ma\u0142gorzata Stanek","twitter_card":"summary_large_image","twitter_misc":{"Napisane przez":"Ma\u0142gorzata Stanek","Szacowany czas czytania":"4 minuty"},"schema":{"@context":"https:\/\/schema.org","@graph":[{"@type":"Article","@id":"https:\/\/nockultury.pl\/pl\/wydarzenia-rodzinne\/#article","isPartOf":{"@id":"https:\/\/nockultury.pl\/pl\/wydarzenia-rodzinne\/"},"author":{"name":"Ma\u0142gorzata Stanek","@id":"https:\/\/nockultury.pl\/pl\/#\/schema\/person\/b455ea53392e5908331cf9642243f21c"},"headline":"Noc Kultury 2022 dla ka\u017cdego | wydarzenia dla rodzin z dzie\u0107mi","datePublished":"2022-05-31T07:27:42+00:00","dateModified":"2022-05-31T14:29:49+00:00","mainEntityOfPage":{"@id":"https:\/\/nockultury.pl\/pl\/wydarzenia-rodzinne\/"},"wordCount":852,"publisher":{"@id":"https:\/\/nockultury.pl\/pl\/#organization"},"image":{"@id":"https:\/\/nockultury.pl\/pl\/wydarzenia-rodzinne\/#primaryimage"},"thumbnailUrl":"https:\/\/nockultury.pl\/wp-content\/uploads\/2022\/05\/Ignac-Tokarczyk-119-e1654007371606.jpg","inLanguage":"pl-PL"},{"@type":"WebPage","@id":"https:\/\/nockultury.pl\/pl\/wydarzenia-rodzinne\/","url":"https:\/\/nockultury.pl\/pl\/wydarzenia-rodzinne\/","name":"Noc Kultury 2022 dla ka\u017cdego | wydarzenia dla rodzin z dzie\u0107mi - Noc Kultury","isPartOf":{"@id":"https:\/\/nockultury.pl\/pl\/#website"},"primaryImageOfPage":{"@id":"https:\/\/nockultury.pl\/pl\/wydarzenia-rodzinne\/#primaryimage"},"image":{"@id":"https:\/\/nockultury.pl\/pl\/wydarzenia-rodzinne\/#primaryimage"},"thumbnailUrl":"https:\/\/nockultury.pl\/wp-content\/uploads\/2022\/05\/Ignac-Tokarczyk-119-e1654007371606.jpg","datePublished":"2022-05-31T07:27:42+00:00","dateModified":"2022-05-31T14:29:49+00:00","breadcrumb":{"@id":"https:\/\/nockultury.pl\/pl\/wydarzenia-rodzinne\/#breadcrumb"},"inLanguage":"pl-PL","potentialAction":[{"@type":"ReadAction","target":["https:\/\/nockultury.pl\/pl\/wydarzenia-rodzinne\/"]}]},{"@type":"ImageObject","inLanguage":"pl-PL","@id":"https:\/\/nockultury.pl\/pl\/wydarzenia-rodzinne\/#primaryimage","url":"https:\/\/nockultury.pl\/wp-content\/uploads\/2022\/05\/Ignac-Tokarczyk-119-e1654007371606.jpg","contentUrl":"https:\/\/nockultury.pl\/wp-content\/uploads\/2022\/05\/Ignac-Tokarczyk-119-e1654007371606.jpg","width":1335,"height":1335,"caption":"Ch\u0142opiec przygl\u0105da si\u0119 pod\u015bwietlanemu muralowi."},{"@type":"BreadcrumbList","@id":"https:\/\/nockultury.pl\/pl\/wydarzenia-rodzinne\/#breadcrumb","itemListElement":[{"@type":"ListItem","position":1,"name":"Strona g\u0142\u00f3wna","item":"https:\/\/nockultury.pl\/pl\/"},{"@type":"ListItem","position":2,"name":"Noc Kultury 2022 dla ka\u017cdego | wydarzenia dla rodzin z dzie\u0107mi"}]},{"@type":"WebSite","@id":"https:\/\/nockultury.pl\/pl\/#website","url":"https:\/\/nockultury.pl\/pl\/","name":"Noc Kultury","description":"Lublin, Stare Miasto | wst\u0119p wolny","publisher":{"@id":"https:\/\/nockultury.pl\/pl\/#organization"},"potentialAction":[{"@type":"SearchAction","target":{"@type":"EntryPoint","urlTemplate":"https:\/\/nockultury.pl\/pl\/?s={search_term_string}"},"query-input":{"@type":"PropertyValueSpecification","valueRequired":true,"valueName":"search_term_string"}}],"inLanguage":"pl-PL"},{"@type":"Organization","@id":"https:\/\/nockultury.pl\/pl\/#organization","name":"Warsztaty Kultury w Lublinie","url":"https:\/\/nockultury.pl\/pl\/","logo":{"@type":"ImageObject","inLanguage":"pl-PL","@id":"https:\/\/nockultury.pl\/pl\/#\/schema\/logo\/image\/","url":"https:\/\/nockultury.pl\/wp-content\/uploads\/2020\/03\/NOC-KULTURY-LOGO-170.jpg","contentUrl":"https:\/\/nockultury.pl\/wp-content\/uploads\/2020\/03\/NOC-KULTURY-LOGO-170.jpg","width":170,"height":79,"caption":"Warsztaty Kultury w Lublinie"},"image":{"@id":"https:\/\/nockultury.pl\/pl\/#\/schema\/logo\/image\/"},"sameAs":["https:\/\/www.facebook.com\/NocKultury\/","https:\/\/www.instagram.com\/nockultury\/","https:\/\/www.youtube.com\/@videonockultury"]},{"@type":"Person","@id":"https:\/\/nockultury.pl\/pl\/#\/schema\/person\/b455ea53392e5908331cf9642243f21c","name":"Ma\u0142gorzata Stanek","image":{"@type":"ImageObject","inLanguage":"pl-PL","@id":"https:\/\/nockultury.pl\/pl\/#\/schema\/person\/image\/","url":"https:\/\/secure.gravatar.com\/avatar\/45935340e0720354e023c66e68c2c506b7ca3adf6417db0177bb9e832d57e28c?s=96&d=mm&r=g","contentUrl":"https:\/\/secure.gravatar.com\/avatar\/45935340e0720354e023c66e68c2c506b7ca3adf6417db0177bb9e832d57e28c?s=96&d=mm&r=g","caption":"Ma\u0142gorzata Stanek"}}]}},"_links":{"self":[{"href":"https:\/\/nockultury.pl\/pl\/wp-json\/wp\/v2\/posts\/42343","targetHints":{"allow":["GET"]}}],"collection":[{"href":"https:\/\/nockultury.pl\/pl\/wp-json\/wp\/v2\/posts"}],"about":[{"href":"https:\/\/nockultury.pl\/pl\/wp-json\/wp\/v2\/types\/post"}],"author":[{"embeddable":true,"href":"https:\/\/nockultury.pl\/pl\/wp-json\/wp\/v2\/users\/8"}],"replies":[{"embeddable":true,"href":"https:\/\/nockultury.pl\/pl\/wp-json\/wp\/v2\/comments?post=42343"}],"version-history":[{"count":0,"href":"https:\/\/nockultury.pl\/pl\/wp-json\/wp\/v2\/posts\/42343\/revisions"}],"wp:featuredmedia":[{"embeddable":true,"href":"https:\/\/nockultury.pl\/pl\/wp-json\/wp\/v2\/media\/42347"}],"wp:attachment":[{"href":"https:\/\/nockultury.pl\/pl\/wp-json\/wp\/v2\/media?parent=42343"}],"wp:term":[{"taxonomy":"category","embeddable":true,"href":"https:\/\/nockultury.pl\/pl\/wp-json\/wp\/v2\/categories?post=42343"},{"taxonomy":"post_tag","embeddable":true,"href":"https:\/\/nockultury.pl\/pl\/wp-json\/wp\/v2\/tags?post=42343"}],"curies":[{"name":"wp","href":"https:\/\/api.w.org\/{rel}","templated":true}]}}