{"id":42373,"date":"2022-06-02T15:53:14","date_gmt":"2022-06-02T13:53:14","guid":{"rendered":"https:\/\/nockultury.pl\/?p=42373"},"modified":"2022-06-02T15:53:14","modified_gmt":"2022-06-02T13:53:14","slug":"atrakcje-dla-seniorow","status":"publish","type":"post","link":"https:\/\/nockultury.pl\/pl\/atrakcje-dla-seniorow\/","title":{"rendered":"Noc Kultury 2022 | wybrane atrakcje dla senior\u00f3w"},"content":{"rendered":"<p><strong>\u00a0W nocy 4\/5 czerwca 2022 r. odb\u0119dzie si\u0119 16. edycja Nocy Kultury w Lublinie. W programie festiwalowym znajduje si\u0119 ca\u0142e mn\u00f3stwo wydarze\u0144, na kt\u00f3re warto si\u0119 wybra\u0107. Co mo\u017ce przypa\u015b\u0107 do gustu osobom 60+? Jakie atrakcje sprawi\u0105 rado\u015b\u0107 seniorom? Na te pytania odpowiedzia\u0142a nam Pani Ewa, emerytka z Lublina.<\/strong><!--more--><\/p>\n<p>Lubelska Noc Kultury ju\u017c w najbli\u017cszy weekend. Ogromna ilo\u015b\u0107 wydarze\u0144 stworzy niepowtarzalny klimat, a sztuka o\u017cywi miejsca nieznane lub zapomniane. Bramy stan\u0105 si\u0119 \u015bwietlistymi instalacjami, place i skwery scenami muzycznymi, a uliczki Starego Miasta zaskocz\u0105 nawet sta\u0142ych bywalc\u00f3w. Jak z kilkudziesi\u0119ciu atrakcji wybra\u0107 te, kt\u00f3re przypadn\u0105 nam do gustu? Postanowili\u015bmy zapyta\u0107 kilka os\u00f3b o ich nocokulturowy rozk\u0142ad jazdy. Mo\u017ce to Was zainspiruje! Dzi\u015b przedstawiamy plany Pani Ewy, emerytki z Lublina.<\/p>\n<p>Pani Ewa pochodzi z Lublina. Od kilku lat jest na emeryturze. Uwielbia sp\u0119dza\u0107 czas z wnukami i korzysta\u0107 z oferty kulturalnej miasta. Jest osob\u0105 aktywn\u0105, u\u015bmiechni\u0119t\u0105 i pe\u0142n\u0105 energii. Na Noc Kultury wybiera si\u0119 z m\u0119\u017cem, by wsp\u00f3lnie podziwia\u0107 przygotowane wydarzenia artystyczne.<\/p>\n<p><em>\u2013 Lubi\u0119 takie kulturalne wydarzenia. Ostatnio, b\u0119d\u0105c na wycieczce w Madrycie, wybra\u0142am si\u0119 z m\u0119\u017cem do muzeum Museo Nacional del Prado. Teraz mam ju\u017c wi\u0119cej wolnego czasu i dzi\u0119ki temu cz\u0119\u015bciej te\u017c chodz\u0119 do teatru. Na Nocy Kultury by\u0142am kilkukrotnie pomimo t\u0142um\u00f3w, za kt\u00f3rymi nie do ko\u0144ca przepadam. Tegoroczna edycja zapowiada si\u0119 bardzo ciekawie. Z pewno\u015bci\u0105 p\u00f3jd\u0119 na koncert jazzowy i pokaz ta\u0144ca w powietrzu. Wybieram si\u0119 tak\u017ce do Szewca na wiecz\u00f3r liryczno-satyryczny i prezentacj\u0119 choreografii rolkarek. Ch\u0119tnie zobacz\u0119 instalacje na ulicy Grodzkiej oraz pos\u0142ucham zespo\u0142\u00f3w na \u017cywo w Ba\u0142aganie. To z pewno\u015bci\u0105 b\u0119dzie d\u0142uga noc! <\/em>\u2013 opowiada Pani Ewa.<\/p>\n<p><strong>Punkty Nocy Kultury wybrane przez Pani\u0105 Ew\u0119:<\/strong><\/p>\n<p><strong>22.00\u201323.00 | Wiecz\u00f3r liryczno-satyryczny \u201eU Szewca\u201d | Pub u Szewca, ul. Grodzka 18<br \/>\n<\/strong>Spotkanie z piosenk\u0105, wierszem, skeczem i monologiem. Dobry tekst i dobra muzyka to przede wszystkim dobra zabawa. Wiersze w\u0142asne, piosenki autorskie, ale i du\u017co, bardzo du\u017co dobrego literackiego kabaretu. Marian Hemar, Julian Tuwim, Marian Za\u0142ucki i Jeremi Przybora to autorzy gwarantuj\u0105cy humor na najwy\u017cszym poziomie.<\/p>\n<hr \/>\n<p><strong>21.00\u201321.30 | Noc Kultury przed VIVO!: L\u00f3d latem | VIVO! Lublin, al. Unii Lubelskiej 2<\/strong><br \/>\nPrezentacja choreografii w rolkarstwie figurowym zawodniczek As Lublin.<\/p>\n<hr \/>\n<p><strong>19.30\u201320.00 | Jazz w mie\u015bcie: Standardy jazzowe w wykonaniu student\u00f3w kierunku Jazz i Muzyka Estradowa WA UMCS | plac Litewski<\/strong><br \/>\nW tym roku Lublin zabrzmi rytmem synkopowanym z du\u017c\u0105 dowolno\u015bci\u0105 interpretacji i aran\u017cacji oraz tendencj\u0105 do improwizacji. Innymi s\u0142owy miasto opanuje jazz!!! Kuratorem artystycznym jest Mariusz Bogdanowicz \u2013 niezwyk\u0142y kontrabasista, wydawca, producent muzyczny i pedagog. Zadba on o rozrywkowy program sceny muzycznej, jazzowki i koncerty w przestrzeni Starego Miasta.<\/p>\n<hr \/>\n<p><strong>19.00\u201319.20 | Taniec w powietrzu \u2013 pokaz Fundacji Sztukmistrze | plac Dominika\u0144ski<br \/>\n<\/strong>Zapraszamy do \u015bwiata akrobatyki! Taniec w powietrzu to bardzo widowiskowa forma ekspresji. Wykonawcy zaprezentuj\u0105 niezwyk\u0142e umiej\u0119tno\u015bci balansowania, kontroli cia\u0142a i p\u0142ynno\u015bci.<\/p>\n<hr \/>\n<p><strong>19.00\u201302.00 | Wiosna w Browarze \u2013 instalacja \u015bwietlna | Per\u0142a \u2013 Browary Lubelskie S.A., Bernardy\u0144ska 15<br \/>\n<\/strong>\u201eWiosna w Browarze\u201d stanowi sta\u0142y element dekoracji przestrzeni w Perle.<br \/>\n<strong>Autor: <\/strong>Jaros\u0142aw Koziara<\/p>\n<hr \/>\n<p><strong>19.00\u201302.00 | Cebulobranie \u2013instalacja student\u00f3w WA UMCS | plac po Farze<br \/>\n<\/strong>Czym by\u0142by Lublin bez cebularzy? Czym by\u0142by cebularz bez cebuli? Cebula na kilka dni zawita nie tylko na pszennych plackach, ale i na fasadach kilku budynk\u00f3w Star\u00f3wki i \u015ar\u00f3dmie\u015bcia w graficznej formie. Zapraszamy na jej poszukiwania, zach\u0119caj\u0105c jednocze\u015bnie do zrobienia sobie z ni\u0105 selfie i umieszczenia zdj\u0119cia w mediach spo\u0142eczno\u015bciowych z hasztagiem #nocneCebulobranie22<br \/>\n<strong>Autorzy:<\/strong> grupa Keriti&amp;Kaf pod kierunkiem Barbary Ni\u015bcior<\/p>\n<hr \/>\n<p><strong>20.00\u201320.30 | Sbandieratori i ta\u0144cz\u0105ce flagi w przestrzeniach miasta | plac \u0141okietka, Brama Krakowska, plac Rybny<br \/>\n<\/strong>Sbandieratori Belriguardo to zesp\u00f3\u0142 historycznej \u017conglerki flagami wzorowany na w\u0142oskim sporcie i tradycji. Zesp\u00f3\u0142 pokazuje dynamiczne ewolucje, kt\u00f3rych podstawy pozna\u0142 dzi\u0119ki warsztatom z w\u0142oskim mistrzem \u017conglerki \u2013 Gabriele Mandula Mantovani. Sbandieratori Belriguardo to nie tylko \u017conglerka flagami, ale i przyja\u017a\u0144, dobra zabawa, pasja i widowisko.<\/p>\n<hr \/>\n<p><strong>19.00\u201302.00 | Homo nocokulturus czyta Krystyna Czub\u00f3wna | ul. Grodzka 7, patio<br \/>\n<\/strong>Jej g\u0142os zna i kocha ca\u0142a Polska. Co Krystyna Czub\u00f3wna powie podczas Nocy Kultury?<\/p>\n<hr \/>\n<p><strong>19.00\u201302.00 | Impreza w sercu Starego Miasta \u2013 koncert Elektropunkz i Italo Kochando | Sezon, Z\u0142ota 2 i Ba\u0142agan, Grodzka 5a<\/strong><br \/>\nW samym sercu Starego Miasta, na dw\u00f3ch magicznych podw\u00f3rkach, zagraj\u0105 Elektropunkz i Italo Kochando.<\/p>\n<hr \/>\n<p><strong>O Nocy Kultury: <\/strong><\/p>\n<p>Po raz 16. uliczki Starego Miasta stan\u0105 si\u0119 najbardziej niezwyk\u0142ymi zak\u0105tkami Europy. W nocy z soboty na niedziel\u0119, 4\/5 czerwca, wszystko mo\u017ce si\u0119 zdarzy\u0107! B\u0119dziemy wsp\u00f3lnie zachwyca\u0107 si\u0119 Lublinem jako miastem niezwykle klimatycznym, kt\u00f3re na te kilka godzin zamieni si\u0119 w raj dla wszystkich mi\u0142o\u015bnik\u00f3w sztuki i dobrej zabawy. Bramy zn\u00f3w stan\u0105 si\u0119 \u015bwietlistymi instalacjami, place i skwery scenami muzycznymi, a uliczki Starego Miasta zaskocz\u0105 nawet sta\u0142ych bywalc\u00f3w!<\/p>\n<p>Noc Kultury to \u015bwi\u0119to Lublina. To spotkanie artyst\u00f3w, animator\u00f3w, r\u00f3\u017cnych \u015brodowisk kulturalnych i tych, kt\u00f3rzy chc\u0105 ten wiecz\u00f3r po prostu sp\u0119dzi\u0107 w gronie przyjaci\u00f3\u0142. Uczestnicy staj\u0105 przed trudnym wyborem. Do zobaczenia jest bowiem ponad setka atrakcji, a czas jego trwania to zaledwie kilka godzin.<\/p>\n<p>Ca\u0142y program dost\u0119pny w zak\u0142adce <strong><a href=\"https:\/\/nockultury.pl\/pl\/program\/\" target=\"_blank\" rel=\"noopener\">&gt;&gt;&gt;PROGRAM &lt;&lt;&lt;<\/a><\/strong><\/p>\n<hr \/>\n<p>&nbsp;<\/p>\n<p><strong>Noc Kultury | 4\/5 czerwca 2022 | Stare Miasto, Lublin | Wst\u0119p wolny <\/strong><\/p>\n<p>Organizatorem festiwalu s\u0105 Warsztaty Kultury w Lublinie.<br \/>\nProjekt realizowany przy wsparciu Miasta Lublin.<\/p>\n<p>Patronat honorowy nad projektem obj\u0105\u0142 Prezydent Miasta Lublin \u2013 Krzysztof \u017buk.<\/p>\n<p><strong>Patroni medialni:<\/strong> TVP 2, TVP Kultura, TVP3 Lublin, Polskie Radio Lublin, Gazeta Wyborcza<br \/>\n<strong>Sponsorzy:<\/strong> VIVO! Lublin, Per\u0142a \u2013 Browary Lubelskie S.A.<\/p>\n<hr \/>\n<p><strong>Ponadto w programie festiwalowym Warsztat\u00f3w Kultury w Lublinie: <\/strong><\/p>\n<p>Wsch\u00f3d Kultury \u2013 Inne Brzmienia | 7\u20131 0 lipca 2022 | B\u0142onia pod Zamkiem w Lublinie<br \/>\nCarnaval Sztukmistrz\u00f3w | 28\u201331 lipca 2022 | Stare Miasto w Lublinie<br \/>\nre:tradycja \u2013 Jarmark Jagiello\u0144ski | 19\u201321 sierpnia 2022 | Stare Miasto w Lublinie<\/p>\n","protected":false},"excerpt":{"rendered":"<p>\u00a0W nocy 4\/5 czerwca 2022 r. odb\u0119dzie si\u0119 16. edycja  [&#8230;]<\/p>\n","protected":false},"author":8,"featured_media":42374,"comment_status":"closed","ping_status":"open","sticky":false,"template":"","format":"standard","meta":{"_acf_changed":false,"ngg_post_thumbnail":0,"footnotes":""},"categories":[1],"tags":[],"class_list":["post-42373","post","type-post","status-publish","format-standard","has-post-thumbnail","hentry","category-bez-kategorii"],"acf":[],"yoast_head":"<!-- This site is optimized with the Yoast SEO plugin v26.1.1 - https:\/\/yoast.com\/wordpress\/plugins\/seo\/ -->\n<title>Noc Kultury 2022 | wybrane atrakcje dla senior\u00f3w - Noc Kultury<\/title>\n<meta name=\"robots\" content=\"index, follow, max-snippet:-1, max-image-preview:large, max-video-preview:-1\" \/>\n<link rel=\"canonical\" href=\"https:\/\/nockultury.pl\/pl\/atrakcje-dla-seniorow\/\" \/>\n<meta property=\"og:locale\" content=\"pl_PL\" \/>\n<meta property=\"og:type\" content=\"article\" \/>\n<meta property=\"og:title\" content=\"Noc Kultury 2022 | wybrane atrakcje dla senior\u00f3w - Noc Kultury\" \/>\n<meta property=\"og:description\" content=\"\u00a0W nocy 4\/5 czerwca 2022 r. odb\u0119dzie si\u0119 16. edycja [...]\" \/>\n<meta property=\"og:url\" content=\"https:\/\/nockultury.pl\/pl\/atrakcje-dla-seniorow\/\" \/>\n<meta property=\"og:site_name\" content=\"Noc Kultury\" \/>\n<meta property=\"article:publisher\" content=\"https:\/\/www.facebook.com\/NocKultury\/\" \/>\n<meta property=\"article:published_time\" content=\"2022-06-02T13:53:14+00:00\" \/>\n<meta property=\"og:image\" content=\"https:\/\/nockultury.pl\/wp-content\/uploads\/2022\/06\/fot._Ignac_Tokarczyk_15-e1654176505350.jpg\" \/>\n\t<meta property=\"og:image:width\" content=\"714\" \/>\n\t<meta property=\"og:image:height\" content=\"798\" \/>\n\t<meta property=\"og:image:type\" content=\"image\/jpeg\" \/>\n<meta name=\"author\" content=\"Ma\u0142gorzata Stanek\" \/>\n<meta name=\"twitter:card\" content=\"summary_large_image\" \/>\n<meta name=\"twitter:label1\" content=\"Napisane przez\" \/>\n\t<meta name=\"twitter:data1\" content=\"Ma\u0142gorzata Stanek\" \/>\n\t<meta name=\"twitter:label2\" content=\"Szacowany czas czytania\" \/>\n\t<meta name=\"twitter:data2\" content=\"5 minut\" \/>\n<script type=\"application\/ld+json\" class=\"yoast-schema-graph\">{\"@context\":\"https:\/\/schema.org\",\"@graph\":[{\"@type\":\"Article\",\"@id\":\"https:\/\/nockultury.pl\/pl\/atrakcje-dla-seniorow\/#article\",\"isPartOf\":{\"@id\":\"https:\/\/nockultury.pl\/pl\/atrakcje-dla-seniorow\/\"},\"author\":{\"name\":\"Ma\u0142gorzata Stanek\",\"@id\":\"https:\/\/nockultury.pl\/pl\/#\/schema\/person\/b455ea53392e5908331cf9642243f21c\"},\"headline\":\"Noc Kultury 2022 | wybrane atrakcje dla senior\u00f3w\",\"datePublished\":\"2022-06-02T13:53:14+00:00\",\"mainEntityOfPage\":{\"@id\":\"https:\/\/nockultury.pl\/pl\/atrakcje-dla-seniorow\/\"},\"wordCount\":978,\"publisher\":{\"@id\":\"https:\/\/nockultury.pl\/pl\/#organization\"},\"image\":{\"@id\":\"https:\/\/nockultury.pl\/pl\/atrakcje-dla-seniorow\/#primaryimage\"},\"thumbnailUrl\":\"https:\/\/nockultury.pl\/wp-content\/uploads\/2022\/06\/fot._Ignac_Tokarczyk_15-e1654176505350.jpg\",\"inLanguage\":\"pl-PL\"},{\"@type\":\"WebPage\",\"@id\":\"https:\/\/nockultury.pl\/pl\/atrakcje-dla-seniorow\/\",\"url\":\"https:\/\/nockultury.pl\/pl\/atrakcje-dla-seniorow\/\",\"name\":\"Noc Kultury 2022 | wybrane atrakcje dla senior\u00f3w - Noc Kultury\",\"isPartOf\":{\"@id\":\"https:\/\/nockultury.pl\/pl\/#website\"},\"primaryImageOfPage\":{\"@id\":\"https:\/\/nockultury.pl\/pl\/atrakcje-dla-seniorow\/#primaryimage\"},\"image\":{\"@id\":\"https:\/\/nockultury.pl\/pl\/atrakcje-dla-seniorow\/#primaryimage\"},\"thumbnailUrl\":\"https:\/\/nockultury.pl\/wp-content\/uploads\/2022\/06\/fot._Ignac_Tokarczyk_15-e1654176505350.jpg\",\"datePublished\":\"2022-06-02T13:53:14+00:00\",\"breadcrumb\":{\"@id\":\"https:\/\/nockultury.pl\/pl\/atrakcje-dla-seniorow\/#breadcrumb\"},\"inLanguage\":\"pl-PL\",\"potentialAction\":[{\"@type\":\"ReadAction\",\"target\":[\"https:\/\/nockultury.pl\/pl\/atrakcje-dla-seniorow\/\"]}]},{\"@type\":\"ImageObject\",\"inLanguage\":\"pl-PL\",\"@id\":\"https:\/\/nockultury.pl\/pl\/atrakcje-dla-seniorow\/#primaryimage\",\"url\":\"https:\/\/nockultury.pl\/wp-content\/uploads\/2022\/06\/fot._Ignac_Tokarczyk_15-e1654176505350.jpg\",\"contentUrl\":\"https:\/\/nockultury.pl\/wp-content\/uploads\/2022\/06\/fot._Ignac_Tokarczyk_15-e1654176505350.jpg\",\"width\":714,\"height\":798,\"caption\":\"Nad g\u0142owami przechodni\u00f3w w bramie b\u0142yszcz\u0105 niebieskie \u015bwietliki.\"},{\"@type\":\"BreadcrumbList\",\"@id\":\"https:\/\/nockultury.pl\/pl\/atrakcje-dla-seniorow\/#breadcrumb\",\"itemListElement\":[{\"@type\":\"ListItem\",\"position\":1,\"name\":\"Strona g\u0142\u00f3wna\",\"item\":\"https:\/\/nockultury.pl\/pl\/\"},{\"@type\":\"ListItem\",\"position\":2,\"name\":\"Noc Kultury 2022 | wybrane atrakcje dla senior\u00f3w\"}]},{\"@type\":\"WebSite\",\"@id\":\"https:\/\/nockultury.pl\/pl\/#website\",\"url\":\"https:\/\/nockultury.pl\/pl\/\",\"name\":\"Noc Kultury\",\"description\":\"Lublin, Stare Miasto | wst\u0119p wolny\",\"publisher\":{\"@id\":\"https:\/\/nockultury.pl\/pl\/#organization\"},\"potentialAction\":[{\"@type\":\"SearchAction\",\"target\":{\"@type\":\"EntryPoint\",\"urlTemplate\":\"https:\/\/nockultury.pl\/pl\/?s={search_term_string}\"},\"query-input\":{\"@type\":\"PropertyValueSpecification\",\"valueRequired\":true,\"valueName\":\"search_term_string\"}}],\"inLanguage\":\"pl-PL\"},{\"@type\":\"Organization\",\"@id\":\"https:\/\/nockultury.pl\/pl\/#organization\",\"name\":\"Warsztaty Kultury w Lublinie\",\"url\":\"https:\/\/nockultury.pl\/pl\/\",\"logo\":{\"@type\":\"ImageObject\",\"inLanguage\":\"pl-PL\",\"@id\":\"https:\/\/nockultury.pl\/pl\/#\/schema\/logo\/image\/\",\"url\":\"https:\/\/nockultury.pl\/wp-content\/uploads\/2020\/03\/NOC-KULTURY-LOGO-170.jpg\",\"contentUrl\":\"https:\/\/nockultury.pl\/wp-content\/uploads\/2020\/03\/NOC-KULTURY-LOGO-170.jpg\",\"width\":170,\"height\":79,\"caption\":\"Warsztaty Kultury w Lublinie\"},\"image\":{\"@id\":\"https:\/\/nockultury.pl\/pl\/#\/schema\/logo\/image\/\"},\"sameAs\":[\"https:\/\/www.facebook.com\/NocKultury\/\",\"https:\/\/www.instagram.com\/nockultury\/\",\"https:\/\/www.youtube.com\/@videonockultury\"]},{\"@type\":\"Person\",\"@id\":\"https:\/\/nockultury.pl\/pl\/#\/schema\/person\/b455ea53392e5908331cf9642243f21c\",\"name\":\"Ma\u0142gorzata Stanek\",\"image\":{\"@type\":\"ImageObject\",\"inLanguage\":\"pl-PL\",\"@id\":\"https:\/\/nockultury.pl\/pl\/#\/schema\/person\/image\/\",\"url\":\"https:\/\/secure.gravatar.com\/avatar\/45935340e0720354e023c66e68c2c506b7ca3adf6417db0177bb9e832d57e28c?s=96&d=mm&r=g\",\"contentUrl\":\"https:\/\/secure.gravatar.com\/avatar\/45935340e0720354e023c66e68c2c506b7ca3adf6417db0177bb9e832d57e28c?s=96&d=mm&r=g\",\"caption\":\"Ma\u0142gorzata Stanek\"}}]}<\/script>\n<!-- \/ Yoast SEO plugin. -->","yoast_head_json":{"title":"Noc Kultury 2022 | wybrane atrakcje dla senior\u00f3w - Noc Kultury","robots":{"index":"index","follow":"follow","max-snippet":"max-snippet:-1","max-image-preview":"max-image-preview:large","max-video-preview":"max-video-preview:-1"},"canonical":"https:\/\/nockultury.pl\/pl\/atrakcje-dla-seniorow\/","og_locale":"pl_PL","og_type":"article","og_title":"Noc Kultury 2022 | wybrane atrakcje dla senior\u00f3w - Noc Kultury","og_description":"\u00a0W nocy 4\/5 czerwca 2022 r. odb\u0119dzie si\u0119 16. edycja [...]","og_url":"https:\/\/nockultury.pl\/pl\/atrakcje-dla-seniorow\/","og_site_name":"Noc Kultury","article_publisher":"https:\/\/www.facebook.com\/NocKultury\/","article_published_time":"2022-06-02T13:53:14+00:00","og_image":[{"width":714,"height":798,"url":"https:\/\/nockultury.pl\/wp-content\/uploads\/2022\/06\/fot._Ignac_Tokarczyk_15-e1654176505350.jpg","type":"image\/jpeg"}],"author":"Ma\u0142gorzata Stanek","twitter_card":"summary_large_image","twitter_misc":{"Napisane przez":"Ma\u0142gorzata Stanek","Szacowany czas czytania":"5 minut"},"schema":{"@context":"https:\/\/schema.org","@graph":[{"@type":"Article","@id":"https:\/\/nockultury.pl\/pl\/atrakcje-dla-seniorow\/#article","isPartOf":{"@id":"https:\/\/nockultury.pl\/pl\/atrakcje-dla-seniorow\/"},"author":{"name":"Ma\u0142gorzata Stanek","@id":"https:\/\/nockultury.pl\/pl\/#\/schema\/person\/b455ea53392e5908331cf9642243f21c"},"headline":"Noc Kultury 2022 | wybrane atrakcje dla senior\u00f3w","datePublished":"2022-06-02T13:53:14+00:00","mainEntityOfPage":{"@id":"https:\/\/nockultury.pl\/pl\/atrakcje-dla-seniorow\/"},"wordCount":978,"publisher":{"@id":"https:\/\/nockultury.pl\/pl\/#organization"},"image":{"@id":"https:\/\/nockultury.pl\/pl\/atrakcje-dla-seniorow\/#primaryimage"},"thumbnailUrl":"https:\/\/nockultury.pl\/wp-content\/uploads\/2022\/06\/fot._Ignac_Tokarczyk_15-e1654176505350.jpg","inLanguage":"pl-PL"},{"@type":"WebPage","@id":"https:\/\/nockultury.pl\/pl\/atrakcje-dla-seniorow\/","url":"https:\/\/nockultury.pl\/pl\/atrakcje-dla-seniorow\/","name":"Noc Kultury 2022 | wybrane atrakcje dla senior\u00f3w - Noc Kultury","isPartOf":{"@id":"https:\/\/nockultury.pl\/pl\/#website"},"primaryImageOfPage":{"@id":"https:\/\/nockultury.pl\/pl\/atrakcje-dla-seniorow\/#primaryimage"},"image":{"@id":"https:\/\/nockultury.pl\/pl\/atrakcje-dla-seniorow\/#primaryimage"},"thumbnailUrl":"https:\/\/nockultury.pl\/wp-content\/uploads\/2022\/06\/fot._Ignac_Tokarczyk_15-e1654176505350.jpg","datePublished":"2022-06-02T13:53:14+00:00","breadcrumb":{"@id":"https:\/\/nockultury.pl\/pl\/atrakcje-dla-seniorow\/#breadcrumb"},"inLanguage":"pl-PL","potentialAction":[{"@type":"ReadAction","target":["https:\/\/nockultury.pl\/pl\/atrakcje-dla-seniorow\/"]}]},{"@type":"ImageObject","inLanguage":"pl-PL","@id":"https:\/\/nockultury.pl\/pl\/atrakcje-dla-seniorow\/#primaryimage","url":"https:\/\/nockultury.pl\/wp-content\/uploads\/2022\/06\/fot._Ignac_Tokarczyk_15-e1654176505350.jpg","contentUrl":"https:\/\/nockultury.pl\/wp-content\/uploads\/2022\/06\/fot._Ignac_Tokarczyk_15-e1654176505350.jpg","width":714,"height":798,"caption":"Nad g\u0142owami przechodni\u00f3w w bramie b\u0142yszcz\u0105 niebieskie \u015bwietliki."},{"@type":"BreadcrumbList","@id":"https:\/\/nockultury.pl\/pl\/atrakcje-dla-seniorow\/#breadcrumb","itemListElement":[{"@type":"ListItem","position":1,"name":"Strona g\u0142\u00f3wna","item":"https:\/\/nockultury.pl\/pl\/"},{"@type":"ListItem","position":2,"name":"Noc Kultury 2022 | wybrane atrakcje dla senior\u00f3w"}]},{"@type":"WebSite","@id":"https:\/\/nockultury.pl\/pl\/#website","url":"https:\/\/nockultury.pl\/pl\/","name":"Noc Kultury","description":"Lublin, Stare Miasto | wst\u0119p wolny","publisher":{"@id":"https:\/\/nockultury.pl\/pl\/#organization"},"potentialAction":[{"@type":"SearchAction","target":{"@type":"EntryPoint","urlTemplate":"https:\/\/nockultury.pl\/pl\/?s={search_term_string}"},"query-input":{"@type":"PropertyValueSpecification","valueRequired":true,"valueName":"search_term_string"}}],"inLanguage":"pl-PL"},{"@type":"Organization","@id":"https:\/\/nockultury.pl\/pl\/#organization","name":"Warsztaty Kultury w Lublinie","url":"https:\/\/nockultury.pl\/pl\/","logo":{"@type":"ImageObject","inLanguage":"pl-PL","@id":"https:\/\/nockultury.pl\/pl\/#\/schema\/logo\/image\/","url":"https:\/\/nockultury.pl\/wp-content\/uploads\/2020\/03\/NOC-KULTURY-LOGO-170.jpg","contentUrl":"https:\/\/nockultury.pl\/wp-content\/uploads\/2020\/03\/NOC-KULTURY-LOGO-170.jpg","width":170,"height":79,"caption":"Warsztaty Kultury w Lublinie"},"image":{"@id":"https:\/\/nockultury.pl\/pl\/#\/schema\/logo\/image\/"},"sameAs":["https:\/\/www.facebook.com\/NocKultury\/","https:\/\/www.instagram.com\/nockultury\/","https:\/\/www.youtube.com\/@videonockultury"]},{"@type":"Person","@id":"https:\/\/nockultury.pl\/pl\/#\/schema\/person\/b455ea53392e5908331cf9642243f21c","name":"Ma\u0142gorzata Stanek","image":{"@type":"ImageObject","inLanguage":"pl-PL","@id":"https:\/\/nockultury.pl\/pl\/#\/schema\/person\/image\/","url":"https:\/\/secure.gravatar.com\/avatar\/45935340e0720354e023c66e68c2c506b7ca3adf6417db0177bb9e832d57e28c?s=96&d=mm&r=g","contentUrl":"https:\/\/secure.gravatar.com\/avatar\/45935340e0720354e023c66e68c2c506b7ca3adf6417db0177bb9e832d57e28c?s=96&d=mm&r=g","caption":"Ma\u0142gorzata Stanek"}}]}},"_links":{"self":[{"href":"https:\/\/nockultury.pl\/pl\/wp-json\/wp\/v2\/posts\/42373","targetHints":{"allow":["GET"]}}],"collection":[{"href":"https:\/\/nockultury.pl\/pl\/wp-json\/wp\/v2\/posts"}],"about":[{"href":"https:\/\/nockultury.pl\/pl\/wp-json\/wp\/v2\/types\/post"}],"author":[{"embeddable":true,"href":"https:\/\/nockultury.pl\/pl\/wp-json\/wp\/v2\/users\/8"}],"replies":[{"embeddable":true,"href":"https:\/\/nockultury.pl\/pl\/wp-json\/wp\/v2\/comments?post=42373"}],"version-history":[{"count":0,"href":"https:\/\/nockultury.pl\/pl\/wp-json\/wp\/v2\/posts\/42373\/revisions"}],"wp:featuredmedia":[{"embeddable":true,"href":"https:\/\/nockultury.pl\/pl\/wp-json\/wp\/v2\/media\/42374"}],"wp:attachment":[{"href":"https:\/\/nockultury.pl\/pl\/wp-json\/wp\/v2\/media?parent=42373"}],"wp:term":[{"taxonomy":"category","embeddable":true,"href":"https:\/\/nockultury.pl\/pl\/wp-json\/wp\/v2\/categories?post=42373"},{"taxonomy":"post_tag","embeddable":true,"href":"https:\/\/nockultury.pl\/pl\/wp-json\/wp\/v2\/tags?post=42373"}],"curies":[{"name":"wp","href":"https:\/\/api.w.org\/{rel}","templated":true}]}}