{"id":42485,"date":"2022-08-05T15:40:56","date_gmt":"2022-08-05T13:40:56","guid":{"rendered":"https:\/\/nockultury.pl\/?p=42485"},"modified":"2022-09-26T14:18:55","modified_gmt":"2022-09-26T12:18:55","slug":"jak-brzmi-noc-kultury-posluchajcie-reportazu-dzwiekowego","status":"publish","type":"post","link":"https:\/\/nockultury.pl\/pl\/jak-brzmi-noc-kultury-posluchajcie-reportazu-dzwiekowego\/","title":{"rendered":"Jak BRZMI Noc Kultury? Pos\u0142uchajcie reporta\u017cu d\u017awi\u0119kowego!"},"content":{"rendered":"<div class=\"kvgmc6g5 cxmmr5t8 oygrvhab hcukyx3x c1et5uql ii04i59q\">\n<div dir=\"auto\"><strong>Jak BRZMI Noc Kultury? Teraz mo\u017cecie si\u0119 o tym przekona\u0107! Pos\u0142uchajcie reporta\u017cu d\u017awi\u0119kowego z Nocy Kultury 2022 stworzonego przez naszych Wolontariuszy Medialnych pod okiem (a w\u0142a\u015bciwie to uchem) Agnieszki Czy\u017cewskiej-Jacquemet.<\/strong><\/div>\n<div dir=\"auto\"><\/div>\n<\/div>\n<div class=\"cxmmr5t8 oygrvhab hcukyx3x c1et5uql o9v6fnle ii04i59q\">\n<div dir=\"auto\">Pos\u0142uchacie rozm\u00f3w z artystami tworz\u0105cymi festiwalowe instalacje oraz uczestnikami, kt\u00f3rzy z 4 na 5 czerwca ogl\u0105dali Lublin w wyj\u0105tkowej, nocokulturowej ods\u0142onie. Reporta\u017c d\u017awi\u0119kowy przygotowa\u0142y: Natalia Bu\u015b, Olga Dziedzic, Joanna Gozdek-Bieniek, Klaudia Kowalczyk.<\/div>\n<\/div>\n<div dir=\"auto\"><\/div>\n<div dir=\"auto\"><\/div>\n<p><iframe style=\"border: 0; width: 350px; height: 470px;\" src=\"https:\/\/bandcamp.com\/EmbeddedPlayer\/album=1181503614\/size=large\/bgcol=ffffff\/linkcol=0687f5\/tracklist=false\/transparent=true\/\" seamless=\"\"><a href=\"https:\/\/warsztatmedialabowy.bandcamp.com\/album\/noc-kultury-2022-reporta-d-wi-kowy\">Noc Kultury 2022 | reporta\u017c d\u017awi\u0119kowy by Warsztaty Kultury w Lublinie<\/a><\/iframe><\/p>\n","protected":false},"excerpt":{"rendered":"<p>Jak BRZMI Noc Kultury? Teraz mo\u017cecie si\u0119 o tym przekona\u0107!  [&#8230;]<\/p>\n","protected":false},"author":1,"featured_media":42453,"comment_status":"closed","ping_status":"open","sticky":false,"template":"","format":"standard","meta":{"_acf_changed":false,"ngg_post_thumbnail":0,"footnotes":""},"categories":[48],"tags":[],"class_list":["post-42485","post","type-post","status-publish","format-standard","has-post-thumbnail","hentry","category-aktualnosc"],"acf":[],"yoast_head":"<!-- This site is optimized with the Yoast SEO plugin v26.1.1 - https:\/\/yoast.com\/wordpress\/plugins\/seo\/ -->\n<title>Jak BRZMI Noc Kultury? Pos\u0142uchajcie reporta\u017cu d\u017awi\u0119kowego! - Noc Kultury<\/title>\n<meta name=\"robots\" content=\"index, follow, max-snippet:-1, max-image-preview:large, max-video-preview:-1\" \/>\n<link rel=\"canonical\" href=\"https:\/\/nockultury.pl\/pl\/jak-brzmi-noc-kultury-posluchajcie-reportazu-dzwiekowego\/\" \/>\n<meta property=\"og:locale\" content=\"pl_PL\" \/>\n<meta property=\"og:type\" content=\"article\" \/>\n<meta property=\"og:title\" content=\"Jak BRZMI Noc Kultury? Pos\u0142uchajcie reporta\u017cu d\u017awi\u0119kowego! - Noc Kultury\" \/>\n<meta property=\"og:description\" content=\"Jak BRZMI Noc Kultury? Teraz mo\u017cecie si\u0119 o tym przekona\u0107! [...]\" \/>\n<meta property=\"og:url\" content=\"https:\/\/nockultury.pl\/pl\/jak-brzmi-noc-kultury-posluchajcie-reportazu-dzwiekowego\/\" \/>\n<meta property=\"og:site_name\" content=\"Noc Kultury\" \/>\n<meta property=\"article:publisher\" content=\"https:\/\/www.facebook.com\/NocKultury\/\" \/>\n<meta property=\"article:published_time\" content=\"2022-08-05T13:40:56+00:00\" \/>\n<meta property=\"article:modified_time\" content=\"2022-09-26T12:18:55+00:00\" \/>\n<meta property=\"og:image\" content=\"https:\/\/nockultury.pl\/wp-content\/uploads\/2022\/06\/fot._Jakub_Bodys-e1654281716713.jpg\" \/>\n\t<meta property=\"og:image:width\" content=\"882\" \/>\n\t<meta property=\"og:image:height\" content=\"800\" \/>\n\t<meta property=\"og:image:type\" content=\"image\/jpeg\" \/>\n<meta name=\"author\" content=\"admin_nk\" \/>\n<meta name=\"twitter:card\" content=\"summary_large_image\" \/>\n<meta name=\"twitter:label1\" content=\"Napisane przez\" \/>\n\t<meta name=\"twitter:data1\" content=\"admin_nk\" \/>\n<script type=\"application\/ld+json\" class=\"yoast-schema-graph\">{\"@context\":\"https:\/\/schema.org\",\"@graph\":[{\"@type\":\"Article\",\"@id\":\"https:\/\/nockultury.pl\/pl\/jak-brzmi-noc-kultury-posluchajcie-reportazu-dzwiekowego\/#article\",\"isPartOf\":{\"@id\":\"https:\/\/nockultury.pl\/pl\/jak-brzmi-noc-kultury-posluchajcie-reportazu-dzwiekowego\/\"},\"author\":{\"name\":\"admin_nk\",\"@id\":\"https:\/\/nockultury.pl\/pl\/#\/schema\/person\/4720e32c52aa6b49e5c3022a927bfe26\"},\"headline\":\"Jak BRZMI Noc Kultury? Pos\u0142uchajcie reporta\u017cu d\u017awi\u0119kowego!\",\"datePublished\":\"2022-08-05T13:40:56+00:00\",\"dateModified\":\"2022-09-26T12:18:55+00:00\",\"mainEntityOfPage\":{\"@id\":\"https:\/\/nockultury.pl\/pl\/jak-brzmi-noc-kultury-posluchajcie-reportazu-dzwiekowego\/\"},\"wordCount\":99,\"publisher\":{\"@id\":\"https:\/\/nockultury.pl\/pl\/#organization\"},\"image\":{\"@id\":\"https:\/\/nockultury.pl\/pl\/jak-brzmi-noc-kultury-posluchajcie-reportazu-dzwiekowego\/#primaryimage\"},\"thumbnailUrl\":\"https:\/\/nockultury.pl\/wp-content\/uploads\/2022\/06\/fot._Jakub_Bodys-e1654281716713.jpg\",\"articleSection\":[\"aktualno\u015b\u0107\"],\"inLanguage\":\"pl-PL\"},{\"@type\":\"WebPage\",\"@id\":\"https:\/\/nockultury.pl\/pl\/jak-brzmi-noc-kultury-posluchajcie-reportazu-dzwiekowego\/\",\"url\":\"https:\/\/nockultury.pl\/pl\/jak-brzmi-noc-kultury-posluchajcie-reportazu-dzwiekowego\/\",\"name\":\"Jak BRZMI Noc Kultury? Pos\u0142uchajcie reporta\u017cu d\u017awi\u0119kowego! - Noc Kultury\",\"isPartOf\":{\"@id\":\"https:\/\/nockultury.pl\/pl\/#website\"},\"primaryImageOfPage\":{\"@id\":\"https:\/\/nockultury.pl\/pl\/jak-brzmi-noc-kultury-posluchajcie-reportazu-dzwiekowego\/#primaryimage\"},\"image\":{\"@id\":\"https:\/\/nockultury.pl\/pl\/jak-brzmi-noc-kultury-posluchajcie-reportazu-dzwiekowego\/#primaryimage\"},\"thumbnailUrl\":\"https:\/\/nockultury.pl\/wp-content\/uploads\/2022\/06\/fot._Jakub_Bodys-e1654281716713.jpg\",\"datePublished\":\"2022-08-05T13:40:56+00:00\",\"dateModified\":\"2022-09-26T12:18:55+00:00\",\"breadcrumb\":{\"@id\":\"https:\/\/nockultury.pl\/pl\/jak-brzmi-noc-kultury-posluchajcie-reportazu-dzwiekowego\/#breadcrumb\"},\"inLanguage\":\"pl-PL\",\"potentialAction\":[{\"@type\":\"ReadAction\",\"target\":[\"https:\/\/nockultury.pl\/pl\/jak-brzmi-noc-kultury-posluchajcie-reportazu-dzwiekowego\/\"]}]},{\"@type\":\"ImageObject\",\"inLanguage\":\"pl-PL\",\"@id\":\"https:\/\/nockultury.pl\/pl\/jak-brzmi-noc-kultury-posluchajcie-reportazu-dzwiekowego\/#primaryimage\",\"url\":\"https:\/\/nockultury.pl\/wp-content\/uploads\/2022\/06\/fot._Jakub_Bodys-e1654281716713.jpg\",\"contentUrl\":\"https:\/\/nockultury.pl\/wp-content\/uploads\/2022\/06\/fot._Jakub_Bodys-e1654281716713.jpg\",\"width\":882,\"height\":800,\"caption\":\"Kobieta robi zdj\u0119cie pod\u015bwietlanemu napisowi \\\"Nocna zmiana\\\".\"},{\"@type\":\"BreadcrumbList\",\"@id\":\"https:\/\/nockultury.pl\/pl\/jak-brzmi-noc-kultury-posluchajcie-reportazu-dzwiekowego\/#breadcrumb\",\"itemListElement\":[{\"@type\":\"ListItem\",\"position\":1,\"name\":\"Strona g\u0142\u00f3wna\",\"item\":\"https:\/\/nockultury.pl\/pl\/\"},{\"@type\":\"ListItem\",\"position\":2,\"name\":\"Jak BRZMI Noc Kultury? Pos\u0142uchajcie reporta\u017cu d\u017awi\u0119kowego!\"}]},{\"@type\":\"WebSite\",\"@id\":\"https:\/\/nockultury.pl\/pl\/#website\",\"url\":\"https:\/\/nockultury.pl\/pl\/\",\"name\":\"Noc Kultury\",\"description\":\"Lublin, Stare Miasto | wst\u0119p wolny\",\"publisher\":{\"@id\":\"https:\/\/nockultury.pl\/pl\/#organization\"},\"potentialAction\":[{\"@type\":\"SearchAction\",\"target\":{\"@type\":\"EntryPoint\",\"urlTemplate\":\"https:\/\/nockultury.pl\/pl\/?s={search_term_string}\"},\"query-input\":{\"@type\":\"PropertyValueSpecification\",\"valueRequired\":true,\"valueName\":\"search_term_string\"}}],\"inLanguage\":\"pl-PL\"},{\"@type\":\"Organization\",\"@id\":\"https:\/\/nockultury.pl\/pl\/#organization\",\"name\":\"Warsztaty Kultury w Lublinie\",\"url\":\"https:\/\/nockultury.pl\/pl\/\",\"logo\":{\"@type\":\"ImageObject\",\"inLanguage\":\"pl-PL\",\"@id\":\"https:\/\/nockultury.pl\/pl\/#\/schema\/logo\/image\/\",\"url\":\"https:\/\/nockultury.pl\/wp-content\/uploads\/2020\/03\/NOC-KULTURY-LOGO-170.jpg\",\"contentUrl\":\"https:\/\/nockultury.pl\/wp-content\/uploads\/2020\/03\/NOC-KULTURY-LOGO-170.jpg\",\"width\":170,\"height\":79,\"caption\":\"Warsztaty Kultury w Lublinie\"},\"image\":{\"@id\":\"https:\/\/nockultury.pl\/pl\/#\/schema\/logo\/image\/\"},\"sameAs\":[\"https:\/\/www.facebook.com\/NocKultury\/\",\"https:\/\/www.instagram.com\/nockultury\/\",\"https:\/\/www.youtube.com\/@videonockultury\"]},{\"@type\":\"Person\",\"@id\":\"https:\/\/nockultury.pl\/pl\/#\/schema\/person\/4720e32c52aa6b49e5c3022a927bfe26\",\"name\":\"admin_nk\",\"image\":{\"@type\":\"ImageObject\",\"inLanguage\":\"pl-PL\",\"@id\":\"https:\/\/nockultury.pl\/pl\/#\/schema\/person\/image\/\",\"url\":\"https:\/\/secure.gravatar.com\/avatar\/407110da9576f3167e12d8fc2b032f23162c02e21af96323c071520f7890f40a?s=96&d=mm&r=g\",\"contentUrl\":\"https:\/\/secure.gravatar.com\/avatar\/407110da9576f3167e12d8fc2b032f23162c02e21af96323c071520f7890f40a?s=96&d=mm&r=g\",\"caption\":\"admin_nk\"}}]}<\/script>\n<!-- \/ Yoast SEO plugin. -->","yoast_head_json":{"title":"Jak BRZMI Noc Kultury? Pos\u0142uchajcie reporta\u017cu d\u017awi\u0119kowego! - Noc Kultury","robots":{"index":"index","follow":"follow","max-snippet":"max-snippet:-1","max-image-preview":"max-image-preview:large","max-video-preview":"max-video-preview:-1"},"canonical":"https:\/\/nockultury.pl\/pl\/jak-brzmi-noc-kultury-posluchajcie-reportazu-dzwiekowego\/","og_locale":"pl_PL","og_type":"article","og_title":"Jak BRZMI Noc Kultury? Pos\u0142uchajcie reporta\u017cu d\u017awi\u0119kowego! - Noc Kultury","og_description":"Jak BRZMI Noc Kultury? Teraz mo\u017cecie si\u0119 o tym przekona\u0107! [...]","og_url":"https:\/\/nockultury.pl\/pl\/jak-brzmi-noc-kultury-posluchajcie-reportazu-dzwiekowego\/","og_site_name":"Noc Kultury","article_publisher":"https:\/\/www.facebook.com\/NocKultury\/","article_published_time":"2022-08-05T13:40:56+00:00","article_modified_time":"2022-09-26T12:18:55+00:00","og_image":[{"width":882,"height":800,"url":"https:\/\/nockultury.pl\/wp-content\/uploads\/2022\/06\/fot._Jakub_Bodys-e1654281716713.jpg","type":"image\/jpeg"}],"author":"admin_nk","twitter_card":"summary_large_image","twitter_misc":{"Napisane przez":"admin_nk"},"schema":{"@context":"https:\/\/schema.org","@graph":[{"@type":"Article","@id":"https:\/\/nockultury.pl\/pl\/jak-brzmi-noc-kultury-posluchajcie-reportazu-dzwiekowego\/#article","isPartOf":{"@id":"https:\/\/nockultury.pl\/pl\/jak-brzmi-noc-kultury-posluchajcie-reportazu-dzwiekowego\/"},"author":{"name":"admin_nk","@id":"https:\/\/nockultury.pl\/pl\/#\/schema\/person\/4720e32c52aa6b49e5c3022a927bfe26"},"headline":"Jak BRZMI Noc Kultury? Pos\u0142uchajcie reporta\u017cu d\u017awi\u0119kowego!","datePublished":"2022-08-05T13:40:56+00:00","dateModified":"2022-09-26T12:18:55+00:00","mainEntityOfPage":{"@id":"https:\/\/nockultury.pl\/pl\/jak-brzmi-noc-kultury-posluchajcie-reportazu-dzwiekowego\/"},"wordCount":99,"publisher":{"@id":"https:\/\/nockultury.pl\/pl\/#organization"},"image":{"@id":"https:\/\/nockultury.pl\/pl\/jak-brzmi-noc-kultury-posluchajcie-reportazu-dzwiekowego\/#primaryimage"},"thumbnailUrl":"https:\/\/nockultury.pl\/wp-content\/uploads\/2022\/06\/fot._Jakub_Bodys-e1654281716713.jpg","articleSection":["aktualno\u015b\u0107"],"inLanguage":"pl-PL"},{"@type":"WebPage","@id":"https:\/\/nockultury.pl\/pl\/jak-brzmi-noc-kultury-posluchajcie-reportazu-dzwiekowego\/","url":"https:\/\/nockultury.pl\/pl\/jak-brzmi-noc-kultury-posluchajcie-reportazu-dzwiekowego\/","name":"Jak BRZMI Noc Kultury? Pos\u0142uchajcie reporta\u017cu d\u017awi\u0119kowego! - Noc Kultury","isPartOf":{"@id":"https:\/\/nockultury.pl\/pl\/#website"},"primaryImageOfPage":{"@id":"https:\/\/nockultury.pl\/pl\/jak-brzmi-noc-kultury-posluchajcie-reportazu-dzwiekowego\/#primaryimage"},"image":{"@id":"https:\/\/nockultury.pl\/pl\/jak-brzmi-noc-kultury-posluchajcie-reportazu-dzwiekowego\/#primaryimage"},"thumbnailUrl":"https:\/\/nockultury.pl\/wp-content\/uploads\/2022\/06\/fot._Jakub_Bodys-e1654281716713.jpg","datePublished":"2022-08-05T13:40:56+00:00","dateModified":"2022-09-26T12:18:55+00:00","breadcrumb":{"@id":"https:\/\/nockultury.pl\/pl\/jak-brzmi-noc-kultury-posluchajcie-reportazu-dzwiekowego\/#breadcrumb"},"inLanguage":"pl-PL","potentialAction":[{"@type":"ReadAction","target":["https:\/\/nockultury.pl\/pl\/jak-brzmi-noc-kultury-posluchajcie-reportazu-dzwiekowego\/"]}]},{"@type":"ImageObject","inLanguage":"pl-PL","@id":"https:\/\/nockultury.pl\/pl\/jak-brzmi-noc-kultury-posluchajcie-reportazu-dzwiekowego\/#primaryimage","url":"https:\/\/nockultury.pl\/wp-content\/uploads\/2022\/06\/fot._Jakub_Bodys-e1654281716713.jpg","contentUrl":"https:\/\/nockultury.pl\/wp-content\/uploads\/2022\/06\/fot._Jakub_Bodys-e1654281716713.jpg","width":882,"height":800,"caption":"Kobieta robi zdj\u0119cie pod\u015bwietlanemu napisowi \"Nocna zmiana\"."},{"@type":"BreadcrumbList","@id":"https:\/\/nockultury.pl\/pl\/jak-brzmi-noc-kultury-posluchajcie-reportazu-dzwiekowego\/#breadcrumb","itemListElement":[{"@type":"ListItem","position":1,"name":"Strona g\u0142\u00f3wna","item":"https:\/\/nockultury.pl\/pl\/"},{"@type":"ListItem","position":2,"name":"Jak BRZMI Noc Kultury? Pos\u0142uchajcie reporta\u017cu d\u017awi\u0119kowego!"}]},{"@type":"WebSite","@id":"https:\/\/nockultury.pl\/pl\/#website","url":"https:\/\/nockultury.pl\/pl\/","name":"Noc Kultury","description":"Lublin, Stare Miasto | wst\u0119p wolny","publisher":{"@id":"https:\/\/nockultury.pl\/pl\/#organization"},"potentialAction":[{"@type":"SearchAction","target":{"@type":"EntryPoint","urlTemplate":"https:\/\/nockultury.pl\/pl\/?s={search_term_string}"},"query-input":{"@type":"PropertyValueSpecification","valueRequired":true,"valueName":"search_term_string"}}],"inLanguage":"pl-PL"},{"@type":"Organization","@id":"https:\/\/nockultury.pl\/pl\/#organization","name":"Warsztaty Kultury w Lublinie","url":"https:\/\/nockultury.pl\/pl\/","logo":{"@type":"ImageObject","inLanguage":"pl-PL","@id":"https:\/\/nockultury.pl\/pl\/#\/schema\/logo\/image\/","url":"https:\/\/nockultury.pl\/wp-content\/uploads\/2020\/03\/NOC-KULTURY-LOGO-170.jpg","contentUrl":"https:\/\/nockultury.pl\/wp-content\/uploads\/2020\/03\/NOC-KULTURY-LOGO-170.jpg","width":170,"height":79,"caption":"Warsztaty Kultury w Lublinie"},"image":{"@id":"https:\/\/nockultury.pl\/pl\/#\/schema\/logo\/image\/"},"sameAs":["https:\/\/www.facebook.com\/NocKultury\/","https:\/\/www.instagram.com\/nockultury\/","https:\/\/www.youtube.com\/@videonockultury"]},{"@type":"Person","@id":"https:\/\/nockultury.pl\/pl\/#\/schema\/person\/4720e32c52aa6b49e5c3022a927bfe26","name":"admin_nk","image":{"@type":"ImageObject","inLanguage":"pl-PL","@id":"https:\/\/nockultury.pl\/pl\/#\/schema\/person\/image\/","url":"https:\/\/secure.gravatar.com\/avatar\/407110da9576f3167e12d8fc2b032f23162c02e21af96323c071520f7890f40a?s=96&d=mm&r=g","contentUrl":"https:\/\/secure.gravatar.com\/avatar\/407110da9576f3167e12d8fc2b032f23162c02e21af96323c071520f7890f40a?s=96&d=mm&r=g","caption":"admin_nk"}}]}},"_links":{"self":[{"href":"https:\/\/nockultury.pl\/pl\/wp-json\/wp\/v2\/posts\/42485","targetHints":{"allow":["GET"]}}],"collection":[{"href":"https:\/\/nockultury.pl\/pl\/wp-json\/wp\/v2\/posts"}],"about":[{"href":"https:\/\/nockultury.pl\/pl\/wp-json\/wp\/v2\/types\/post"}],"author":[{"embeddable":true,"href":"https:\/\/nockultury.pl\/pl\/wp-json\/wp\/v2\/users\/1"}],"replies":[{"embeddable":true,"href":"https:\/\/nockultury.pl\/pl\/wp-json\/wp\/v2\/comments?post=42485"}],"version-history":[{"count":0,"href":"https:\/\/nockultury.pl\/pl\/wp-json\/wp\/v2\/posts\/42485\/revisions"}],"wp:featuredmedia":[{"embeddable":true,"href":"https:\/\/nockultury.pl\/pl\/wp-json\/wp\/v2\/media\/42453"}],"wp:attachment":[{"href":"https:\/\/nockultury.pl\/pl\/wp-json\/wp\/v2\/media?parent=42485"}],"wp:term":[{"taxonomy":"category","embeddable":true,"href":"https:\/\/nockultury.pl\/pl\/wp-json\/wp\/v2\/categories?post=42485"},{"taxonomy":"post_tag","embeddable":true,"href":"https:\/\/nockultury.pl\/pl\/wp-json\/wp\/v2\/tags?post=42485"}],"curies":[{"name":"wp","href":"https:\/\/api.w.org\/{rel}","templated":true}]}}