{"id":43004,"date":"2023-03-27T09:23:25","date_gmt":"2023-03-27T07:23:25","guid":{"rendered":"https:\/\/nockultury.pl\/?p=43004"},"modified":"2023-04-03T13:29:33","modified_gmt":"2023-04-03T11:29:33","slug":"dolacz-do-grona-wolontariuszy-medialnych-nabor","status":"publish","type":"post","link":"https:\/\/nockultury.pl\/pl\/dolacz-do-grona-wolontariuszy-medialnych-nabor\/","title":{"rendered":"Do\u0142\u0105cz do grona Wolontariuszy i Wolontariuszek Medialnych! | Nab\u00f3r"},"content":{"rendered":"<div class=\"fusion-align-block\"><a class=\"fusion-button button-flat button-medium button-pink fusion-button-pink button-1 fusion-button-span-yes fusion-button-default-type\" style=\"--button_margin-bottom:2.5%;\" target=\"_blank\" rel=\"noopener noreferrer\" href=\"https:\/\/docs.google.com\/forms\/d\/e\/1FAIpQLSenZWZn37Qo-Tabryih-7ugVBOMxaTAxMzsbHZN6UxRs--EZQ\/viewform?usp=sf_link\"><span class=\"fusion-button-text awb-button__text awb-button__text--default\">ZAPISY <\/span><\/a><\/div>\n<h2 class=\"fusion-responsive-typography-calculated\" data-fontsize=\"14.4\" data-lineheight=\"16.704px\"><strong>Opis wydarzenia<\/strong><\/h2>\n<p>Letnie festiwale organizowane przez Warsztaty Kultury nie mog\u0105 oby\u0107 si\u0119 bez wolontariuszy! Je\u015bli interesuje Ci\u0119 opowiadanie o kulturze za pomoc\u0105 fotografii lub medi\u00f3w spo\u0142eczno\u015bciowych, to mamy dla Ciebie niepowtarzaln\u0105 okazj\u0119 zdobycia praktycznych umiej\u0119tno\u015bci w tych obszarach. Wsp\u00f3\u0142praca z nami to nie tylko szansa na rozwijanie swoich pasji i umiej\u0119tno\u015bci, lecz tak\u017ce mo\u017cliwo\u015b\u0107 prze\u017cycia niezapomnianych chwil podczas organizacji najwi\u0119kszych festiwali w Lublinie. Nie zwlekaj i zg\u0142o\u015b si\u0119 ju\u017c dzi\u015b!<\/p>\n<p>Zapraszamy osoby powy\u017cej 16. roku \u017cycia do uczestnictwa w programie Wolontariatu Medialnego. Jego celem jest rozw\u00f3j kompetencji medialnych uczestnik\u00f3w i uczestniczek programu oraz wsparcie medialne i promocyjne czterech festiwali organizowanych przez Warsztaty Kultury w Lublinie:<\/p>\n<ul>\n<li>Noc Kultury \u2013 3\/4 czerwca 2023 r.;<\/li>\n<li>Wsch\u00f3d Kultury \u2013 Inne Brzmienia \u2013 6\u20139 lipca 2023 r.;<\/li>\n<li>Carnaval Sztukmistrz\u00f3w \u2013 27\u201330 lipca 2023 r.;<\/li>\n<li>Re:tradycja \u2013 Jarmark Jagiello\u0144ski \u2013 18\u201320 sierpnia 2023 r.<\/li>\n<\/ul>\n<p><strong><u><br \/>\nWybierz grup\u0119, w kt\u00f3rej chcesz si\u0119 rozwija\u0107<\/u><\/strong><\/p>\n<p>Jako wolontariusze medialni b\u0119dziecie pracowa\u0107 w jednej z dw\u00f3ch wybranych przez siebie grup. Zapewnimy Wam kr\u00f3tki cykl przygotowawczy pod okiem do\u015bwiadczonych trener\u00f3w oraz wsparcie mentora w trakcie festiwali.<\/p>\n<p><strong>1. Grupa&nbsp;<\/strong>\u2013<strong>&nbsp;Fotografia eventowa<\/strong><\/p>\n<p>Jak by\u0107 fotografem-reporta\u017cyst\u0105 oraz jak by\u0107 niewidzialnym, a mimo wszystko znajdowa\u0107 si\u0119 w centrum wydarzenia; mentor grupy: Ignac Tokarczyk \/&nbsp;<a href=\"https:\/\/www.instagram.com\/ignactokarczyk\/\">https:\/\/www.instagram.com\/ignactokarczyk\/<\/a><\/p>\n<p><strong>2. Grupa&nbsp;<\/strong>\u2013<strong>&nbsp;Festiwalowe social media<\/strong><\/p>\n<p>Jak skutecznie wykorzystywa\u0107 Facebook i Instagram do promocji wydarzenia kulturalnego; mentorka grupy: Agata Wiatr \/&nbsp;<a href=\"https:\/\/www.instagram.com\/wiatr.agata\/\">https:\/\/www.instagram.com\/wiatr.agata\/<\/a><\/p>\n<p><strong><u>Jakich os\u00f3b szukamy?<\/u><\/strong><\/p>\n<ul>\n<li>Zainteresowanych kultur\u0105 oraz wsp\u00f3\u0142tworzeniem obs\u0142ugi medialnej du\u017cych wydarze\u0144 kulturalnych;<\/li>\n<li>Zainteresowanych mediami i posiadaj\u0105cych umiej\u0119tno\u015bci z zakresu fotografii, filmowania, medi\u00f3w spo\u0142eczno\u015bciowych;<\/li>\n<li>Posiadaj\u0105cych aparaty fotograficzne\/smartfony z dobrym aparatem oraz potrafi\u0105cych z nich korzysta\u0107;<\/li>\n<li>Otwartych, komunikatywnych, nie boj\u0105cych si\u0119 kontakt\u00f3w z nasz\u0105 publiczno\u015bci\u0105.<\/li>\n<\/ul>\n<p><strong><u>Czego mo\u017cesz si\u0119 spodziewa\u0107?<\/u><\/strong><\/p>\n<p>Jako wolontariusz\/wolontariuszka naszych festiwali:<\/p>\n<ul>\n<li>B\u0119dziesz w samym \u015brodku organizacji najwi\u0119kszych lubelskich wydarze\u0144 kulturalnych;<\/li>\n<li>Zobaczysz festiwale \u201eod kuchni\u201d;<\/li>\n<li>Zdob\u0119dziesz nowe kompetencje medialne i cyfrowe;<\/li>\n<li>Nabierzesz do\u015bwiadczenia pod okiem profesjonalist\u00f3w, rozwiniesz pasje i zainteresowania;<\/li>\n<li>Nauczysz si\u0119 skutecznej pracy w grupie;<\/li>\n<li>Podpiszesz porozumienie o wolontariacie i dostaniesz za\u015bwiadczenie o jego odbyciu;<\/li>\n<li>Poznasz nowych ludzi i b\u0119dziesz si\u0119 \u015bwietnie bawi\u0107!<\/li>\n<\/ul>\n<p><strong>&nbsp;<\/strong>Udzia\u0142 w wolontariacie mo\u017ce zosta\u0107 zaliczony na poczet praktyk studenckich \u2013 daj nam o tym zna\u0107 w formularzu zg\u0142oszeniowym.<\/p>\n<p>Od przysz\u0142ych wolontariuszy medialnych wymagamy aktywnego udzia\u0142u w spotkaniach przygotowawczych (maj\/czerwiec 2023) oraz pe\u0142nej dyspozycyjno\u015bci czasowej w trakcie naszych festiwali. Uprzedzamy, \u017ce wolontariat w trakcie festiwali cz\u0119sto wi\u0105\u017ce si\u0119 z konieczno\u015bci\u0105 pracy w godzinach wieczornych\/nocnych.<\/p>\n<p><strong>Rekrutacja trwa od 3 do 16 kwietnia 2023 roku. Liczba miejsc ograniczona. Zakwalifikowanie si\u0119 do projektu potwierdzimy do 21 kwietnia.<\/strong><\/p>\n<p><strong>Zapisy<\/strong>: wype\u0142nij&nbsp;<a href=\"https:\/\/docs.google.com\/forms\/d\/e\/1FAIpQLSenZWZn37Qo-Tabryih-7ugVBOMxaTAxMzsbHZN6UxRs--EZQ\/viewform?usp=sf_link\"><strong>formularz zg\u0142oszeniowy.&nbsp;<\/strong><\/a>Przes\u0142anie wype\u0142nionego formularza nie jest r\u00f3wnoznaczne z przyj\u0119ciem na wolontariat. Do wszystkich zg\u0142oszonych os\u00f3b odezwiemy si\u0119 do 21 kwietnia, ale rezerwujemy sobie prawo do wyboru ostatecznych uczestnik\u00f3w projektu na podstawie odpowiedzi udzielonych w formularzu.<\/p>\n<p>Podczas wype\u0142niania formularza zg\u0142oszeniowego uwa\u017cnie okre\u015blcie swoj\u0105 dyspozycyjno\u015b\u0107 przed festiwalami i w ich trakcie.<\/p>\n<h2 class=\"fusion-responsive-typography-calculated\" data-fontsize=\"14.4\" data-lineheight=\"16.704px\"><strong>Informacje praktyczne<\/strong><\/h2>\n<p><strong>Kiedy:<\/strong><br \/>\nmaj\u2013czerwiec \u2013 spotkania przygotowawcze<br \/>\nczerwiec\u2013sierpie\u0144 \u2013 pe\u0142na dyspozycyjno\u015b\u0107 czasowa w trakcie naszych festiwali<br \/>\n<strong>Gdzie:<\/strong><br \/>\nspotkania przygotowawcze \u2013 Warsztaty Kultury w Lublinie, ul. Grodzka 5a<br \/>\nfestiwale \u2013 teren Starego Miasta w Lublinie<br \/>\n<strong>Dla kogo:<\/strong>&nbsp;dla os\u00f3b powy\u017cej 16. roku \u017cycia<br \/>\n<strong>Zapisy:<\/strong>&nbsp;przez<strong>&nbsp;<a href=\"https:\/\/docs.google.com\/forms\/d\/e\/1FAIpQLSenZWZn37Qo-Tabryih-7ugVBOMxaTAxMzsbHZN6UxRs--EZQ\/closedform\" target=\"_blank\" rel=\"noopener\">formularz zg\u0142oszeniowy<\/a>&nbsp;<\/strong>dost\u0119pny na stronie warsztatykultury.pl. Zakwalifikowanie si\u0119 do projektu potwierdzimy do 21 kwietnia.<\/p>\n<p><strong>Udzia\u0142 w projekcie jest bezp\u0142atny.<\/strong><\/p>\n","protected":false},"excerpt":{"rendered":"<p>Opis wydarzenia Letnie festiwale organizowane przez Warsztaty Kultury nie mog\u0105  [&#8230;]<\/p>\n","protected":false},"author":8,"featured_media":43005,"comment_status":"closed","ping_status":"open","sticky":false,"template":"","format":"standard","meta":{"_acf_changed":false,"ngg_post_thumbnail":0,"footnotes":""},"categories":[1],"tags":[],"class_list":["post-43004","post","type-post","status-publish","format-standard","has-post-thumbnail","hentry","category-bez-kategorii"],"acf":[],"yoast_head":"<!-- This site is optimized with the Yoast SEO plugin v26.1.1 - https:\/\/yoast.com\/wordpress\/plugins\/seo\/ -->\n<title>Do\u0142\u0105cz do grona Wolontariuszy Medialnych! | Nab\u00f3r<\/title>\n<meta name=\"description\" content=\"Wsp\u00f3\u0142praca z nami to nie tylko szansa na rozwijanie swoich pasji i umiej\u0119tno\u015bci, lecz tak\u017ce mo\u017cliwo\u015b\u0107 prze\u017cycia niezapomnianych chwil.\" \/>\n<meta name=\"robots\" content=\"index, follow, max-snippet:-1, max-image-preview:large, max-video-preview:-1\" \/>\n<link rel=\"canonical\" href=\"https:\/\/nockultury.pl\/pl\/dolacz-do-grona-wolontariuszy-medialnych-nabor\/\" \/>\n<meta property=\"og:locale\" content=\"pl_PL\" \/>\n<meta property=\"og:type\" content=\"article\" \/>\n<meta property=\"og:title\" content=\"Do\u0142\u0105cz do grona Wolontariuszy Medialnych! | Nab\u00f3r\" \/>\n<meta property=\"og:description\" content=\"Wsp\u00f3\u0142praca z nami to nie tylko szansa na rozwijanie swoich pasji i umiej\u0119tno\u015bci, lecz tak\u017ce mo\u017cliwo\u015b\u0107 prze\u017cycia niezapomnianych chwil.\" \/>\n<meta property=\"og:url\" content=\"https:\/\/nockultury.pl\/pl\/dolacz-do-grona-wolontariuszy-medialnych-nabor\/\" \/>\n<meta property=\"og:site_name\" content=\"Noc Kultury\" \/>\n<meta property=\"article:publisher\" content=\"https:\/\/www.facebook.com\/NocKultury\/\" \/>\n<meta property=\"article:published_time\" content=\"2023-03-27T07:23:25+00:00\" \/>\n<meta property=\"article:modified_time\" content=\"2023-04-03T11:29:33+00:00\" \/>\n<meta property=\"og:image\" content=\"https:\/\/nockultury.pl\/wp-content\/uploads\/2023\/03\/wolo_kwadrat.jpg\" \/>\n\t<meta property=\"og:image:width\" content=\"1080\" \/>\n\t<meta property=\"og:image:height\" content=\"1080\" \/>\n\t<meta property=\"og:image:type\" content=\"image\/jpeg\" \/>\n<meta name=\"author\" content=\"Ma\u0142gorzata Stanek\" \/>\n<meta name=\"twitter:card\" content=\"summary_large_image\" \/>\n<meta name=\"twitter:label1\" content=\"Napisane przez\" \/>\n\t<meta name=\"twitter:data1\" content=\"Ma\u0142gorzata Stanek\" \/>\n\t<meta name=\"twitter:label2\" content=\"Szacowany czas czytania\" \/>\n\t<meta name=\"twitter:data2\" content=\"4 minuty\" \/>\n<script type=\"application\/ld+json\" class=\"yoast-schema-graph\">{\"@context\":\"https:\/\/schema.org\",\"@graph\":[{\"@type\":\"Article\",\"@id\":\"https:\/\/nockultury.pl\/pl\/dolacz-do-grona-wolontariuszy-medialnych-nabor\/#article\",\"isPartOf\":{\"@id\":\"https:\/\/nockultury.pl\/pl\/dolacz-do-grona-wolontariuszy-medialnych-nabor\/\"},\"author\":{\"name\":\"Ma\u0142gorzata Stanek\",\"@id\":\"https:\/\/nockultury.pl\/pl\/#\/schema\/person\/b455ea53392e5908331cf9642243f21c\"},\"headline\":\"Do\u0142\u0105cz do grona Wolontariuszy i Wolontariuszek Medialnych! | Nab\u00f3r\",\"datePublished\":\"2023-03-27T07:23:25+00:00\",\"dateModified\":\"2023-04-03T11:29:33+00:00\",\"mainEntityOfPage\":{\"@id\":\"https:\/\/nockultury.pl\/pl\/dolacz-do-grona-wolontariuszy-medialnych-nabor\/\"},\"wordCount\":778,\"publisher\":{\"@id\":\"https:\/\/nockultury.pl\/pl\/#organization\"},\"image\":{\"@id\":\"https:\/\/nockultury.pl\/pl\/dolacz-do-grona-wolontariuszy-medialnych-nabor\/#primaryimage\"},\"thumbnailUrl\":\"https:\/\/nockultury.pl\/wp-content\/uploads\/2023\/03\/wolo_kwadrat.jpg\",\"inLanguage\":\"pl-PL\"},{\"@type\":\"WebPage\",\"@id\":\"https:\/\/nockultury.pl\/pl\/dolacz-do-grona-wolontariuszy-medialnych-nabor\/\",\"url\":\"https:\/\/nockultury.pl\/pl\/dolacz-do-grona-wolontariuszy-medialnych-nabor\/\",\"name\":\"Do\u0142\u0105cz do grona Wolontariuszy Medialnych! | Nab\u00f3r\",\"isPartOf\":{\"@id\":\"https:\/\/nockultury.pl\/pl\/#website\"},\"primaryImageOfPage\":{\"@id\":\"https:\/\/nockultury.pl\/pl\/dolacz-do-grona-wolontariuszy-medialnych-nabor\/#primaryimage\"},\"image\":{\"@id\":\"https:\/\/nockultury.pl\/pl\/dolacz-do-grona-wolontariuszy-medialnych-nabor\/#primaryimage\"},\"thumbnailUrl\":\"https:\/\/nockultury.pl\/wp-content\/uploads\/2023\/03\/wolo_kwadrat.jpg\",\"datePublished\":\"2023-03-27T07:23:25+00:00\",\"dateModified\":\"2023-04-03T11:29:33+00:00\",\"description\":\"Wsp\u00f3\u0142praca z nami to nie tylko szansa na rozwijanie swoich pasji i umiej\u0119tno\u015bci, lecz tak\u017ce mo\u017cliwo\u015b\u0107 prze\u017cycia niezapomnianych chwil.\",\"breadcrumb\":{\"@id\":\"https:\/\/nockultury.pl\/pl\/dolacz-do-grona-wolontariuszy-medialnych-nabor\/#breadcrumb\"},\"inLanguage\":\"pl-PL\",\"potentialAction\":[{\"@type\":\"ReadAction\",\"target\":[\"https:\/\/nockultury.pl\/pl\/dolacz-do-grona-wolontariuszy-medialnych-nabor\/\"]}]},{\"@type\":\"ImageObject\",\"inLanguage\":\"pl-PL\",\"@id\":\"https:\/\/nockultury.pl\/pl\/dolacz-do-grona-wolontariuszy-medialnych-nabor\/#primaryimage\",\"url\":\"https:\/\/nockultury.pl\/wp-content\/uploads\/2023\/03\/wolo_kwadrat.jpg\",\"contentUrl\":\"https:\/\/nockultury.pl\/wp-content\/uploads\/2023\/03\/wolo_kwadrat.jpg\",\"width\":1080,\"height\":1080,\"caption\":\"Grafika z aparatem fotograficznym, kom\u00f3rk\u0105 i s\u0142uchawkami.\"},{\"@type\":\"BreadcrumbList\",\"@id\":\"https:\/\/nockultury.pl\/pl\/dolacz-do-grona-wolontariuszy-medialnych-nabor\/#breadcrumb\",\"itemListElement\":[{\"@type\":\"ListItem\",\"position\":1,\"name\":\"Strona g\u0142\u00f3wna\",\"item\":\"https:\/\/nockultury.pl\/pl\/\"},{\"@type\":\"ListItem\",\"position\":2,\"name\":\"Do\u0142\u0105cz do grona Wolontariuszy i Wolontariuszek Medialnych! | Nab\u00f3r\"}]},{\"@type\":\"WebSite\",\"@id\":\"https:\/\/nockultury.pl\/pl\/#website\",\"url\":\"https:\/\/nockultury.pl\/pl\/\",\"name\":\"Noc Kultury\",\"description\":\"Lublin, Stare Miasto | wst\u0119p wolny\",\"publisher\":{\"@id\":\"https:\/\/nockultury.pl\/pl\/#organization\"},\"potentialAction\":[{\"@type\":\"SearchAction\",\"target\":{\"@type\":\"EntryPoint\",\"urlTemplate\":\"https:\/\/nockultury.pl\/pl\/?s={search_term_string}\"},\"query-input\":{\"@type\":\"PropertyValueSpecification\",\"valueRequired\":true,\"valueName\":\"search_term_string\"}}],\"inLanguage\":\"pl-PL\"},{\"@type\":\"Organization\",\"@id\":\"https:\/\/nockultury.pl\/pl\/#organization\",\"name\":\"Warsztaty Kultury w Lublinie\",\"url\":\"https:\/\/nockultury.pl\/pl\/\",\"logo\":{\"@type\":\"ImageObject\",\"inLanguage\":\"pl-PL\",\"@id\":\"https:\/\/nockultury.pl\/pl\/#\/schema\/logo\/image\/\",\"url\":\"https:\/\/nockultury.pl\/wp-content\/uploads\/2020\/03\/NOC-KULTURY-LOGO-170.jpg\",\"contentUrl\":\"https:\/\/nockultury.pl\/wp-content\/uploads\/2020\/03\/NOC-KULTURY-LOGO-170.jpg\",\"width\":170,\"height\":79,\"caption\":\"Warsztaty Kultury w Lublinie\"},\"image\":{\"@id\":\"https:\/\/nockultury.pl\/pl\/#\/schema\/logo\/image\/\"},\"sameAs\":[\"https:\/\/www.facebook.com\/NocKultury\/\",\"https:\/\/www.instagram.com\/nockultury\/\",\"https:\/\/www.youtube.com\/@videonockultury\"]},{\"@type\":\"Person\",\"@id\":\"https:\/\/nockultury.pl\/pl\/#\/schema\/person\/b455ea53392e5908331cf9642243f21c\",\"name\":\"Ma\u0142gorzata Stanek\",\"image\":{\"@type\":\"ImageObject\",\"inLanguage\":\"pl-PL\",\"@id\":\"https:\/\/nockultury.pl\/pl\/#\/schema\/person\/image\/\",\"url\":\"https:\/\/secure.gravatar.com\/avatar\/45935340e0720354e023c66e68c2c506b7ca3adf6417db0177bb9e832d57e28c?s=96&d=mm&r=g\",\"contentUrl\":\"https:\/\/secure.gravatar.com\/avatar\/45935340e0720354e023c66e68c2c506b7ca3adf6417db0177bb9e832d57e28c?s=96&d=mm&r=g\",\"caption\":\"Ma\u0142gorzata Stanek\"}}]}<\/script>\n<!-- \/ Yoast SEO plugin. -->","yoast_head_json":{"title":"Do\u0142\u0105cz do grona Wolontariuszy Medialnych! | Nab\u00f3r","description":"Wsp\u00f3\u0142praca z nami to nie tylko szansa na rozwijanie swoich pasji i umiej\u0119tno\u015bci, lecz tak\u017ce mo\u017cliwo\u015b\u0107 prze\u017cycia niezapomnianych chwil.","robots":{"index":"index","follow":"follow","max-snippet":"max-snippet:-1","max-image-preview":"max-image-preview:large","max-video-preview":"max-video-preview:-1"},"canonical":"https:\/\/nockultury.pl\/pl\/dolacz-do-grona-wolontariuszy-medialnych-nabor\/","og_locale":"pl_PL","og_type":"article","og_title":"Do\u0142\u0105cz do grona Wolontariuszy Medialnych! | Nab\u00f3r","og_description":"Wsp\u00f3\u0142praca z nami to nie tylko szansa na rozwijanie swoich pasji i umiej\u0119tno\u015bci, lecz tak\u017ce mo\u017cliwo\u015b\u0107 prze\u017cycia niezapomnianych chwil.","og_url":"https:\/\/nockultury.pl\/pl\/dolacz-do-grona-wolontariuszy-medialnych-nabor\/","og_site_name":"Noc Kultury","article_publisher":"https:\/\/www.facebook.com\/NocKultury\/","article_published_time":"2023-03-27T07:23:25+00:00","article_modified_time":"2023-04-03T11:29:33+00:00","og_image":[{"width":1080,"height":1080,"url":"https:\/\/nockultury.pl\/wp-content\/uploads\/2023\/03\/wolo_kwadrat.jpg","type":"image\/jpeg"}],"author":"Ma\u0142gorzata Stanek","twitter_card":"summary_large_image","twitter_misc":{"Napisane przez":"Ma\u0142gorzata Stanek","Szacowany czas czytania":"4 minuty"},"schema":{"@context":"https:\/\/schema.org","@graph":[{"@type":"Article","@id":"https:\/\/nockultury.pl\/pl\/dolacz-do-grona-wolontariuszy-medialnych-nabor\/#article","isPartOf":{"@id":"https:\/\/nockultury.pl\/pl\/dolacz-do-grona-wolontariuszy-medialnych-nabor\/"},"author":{"name":"Ma\u0142gorzata Stanek","@id":"https:\/\/nockultury.pl\/pl\/#\/schema\/person\/b455ea53392e5908331cf9642243f21c"},"headline":"Do\u0142\u0105cz do grona Wolontariuszy i Wolontariuszek Medialnych! | Nab\u00f3r","datePublished":"2023-03-27T07:23:25+00:00","dateModified":"2023-04-03T11:29:33+00:00","mainEntityOfPage":{"@id":"https:\/\/nockultury.pl\/pl\/dolacz-do-grona-wolontariuszy-medialnych-nabor\/"},"wordCount":778,"publisher":{"@id":"https:\/\/nockultury.pl\/pl\/#organization"},"image":{"@id":"https:\/\/nockultury.pl\/pl\/dolacz-do-grona-wolontariuszy-medialnych-nabor\/#primaryimage"},"thumbnailUrl":"https:\/\/nockultury.pl\/wp-content\/uploads\/2023\/03\/wolo_kwadrat.jpg","inLanguage":"pl-PL"},{"@type":"WebPage","@id":"https:\/\/nockultury.pl\/pl\/dolacz-do-grona-wolontariuszy-medialnych-nabor\/","url":"https:\/\/nockultury.pl\/pl\/dolacz-do-grona-wolontariuszy-medialnych-nabor\/","name":"Do\u0142\u0105cz do grona Wolontariuszy Medialnych! | Nab\u00f3r","isPartOf":{"@id":"https:\/\/nockultury.pl\/pl\/#website"},"primaryImageOfPage":{"@id":"https:\/\/nockultury.pl\/pl\/dolacz-do-grona-wolontariuszy-medialnych-nabor\/#primaryimage"},"image":{"@id":"https:\/\/nockultury.pl\/pl\/dolacz-do-grona-wolontariuszy-medialnych-nabor\/#primaryimage"},"thumbnailUrl":"https:\/\/nockultury.pl\/wp-content\/uploads\/2023\/03\/wolo_kwadrat.jpg","datePublished":"2023-03-27T07:23:25+00:00","dateModified":"2023-04-03T11:29:33+00:00","description":"Wsp\u00f3\u0142praca z nami to nie tylko szansa na rozwijanie swoich pasji i umiej\u0119tno\u015bci, lecz tak\u017ce mo\u017cliwo\u015b\u0107 prze\u017cycia niezapomnianych chwil.","breadcrumb":{"@id":"https:\/\/nockultury.pl\/pl\/dolacz-do-grona-wolontariuszy-medialnych-nabor\/#breadcrumb"},"inLanguage":"pl-PL","potentialAction":[{"@type":"ReadAction","target":["https:\/\/nockultury.pl\/pl\/dolacz-do-grona-wolontariuszy-medialnych-nabor\/"]}]},{"@type":"ImageObject","inLanguage":"pl-PL","@id":"https:\/\/nockultury.pl\/pl\/dolacz-do-grona-wolontariuszy-medialnych-nabor\/#primaryimage","url":"https:\/\/nockultury.pl\/wp-content\/uploads\/2023\/03\/wolo_kwadrat.jpg","contentUrl":"https:\/\/nockultury.pl\/wp-content\/uploads\/2023\/03\/wolo_kwadrat.jpg","width":1080,"height":1080,"caption":"Grafika z aparatem fotograficznym, kom\u00f3rk\u0105 i s\u0142uchawkami."},{"@type":"BreadcrumbList","@id":"https:\/\/nockultury.pl\/pl\/dolacz-do-grona-wolontariuszy-medialnych-nabor\/#breadcrumb","itemListElement":[{"@type":"ListItem","position":1,"name":"Strona g\u0142\u00f3wna","item":"https:\/\/nockultury.pl\/pl\/"},{"@type":"ListItem","position":2,"name":"Do\u0142\u0105cz do grona Wolontariuszy i Wolontariuszek Medialnych! | Nab\u00f3r"}]},{"@type":"WebSite","@id":"https:\/\/nockultury.pl\/pl\/#website","url":"https:\/\/nockultury.pl\/pl\/","name":"Noc Kultury","description":"Lublin, Stare Miasto | wst\u0119p wolny","publisher":{"@id":"https:\/\/nockultury.pl\/pl\/#organization"},"potentialAction":[{"@type":"SearchAction","target":{"@type":"EntryPoint","urlTemplate":"https:\/\/nockultury.pl\/pl\/?s={search_term_string}"},"query-input":{"@type":"PropertyValueSpecification","valueRequired":true,"valueName":"search_term_string"}}],"inLanguage":"pl-PL"},{"@type":"Organization","@id":"https:\/\/nockultury.pl\/pl\/#organization","name":"Warsztaty Kultury w Lublinie","url":"https:\/\/nockultury.pl\/pl\/","logo":{"@type":"ImageObject","inLanguage":"pl-PL","@id":"https:\/\/nockultury.pl\/pl\/#\/schema\/logo\/image\/","url":"https:\/\/nockultury.pl\/wp-content\/uploads\/2020\/03\/NOC-KULTURY-LOGO-170.jpg","contentUrl":"https:\/\/nockultury.pl\/wp-content\/uploads\/2020\/03\/NOC-KULTURY-LOGO-170.jpg","width":170,"height":79,"caption":"Warsztaty Kultury w Lublinie"},"image":{"@id":"https:\/\/nockultury.pl\/pl\/#\/schema\/logo\/image\/"},"sameAs":["https:\/\/www.facebook.com\/NocKultury\/","https:\/\/www.instagram.com\/nockultury\/","https:\/\/www.youtube.com\/@videonockultury"]},{"@type":"Person","@id":"https:\/\/nockultury.pl\/pl\/#\/schema\/person\/b455ea53392e5908331cf9642243f21c","name":"Ma\u0142gorzata Stanek","image":{"@type":"ImageObject","inLanguage":"pl-PL","@id":"https:\/\/nockultury.pl\/pl\/#\/schema\/person\/image\/","url":"https:\/\/secure.gravatar.com\/avatar\/45935340e0720354e023c66e68c2c506b7ca3adf6417db0177bb9e832d57e28c?s=96&d=mm&r=g","contentUrl":"https:\/\/secure.gravatar.com\/avatar\/45935340e0720354e023c66e68c2c506b7ca3adf6417db0177bb9e832d57e28c?s=96&d=mm&r=g","caption":"Ma\u0142gorzata Stanek"}}]}},"_links":{"self":[{"href":"https:\/\/nockultury.pl\/pl\/wp-json\/wp\/v2\/posts\/43004","targetHints":{"allow":["GET"]}}],"collection":[{"href":"https:\/\/nockultury.pl\/pl\/wp-json\/wp\/v2\/posts"}],"about":[{"href":"https:\/\/nockultury.pl\/pl\/wp-json\/wp\/v2\/types\/post"}],"author":[{"embeddable":true,"href":"https:\/\/nockultury.pl\/pl\/wp-json\/wp\/v2\/users\/8"}],"replies":[{"embeddable":true,"href":"https:\/\/nockultury.pl\/pl\/wp-json\/wp\/v2\/comments?post=43004"}],"version-history":[{"count":0,"href":"https:\/\/nockultury.pl\/pl\/wp-json\/wp\/v2\/posts\/43004\/revisions"}],"wp:featuredmedia":[{"embeddable":true,"href":"https:\/\/nockultury.pl\/pl\/wp-json\/wp\/v2\/media\/43005"}],"wp:attachment":[{"href":"https:\/\/nockultury.pl\/pl\/wp-json\/wp\/v2\/media?parent=43004"}],"wp:term":[{"taxonomy":"category","embeddable":true,"href":"https:\/\/nockultury.pl\/pl\/wp-json\/wp\/v2\/categories?post=43004"},{"taxonomy":"post_tag","embeddable":true,"href":"https:\/\/nockultury.pl\/pl\/wp-json\/wp\/v2\/tags?post=43004"}],"curies":[{"name":"wp","href":"https:\/\/api.w.org\/{rel}","templated":true}]}}