{"id":43420,"date":"2023-04-26T09:49:09","date_gmt":"2023-04-26T07:49:09","guid":{"rendered":"https:\/\/nockultury.pl\/?p=43420"},"modified":"2023-04-26T09:49:09","modified_gmt":"2023-04-26T07:49:09","slug":"szukamy-wolontariuszy-i-wolontariuszek-na-noc-kultury","status":"publish","type":"post","link":"https:\/\/nockultury.pl\/pl\/szukamy-wolontariuszy-i-wolontariuszek-na-noc-kultury\/","title":{"rendered":"Szukamy Wolontariuszy i Wolontariuszek na Noc Kultury!"},"content":{"rendered":"<div class=\"fusion-align-block\"><a class=\"fusion-button button-flat button-medium button-pink fusion-button-pink button-1 fusion-button-span-yes fusion-button-default-type\" style=\"--button_margin-bottom:2.5%;\" target=\"_blank\" rel=\"noopener noreferrer\" href=\"https:\/\/forms.gle\/JNVEj1Bkb6DPCBNw6\"><span class=\"fusion-button-text awb-button__text awb-button__text--default\">ZAPISY <\/span><\/a><\/div>\n<p>Rusza otwarty nab\u00f3r Wolontariuszy, kt\u00f3rzy chc\u0105 pom\u00f3c przy organizacji najwi\u0119kszych letnich festiwali w Lublinie! Poszukujemy pe\u0142nych energii i ch\u0119ci do dzia\u0142ania wolontariuszy, kt\u00f3rzy chcieliby przy\u0142\u0105czy\u0107 si\u0119 do naszego zespo\u0142u! Na Twoj\u0105 pomoc czeka Noc Kultury.<\/p>\n<p><strong>Dlaczego warto?<\/strong><\/p>\n<ul>\n<li>Po\u0107wiczysz \u201eobs\u0142ug\u0119 klienta\u201d w kontakcie z odbiorc\u0105 festiwalu<\/li>\n<li>Rozwiniesz kompetencje mi\u0119kkie<\/li>\n<li>Wzbogacisz swoje CV<\/li>\n<li>Sprawdzisz si\u0119 rozmawiaj\u0105c w j\u0119zyku obcym<\/li>\n<li>Poznasz naszych artyst\u00f3w opiekuj\u0105c si\u0119 nimi podczas wydarzenia<\/li>\n<li>Zobaczysz jak wygl\u0105da techniczna strona organizacji festiwali<\/li>\n<li>Nauczysz si\u0119 skutecznej pracy w grupie<\/li>\n<li>Podpiszesz porozumienie o wolontariacie i dostaniesz za\u015bwiadczenie o jego odbyciu<\/li>\n<li>Poznasz nowych ludzi<\/li>\n<li>Prze\u017cyjesz niezapomniane chwile<\/li>\n<\/ul>\n<p>Udzia\u0142 w wolontariacie mo\u017ce zosta\u0107 zaliczony na poczet praktyk studenckich \u2013 daj nam o tym zna\u0107 w&nbsp;<a href=\"https:\/\/forms.gle\/JNVEj1Bkb6DPCBNw6\" target=\"_blank\" rel=\"noopener\">formularzu zg\u0142oszeniowym<\/a>&nbsp;dost\u0119pnym na stronie www.warsztatykultury.pl<\/p>\n<p><strong>O wydarzeniu<\/strong><\/p>\n<p>Has\u0142o tegorocznej Noc Kultury ( \u00be czerwca 2023) brzmi \u201ePo\u0142\u0105cz kropki\u201d. A kto lepiej, ni\u017c Wolontariusze, doradzi i wyt\u0142umaczy, jak po\u0142\u0105czy\u0107 poszczeg\u00f3lne punkty programu tak, by nie pomin\u0105\u0107 \u017cadnego z nich? Naszym Wolontariuszom oferujemy kompleksowe przygotowanie (poprzez spotkania i warsztaty), du\u017co wyrozumia\u0142o\u015bci i po\u015bwi\u0119conego czasu, niepowtarzalne wspomnienia i wystawiane od serca za\u015bwiadczenia. A przede wszystkim bycie cz\u0119\u015bci\u0105 wspania\u0142ych wydarze\u0144: koncert\u00f3w, spotka\u0144, warsztat\u00f3w i wystaw.<\/p>\n<p>Zainteresowanych prosimy o wype\u0142nienie ankiety rekrutacyjnej&nbsp;<a href=\"https:\/\/forms.gle\/JNVEj1Bkb6DPCBNw6\" target=\"_blank\" rel=\"noopener\">ANKIETA<\/a><\/p>\n<p><strong>Informacje praktyczne<\/strong><\/p>\n<p>Kiedy:<\/p>\n<ul>\n<li>rekrutacja Wolontariuszy trwa od 26 kwietnia do 10 maja 2023 r.<\/li>\n<li>&nbsp;od 16.05.2023 \u2013 03.06.2023 r.\u2013 spotkania i szkolenia (kilka termin\u00f3w, czas trwania spotka\u0144: 2 lub 3 godz., szczeg\u00f3\u0142owy terminarz spotka\u0144 prze\u015blemy w dniu og\u0142oszenia wynik\u00f3w rekrutacji).<\/li>\n<li>od 01.06. 2023 r. \u2013 04.06.2023 r.\u2013 najwi\u0119ksze zaanga\u017cowanie Wolontariuszy w przygotowanie wydarzenia (szczeg\u00f3\u0142owy grafik do ustalenia)<\/li>\n<\/ul>\n<p>Dla kogo: os\u00f3b powy\u017cej 13 roku \u017cycia<\/p>\n<p>Zapisy:&nbsp;<a href=\"https:\/\/forms.gle\/JNVEj1Bkb6DPCBNw6\" target=\"_blank\" rel=\"noopener\">przez formularz online dost\u0119pny na stronie www.warsztatykultury.pl<\/a><\/p>\n<p>Ju\u017c teraz trwa nab\u00f3r Wolontariuszy na festiwal Wch\u00f3d Kultury \u2013 Inne Brzmienia a wkr\u00f3tce ruszy rekrutacja do kolejnych festiwali organizowanych przez Warsztaty Kultury w Lublinie: Re:tradycja \u2013 Jarmark Jagiello\u0144ski oraz Carnaval Sztukmistrz\u00f3w.<\/p>\n","protected":false},"excerpt":{"rendered":"<p>Rusza otwarty nab\u00f3r Wolontariuszy, kt\u00f3rzy chc\u0105 pom\u00f3c przy organizacji najwi\u0119kszych  [&#8230;]<\/p>\n","protected":false},"author":8,"featured_media":43421,"comment_status":"closed","ping_status":"open","sticky":false,"template":"","format":"standard","meta":{"_acf_changed":false,"ngg_post_thumbnail":0,"footnotes":""},"categories":[1],"tags":[],"class_list":["post-43420","post","type-post","status-publish","format-standard","has-post-thumbnail","hentry","category-bez-kategorii"],"acf":[],"yoast_head":"<!-- This site is optimized with the Yoast SEO plugin v26.1.1 - https:\/\/yoast.com\/wordpress\/plugins\/seo\/ -->\n<title>Szukamy Wolontariuszy i Wolontariuszek na Noc Kultury! - Noc Kultury<\/title>\n<meta name=\"robots\" content=\"index, follow, max-snippet:-1, max-image-preview:large, max-video-preview:-1\" \/>\n<link rel=\"canonical\" href=\"https:\/\/nockultury.pl\/pl\/szukamy-wolontariuszy-i-wolontariuszek-na-noc-kultury\/\" \/>\n<meta property=\"og:locale\" content=\"pl_PL\" \/>\n<meta property=\"og:type\" content=\"article\" \/>\n<meta property=\"og:title\" content=\"Szukamy Wolontariuszy i Wolontariuszek na Noc Kultury! - Noc Kultury\" \/>\n<meta property=\"og:description\" content=\"Rusza otwarty nab\u00f3r Wolontariuszy, kt\u00f3rzy chc\u0105 pom\u00f3c przy organizacji najwi\u0119kszych [...]\" \/>\n<meta property=\"og:url\" content=\"https:\/\/nockultury.pl\/pl\/szukamy-wolontariuszy-i-wolontariuszek-na-noc-kultury\/\" \/>\n<meta property=\"og:site_name\" content=\"Noc Kultury\" \/>\n<meta property=\"article:publisher\" content=\"https:\/\/www.facebook.com\/NocKultury\/\" \/>\n<meta property=\"article:published_time\" content=\"2023-04-26T07:49:09+00:00\" \/>\n<meta property=\"og:image\" content=\"https:\/\/nockultury.pl\/wp-content\/uploads\/2023\/04\/nk_kwadrat.png\" \/>\n\t<meta property=\"og:image:width\" content=\"1080\" \/>\n\t<meta property=\"og:image:height\" content=\"1080\" \/>\n\t<meta property=\"og:image:type\" content=\"image\/png\" \/>\n<meta name=\"author\" content=\"Ma\u0142gorzata Stanek\" \/>\n<meta name=\"twitter:card\" content=\"summary_large_image\" \/>\n<meta name=\"twitter:label1\" content=\"Napisane przez\" \/>\n\t<meta name=\"twitter:data1\" content=\"Ma\u0142gorzata Stanek\" \/>\n\t<meta name=\"twitter:label2\" content=\"Szacowany czas czytania\" \/>\n\t<meta name=\"twitter:data2\" content=\"3 minuty\" \/>\n<script type=\"application\/ld+json\" class=\"yoast-schema-graph\">{\"@context\":\"https:\/\/schema.org\",\"@graph\":[{\"@type\":\"Article\",\"@id\":\"https:\/\/nockultury.pl\/pl\/szukamy-wolontariuszy-i-wolontariuszek-na-noc-kultury\/#article\",\"isPartOf\":{\"@id\":\"https:\/\/nockultury.pl\/pl\/szukamy-wolontariuszy-i-wolontariuszek-na-noc-kultury\/\"},\"author\":{\"name\":\"Ma\u0142gorzata Stanek\",\"@id\":\"https:\/\/nockultury.pl\/pl\/#\/schema\/person\/b455ea53392e5908331cf9642243f21c\"},\"headline\":\"Szukamy Wolontariuszy i Wolontariuszek na Noc Kultury!\",\"datePublished\":\"2023-04-26T07:49:09+00:00\",\"mainEntityOfPage\":{\"@id\":\"https:\/\/nockultury.pl\/pl\/szukamy-wolontariuszy-i-wolontariuszek-na-noc-kultury\/\"},\"wordCount\":519,\"publisher\":{\"@id\":\"https:\/\/nockultury.pl\/pl\/#organization\"},\"image\":{\"@id\":\"https:\/\/nockultury.pl\/pl\/szukamy-wolontariuszy-i-wolontariuszek-na-noc-kultury\/#primaryimage\"},\"thumbnailUrl\":\"https:\/\/nockultury.pl\/wp-content\/uploads\/2023\/04\/nk_kwadrat.png\",\"inLanguage\":\"pl-PL\"},{\"@type\":\"WebPage\",\"@id\":\"https:\/\/nockultury.pl\/pl\/szukamy-wolontariuszy-i-wolontariuszek-na-noc-kultury\/\",\"url\":\"https:\/\/nockultury.pl\/pl\/szukamy-wolontariuszy-i-wolontariuszek-na-noc-kultury\/\",\"name\":\"Szukamy Wolontariuszy i Wolontariuszek na Noc Kultury! - Noc Kultury\",\"isPartOf\":{\"@id\":\"https:\/\/nockultury.pl\/pl\/#website\"},\"primaryImageOfPage\":{\"@id\":\"https:\/\/nockultury.pl\/pl\/szukamy-wolontariuszy-i-wolontariuszek-na-noc-kultury\/#primaryimage\"},\"image\":{\"@id\":\"https:\/\/nockultury.pl\/pl\/szukamy-wolontariuszy-i-wolontariuszek-na-noc-kultury\/#primaryimage\"},\"thumbnailUrl\":\"https:\/\/nockultury.pl\/wp-content\/uploads\/2023\/04\/nk_kwadrat.png\",\"datePublished\":\"2023-04-26T07:49:09+00:00\",\"breadcrumb\":{\"@id\":\"https:\/\/nockultury.pl\/pl\/szukamy-wolontariuszy-i-wolontariuszek-na-noc-kultury\/#breadcrumb\"},\"inLanguage\":\"pl-PL\",\"potentialAction\":[{\"@type\":\"ReadAction\",\"target\":[\"https:\/\/nockultury.pl\/pl\/szukamy-wolontariuszy-i-wolontariuszek-na-noc-kultury\/\"]}]},{\"@type\":\"ImageObject\",\"inLanguage\":\"pl-PL\",\"@id\":\"https:\/\/nockultury.pl\/pl\/szukamy-wolontariuszy-i-wolontariuszek-na-noc-kultury\/#primaryimage\",\"url\":\"https:\/\/nockultury.pl\/wp-content\/uploads\/2023\/04\/nk_kwadrat.png\",\"contentUrl\":\"https:\/\/nockultury.pl\/wp-content\/uploads\/2023\/04\/nk_kwadrat.png\",\"width\":1080,\"height\":1080,\"caption\":\"Wolontariusze w punkcie informacyjnym udzielaj\u0105 informacji.\"},{\"@type\":\"BreadcrumbList\",\"@id\":\"https:\/\/nockultury.pl\/pl\/szukamy-wolontariuszy-i-wolontariuszek-na-noc-kultury\/#breadcrumb\",\"itemListElement\":[{\"@type\":\"ListItem\",\"position\":1,\"name\":\"Strona g\u0142\u00f3wna\",\"item\":\"https:\/\/nockultury.pl\/pl\/\"},{\"@type\":\"ListItem\",\"position\":2,\"name\":\"Szukamy Wolontariuszy i Wolontariuszek na Noc Kultury!\"}]},{\"@type\":\"WebSite\",\"@id\":\"https:\/\/nockultury.pl\/pl\/#website\",\"url\":\"https:\/\/nockultury.pl\/pl\/\",\"name\":\"Noc Kultury\",\"description\":\"Lublin, Stare Miasto | wst\u0119p wolny\",\"publisher\":{\"@id\":\"https:\/\/nockultury.pl\/pl\/#organization\"},\"potentialAction\":[{\"@type\":\"SearchAction\",\"target\":{\"@type\":\"EntryPoint\",\"urlTemplate\":\"https:\/\/nockultury.pl\/pl\/?s={search_term_string}\"},\"query-input\":{\"@type\":\"PropertyValueSpecification\",\"valueRequired\":true,\"valueName\":\"search_term_string\"}}],\"inLanguage\":\"pl-PL\"},{\"@type\":\"Organization\",\"@id\":\"https:\/\/nockultury.pl\/pl\/#organization\",\"name\":\"Warsztaty Kultury w Lublinie\",\"url\":\"https:\/\/nockultury.pl\/pl\/\",\"logo\":{\"@type\":\"ImageObject\",\"inLanguage\":\"pl-PL\",\"@id\":\"https:\/\/nockultury.pl\/pl\/#\/schema\/logo\/image\/\",\"url\":\"https:\/\/nockultury.pl\/wp-content\/uploads\/2020\/03\/NOC-KULTURY-LOGO-170.jpg\",\"contentUrl\":\"https:\/\/nockultury.pl\/wp-content\/uploads\/2020\/03\/NOC-KULTURY-LOGO-170.jpg\",\"width\":170,\"height\":79,\"caption\":\"Warsztaty Kultury w Lublinie\"},\"image\":{\"@id\":\"https:\/\/nockultury.pl\/pl\/#\/schema\/logo\/image\/\"},\"sameAs\":[\"https:\/\/www.facebook.com\/NocKultury\/\",\"https:\/\/www.instagram.com\/nockultury\/\",\"https:\/\/www.youtube.com\/@videonockultury\"]},{\"@type\":\"Person\",\"@id\":\"https:\/\/nockultury.pl\/pl\/#\/schema\/person\/b455ea53392e5908331cf9642243f21c\",\"name\":\"Ma\u0142gorzata Stanek\",\"image\":{\"@type\":\"ImageObject\",\"inLanguage\":\"pl-PL\",\"@id\":\"https:\/\/nockultury.pl\/pl\/#\/schema\/person\/image\/\",\"url\":\"https:\/\/secure.gravatar.com\/avatar\/45935340e0720354e023c66e68c2c506b7ca3adf6417db0177bb9e832d57e28c?s=96&d=mm&r=g\",\"contentUrl\":\"https:\/\/secure.gravatar.com\/avatar\/45935340e0720354e023c66e68c2c506b7ca3adf6417db0177bb9e832d57e28c?s=96&d=mm&r=g\",\"caption\":\"Ma\u0142gorzata Stanek\"}}]}<\/script>\n<!-- \/ Yoast SEO plugin. -->","yoast_head_json":{"title":"Szukamy Wolontariuszy i Wolontariuszek na Noc Kultury! - Noc Kultury","robots":{"index":"index","follow":"follow","max-snippet":"max-snippet:-1","max-image-preview":"max-image-preview:large","max-video-preview":"max-video-preview:-1"},"canonical":"https:\/\/nockultury.pl\/pl\/szukamy-wolontariuszy-i-wolontariuszek-na-noc-kultury\/","og_locale":"pl_PL","og_type":"article","og_title":"Szukamy Wolontariuszy i Wolontariuszek na Noc Kultury! - Noc Kultury","og_description":"Rusza otwarty nab\u00f3r Wolontariuszy, kt\u00f3rzy chc\u0105 pom\u00f3c przy organizacji najwi\u0119kszych [...]","og_url":"https:\/\/nockultury.pl\/pl\/szukamy-wolontariuszy-i-wolontariuszek-na-noc-kultury\/","og_site_name":"Noc Kultury","article_publisher":"https:\/\/www.facebook.com\/NocKultury\/","article_published_time":"2023-04-26T07:49:09+00:00","og_image":[{"width":1080,"height":1080,"url":"https:\/\/nockultury.pl\/wp-content\/uploads\/2023\/04\/nk_kwadrat.png","type":"image\/png"}],"author":"Ma\u0142gorzata Stanek","twitter_card":"summary_large_image","twitter_misc":{"Napisane przez":"Ma\u0142gorzata Stanek","Szacowany czas czytania":"3 minuty"},"schema":{"@context":"https:\/\/schema.org","@graph":[{"@type":"Article","@id":"https:\/\/nockultury.pl\/pl\/szukamy-wolontariuszy-i-wolontariuszek-na-noc-kultury\/#article","isPartOf":{"@id":"https:\/\/nockultury.pl\/pl\/szukamy-wolontariuszy-i-wolontariuszek-na-noc-kultury\/"},"author":{"name":"Ma\u0142gorzata Stanek","@id":"https:\/\/nockultury.pl\/pl\/#\/schema\/person\/b455ea53392e5908331cf9642243f21c"},"headline":"Szukamy Wolontariuszy i Wolontariuszek na Noc Kultury!","datePublished":"2023-04-26T07:49:09+00:00","mainEntityOfPage":{"@id":"https:\/\/nockultury.pl\/pl\/szukamy-wolontariuszy-i-wolontariuszek-na-noc-kultury\/"},"wordCount":519,"publisher":{"@id":"https:\/\/nockultury.pl\/pl\/#organization"},"image":{"@id":"https:\/\/nockultury.pl\/pl\/szukamy-wolontariuszy-i-wolontariuszek-na-noc-kultury\/#primaryimage"},"thumbnailUrl":"https:\/\/nockultury.pl\/wp-content\/uploads\/2023\/04\/nk_kwadrat.png","inLanguage":"pl-PL"},{"@type":"WebPage","@id":"https:\/\/nockultury.pl\/pl\/szukamy-wolontariuszy-i-wolontariuszek-na-noc-kultury\/","url":"https:\/\/nockultury.pl\/pl\/szukamy-wolontariuszy-i-wolontariuszek-na-noc-kultury\/","name":"Szukamy Wolontariuszy i Wolontariuszek na Noc Kultury! - Noc Kultury","isPartOf":{"@id":"https:\/\/nockultury.pl\/pl\/#website"},"primaryImageOfPage":{"@id":"https:\/\/nockultury.pl\/pl\/szukamy-wolontariuszy-i-wolontariuszek-na-noc-kultury\/#primaryimage"},"image":{"@id":"https:\/\/nockultury.pl\/pl\/szukamy-wolontariuszy-i-wolontariuszek-na-noc-kultury\/#primaryimage"},"thumbnailUrl":"https:\/\/nockultury.pl\/wp-content\/uploads\/2023\/04\/nk_kwadrat.png","datePublished":"2023-04-26T07:49:09+00:00","breadcrumb":{"@id":"https:\/\/nockultury.pl\/pl\/szukamy-wolontariuszy-i-wolontariuszek-na-noc-kultury\/#breadcrumb"},"inLanguage":"pl-PL","potentialAction":[{"@type":"ReadAction","target":["https:\/\/nockultury.pl\/pl\/szukamy-wolontariuszy-i-wolontariuszek-na-noc-kultury\/"]}]},{"@type":"ImageObject","inLanguage":"pl-PL","@id":"https:\/\/nockultury.pl\/pl\/szukamy-wolontariuszy-i-wolontariuszek-na-noc-kultury\/#primaryimage","url":"https:\/\/nockultury.pl\/wp-content\/uploads\/2023\/04\/nk_kwadrat.png","contentUrl":"https:\/\/nockultury.pl\/wp-content\/uploads\/2023\/04\/nk_kwadrat.png","width":1080,"height":1080,"caption":"Wolontariusze w punkcie informacyjnym udzielaj\u0105 informacji."},{"@type":"BreadcrumbList","@id":"https:\/\/nockultury.pl\/pl\/szukamy-wolontariuszy-i-wolontariuszek-na-noc-kultury\/#breadcrumb","itemListElement":[{"@type":"ListItem","position":1,"name":"Strona g\u0142\u00f3wna","item":"https:\/\/nockultury.pl\/pl\/"},{"@type":"ListItem","position":2,"name":"Szukamy Wolontariuszy i Wolontariuszek na Noc Kultury!"}]},{"@type":"WebSite","@id":"https:\/\/nockultury.pl\/pl\/#website","url":"https:\/\/nockultury.pl\/pl\/","name":"Noc Kultury","description":"Lublin, Stare Miasto | wst\u0119p wolny","publisher":{"@id":"https:\/\/nockultury.pl\/pl\/#organization"},"potentialAction":[{"@type":"SearchAction","target":{"@type":"EntryPoint","urlTemplate":"https:\/\/nockultury.pl\/pl\/?s={search_term_string}"},"query-input":{"@type":"PropertyValueSpecification","valueRequired":true,"valueName":"search_term_string"}}],"inLanguage":"pl-PL"},{"@type":"Organization","@id":"https:\/\/nockultury.pl\/pl\/#organization","name":"Warsztaty Kultury w Lublinie","url":"https:\/\/nockultury.pl\/pl\/","logo":{"@type":"ImageObject","inLanguage":"pl-PL","@id":"https:\/\/nockultury.pl\/pl\/#\/schema\/logo\/image\/","url":"https:\/\/nockultury.pl\/wp-content\/uploads\/2020\/03\/NOC-KULTURY-LOGO-170.jpg","contentUrl":"https:\/\/nockultury.pl\/wp-content\/uploads\/2020\/03\/NOC-KULTURY-LOGO-170.jpg","width":170,"height":79,"caption":"Warsztaty Kultury w Lublinie"},"image":{"@id":"https:\/\/nockultury.pl\/pl\/#\/schema\/logo\/image\/"},"sameAs":["https:\/\/www.facebook.com\/NocKultury\/","https:\/\/www.instagram.com\/nockultury\/","https:\/\/www.youtube.com\/@videonockultury"]},{"@type":"Person","@id":"https:\/\/nockultury.pl\/pl\/#\/schema\/person\/b455ea53392e5908331cf9642243f21c","name":"Ma\u0142gorzata Stanek","image":{"@type":"ImageObject","inLanguage":"pl-PL","@id":"https:\/\/nockultury.pl\/pl\/#\/schema\/person\/image\/","url":"https:\/\/secure.gravatar.com\/avatar\/45935340e0720354e023c66e68c2c506b7ca3adf6417db0177bb9e832d57e28c?s=96&d=mm&r=g","contentUrl":"https:\/\/secure.gravatar.com\/avatar\/45935340e0720354e023c66e68c2c506b7ca3adf6417db0177bb9e832d57e28c?s=96&d=mm&r=g","caption":"Ma\u0142gorzata Stanek"}}]}},"_links":{"self":[{"href":"https:\/\/nockultury.pl\/pl\/wp-json\/wp\/v2\/posts\/43420","targetHints":{"allow":["GET"]}}],"collection":[{"href":"https:\/\/nockultury.pl\/pl\/wp-json\/wp\/v2\/posts"}],"about":[{"href":"https:\/\/nockultury.pl\/pl\/wp-json\/wp\/v2\/types\/post"}],"author":[{"embeddable":true,"href":"https:\/\/nockultury.pl\/pl\/wp-json\/wp\/v2\/users\/8"}],"replies":[{"embeddable":true,"href":"https:\/\/nockultury.pl\/pl\/wp-json\/wp\/v2\/comments?post=43420"}],"version-history":[{"count":0,"href":"https:\/\/nockultury.pl\/pl\/wp-json\/wp\/v2\/posts\/43420\/revisions"}],"wp:featuredmedia":[{"embeddable":true,"href":"https:\/\/nockultury.pl\/pl\/wp-json\/wp\/v2\/media\/43421"}],"wp:attachment":[{"href":"https:\/\/nockultury.pl\/pl\/wp-json\/wp\/v2\/media?parent=43420"}],"wp:term":[{"taxonomy":"category","embeddable":true,"href":"https:\/\/nockultury.pl\/pl\/wp-json\/wp\/v2\/categories?post=43420"},{"taxonomy":"post_tag","embeddable":true,"href":"https:\/\/nockultury.pl\/pl\/wp-json\/wp\/v2\/tags?post=43420"}],"curies":[{"name":"wp","href":"https:\/\/api.w.org\/{rel}","templated":true}]}}