{"id":44055,"date":"2023-05-18T16:05:37","date_gmt":"2023-05-18T14:05:37","guid":{"rendered":"https:\/\/nockultury.pl\/?p=44055"},"modified":"2023-05-18T16:07:08","modified_gmt":"2023-05-18T14:07:08","slug":"pokaz-nam-swoja-trase-nocy-kultury-konkurs","status":"publish","type":"post","link":"https:\/\/nockultury.pl\/pl\/pokaz-nam-swoja-trase-nocy-kultury-konkurs\/","title":{"rendered":"Poka\u017c nam swoj\u0105 tras\u0119 Nocy Kultury | KONKURS"},"content":{"rendered":"<p><strong>Wybierasz si\u0119 na tegoroczn\u0105 Noc Kultury, kt\u00f3ra odb\u0119dzie si\u0119 ju\u017c 3\/4 czerwca? Je\u015bli tak, to podziel si\u0119 z nami i innymi uczestnikami Festiwalu swoj\u0105 list\u0105 punkt\u00f3w programu obowi\u0105zkowych do zobaczenia. Wybierz 10 wydarze\u0144, kt\u00f3rych z pewno\u015bci\u0105 nie przegapisz i kt\u00f3re wed\u0142ug Ciebie zapowiadaj\u0105 si\u0119 najbardziej ciekawie. We\u017a udzia\u0142 w konkursie na najciekawsz\u0105 tras\u0119 Nocy Kultury i wygraj gad\u017cety festiwalowe.<\/strong><\/p>\n<h2>O co chodzi?<\/h2>\n<p>Noc Kultury to ponad setka wydarze\u0144. Wybra\u0107 spo\u015br\u00f3d nich jest naprawd\u0119 trudno. Szczeg\u00f3lnie, \u017ce czas jest ograniczony tylko do jednej czerwcowej nocy. Szukamy g\u0142odnych kulturalnych wra\u017ce\u0144 os\u00f3b, kt\u00f3re chcia\u0142yby si\u0119 podzieli\u0107 z nami oraz innymi uczestnikami Festiwalu swoimi planami na Noc Kultury. By\u0107 mo\u017ce kto\u015b odtworzy Twoj\u0105 tras\u0119 jeden do jednego?<\/p>\n<h2>Jak wzi\u0105\u0107 udzia\u0142 w konkursie?<\/h2>\n<p>Wystarczy, \u017ce wype\u0142nisz ankiet\u0119 dost\u0119pn\u0105 <a href=\"https:\/\/forms.gle\/EwvTbafZGndiScXQ8\">TUTAJ.<\/a> Interesuje nas wybrane przez Ciebie 10 najciekawszych wydarze\u0144 z tegorocznego programu Nocy Kultury. Prosimy te\u017c o kilka informacji o Tobie.<br \/>\nNa zg\u0142oszenia czekamy do 22 maja 2023 r. do godz. 9.00.<\/p>\n<h2>Jakie s\u0105 nagrody?<\/h2>\n<p>Mi\u0142y upominek w postaci gad\u017cet\u00f3w od Warsztat\u00f3w Kultury otrzyma pierwsze 30 os\u00f3b, kt\u00f3re prze\u015bl\u0105 nam swoj\u0105 tras\u0119. Spo\u015br\u00f3d wszystkich os\u00f3b bior\u0105cych udzia\u0142 w konkursie wybierzemy 3, kt\u00f3rych trasy by\u0142y najciekawsze. Te osoby otrzymaj\u0105 koszulk\u0119 i torb\u0119 Nocy Kultury oraz pakiet gad\u017cet\u00f3w od Warsztat\u00f3w Kultury, a ich trasy zostan\u0105 udost\u0119pnione na stronie Festiwalu oraz w mediach spo\u0142eczno\u015bciowych.<\/p>\n<h2>Kiedy b\u0119d\u0105 wyniki?<\/h2>\n<p>Wyniki konkursu zostan\u0105 og\u0142oszone ju\u017c 22 maja 2023 r. Nagrody b\u0119dzie mo\u017cna odebra\u0107 w punkcie informacyjnym Nocy Kultury zlokalizowanym na placu \u0141okietka w trakcie trwania Festiwalu \u2013 3\/4 czerwca 2023 r.<\/p>\n<p><a href=\"https:\/\/nockultury.pl\/wp-content\/uploads\/2023\/05\/Regulamin_konkursu_na_trase_Nocy_Kultury-1.docx\"><strong>Regulamin<\/strong><\/a><\/p>\n","protected":false},"excerpt":{"rendered":"<p>Wybierasz si\u0119 na tegoroczn\u0105 Noc Kultury, kt\u00f3ra odb\u0119dzie si\u0119 ju\u017c  [&#8230;]<\/p>\n","protected":false},"author":8,"featured_media":106,"comment_status":"closed","ping_status":"open","sticky":false,"template":"","format":"standard","meta":{"_acf_changed":false,"ngg_post_thumbnail":0,"footnotes":""},"categories":[1],"tags":[],"class_list":["post-44055","post","type-post","status-publish","format-standard","has-post-thumbnail","hentry","category-bez-kategorii"],"acf":[],"yoast_head":"<!-- This site is optimized with the Yoast SEO plugin v26.1.1 - https:\/\/yoast.com\/wordpress\/plugins\/seo\/ -->\n<title>Poka\u017c nam swoj\u0105 tras\u0119 Nocy Kultury<\/title>\n<meta name=\"description\" content=\"Wybierasz si\u0119 na tegoroczn\u0105 Noc Kultury, kt\u00f3ra odb\u0119dzie si\u0119 ju\u017c 3\/4 czerwca? Je\u015bli tak, to podziel si\u0119 z nami i innymi uczestnikami Festiwalu swoj\u0105 list\u0105 punkt\u00f3w programu.\" \/>\n<meta name=\"robots\" content=\"index, follow, max-snippet:-1, max-image-preview:large, max-video-preview:-1\" \/>\n<link rel=\"canonical\" href=\"https:\/\/nockultury.pl\/pl\/pokaz-nam-swoja-trase-nocy-kultury-konkurs\/\" \/>\n<meta property=\"og:locale\" content=\"pl_PL\" \/>\n<meta property=\"og:type\" content=\"article\" \/>\n<meta property=\"og:title\" content=\"Poka\u017c nam swoj\u0105 tras\u0119 Nocy Kultury\" \/>\n<meta property=\"og:description\" content=\"Wybierasz si\u0119 na tegoroczn\u0105 Noc Kultury, kt\u00f3ra odb\u0119dzie si\u0119 ju\u017c 3\/4 czerwca? Je\u015bli tak, to podziel si\u0119 z nami i innymi uczestnikami Festiwalu swoj\u0105 list\u0105 punkt\u00f3w programu.\" \/>\n<meta property=\"og:url\" content=\"https:\/\/nockultury.pl\/pl\/pokaz-nam-swoja-trase-nocy-kultury-konkurs\/\" \/>\n<meta property=\"og:site_name\" content=\"Noc Kultury\" \/>\n<meta property=\"article:publisher\" content=\"https:\/\/www.facebook.com\/NocKultury\/\" \/>\n<meta property=\"article:published_time\" content=\"2023-05-18T14:05:37+00:00\" \/>\n<meta property=\"article:modified_time\" content=\"2023-05-18T14:07:08+00:00\" \/>\n<meta property=\"og:image\" content=\"https:\/\/nockultury.pl\/wp-content\/uploads\/2020\/03\/atmosfera-e1584812813856.jpg\" \/>\n\t<meta property=\"og:image:width\" content=\"1325\" \/>\n\t<meta property=\"og:image:height\" content=\"1325\" \/>\n\t<meta property=\"og:image:type\" content=\"image\/jpeg\" \/>\n<meta name=\"author\" content=\"Ma\u0142gorzata Stanek\" \/>\n<meta name=\"twitter:card\" content=\"summary_large_image\" \/>\n<meta name=\"twitter:label1\" content=\"Napisane przez\" \/>\n\t<meta name=\"twitter:data1\" content=\"Ma\u0142gorzata Stanek\" \/>\n\t<meta name=\"twitter:label2\" content=\"Szacowany czas czytania\" \/>\n\t<meta name=\"twitter:data2\" content=\"2 minuty\" \/>\n<script type=\"application\/ld+json\" class=\"yoast-schema-graph\">{\"@context\":\"https:\/\/schema.org\",\"@graph\":[{\"@type\":\"Article\",\"@id\":\"https:\/\/nockultury.pl\/pl\/pokaz-nam-swoja-trase-nocy-kultury-konkurs\/#article\",\"isPartOf\":{\"@id\":\"https:\/\/nockultury.pl\/pl\/pokaz-nam-swoja-trase-nocy-kultury-konkurs\/\"},\"author\":{\"name\":\"Ma\u0142gorzata Stanek\",\"@id\":\"https:\/\/nockultury.pl\/pl\/#\/schema\/person\/b455ea53392e5908331cf9642243f21c\"},\"headline\":\"Poka\u017c nam swoj\u0105 tras\u0119 Nocy Kultury | KONKURS\",\"datePublished\":\"2023-05-18T14:05:37+00:00\",\"dateModified\":\"2023-05-18T14:07:08+00:00\",\"mainEntityOfPage\":{\"@id\":\"https:\/\/nockultury.pl\/pl\/pokaz-nam-swoja-trase-nocy-kultury-konkurs\/\"},\"wordCount\":288,\"publisher\":{\"@id\":\"https:\/\/nockultury.pl\/pl\/#organization\"},\"image\":{\"@id\":\"https:\/\/nockultury.pl\/pl\/pokaz-nam-swoja-trase-nocy-kultury-konkurs\/#primaryimage\"},\"thumbnailUrl\":\"https:\/\/nockultury.pl\/wp-content\/uploads\/2020\/03\/atmosfera-e1584812813856.jpg\",\"inLanguage\":\"pl-PL\"},{\"@type\":\"WebPage\",\"@id\":\"https:\/\/nockultury.pl\/pl\/pokaz-nam-swoja-trase-nocy-kultury-konkurs\/\",\"url\":\"https:\/\/nockultury.pl\/pl\/pokaz-nam-swoja-trase-nocy-kultury-konkurs\/\",\"name\":\"Poka\u017c nam swoj\u0105 tras\u0119 Nocy Kultury\",\"isPartOf\":{\"@id\":\"https:\/\/nockultury.pl\/pl\/#website\"},\"primaryImageOfPage\":{\"@id\":\"https:\/\/nockultury.pl\/pl\/pokaz-nam-swoja-trase-nocy-kultury-konkurs\/#primaryimage\"},\"image\":{\"@id\":\"https:\/\/nockultury.pl\/pl\/pokaz-nam-swoja-trase-nocy-kultury-konkurs\/#primaryimage\"},\"thumbnailUrl\":\"https:\/\/nockultury.pl\/wp-content\/uploads\/2020\/03\/atmosfera-e1584812813856.jpg\",\"datePublished\":\"2023-05-18T14:05:37+00:00\",\"dateModified\":\"2023-05-18T14:07:08+00:00\",\"description\":\"Wybierasz si\u0119 na tegoroczn\u0105 Noc Kultury, kt\u00f3ra odb\u0119dzie si\u0119 ju\u017c 3\/4 czerwca? Je\u015bli tak, to podziel si\u0119 z nami i innymi uczestnikami Festiwalu swoj\u0105 list\u0105 punkt\u00f3w programu.\",\"breadcrumb\":{\"@id\":\"https:\/\/nockultury.pl\/pl\/pokaz-nam-swoja-trase-nocy-kultury-konkurs\/#breadcrumb\"},\"inLanguage\":\"pl-PL\",\"potentialAction\":[{\"@type\":\"ReadAction\",\"target\":[\"https:\/\/nockultury.pl\/pl\/pokaz-nam-swoja-trase-nocy-kultury-konkurs\/\"]}]},{\"@type\":\"ImageObject\",\"inLanguage\":\"pl-PL\",\"@id\":\"https:\/\/nockultury.pl\/pl\/pokaz-nam-swoja-trase-nocy-kultury-konkurs\/#primaryimage\",\"url\":\"https:\/\/nockultury.pl\/wp-content\/uploads\/2020\/03\/atmosfera-e1584812813856.jpg\",\"contentUrl\":\"https:\/\/nockultury.pl\/wp-content\/uploads\/2020\/03\/atmosfera-e1584812813856.jpg\",\"width\":1325,\"height\":1325,\"caption\":\"Instalacja na Nocy Kultury\"},{\"@type\":\"BreadcrumbList\",\"@id\":\"https:\/\/nockultury.pl\/pl\/pokaz-nam-swoja-trase-nocy-kultury-konkurs\/#breadcrumb\",\"itemListElement\":[{\"@type\":\"ListItem\",\"position\":1,\"name\":\"Strona g\u0142\u00f3wna\",\"item\":\"https:\/\/nockultury.pl\/pl\/\"},{\"@type\":\"ListItem\",\"position\":2,\"name\":\"Poka\u017c nam swoj\u0105 tras\u0119 Nocy Kultury | KONKURS\"}]},{\"@type\":\"WebSite\",\"@id\":\"https:\/\/nockultury.pl\/pl\/#website\",\"url\":\"https:\/\/nockultury.pl\/pl\/\",\"name\":\"Noc Kultury\",\"description\":\"Lublin, Stare Miasto | wst\u0119p wolny\",\"publisher\":{\"@id\":\"https:\/\/nockultury.pl\/pl\/#organization\"},\"potentialAction\":[{\"@type\":\"SearchAction\",\"target\":{\"@type\":\"EntryPoint\",\"urlTemplate\":\"https:\/\/nockultury.pl\/pl\/?s={search_term_string}\"},\"query-input\":{\"@type\":\"PropertyValueSpecification\",\"valueRequired\":true,\"valueName\":\"search_term_string\"}}],\"inLanguage\":\"pl-PL\"},{\"@type\":\"Organization\",\"@id\":\"https:\/\/nockultury.pl\/pl\/#organization\",\"name\":\"Warsztaty Kultury w Lublinie\",\"url\":\"https:\/\/nockultury.pl\/pl\/\",\"logo\":{\"@type\":\"ImageObject\",\"inLanguage\":\"pl-PL\",\"@id\":\"https:\/\/nockultury.pl\/pl\/#\/schema\/logo\/image\/\",\"url\":\"https:\/\/nockultury.pl\/wp-content\/uploads\/2020\/03\/NOC-KULTURY-LOGO-170.jpg\",\"contentUrl\":\"https:\/\/nockultury.pl\/wp-content\/uploads\/2020\/03\/NOC-KULTURY-LOGO-170.jpg\",\"width\":170,\"height\":79,\"caption\":\"Warsztaty Kultury w Lublinie\"},\"image\":{\"@id\":\"https:\/\/nockultury.pl\/pl\/#\/schema\/logo\/image\/\"},\"sameAs\":[\"https:\/\/www.facebook.com\/NocKultury\/\",\"https:\/\/www.instagram.com\/nockultury\/\",\"https:\/\/www.youtube.com\/@videonockultury\"]},{\"@type\":\"Person\",\"@id\":\"https:\/\/nockultury.pl\/pl\/#\/schema\/person\/b455ea53392e5908331cf9642243f21c\",\"name\":\"Ma\u0142gorzata Stanek\",\"image\":{\"@type\":\"ImageObject\",\"inLanguage\":\"pl-PL\",\"@id\":\"https:\/\/nockultury.pl\/pl\/#\/schema\/person\/image\/\",\"url\":\"https:\/\/secure.gravatar.com\/avatar\/45935340e0720354e023c66e68c2c506b7ca3adf6417db0177bb9e832d57e28c?s=96&d=mm&r=g\",\"contentUrl\":\"https:\/\/secure.gravatar.com\/avatar\/45935340e0720354e023c66e68c2c506b7ca3adf6417db0177bb9e832d57e28c?s=96&d=mm&r=g\",\"caption\":\"Ma\u0142gorzata Stanek\"}}]}<\/script>\n<!-- \/ Yoast SEO plugin. -->","yoast_head_json":{"title":"Poka\u017c nam swoj\u0105 tras\u0119 Nocy Kultury","description":"Wybierasz si\u0119 na tegoroczn\u0105 Noc Kultury, kt\u00f3ra odb\u0119dzie si\u0119 ju\u017c 3\/4 czerwca? Je\u015bli tak, to podziel si\u0119 z nami i innymi uczestnikami Festiwalu swoj\u0105 list\u0105 punkt\u00f3w programu.","robots":{"index":"index","follow":"follow","max-snippet":"max-snippet:-1","max-image-preview":"max-image-preview:large","max-video-preview":"max-video-preview:-1"},"canonical":"https:\/\/nockultury.pl\/pl\/pokaz-nam-swoja-trase-nocy-kultury-konkurs\/","og_locale":"pl_PL","og_type":"article","og_title":"Poka\u017c nam swoj\u0105 tras\u0119 Nocy Kultury","og_description":"Wybierasz si\u0119 na tegoroczn\u0105 Noc Kultury, kt\u00f3ra odb\u0119dzie si\u0119 ju\u017c 3\/4 czerwca? Je\u015bli tak, to podziel si\u0119 z nami i innymi uczestnikami Festiwalu swoj\u0105 list\u0105 punkt\u00f3w programu.","og_url":"https:\/\/nockultury.pl\/pl\/pokaz-nam-swoja-trase-nocy-kultury-konkurs\/","og_site_name":"Noc Kultury","article_publisher":"https:\/\/www.facebook.com\/NocKultury\/","article_published_time":"2023-05-18T14:05:37+00:00","article_modified_time":"2023-05-18T14:07:08+00:00","og_image":[{"width":1325,"height":1325,"url":"https:\/\/nockultury.pl\/wp-content\/uploads\/2020\/03\/atmosfera-e1584812813856.jpg","type":"image\/jpeg"}],"author":"Ma\u0142gorzata Stanek","twitter_card":"summary_large_image","twitter_misc":{"Napisane przez":"Ma\u0142gorzata Stanek","Szacowany czas czytania":"2 minuty"},"schema":{"@context":"https:\/\/schema.org","@graph":[{"@type":"Article","@id":"https:\/\/nockultury.pl\/pl\/pokaz-nam-swoja-trase-nocy-kultury-konkurs\/#article","isPartOf":{"@id":"https:\/\/nockultury.pl\/pl\/pokaz-nam-swoja-trase-nocy-kultury-konkurs\/"},"author":{"name":"Ma\u0142gorzata Stanek","@id":"https:\/\/nockultury.pl\/pl\/#\/schema\/person\/b455ea53392e5908331cf9642243f21c"},"headline":"Poka\u017c nam swoj\u0105 tras\u0119 Nocy Kultury | KONKURS","datePublished":"2023-05-18T14:05:37+00:00","dateModified":"2023-05-18T14:07:08+00:00","mainEntityOfPage":{"@id":"https:\/\/nockultury.pl\/pl\/pokaz-nam-swoja-trase-nocy-kultury-konkurs\/"},"wordCount":288,"publisher":{"@id":"https:\/\/nockultury.pl\/pl\/#organization"},"image":{"@id":"https:\/\/nockultury.pl\/pl\/pokaz-nam-swoja-trase-nocy-kultury-konkurs\/#primaryimage"},"thumbnailUrl":"https:\/\/nockultury.pl\/wp-content\/uploads\/2020\/03\/atmosfera-e1584812813856.jpg","inLanguage":"pl-PL"},{"@type":"WebPage","@id":"https:\/\/nockultury.pl\/pl\/pokaz-nam-swoja-trase-nocy-kultury-konkurs\/","url":"https:\/\/nockultury.pl\/pl\/pokaz-nam-swoja-trase-nocy-kultury-konkurs\/","name":"Poka\u017c nam swoj\u0105 tras\u0119 Nocy Kultury","isPartOf":{"@id":"https:\/\/nockultury.pl\/pl\/#website"},"primaryImageOfPage":{"@id":"https:\/\/nockultury.pl\/pl\/pokaz-nam-swoja-trase-nocy-kultury-konkurs\/#primaryimage"},"image":{"@id":"https:\/\/nockultury.pl\/pl\/pokaz-nam-swoja-trase-nocy-kultury-konkurs\/#primaryimage"},"thumbnailUrl":"https:\/\/nockultury.pl\/wp-content\/uploads\/2020\/03\/atmosfera-e1584812813856.jpg","datePublished":"2023-05-18T14:05:37+00:00","dateModified":"2023-05-18T14:07:08+00:00","description":"Wybierasz si\u0119 na tegoroczn\u0105 Noc Kultury, kt\u00f3ra odb\u0119dzie si\u0119 ju\u017c 3\/4 czerwca? Je\u015bli tak, to podziel si\u0119 z nami i innymi uczestnikami Festiwalu swoj\u0105 list\u0105 punkt\u00f3w programu.","breadcrumb":{"@id":"https:\/\/nockultury.pl\/pl\/pokaz-nam-swoja-trase-nocy-kultury-konkurs\/#breadcrumb"},"inLanguage":"pl-PL","potentialAction":[{"@type":"ReadAction","target":["https:\/\/nockultury.pl\/pl\/pokaz-nam-swoja-trase-nocy-kultury-konkurs\/"]}]},{"@type":"ImageObject","inLanguage":"pl-PL","@id":"https:\/\/nockultury.pl\/pl\/pokaz-nam-swoja-trase-nocy-kultury-konkurs\/#primaryimage","url":"https:\/\/nockultury.pl\/wp-content\/uploads\/2020\/03\/atmosfera-e1584812813856.jpg","contentUrl":"https:\/\/nockultury.pl\/wp-content\/uploads\/2020\/03\/atmosfera-e1584812813856.jpg","width":1325,"height":1325,"caption":"Instalacja na Nocy Kultury"},{"@type":"BreadcrumbList","@id":"https:\/\/nockultury.pl\/pl\/pokaz-nam-swoja-trase-nocy-kultury-konkurs\/#breadcrumb","itemListElement":[{"@type":"ListItem","position":1,"name":"Strona g\u0142\u00f3wna","item":"https:\/\/nockultury.pl\/pl\/"},{"@type":"ListItem","position":2,"name":"Poka\u017c nam swoj\u0105 tras\u0119 Nocy Kultury | KONKURS"}]},{"@type":"WebSite","@id":"https:\/\/nockultury.pl\/pl\/#website","url":"https:\/\/nockultury.pl\/pl\/","name":"Noc Kultury","description":"Lublin, Stare Miasto | wst\u0119p wolny","publisher":{"@id":"https:\/\/nockultury.pl\/pl\/#organization"},"potentialAction":[{"@type":"SearchAction","target":{"@type":"EntryPoint","urlTemplate":"https:\/\/nockultury.pl\/pl\/?s={search_term_string}"},"query-input":{"@type":"PropertyValueSpecification","valueRequired":true,"valueName":"search_term_string"}}],"inLanguage":"pl-PL"},{"@type":"Organization","@id":"https:\/\/nockultury.pl\/pl\/#organization","name":"Warsztaty Kultury w Lublinie","url":"https:\/\/nockultury.pl\/pl\/","logo":{"@type":"ImageObject","inLanguage":"pl-PL","@id":"https:\/\/nockultury.pl\/pl\/#\/schema\/logo\/image\/","url":"https:\/\/nockultury.pl\/wp-content\/uploads\/2020\/03\/NOC-KULTURY-LOGO-170.jpg","contentUrl":"https:\/\/nockultury.pl\/wp-content\/uploads\/2020\/03\/NOC-KULTURY-LOGO-170.jpg","width":170,"height":79,"caption":"Warsztaty Kultury w Lublinie"},"image":{"@id":"https:\/\/nockultury.pl\/pl\/#\/schema\/logo\/image\/"},"sameAs":["https:\/\/www.facebook.com\/NocKultury\/","https:\/\/www.instagram.com\/nockultury\/","https:\/\/www.youtube.com\/@videonockultury"]},{"@type":"Person","@id":"https:\/\/nockultury.pl\/pl\/#\/schema\/person\/b455ea53392e5908331cf9642243f21c","name":"Ma\u0142gorzata Stanek","image":{"@type":"ImageObject","inLanguage":"pl-PL","@id":"https:\/\/nockultury.pl\/pl\/#\/schema\/person\/image\/","url":"https:\/\/secure.gravatar.com\/avatar\/45935340e0720354e023c66e68c2c506b7ca3adf6417db0177bb9e832d57e28c?s=96&d=mm&r=g","contentUrl":"https:\/\/secure.gravatar.com\/avatar\/45935340e0720354e023c66e68c2c506b7ca3adf6417db0177bb9e832d57e28c?s=96&d=mm&r=g","caption":"Ma\u0142gorzata Stanek"}}]}},"_links":{"self":[{"href":"https:\/\/nockultury.pl\/pl\/wp-json\/wp\/v2\/posts\/44055","targetHints":{"allow":["GET"]}}],"collection":[{"href":"https:\/\/nockultury.pl\/pl\/wp-json\/wp\/v2\/posts"}],"about":[{"href":"https:\/\/nockultury.pl\/pl\/wp-json\/wp\/v2\/types\/post"}],"author":[{"embeddable":true,"href":"https:\/\/nockultury.pl\/pl\/wp-json\/wp\/v2\/users\/8"}],"replies":[{"embeddable":true,"href":"https:\/\/nockultury.pl\/pl\/wp-json\/wp\/v2\/comments?post=44055"}],"version-history":[{"count":0,"href":"https:\/\/nockultury.pl\/pl\/wp-json\/wp\/v2\/posts\/44055\/revisions"}],"wp:featuredmedia":[{"embeddable":true,"href":"https:\/\/nockultury.pl\/pl\/wp-json\/wp\/v2\/media\/106"}],"wp:attachment":[{"href":"https:\/\/nockultury.pl\/pl\/wp-json\/wp\/v2\/media?parent=44055"}],"wp:term":[{"taxonomy":"category","embeddable":true,"href":"https:\/\/nockultury.pl\/pl\/wp-json\/wp\/v2\/categories?post=44055"},{"taxonomy":"post_tag","embeddable":true,"href":"https:\/\/nockultury.pl\/pl\/wp-json\/wp\/v2\/tags?post=44055"}],"curies":[{"name":"wp","href":"https:\/\/api.w.org\/{rel}","templated":true}]}}