{"id":44169,"date":"2023-05-22T14:16:41","date_gmt":"2023-05-22T12:16:41","guid":{"rendered":"https:\/\/nockultury.pl\/?p=44169"},"modified":"2023-05-22T14:19:46","modified_gmt":"2023-05-22T12:19:46","slug":"noc-kultury-dla-kazdego-sprawdz-jakie-plany-ma-ania","status":"publish","type":"post","link":"https:\/\/nockultury.pl\/pl\/noc-kultury-dla-kazdego-sprawdz-jakie-plany-ma-ania\/","title":{"rendered":"Noc Kultury dla ka\u017cdego! | Sprawd\u017a, jakie plany ma Ania!"},"content":{"rendered":"<p><strong>Jak tegoroczn\u0105 Noc Kultury (3\/4 czerwca, Lublin) sp\u0119dzi Ania (40 l.)? Co podczas tej wyj\u0105tkowej nocy planuje zobaczy\u0107? Jeste\u015bcie ciekawi? Koniecznie przeczytajcie ten artyku\u0142!<\/strong><\/p>\n<p>Lubelska Noc Kultury ju\u017c za nieca\u0142e dwa tygodnie (3\/4 czerwca 2023). Ogromna ilo\u015b\u0107 wydarze\u0144 tworzy niepowtarzalny klimat, a sztuka o\u017cywia miejsca nieznane lub zapomniane. Jak z tego wybra\u0107? Organizatorzy postanowili zorganizowa\u0107 specjalny konkurs pt. \u201ePoka\u017c nam swoj\u0105 tras\u0119 Nocy Kultury\u201d i zapyta\u0107 uczestnik\u00f3w Festiwalu o ich nocokulturowy rozk\u0142ad jazdy. Dzisiaj przedstawiaj\u0105 pierwsz\u0105 ze zwyci\u0119skich propozycji<strong>. <\/strong>Oto plan Ani (40 l.) \u2013 konsultantki \u017cywieniowej z Lublina, kt\u00f3ra na Noc Kultury wybiera si\u0119 razem z kole\u017cank\u0105. Pomimo \u017ce do tej pory tylko raz by\u0142a na Festiwalu, ju\u017c nie mo\u017ce si\u0119 doczeka\u0107 atrakcji przygotowanych specjalnie na te 7 godzin.<\/p>\n<p><em>\u2013<\/em> <em>Z jednej strony to niepowtarzalna okazja, by zasmakowa\u0107 kultur\u0119, sztuk\u0119 czy malarstwo m\u0142odego pokolenia oraz szansa, \u017ceby zobaczy\u0107 jak m\u0142odzi postrzegaj\u0105 nasze miasto. Z drugiej strony przyjrzenie si\u0119 naszemu miastu przez pryzmat fotografii znanego artysty <\/em>(Witolda Marczewskiego \u2013 przyp. red.)<em> to moment na zatrzymanie si\u0119 i nabranie dystansu do problem\u00f3w dnia codziennego i spojrzenie na nasze miasto innym okiem \u2013 <\/em>opowiada Ania.<\/p>\n<h2><strong>Punkty Nocy Kultury wybrane przez Ani\u0119:<br \/>\n<\/strong><\/h2>\n<p><strong><a href=\"https:\/\/nockultury.pl\/pl\/events\/lublin-pamiec-miejsca-wystawa\/\">&nbsp;\u201eLublin. Pami\u0119\u0107 miejsca\u201d | godz. 19.00, 20.00, 21.00, 22.00 | ul. Grodzka 21&nbsp;<\/a><br \/>\n&nbsp;(Na wydarzenie obowi\u0105zuj\u0105 zapisy: 100 miejsc \u2013 4 grupy po 25 os\u00f3b. Zapisy startuj\u0105 26 maja o godzinie 11.00 na stronie nockultury.pl)<br \/>\n<\/strong>Zwiedzanie z przewodnikiem wystawy \u201eLublin. Pami\u0119\u0107 miejsca\u201d po\u015bwi\u0119conej przedwojennemu Lublinowi. W miejscu, w kt\u00f3rym przez lata by\u0142y domy, synagogi i ulice, teraz jest wielki parking, nowe domy i droga szybkiego ruchu. Du\u017ca cz\u0119\u015b\u0107 tego terenu zosta\u0142a pokryta betonow\u0105 nawierzchni\u0105, pod kt\u00f3r\u0105 \u2013 razem z fundamentami dawnych \u017cydowskich budynk\u00f3w \u2013 zosta\u0142a schowana pami\u0119\u0107 o tych, kt\u00f3rzy kiedy\u015b tu mieszkali. Przez lata Brama zmienia\u0142a si\u0119 w miejsce, w kt\u00f3rym \u2013 jak w Arce Pami\u0119ci \u2013 ocalane s\u0105 dla przysz\u0142ych pokole\u0144 stare fotografie, dokumenty, wspomnienia. Wszystkie te materia\u0142y mo\u017cna zobaczy\u0107 na wystawie \u201eLublin. Pami\u0119\u0107 Miejsca\u201d.<\/p>\n<p><strong>Autor: O\u015brodek \u201eBrama Grodzka \u2013 Teatr NN\u201d<\/strong><\/p>\n<hr>\n<p><strong><a href=\"https:\/\/nockultury.pl\/pl\/events\/basniowy-ogrod\/\">Ba\u015bniowy Ogr\u00f3d<\/a> | 19.00\u201323.00 | Ogr\u00f3d Saski, al. Rac\u0142awickie 14<br \/>\n<\/strong>Spotkaj Calineczk\u0119, Dzikie \u0141ab\u0119dzie, Wielkiego Wilka z lasu czy Stalowego Je\u017ca, pos\u0142uchaj opowie\u015bci, muzyki, zobacz teatr i obrazy, kt\u00f3re pami\u0119tasz z ba\u015bni. Wejd\u017a do Bazy Mocy i poczuj swoje emocje. Do prze\u017cycia niezwyk\u0142ej przygody z ba\u015bni\u0105 zapraszaj\u0105 arty\u015bci, pisarze i ilustratorzy: J. Concejo, E. Wasiuczy\u0144ska, M. Sztyma, E. Baran z dzie\u0107mi, E. Selena, K. Enemuo z zespo\u0142em.<br \/>\n<strong>Autorzy i autorki: Dom S\u0142\u00f3w \/ Festiwal Alfabet<\/strong><\/p>\n<hr>\n<p><strong><a href=\"https:\/\/nockultury.pl\/pl\/events\/deszcz-kwiatow-instalacja\/\">Deszcz Kwiat\u00f3w | 19.00\u201302.00 | Zau\u0142ek Panasa<\/a><br \/>\n<\/strong>W Zau\u0142ku W\u0142adys\u0142awa Panasa wyro\u015bnie interaktywna instalacja artystyczna. Zapraszamy pod konewk\u0119! \u017beby znale\u017a\u0107 nasz\u0105 instalacj\u0119, pod\u0105\u017caj za girlandami. Zaprowadz\u0105 Ci\u0119 one do naszej zaczarowanej przestrzeni. Kiedy do nas ju\u017c trafisz, nie zapomnij zrobi\u0107 sobie zdj\u0119cia! Opublikuj je w mediach spo\u0142eczno\u015bciowych i oznacz nasz\u0105 pracowni\u0119 #pracownia_balagan. Autorami instalacji artystycznej jest grupa m\u0142odzie\u017cy z Pracowni Scenografii i Muralu Ba\u0142agan w Be\u0142\u017cycach.<br \/>\n<strong>Autorzy i autorki: Pracownia Scenografii i Muralu \u2013 ba\u0142agan.<\/strong><\/p>\n<hr>\n<p><strong><a href=\"https:\/\/nockultury.pl\/pl\/events\/lublin-witolda-marczewskiego-wystawa-fotografii\/\">Lublin Witolda Marczewskiego | 19.00\u201302.00 | Zau\u0142ek Hartwig\u00f3w<\/a><br \/>\n<\/strong>Witold Marczewski by\u0142 in\u017cynierem, elektrykiem, t\u0142umaczem oraz pasjonatem fotografii, kt\u00f3ry w ramach wykonywanej pracy podr\u00f3\u017cowa\u0142 po \u015bwiecie. Kolekcja jego fotografii to tysi\u0105ce zdj\u0119\u0107 wykonanych w azerbejd\u017ca\u0144skim Baku, w Stambule, Grecji, Francji, W\u0142oszech, a tak\u017ce w Polsce \u2013 w Lublinie, Pu\u0142awach, Kazimierzu nad Wis\u0142\u0105 czy te\u017c w Warszawie. Na wystawie prezentujemy Lublin w fotografiach Marczewskiego, kt\u00f3ry przebywa\u0142 w naszym mie\u015bcie w latach 1922\u20131929. Znajdziemy tu zdj\u0119cia lubelskiej architektury, w tym nieistniej\u0105cej ju\u017c dzielnicy \u017cydowskiej oraz uj\u0119cia dokumentuj\u0105ce \u017cycie codzienne mieszka\u0144c\u00f3w Lublina w dwudziestoleciu mi\u0119dzywojennym. Prezentowane na wystawie zdj\u0119cia pochodz\u0105 ze zbior\u00f3w rodziny Marczewskich przekazanych do dyspozycji Domu Spotka\u0144 z Histori\u0105 w Warszawie b\u0119d\u0105cego partnerem wystawy.<br \/>\n<strong>Autor: Witold Marczewski <\/strong><\/p>\n<hr>\n<p><strong><a href=\"https:\/\/nockultury.pl\/pl\/events\/wieza-trynitarska-nocne-zwiedzanie\/\">Dotknij nieba noc\u0105 | 19.00\u201300.00 | Wie\u017ca Trynitarska<\/a><br \/>\n<\/strong>Zapraszamy na nocne zwiedzanie Wie\u017cy Trynitarskiej. Taras widokowy znajduje si\u0119 na wysoko\u015bci 40 metr\u00f3w nad poziomem ulicy. Mo\u017cna z niego podziwia\u0107 panoram\u0119 niemal ca\u0142ego miasta. Na g\u00f3r\u0119 wiod\u0105 w\u0105skie i kr\u0119te schody, \u0142\u0105cznie 207 stopni.<br \/>\n<strong>Autorzy i autorki: Stowarzyszenie Anthill <\/strong><\/p>\n<hr>\n<p><a href=\"https:\/\/nockultury.pl\/pl\/events\/ogrody-nie-alicji-fundacja-lubelskie-koziolki\/\"><strong>&nbsp;<\/strong><\/a><strong>Ogrody Nie-Alicji&nbsp; | 19.00\u201300.00 | ul. Jezuicka 19<br \/>\n<\/strong>Specjalnie na t\u0119 Noc Magda z Fanaberie Art zaprojektowa\u0142a zaczarowany ogr\u00f3d pe\u0142en kwiat\u00f3w i ro\u015blin znajduj\u0105cy si\u0119 w podcieniach oraz iluminacyjny wodospad. Przeprowadz\u0105 nas one do samego serca wydarzenia, gdzie m\u0142odzi arty\u015bci z Lublina zaprezentuj\u0105 nam sztuk\u0119 miejsk\u0105 poprzez graffiti, muzyk\u0119 oraz freestyle.<\/p>\n<p><strong>Autorzy i autorki:<\/strong> Fundacja Lubelskie Kozio\u0142ki i Radio Freee<\/p>\n<hr>\n<p><a href=\"https:\/\/nockultury.pl\/pl\/events\/fanatom-instalacja-pawla-adamca\/\"><strong>Fanatom | 19.00\u201302.00 | B\u0142onia pod Zamkiem <\/strong><\/a><\/p>\n<p>Upcyklingowa, sensoryczna instalacja przedstawiaj\u0105ca stwora o \u201ebogatym wn\u0119trzu\u201d autorstwa Paw\u0142a Adamca. Anatomia w uj\u0119ciu rekreacyjnym.<\/p>\n<p><strong>Autor: Pawe\u0142 Adamiec<\/strong><\/p>\n<hr>\n<p><a href=\"https:\/\/nockultury.pl\/pl\/events\/retro-spekcje-wystawa-fotografii-pawla-adamca\/\"><strong>RETRO-SPEKCJE | 19.00\u201302.00 | ul. Bajkowskiego \/ ul. Lubartowska \u2013 p\u0142ot<\/strong><\/a><\/p>\n<p>Prezentowany zbi\u00f3r fotografii kostiumowej Paw\u0142a Adamca to portretowe kadry z r\u00f3\u017cnych projekt\u00f3w z lat 2012\u20132022, ukazuj\u0105ce fascynacje autora r\u00f3\u017cnymi stylami kszta\u0142towania obrazu i charakteryzacji. Opr\u00f3cz g\u0142\u00f3wnego motywu, kt\u00f3rym jest posta\u0107 ludzka, zdj\u0119cia \u0142\u0105czy wykorzystanie materia\u0142u ro\u015blinnego oraz materia\u0142\u00f3w odpadowych tw\u00f3rczo zmienionych, zgodnie z zasadami upcyklingu. Poprzez modyfikacj\u0119 i dekonstrukcj\u0119 autor nadaje nowe funkcje, znaczenia czy skojarzenia rzeczom typowym. Te \u201einne\u201d zestawienia kolor\u00f3w, struktur i kszta\u0142t\u00f3w buduj\u0105 wielow\u0105tkowe historie i zr\u00f3\u017cnicowane charaktery bohater\u00f3w zdj\u0119\u0107. Z\u0142amanie \u201e4 \u015bciany\u201d w postaci kontaktu wzrokowego pomi\u0119dzy postaci\u0105 a odbiorc\u0105 to pr\u00f3ba zaproszenia do nierealnych \u015bwiat\u00f3w.<br \/>\n<strong>Autor: Pawe\u0142 Adamiec<\/strong><\/p>\n<p><strong>Fotografie\/kostiumy\/makija\u017ce: Pawe\u0142 Totoro Adamiec<\/strong><\/p>\n<hr>\n<p><a href=\"https:\/\/nockultury.pl\/pl\/events\/swiatlo-instalacja-oli-artyszuk\/\"><strong>&nbsp;<\/strong><strong>\u015awiat\u0142o | 19.00\u201302.00 | Baszta, ul. Kr\u00f3lewska 8<\/strong><\/a><\/p>\n<p>\u015aWIAT\u0141O to przestrzenna instalacja powsta\u0142a z setek plastikowych butelek z odzysku. To obiekt nie tylko do patrzenia, lecz r\u00f3wnie\u017c do przemy\u015blenia \u2013 symbol odrodzenia i przemiany. Ka\u017cda z tych butelek by\u0142a ju\u017c uznana za bezwarto\u015bciow\u0105, ale dzi\u0119ki recyklingowi i kreatywno\u015bci zyska\u0142a nowe \u017cycie. Podobnie ka\u017cdy z nas czasem mo\u017ce czu\u0107 si\u0119 bezwarto\u015bciowy i niedoceniany. \u015aWIAT\u0141O ma przypomina\u0107 o ludzkim potencjale do przemiany i pozytywnego wp\u0142ywu na \u015bwiat. O zdolno\u015bci i sile przekszta\u0142cania w\u0142asnego losu oraz rzeczy pozornie bezu\u017cytecznych w pi\u0119kno i warto\u015b\u0107. O odwadze \u0142\u0105czenia kropek po swojemu.<\/p>\n<p><strong>Autorka: <\/strong>Ola Artyszuk<\/p>\n<hr>\n<p><a href=\"https:\/\/nockultury.pl\/pl\/events\/riders-pub-laczymy-rockowe-nuty\/\"><strong>Rider\u2019s Pub \u2013 \u0141\u0105czymy rockowe nuty | 19.00\u201302.00 | &nbsp;Rider\u2019s Pub, ul. 3 maja 9 <\/strong><\/a><\/p>\n<p>Has\u0142em tegorocznej edycji Nocy Kultury jest \u201ePo\u0142\u0105cz kropki\u201d, dlatego w Rider\u2019s Pubie chcieliby\u015bmy po\u0142\u0105czy\u0107\u2026 rockowe nuty. Na naszej scenie zaprezentujemy lubelskie zespo\u0142y rockowe, k\u0142ad\u0105c g\u0142\u00f3wnie nacisk na te kapele, kt\u00f3re stawiaj\u0105 swoje pierwsze muzyczne kroki, ale jednocze\u015bnie nie zapominaj\u0105c o formacjach z wi\u0119kszym sta\u017cem. Po koncertowych setach rockowa ods\u0142ona Nocy Kultury w Rider\u2019s Pubie zako\u0144czy si\u0119 tradycyjnym jam session \u0142\u0105cz\u0105cym muzyk\u00f3w r\u00f3\u017cnych pokole\u0144.<\/p>\n<p>Ca\u0142y program dost\u0119pny jest na stronie internetowej <a href=\"https:\/\/nockultury.pl\/pl\/program-2023\/\">www.nockultury.pl<\/a><\/p>\n<p>&nbsp;<\/p>\n<p><strong>Noc Kultury | 3\/4 czerwca 2023 | Stare Miasto, Lublin | wst\u0119p wolny <\/strong><\/p>\n<p>Organizatorem Festiwalu s\u0105 Warsztaty Kultury w Lublinie.<\/p>\n<p>Noc Kultury jest jednym z wydarze\u0144 programu Europejskiej Stolicy M\u0142odzie\u017cy Lublin 2023.<\/p>\n<p>Mi\u0119dzynarodowe jury uzna\u0142o, \u017ce to w\u0142a\u015bnie Lublin b\u0119dzie mia\u0142 okazj\u0119 zaprezentowa\u0107 Europie warto\u015bci wa\u017cne dla m\u0142odych, pokaza\u0107 ich aktywno\u015bci i skierowa\u0107 uwag\u0119 w swoich dzia\u0142aniach na m\u0142odzie\u017c. Tytu\u0142 ESM przyznawany jest przez Europejskie Forum M\u0142odzie\u017cy na okres jednego roku.<br \/>\nWi\u0119cej o Europejskiej Stolicy M\u0142odzie\u017cy na <a href=\"..\/Downloads\/Downloads\/Downloads\/www.lublin.eu\/lublin\/esm2023\">www.lublin.eu\/lublin\/esm2023<\/a>.<\/p>\n<p>Patronat honorowy nad projektem obj\u0105\u0142 Prezydent Miasta Lublin \u2013 Krzysztof \u017buk.<\/p>\n<p><strong>Patroni medialni:<\/strong> TVP 2, TVP Kultura, TVP 3 Lublin, Polskie Radio Lublin, Radio Centrum, Radio z Qltur\u0105, Gazeta Wyborcza, Pismo. Magazyn Opinii, Magazyn Presto, Kultura Enter, dlaStudenta.pl, Onet.<br \/>\n<strong>Sponsorzy:<\/strong> Per\u0142a \u2013 Browary Lubelskie S.A.<\/p>\n<p><strong>&nbsp;<\/strong><\/p>\n<h2><strong>Ponadto w programie festiwalowym Warsztat\u00f3w Kultury w Lublinie<\/strong><\/h2>\n<p><a href=\"https:\/\/innebrzmienia.eu\">Wsch\u00f3d Kultury \u2013 Inne Brzmienia<\/a> | 6\u20139 lipca 2023 | B\u0142onia pod Zamkiem w Lublinie<br \/>\n<a href=\"https:\/\/carnavallublin.eu\">Carnaval Sztukmistrz\u00f3w<\/a> | 27\u201330 lipca 2023 | Stare Miasto w Lublinie<br \/>\n<a href=\"https:\/\/retradycja.eu\">Re:tradycja \u2013 Jarmark Jagiello\u0144ski<\/a> | 18\u201320 sierpnia 2023 | Stare Miasto w Lublinie<\/p>\n","protected":false},"excerpt":{"rendered":"<p>Jak tegoroczn\u0105 Noc Kultury (3\/4 czerwca, Lublin) sp\u0119dzi Ania (40  [&#8230;]<\/p>\n","protected":false},"author":8,"featured_media":44170,"comment_status":"closed","ping_status":"open","sticky":false,"template":"","format":"standard","meta":{"_acf_changed":false,"ngg_post_thumbnail":0,"footnotes":""},"categories":[1],"tags":[],"class_list":["post-44169","post","type-post","status-publish","format-standard","has-post-thumbnail","hentry","category-bez-kategorii"],"acf":[],"yoast_head":"<!-- This site is optimized with the Yoast SEO plugin v26.1.1 - https:\/\/yoast.com\/wordpress\/plugins\/seo\/ -->\n<title>Noc Kultury dla ka\u017cdego! | Sprawd\u017a, jakie plany ma Ania!<\/title>\n<meta name=\"description\" content=\"Oto plan Ani (40 l.) \u2013 konsultantki \u017cywieniowej z Lublina, kt\u00f3ra na Noc Kultury wybiera si\u0119 razem z kole\u017cank\u0105.\" \/>\n<meta name=\"robots\" content=\"index, follow, max-snippet:-1, max-image-preview:large, max-video-preview:-1\" \/>\n<link rel=\"canonical\" href=\"https:\/\/nockultury.pl\/pl\/noc-kultury-dla-kazdego-sprawdz-jakie-plany-ma-ania\/\" \/>\n<meta property=\"og:locale\" content=\"pl_PL\" \/>\n<meta property=\"og:type\" content=\"article\" \/>\n<meta property=\"og:title\" content=\"Noc Kultury dla ka\u017cdego! | Sprawd\u017a, jakie plany ma Ania!\" \/>\n<meta property=\"og:description\" content=\"Oto plan Ani (40 l.) \u2013 konsultantki \u017cywieniowej z Lublina, kt\u00f3ra na Noc Kultury wybiera si\u0119 razem z kole\u017cank\u0105.\" \/>\n<meta property=\"og:url\" content=\"https:\/\/nockultury.pl\/pl\/noc-kultury-dla-kazdego-sprawdz-jakie-plany-ma-ania\/\" \/>\n<meta property=\"og:site_name\" content=\"Noc Kultury\" \/>\n<meta property=\"article:publisher\" content=\"https:\/\/www.facebook.com\/NocKultury\/\" \/>\n<meta property=\"article:published_time\" content=\"2023-05-22T12:16:41+00:00\" \/>\n<meta property=\"article:modified_time\" content=\"2023-05-22T12:19:46+00:00\" \/>\n<meta property=\"og:image\" content=\"https:\/\/nockultury.pl\/wp-content\/uploads\/2023\/05\/fot._Katarzyna_Anna_Kubiak_16-e1684757790637.jpg\" \/>\n\t<meta property=\"og:image:width\" content=\"933\" \/>\n\t<meta property=\"og:image:height\" content=\"801\" \/>\n\t<meta property=\"og:image:type\" content=\"image\/jpeg\" \/>\n<meta name=\"author\" content=\"Ma\u0142gorzata Stanek\" \/>\n<meta name=\"twitter:card\" content=\"summary_large_image\" \/>\n<meta name=\"twitter:label1\" content=\"Napisane przez\" \/>\n\t<meta name=\"twitter:data1\" content=\"Ma\u0142gorzata Stanek\" \/>\n\t<meta name=\"twitter:label2\" content=\"Szacowany czas czytania\" \/>\n\t<meta name=\"twitter:data2\" content=\"8 minut\" \/>\n<script type=\"application\/ld+json\" class=\"yoast-schema-graph\">{\"@context\":\"https:\/\/schema.org\",\"@graph\":[{\"@type\":\"Article\",\"@id\":\"https:\/\/nockultury.pl\/pl\/noc-kultury-dla-kazdego-sprawdz-jakie-plany-ma-ania\/#article\",\"isPartOf\":{\"@id\":\"https:\/\/nockultury.pl\/pl\/noc-kultury-dla-kazdego-sprawdz-jakie-plany-ma-ania\/\"},\"author\":{\"name\":\"Ma\u0142gorzata Stanek\",\"@id\":\"https:\/\/nockultury.pl\/pl\/#\/schema\/person\/b455ea53392e5908331cf9642243f21c\"},\"headline\":\"Noc Kultury dla ka\u017cdego! | Sprawd\u017a, jakie plany ma Ania!\",\"datePublished\":\"2023-05-22T12:16:41+00:00\",\"dateModified\":\"2023-05-22T12:19:46+00:00\",\"mainEntityOfPage\":{\"@id\":\"https:\/\/nockultury.pl\/pl\/noc-kultury-dla-kazdego-sprawdz-jakie-plany-ma-ania\/\"},\"wordCount\":1334,\"publisher\":{\"@id\":\"https:\/\/nockultury.pl\/pl\/#organization\"},\"image\":{\"@id\":\"https:\/\/nockultury.pl\/pl\/noc-kultury-dla-kazdego-sprawdz-jakie-plany-ma-ania\/#primaryimage\"},\"thumbnailUrl\":\"https:\/\/nockultury.pl\/wp-content\/uploads\/2023\/05\/fot._Katarzyna_Anna_Kubiak_16-e1684757790637.jpg\",\"inLanguage\":\"pl-PL\"},{\"@type\":\"WebPage\",\"@id\":\"https:\/\/nockultury.pl\/pl\/noc-kultury-dla-kazdego-sprawdz-jakie-plany-ma-ania\/\",\"url\":\"https:\/\/nockultury.pl\/pl\/noc-kultury-dla-kazdego-sprawdz-jakie-plany-ma-ania\/\",\"name\":\"Noc Kultury dla ka\u017cdego! | Sprawd\u017a, jakie plany ma Ania!\",\"isPartOf\":{\"@id\":\"https:\/\/nockultury.pl\/pl\/#website\"},\"primaryImageOfPage\":{\"@id\":\"https:\/\/nockultury.pl\/pl\/noc-kultury-dla-kazdego-sprawdz-jakie-plany-ma-ania\/#primaryimage\"},\"image\":{\"@id\":\"https:\/\/nockultury.pl\/pl\/noc-kultury-dla-kazdego-sprawdz-jakie-plany-ma-ania\/#primaryimage\"},\"thumbnailUrl\":\"https:\/\/nockultury.pl\/wp-content\/uploads\/2023\/05\/fot._Katarzyna_Anna_Kubiak_16-e1684757790637.jpg\",\"datePublished\":\"2023-05-22T12:16:41+00:00\",\"dateModified\":\"2023-05-22T12:19:46+00:00\",\"description\":\"Oto plan Ani (40 l.) \u2013 konsultantki \u017cywieniowej z Lublina, kt\u00f3ra na Noc Kultury wybiera si\u0119 razem z kole\u017cank\u0105.\",\"breadcrumb\":{\"@id\":\"https:\/\/nockultury.pl\/pl\/noc-kultury-dla-kazdego-sprawdz-jakie-plany-ma-ania\/#breadcrumb\"},\"inLanguage\":\"pl-PL\",\"potentialAction\":[{\"@type\":\"ReadAction\",\"target\":[\"https:\/\/nockultury.pl\/pl\/noc-kultury-dla-kazdego-sprawdz-jakie-plany-ma-ania\/\"]}]},{\"@type\":\"ImageObject\",\"inLanguage\":\"pl-PL\",\"@id\":\"https:\/\/nockultury.pl\/pl\/noc-kultury-dla-kazdego-sprawdz-jakie-plany-ma-ania\/#primaryimage\",\"url\":\"https:\/\/nockultury.pl\/wp-content\/uploads\/2023\/05\/fot._Katarzyna_Anna_Kubiak_16-e1684757790637.jpg\",\"contentUrl\":\"https:\/\/nockultury.pl\/wp-content\/uploads\/2023\/05\/fot._Katarzyna_Anna_Kubiak_16-e1684757790637.jpg\",\"width\":933,\"height\":801,\"caption\":\"Dwie dziewczyny robi\u0105 sobie zdj\u0119cie przy \u015bciance z r\u00f3\u017cowego pluszu.\"},{\"@type\":\"BreadcrumbList\",\"@id\":\"https:\/\/nockultury.pl\/pl\/noc-kultury-dla-kazdego-sprawdz-jakie-plany-ma-ania\/#breadcrumb\",\"itemListElement\":[{\"@type\":\"ListItem\",\"position\":1,\"name\":\"Strona g\u0142\u00f3wna\",\"item\":\"https:\/\/nockultury.pl\/pl\/\"},{\"@type\":\"ListItem\",\"position\":2,\"name\":\"Noc Kultury dla ka\u017cdego! | Sprawd\u017a, jakie plany ma Ania!\"}]},{\"@type\":\"WebSite\",\"@id\":\"https:\/\/nockultury.pl\/pl\/#website\",\"url\":\"https:\/\/nockultury.pl\/pl\/\",\"name\":\"Noc Kultury\",\"description\":\"Lublin, Stare Miasto | wst\u0119p wolny\",\"publisher\":{\"@id\":\"https:\/\/nockultury.pl\/pl\/#organization\"},\"potentialAction\":[{\"@type\":\"SearchAction\",\"target\":{\"@type\":\"EntryPoint\",\"urlTemplate\":\"https:\/\/nockultury.pl\/pl\/?s={search_term_string}\"},\"query-input\":{\"@type\":\"PropertyValueSpecification\",\"valueRequired\":true,\"valueName\":\"search_term_string\"}}],\"inLanguage\":\"pl-PL\"},{\"@type\":\"Organization\",\"@id\":\"https:\/\/nockultury.pl\/pl\/#organization\",\"name\":\"Warsztaty Kultury w Lublinie\",\"url\":\"https:\/\/nockultury.pl\/pl\/\",\"logo\":{\"@type\":\"ImageObject\",\"inLanguage\":\"pl-PL\",\"@id\":\"https:\/\/nockultury.pl\/pl\/#\/schema\/logo\/image\/\",\"url\":\"https:\/\/nockultury.pl\/wp-content\/uploads\/2020\/03\/NOC-KULTURY-LOGO-170.jpg\",\"contentUrl\":\"https:\/\/nockultury.pl\/wp-content\/uploads\/2020\/03\/NOC-KULTURY-LOGO-170.jpg\",\"width\":170,\"height\":79,\"caption\":\"Warsztaty Kultury w Lublinie\"},\"image\":{\"@id\":\"https:\/\/nockultury.pl\/pl\/#\/schema\/logo\/image\/\"},\"sameAs\":[\"https:\/\/www.facebook.com\/NocKultury\/\",\"https:\/\/www.instagram.com\/nockultury\/\",\"https:\/\/www.youtube.com\/@videonockultury\"]},{\"@type\":\"Person\",\"@id\":\"https:\/\/nockultury.pl\/pl\/#\/schema\/person\/b455ea53392e5908331cf9642243f21c\",\"name\":\"Ma\u0142gorzata Stanek\",\"image\":{\"@type\":\"ImageObject\",\"inLanguage\":\"pl-PL\",\"@id\":\"https:\/\/nockultury.pl\/pl\/#\/schema\/person\/image\/\",\"url\":\"https:\/\/secure.gravatar.com\/avatar\/45935340e0720354e023c66e68c2c506b7ca3adf6417db0177bb9e832d57e28c?s=96&d=mm&r=g\",\"contentUrl\":\"https:\/\/secure.gravatar.com\/avatar\/45935340e0720354e023c66e68c2c506b7ca3adf6417db0177bb9e832d57e28c?s=96&d=mm&r=g\",\"caption\":\"Ma\u0142gorzata Stanek\"}}]}<\/script>\n<!-- \/ Yoast SEO plugin. -->","yoast_head_json":{"title":"Noc Kultury dla ka\u017cdego! | Sprawd\u017a, jakie plany ma Ania!","description":"Oto plan Ani (40 l.) \u2013 konsultantki \u017cywieniowej z Lublina, kt\u00f3ra na Noc Kultury wybiera si\u0119 razem z kole\u017cank\u0105.","robots":{"index":"index","follow":"follow","max-snippet":"max-snippet:-1","max-image-preview":"max-image-preview:large","max-video-preview":"max-video-preview:-1"},"canonical":"https:\/\/nockultury.pl\/pl\/noc-kultury-dla-kazdego-sprawdz-jakie-plany-ma-ania\/","og_locale":"pl_PL","og_type":"article","og_title":"Noc Kultury dla ka\u017cdego! | Sprawd\u017a, jakie plany ma Ania!","og_description":"Oto plan Ani (40 l.) \u2013 konsultantki \u017cywieniowej z Lublina, kt\u00f3ra na Noc Kultury wybiera si\u0119 razem z kole\u017cank\u0105.","og_url":"https:\/\/nockultury.pl\/pl\/noc-kultury-dla-kazdego-sprawdz-jakie-plany-ma-ania\/","og_site_name":"Noc Kultury","article_publisher":"https:\/\/www.facebook.com\/NocKultury\/","article_published_time":"2023-05-22T12:16:41+00:00","article_modified_time":"2023-05-22T12:19:46+00:00","og_image":[{"width":933,"height":801,"url":"https:\/\/nockultury.pl\/wp-content\/uploads\/2023\/05\/fot._Katarzyna_Anna_Kubiak_16-e1684757790637.jpg","type":"image\/jpeg"}],"author":"Ma\u0142gorzata Stanek","twitter_card":"summary_large_image","twitter_misc":{"Napisane przez":"Ma\u0142gorzata Stanek","Szacowany czas czytania":"8 minut"},"schema":{"@context":"https:\/\/schema.org","@graph":[{"@type":"Article","@id":"https:\/\/nockultury.pl\/pl\/noc-kultury-dla-kazdego-sprawdz-jakie-plany-ma-ania\/#article","isPartOf":{"@id":"https:\/\/nockultury.pl\/pl\/noc-kultury-dla-kazdego-sprawdz-jakie-plany-ma-ania\/"},"author":{"name":"Ma\u0142gorzata Stanek","@id":"https:\/\/nockultury.pl\/pl\/#\/schema\/person\/b455ea53392e5908331cf9642243f21c"},"headline":"Noc Kultury dla ka\u017cdego! | Sprawd\u017a, jakie plany ma Ania!","datePublished":"2023-05-22T12:16:41+00:00","dateModified":"2023-05-22T12:19:46+00:00","mainEntityOfPage":{"@id":"https:\/\/nockultury.pl\/pl\/noc-kultury-dla-kazdego-sprawdz-jakie-plany-ma-ania\/"},"wordCount":1334,"publisher":{"@id":"https:\/\/nockultury.pl\/pl\/#organization"},"image":{"@id":"https:\/\/nockultury.pl\/pl\/noc-kultury-dla-kazdego-sprawdz-jakie-plany-ma-ania\/#primaryimage"},"thumbnailUrl":"https:\/\/nockultury.pl\/wp-content\/uploads\/2023\/05\/fot._Katarzyna_Anna_Kubiak_16-e1684757790637.jpg","inLanguage":"pl-PL"},{"@type":"WebPage","@id":"https:\/\/nockultury.pl\/pl\/noc-kultury-dla-kazdego-sprawdz-jakie-plany-ma-ania\/","url":"https:\/\/nockultury.pl\/pl\/noc-kultury-dla-kazdego-sprawdz-jakie-plany-ma-ania\/","name":"Noc Kultury dla ka\u017cdego! | Sprawd\u017a, jakie plany ma Ania!","isPartOf":{"@id":"https:\/\/nockultury.pl\/pl\/#website"},"primaryImageOfPage":{"@id":"https:\/\/nockultury.pl\/pl\/noc-kultury-dla-kazdego-sprawdz-jakie-plany-ma-ania\/#primaryimage"},"image":{"@id":"https:\/\/nockultury.pl\/pl\/noc-kultury-dla-kazdego-sprawdz-jakie-plany-ma-ania\/#primaryimage"},"thumbnailUrl":"https:\/\/nockultury.pl\/wp-content\/uploads\/2023\/05\/fot._Katarzyna_Anna_Kubiak_16-e1684757790637.jpg","datePublished":"2023-05-22T12:16:41+00:00","dateModified":"2023-05-22T12:19:46+00:00","description":"Oto plan Ani (40 l.) \u2013 konsultantki \u017cywieniowej z Lublina, kt\u00f3ra na Noc Kultury wybiera si\u0119 razem z kole\u017cank\u0105.","breadcrumb":{"@id":"https:\/\/nockultury.pl\/pl\/noc-kultury-dla-kazdego-sprawdz-jakie-plany-ma-ania\/#breadcrumb"},"inLanguage":"pl-PL","potentialAction":[{"@type":"ReadAction","target":["https:\/\/nockultury.pl\/pl\/noc-kultury-dla-kazdego-sprawdz-jakie-plany-ma-ania\/"]}]},{"@type":"ImageObject","inLanguage":"pl-PL","@id":"https:\/\/nockultury.pl\/pl\/noc-kultury-dla-kazdego-sprawdz-jakie-plany-ma-ania\/#primaryimage","url":"https:\/\/nockultury.pl\/wp-content\/uploads\/2023\/05\/fot._Katarzyna_Anna_Kubiak_16-e1684757790637.jpg","contentUrl":"https:\/\/nockultury.pl\/wp-content\/uploads\/2023\/05\/fot._Katarzyna_Anna_Kubiak_16-e1684757790637.jpg","width":933,"height":801,"caption":"Dwie dziewczyny robi\u0105 sobie zdj\u0119cie przy \u015bciance z r\u00f3\u017cowego pluszu."},{"@type":"BreadcrumbList","@id":"https:\/\/nockultury.pl\/pl\/noc-kultury-dla-kazdego-sprawdz-jakie-plany-ma-ania\/#breadcrumb","itemListElement":[{"@type":"ListItem","position":1,"name":"Strona g\u0142\u00f3wna","item":"https:\/\/nockultury.pl\/pl\/"},{"@type":"ListItem","position":2,"name":"Noc Kultury dla ka\u017cdego! | Sprawd\u017a, jakie plany ma Ania!"}]},{"@type":"WebSite","@id":"https:\/\/nockultury.pl\/pl\/#website","url":"https:\/\/nockultury.pl\/pl\/","name":"Noc Kultury","description":"Lublin, Stare Miasto | wst\u0119p wolny","publisher":{"@id":"https:\/\/nockultury.pl\/pl\/#organization"},"potentialAction":[{"@type":"SearchAction","target":{"@type":"EntryPoint","urlTemplate":"https:\/\/nockultury.pl\/pl\/?s={search_term_string}"},"query-input":{"@type":"PropertyValueSpecification","valueRequired":true,"valueName":"search_term_string"}}],"inLanguage":"pl-PL"},{"@type":"Organization","@id":"https:\/\/nockultury.pl\/pl\/#organization","name":"Warsztaty Kultury w Lublinie","url":"https:\/\/nockultury.pl\/pl\/","logo":{"@type":"ImageObject","inLanguage":"pl-PL","@id":"https:\/\/nockultury.pl\/pl\/#\/schema\/logo\/image\/","url":"https:\/\/nockultury.pl\/wp-content\/uploads\/2020\/03\/NOC-KULTURY-LOGO-170.jpg","contentUrl":"https:\/\/nockultury.pl\/wp-content\/uploads\/2020\/03\/NOC-KULTURY-LOGO-170.jpg","width":170,"height":79,"caption":"Warsztaty Kultury w Lublinie"},"image":{"@id":"https:\/\/nockultury.pl\/pl\/#\/schema\/logo\/image\/"},"sameAs":["https:\/\/www.facebook.com\/NocKultury\/","https:\/\/www.instagram.com\/nockultury\/","https:\/\/www.youtube.com\/@videonockultury"]},{"@type":"Person","@id":"https:\/\/nockultury.pl\/pl\/#\/schema\/person\/b455ea53392e5908331cf9642243f21c","name":"Ma\u0142gorzata Stanek","image":{"@type":"ImageObject","inLanguage":"pl-PL","@id":"https:\/\/nockultury.pl\/pl\/#\/schema\/person\/image\/","url":"https:\/\/secure.gravatar.com\/avatar\/45935340e0720354e023c66e68c2c506b7ca3adf6417db0177bb9e832d57e28c?s=96&d=mm&r=g","contentUrl":"https:\/\/secure.gravatar.com\/avatar\/45935340e0720354e023c66e68c2c506b7ca3adf6417db0177bb9e832d57e28c?s=96&d=mm&r=g","caption":"Ma\u0142gorzata Stanek"}}]}},"_links":{"self":[{"href":"https:\/\/nockultury.pl\/pl\/wp-json\/wp\/v2\/posts\/44169","targetHints":{"allow":["GET"]}}],"collection":[{"href":"https:\/\/nockultury.pl\/pl\/wp-json\/wp\/v2\/posts"}],"about":[{"href":"https:\/\/nockultury.pl\/pl\/wp-json\/wp\/v2\/types\/post"}],"author":[{"embeddable":true,"href":"https:\/\/nockultury.pl\/pl\/wp-json\/wp\/v2\/users\/8"}],"replies":[{"embeddable":true,"href":"https:\/\/nockultury.pl\/pl\/wp-json\/wp\/v2\/comments?post=44169"}],"version-history":[{"count":0,"href":"https:\/\/nockultury.pl\/pl\/wp-json\/wp\/v2\/posts\/44169\/revisions"}],"wp:featuredmedia":[{"embeddable":true,"href":"https:\/\/nockultury.pl\/pl\/wp-json\/wp\/v2\/media\/44170"}],"wp:attachment":[{"href":"https:\/\/nockultury.pl\/pl\/wp-json\/wp\/v2\/media?parent=44169"}],"wp:term":[{"taxonomy":"category","embeddable":true,"href":"https:\/\/nockultury.pl\/pl\/wp-json\/wp\/v2\/categories?post=44169"},{"taxonomy":"post_tag","embeddable":true,"href":"https:\/\/nockultury.pl\/pl\/wp-json\/wp\/v2\/tags?post=44169"}],"curies":[{"name":"wp","href":"https:\/\/api.w.org\/{rel}","templated":true}]}}