{"id":44466,"date":"2023-06-02T10:33:57","date_gmt":"2023-06-02T08:33:57","guid":{"rendered":"https:\/\/nockultury.pl\/?p=44466"},"modified":"2023-06-02T10:59:17","modified_gmt":"2023-06-02T08:59:17","slug":"konkurs-z-perla","status":"publish","type":"post","link":"https:\/\/nockultury.pl\/pl\/konkurs-z-perla\/","title":{"rendered":"Konkurs &#8222;Noc w Browarze&#8221;"},"content":{"rendered":"<p><strong>Podczas Nocy Kultury zr\u00f3b zdj\u0119cie instalacji artystycznej \u201eBottle green\u201d (mini ogr\u00f3d z hu\u015btawk\u0105) i wygraj zestaw gad\u017cet\u00f3w ufundowanych przez Per\u0142a \u2013 Browary Lubelskie S.A. oraz Warsztaty Kultury w Lublinie!<\/strong><\/p>\n<h2><strong>&nbsp;<\/strong><strong>Co trzeba zrobi\u0107, aby wzi\u0105\u0107 udzia\u0142 w konkursie?<\/strong><\/h2>\n<ol>\n<li>Zr\u00f3b pi\u0119kne \/ kreatywne \/ zabawne zdj\u0119cie instalacji artystycznej \u201eBottle green\u201d (mini ogr\u00f3d z hu\u015btawk\u0105), kt\u00f3r\u0105 znajdziesz na terenie naszego sponsora Per\u0142a \u2013 Browary Lubelskie S.A. na ul. Bernardy\u0144skiej 15.<\/li>\n<li>Udost\u0119pnij je:<\/li>\n<\/ol>\n<p>&nbsp;&#8211; na Instagramie z hashtagiem: #NocwBrowarze oraz oznaczeniem profili @NocKultury i @browarperla<\/p>\n<p>&#8211; lub w komentarzu pod postem dedykowanym konkursowi na fanpage\u2019u Nocy Kultury.<\/p>\n<p>B\u0119dziemy ocenia\u0107 prace pod wzgl\u0119dem inwencji tw\u00f3rczej, kreatywnych rozwi\u0105za\u0144 i dowcipu. Zwr\u00f3cimy uwag\u0119 zar\u00f3wno na samo zdj\u0119cie, jak i na opis.<\/p>\n<p>Konkurs startuje 3 czerwca 2023 r. o godzinie 19.00, czyli w Noc Kultury.<br \/>\nNa udzia\u0142 w konkursie masz czas do 5 czerwca 2023 r. do godziny 23.59.<\/p>\n<p>Wyniki zostan\u0105 og\u0142oszone na profilu na Instagramie i Facebook\u2019u Nocy Kultury 7 czerwca 2023 r.<\/p>\n<p>Konkurs jest przeznaczony wy\u0142\u0105cznie dla os\u00f3b pe\u0142noletnich.<\/p>\n<p><a href=\"https:\/\/nockultury.pl\/wp-content\/uploads\/2023\/06\/Regulamin_Konkursu_Noc_w_Browarze.docx\" target=\"_blank\" rel=\"noopener\"><strong>REGULAMIN<\/strong><\/a><\/p>\n<p>&nbsp;<\/p>\n","protected":false},"excerpt":{"rendered":"<p>Podczas Nocy Kultury zr\u00f3b zdj\u0119cie instalacji artystycznej \u201eBottle green\u201d (mini  [&#8230;]<\/p>\n","protected":false},"author":8,"featured_media":44571,"comment_status":"closed","ping_status":"open","sticky":false,"template":"","format":"standard","meta":{"_acf_changed":false,"ngg_post_thumbnail":0,"footnotes":""},"categories":[1],"tags":[],"class_list":["post-44466","post","type-post","status-publish","format-standard","has-post-thumbnail","hentry","category-bez-kategorii"],"acf":[],"yoast_head":"<!-- This site is optimized with the Yoast SEO plugin v26.1.1 - https:\/\/yoast.com\/wordpress\/plugins\/seo\/ -->\n<title>Konkurs &quot;Noc w Browarze&quot; - Noc Kultury<\/title>\n<meta name=\"description\" content=\"Podczas Nocy Kultury zr\u00f3b zdj\u0119cie instalacji artystycznej \u201eBottle green\u201d i wygraj zestaw gad\u017cet\u00f3w ufundowanych przez Per\u0142a \u2013 Browary Lubelskie S.A. oraz Warsztaty Kultury w Lublinie!\" \/>\n<meta name=\"robots\" content=\"index, follow, max-snippet:-1, max-image-preview:large, max-video-preview:-1\" \/>\n<link rel=\"canonical\" href=\"https:\/\/nockultury.pl\/pl\/konkurs-z-perla\/\" \/>\n<meta property=\"og:locale\" content=\"pl_PL\" \/>\n<meta property=\"og:type\" content=\"article\" \/>\n<meta property=\"og:title\" content=\"Konkurs &quot;Noc w Browarze&quot; - Noc Kultury\" \/>\n<meta property=\"og:description\" content=\"Podczas Nocy Kultury zr\u00f3b zdj\u0119cie instalacji artystycznej \u201eBottle green\u201d i wygraj zestaw gad\u017cet\u00f3w ufundowanych przez Per\u0142a \u2013 Browary Lubelskie S.A. oraz Warsztaty Kultury w Lublinie!\" \/>\n<meta property=\"og:url\" content=\"https:\/\/nockultury.pl\/pl\/konkurs-z-perla\/\" \/>\n<meta property=\"og:site_name\" content=\"Noc Kultury\" \/>\n<meta property=\"article:publisher\" content=\"https:\/\/www.facebook.com\/NocKultury\/\" \/>\n<meta property=\"article:published_time\" content=\"2023-06-02T08:33:57+00:00\" \/>\n<meta property=\"article:modified_time\" content=\"2023-06-02T08:59:17+00:00\" \/>\n<meta property=\"og:image\" content=\"https:\/\/nockultury.pl\/wp-content\/uploads\/2023\/06\/konkurs_perla_3-03.png\" \/>\n\t<meta property=\"og:image:width\" content=\"1920\" \/>\n\t<meta property=\"og:image:height\" content=\"1006\" \/>\n\t<meta property=\"og:image:type\" content=\"image\/png\" \/>\n<meta name=\"author\" content=\"Ma\u0142gorzata Stanek\" \/>\n<meta name=\"twitter:card\" content=\"summary_large_image\" \/>\n<meta name=\"twitter:label1\" content=\"Napisane przez\" \/>\n\t<meta name=\"twitter:data1\" content=\"Ma\u0142gorzata Stanek\" \/>\n\t<meta name=\"twitter:label2\" content=\"Szacowany czas czytania\" \/>\n\t<meta name=\"twitter:data2\" content=\"1 minuta\" \/>\n<script type=\"application\/ld+json\" class=\"yoast-schema-graph\">{\"@context\":\"https:\/\/schema.org\",\"@graph\":[{\"@type\":\"Article\",\"@id\":\"https:\/\/nockultury.pl\/pl\/konkurs-z-perla\/#article\",\"isPartOf\":{\"@id\":\"https:\/\/nockultury.pl\/pl\/konkurs-z-perla\/\"},\"author\":{\"name\":\"Ma\u0142gorzata Stanek\",\"@id\":\"https:\/\/nockultury.pl\/pl\/#\/schema\/person\/b455ea53392e5908331cf9642243f21c\"},\"headline\":\"Konkurs &#8222;Noc w Browarze&#8221;\",\"datePublished\":\"2023-06-02T08:33:57+00:00\",\"dateModified\":\"2023-06-02T08:59:17+00:00\",\"mainEntityOfPage\":{\"@id\":\"https:\/\/nockultury.pl\/pl\/konkurs-z-perla\/\"},\"wordCount\":189,\"publisher\":{\"@id\":\"https:\/\/nockultury.pl\/pl\/#organization\"},\"image\":{\"@id\":\"https:\/\/nockultury.pl\/pl\/konkurs-z-perla\/#primaryimage\"},\"thumbnailUrl\":\"https:\/\/nockultury.pl\/wp-content\/uploads\/2023\/06\/konkurs_perla_3-03.png\",\"inLanguage\":\"pl-PL\"},{\"@type\":\"WebPage\",\"@id\":\"https:\/\/nockultury.pl\/pl\/konkurs-z-perla\/\",\"url\":\"https:\/\/nockultury.pl\/pl\/konkurs-z-perla\/\",\"name\":\"Konkurs \\\"Noc w Browarze\\\" - Noc Kultury\",\"isPartOf\":{\"@id\":\"https:\/\/nockultury.pl\/pl\/#website\"},\"primaryImageOfPage\":{\"@id\":\"https:\/\/nockultury.pl\/pl\/konkurs-z-perla\/#primaryimage\"},\"image\":{\"@id\":\"https:\/\/nockultury.pl\/pl\/konkurs-z-perla\/#primaryimage\"},\"thumbnailUrl\":\"https:\/\/nockultury.pl\/wp-content\/uploads\/2023\/06\/konkurs_perla_3-03.png\",\"datePublished\":\"2023-06-02T08:33:57+00:00\",\"dateModified\":\"2023-06-02T08:59:17+00:00\",\"description\":\"Podczas Nocy Kultury zr\u00f3b zdj\u0119cie instalacji artystycznej \u201eBottle green\u201d i wygraj zestaw gad\u017cet\u00f3w ufundowanych przez Per\u0142a \u2013 Browary Lubelskie S.A. oraz Warsztaty Kultury w Lublinie!\",\"breadcrumb\":{\"@id\":\"https:\/\/nockultury.pl\/pl\/konkurs-z-perla\/#breadcrumb\"},\"inLanguage\":\"pl-PL\",\"potentialAction\":[{\"@type\":\"ReadAction\",\"target\":[\"https:\/\/nockultury.pl\/pl\/konkurs-z-perla\/\"]}]},{\"@type\":\"ImageObject\",\"inLanguage\":\"pl-PL\",\"@id\":\"https:\/\/nockultury.pl\/pl\/konkurs-z-perla\/#primaryimage\",\"url\":\"https:\/\/nockultury.pl\/wp-content\/uploads\/2023\/06\/konkurs_perla_3-03.png\",\"contentUrl\":\"https:\/\/nockultury.pl\/wp-content\/uploads\/2023\/06\/konkurs_perla_3-03.png\",\"width\":1920,\"height\":1006,\"caption\":\"Grafika z logiem Per\u0142y i napis \\\"Konkurs. Noc w Browarze\\\".\"},{\"@type\":\"BreadcrumbList\",\"@id\":\"https:\/\/nockultury.pl\/pl\/konkurs-z-perla\/#breadcrumb\",\"itemListElement\":[{\"@type\":\"ListItem\",\"position\":1,\"name\":\"Strona g\u0142\u00f3wna\",\"item\":\"https:\/\/nockultury.pl\/pl\/\"},{\"@type\":\"ListItem\",\"position\":2,\"name\":\"Konkurs &#8222;Noc w Browarze&#8221;\"}]},{\"@type\":\"WebSite\",\"@id\":\"https:\/\/nockultury.pl\/pl\/#website\",\"url\":\"https:\/\/nockultury.pl\/pl\/\",\"name\":\"Noc Kultury\",\"description\":\"Lublin, Stare Miasto | wst\u0119p wolny\",\"publisher\":{\"@id\":\"https:\/\/nockultury.pl\/pl\/#organization\"},\"potentialAction\":[{\"@type\":\"SearchAction\",\"target\":{\"@type\":\"EntryPoint\",\"urlTemplate\":\"https:\/\/nockultury.pl\/pl\/?s={search_term_string}\"},\"query-input\":{\"@type\":\"PropertyValueSpecification\",\"valueRequired\":true,\"valueName\":\"search_term_string\"}}],\"inLanguage\":\"pl-PL\"},{\"@type\":\"Organization\",\"@id\":\"https:\/\/nockultury.pl\/pl\/#organization\",\"name\":\"Warsztaty Kultury w Lublinie\",\"url\":\"https:\/\/nockultury.pl\/pl\/\",\"logo\":{\"@type\":\"ImageObject\",\"inLanguage\":\"pl-PL\",\"@id\":\"https:\/\/nockultury.pl\/pl\/#\/schema\/logo\/image\/\",\"url\":\"https:\/\/nockultury.pl\/wp-content\/uploads\/2020\/03\/NOC-KULTURY-LOGO-170.jpg\",\"contentUrl\":\"https:\/\/nockultury.pl\/wp-content\/uploads\/2020\/03\/NOC-KULTURY-LOGO-170.jpg\",\"width\":170,\"height\":79,\"caption\":\"Warsztaty Kultury w Lublinie\"},\"image\":{\"@id\":\"https:\/\/nockultury.pl\/pl\/#\/schema\/logo\/image\/\"},\"sameAs\":[\"https:\/\/www.facebook.com\/NocKultury\/\",\"https:\/\/www.instagram.com\/nockultury\/\",\"https:\/\/www.youtube.com\/@videonockultury\"]},{\"@type\":\"Person\",\"@id\":\"https:\/\/nockultury.pl\/pl\/#\/schema\/person\/b455ea53392e5908331cf9642243f21c\",\"name\":\"Ma\u0142gorzata Stanek\",\"image\":{\"@type\":\"ImageObject\",\"inLanguage\":\"pl-PL\",\"@id\":\"https:\/\/nockultury.pl\/pl\/#\/schema\/person\/image\/\",\"url\":\"https:\/\/secure.gravatar.com\/avatar\/45935340e0720354e023c66e68c2c506b7ca3adf6417db0177bb9e832d57e28c?s=96&d=mm&r=g\",\"contentUrl\":\"https:\/\/secure.gravatar.com\/avatar\/45935340e0720354e023c66e68c2c506b7ca3adf6417db0177bb9e832d57e28c?s=96&d=mm&r=g\",\"caption\":\"Ma\u0142gorzata Stanek\"}}]}<\/script>\n<!-- \/ Yoast SEO plugin. -->","yoast_head_json":{"title":"Konkurs \"Noc w Browarze\" - Noc Kultury","description":"Podczas Nocy Kultury zr\u00f3b zdj\u0119cie instalacji artystycznej \u201eBottle green\u201d i wygraj zestaw gad\u017cet\u00f3w ufundowanych przez Per\u0142a \u2013 Browary Lubelskie S.A. oraz Warsztaty Kultury w Lublinie!","robots":{"index":"index","follow":"follow","max-snippet":"max-snippet:-1","max-image-preview":"max-image-preview:large","max-video-preview":"max-video-preview:-1"},"canonical":"https:\/\/nockultury.pl\/pl\/konkurs-z-perla\/","og_locale":"pl_PL","og_type":"article","og_title":"Konkurs \"Noc w Browarze\" - Noc Kultury","og_description":"Podczas Nocy Kultury zr\u00f3b zdj\u0119cie instalacji artystycznej \u201eBottle green\u201d i wygraj zestaw gad\u017cet\u00f3w ufundowanych przez Per\u0142a \u2013 Browary Lubelskie S.A. oraz Warsztaty Kultury w Lublinie!","og_url":"https:\/\/nockultury.pl\/pl\/konkurs-z-perla\/","og_site_name":"Noc Kultury","article_publisher":"https:\/\/www.facebook.com\/NocKultury\/","article_published_time":"2023-06-02T08:33:57+00:00","article_modified_time":"2023-06-02T08:59:17+00:00","og_image":[{"width":1920,"height":1006,"url":"https:\/\/nockultury.pl\/wp-content\/uploads\/2023\/06\/konkurs_perla_3-03.png","type":"image\/png"}],"author":"Ma\u0142gorzata Stanek","twitter_card":"summary_large_image","twitter_misc":{"Napisane przez":"Ma\u0142gorzata Stanek","Szacowany czas czytania":"1 minuta"},"schema":{"@context":"https:\/\/schema.org","@graph":[{"@type":"Article","@id":"https:\/\/nockultury.pl\/pl\/konkurs-z-perla\/#article","isPartOf":{"@id":"https:\/\/nockultury.pl\/pl\/konkurs-z-perla\/"},"author":{"name":"Ma\u0142gorzata Stanek","@id":"https:\/\/nockultury.pl\/pl\/#\/schema\/person\/b455ea53392e5908331cf9642243f21c"},"headline":"Konkurs &#8222;Noc w Browarze&#8221;","datePublished":"2023-06-02T08:33:57+00:00","dateModified":"2023-06-02T08:59:17+00:00","mainEntityOfPage":{"@id":"https:\/\/nockultury.pl\/pl\/konkurs-z-perla\/"},"wordCount":189,"publisher":{"@id":"https:\/\/nockultury.pl\/pl\/#organization"},"image":{"@id":"https:\/\/nockultury.pl\/pl\/konkurs-z-perla\/#primaryimage"},"thumbnailUrl":"https:\/\/nockultury.pl\/wp-content\/uploads\/2023\/06\/konkurs_perla_3-03.png","inLanguage":"pl-PL"},{"@type":"WebPage","@id":"https:\/\/nockultury.pl\/pl\/konkurs-z-perla\/","url":"https:\/\/nockultury.pl\/pl\/konkurs-z-perla\/","name":"Konkurs \"Noc w Browarze\" - Noc Kultury","isPartOf":{"@id":"https:\/\/nockultury.pl\/pl\/#website"},"primaryImageOfPage":{"@id":"https:\/\/nockultury.pl\/pl\/konkurs-z-perla\/#primaryimage"},"image":{"@id":"https:\/\/nockultury.pl\/pl\/konkurs-z-perla\/#primaryimage"},"thumbnailUrl":"https:\/\/nockultury.pl\/wp-content\/uploads\/2023\/06\/konkurs_perla_3-03.png","datePublished":"2023-06-02T08:33:57+00:00","dateModified":"2023-06-02T08:59:17+00:00","description":"Podczas Nocy Kultury zr\u00f3b zdj\u0119cie instalacji artystycznej \u201eBottle green\u201d i wygraj zestaw gad\u017cet\u00f3w ufundowanych przez Per\u0142a \u2013 Browary Lubelskie S.A. oraz Warsztaty Kultury w Lublinie!","breadcrumb":{"@id":"https:\/\/nockultury.pl\/pl\/konkurs-z-perla\/#breadcrumb"},"inLanguage":"pl-PL","potentialAction":[{"@type":"ReadAction","target":["https:\/\/nockultury.pl\/pl\/konkurs-z-perla\/"]}]},{"@type":"ImageObject","inLanguage":"pl-PL","@id":"https:\/\/nockultury.pl\/pl\/konkurs-z-perla\/#primaryimage","url":"https:\/\/nockultury.pl\/wp-content\/uploads\/2023\/06\/konkurs_perla_3-03.png","contentUrl":"https:\/\/nockultury.pl\/wp-content\/uploads\/2023\/06\/konkurs_perla_3-03.png","width":1920,"height":1006,"caption":"Grafika z logiem Per\u0142y i napis \"Konkurs. Noc w Browarze\"."},{"@type":"BreadcrumbList","@id":"https:\/\/nockultury.pl\/pl\/konkurs-z-perla\/#breadcrumb","itemListElement":[{"@type":"ListItem","position":1,"name":"Strona g\u0142\u00f3wna","item":"https:\/\/nockultury.pl\/pl\/"},{"@type":"ListItem","position":2,"name":"Konkurs &#8222;Noc w Browarze&#8221;"}]},{"@type":"WebSite","@id":"https:\/\/nockultury.pl\/pl\/#website","url":"https:\/\/nockultury.pl\/pl\/","name":"Noc Kultury","description":"Lublin, Stare Miasto | wst\u0119p wolny","publisher":{"@id":"https:\/\/nockultury.pl\/pl\/#organization"},"potentialAction":[{"@type":"SearchAction","target":{"@type":"EntryPoint","urlTemplate":"https:\/\/nockultury.pl\/pl\/?s={search_term_string}"},"query-input":{"@type":"PropertyValueSpecification","valueRequired":true,"valueName":"search_term_string"}}],"inLanguage":"pl-PL"},{"@type":"Organization","@id":"https:\/\/nockultury.pl\/pl\/#organization","name":"Warsztaty Kultury w Lublinie","url":"https:\/\/nockultury.pl\/pl\/","logo":{"@type":"ImageObject","inLanguage":"pl-PL","@id":"https:\/\/nockultury.pl\/pl\/#\/schema\/logo\/image\/","url":"https:\/\/nockultury.pl\/wp-content\/uploads\/2020\/03\/NOC-KULTURY-LOGO-170.jpg","contentUrl":"https:\/\/nockultury.pl\/wp-content\/uploads\/2020\/03\/NOC-KULTURY-LOGO-170.jpg","width":170,"height":79,"caption":"Warsztaty Kultury w Lublinie"},"image":{"@id":"https:\/\/nockultury.pl\/pl\/#\/schema\/logo\/image\/"},"sameAs":["https:\/\/www.facebook.com\/NocKultury\/","https:\/\/www.instagram.com\/nockultury\/","https:\/\/www.youtube.com\/@videonockultury"]},{"@type":"Person","@id":"https:\/\/nockultury.pl\/pl\/#\/schema\/person\/b455ea53392e5908331cf9642243f21c","name":"Ma\u0142gorzata Stanek","image":{"@type":"ImageObject","inLanguage":"pl-PL","@id":"https:\/\/nockultury.pl\/pl\/#\/schema\/person\/image\/","url":"https:\/\/secure.gravatar.com\/avatar\/45935340e0720354e023c66e68c2c506b7ca3adf6417db0177bb9e832d57e28c?s=96&d=mm&r=g","contentUrl":"https:\/\/secure.gravatar.com\/avatar\/45935340e0720354e023c66e68c2c506b7ca3adf6417db0177bb9e832d57e28c?s=96&d=mm&r=g","caption":"Ma\u0142gorzata Stanek"}}]}},"_links":{"self":[{"href":"https:\/\/nockultury.pl\/pl\/wp-json\/wp\/v2\/posts\/44466","targetHints":{"allow":["GET"]}}],"collection":[{"href":"https:\/\/nockultury.pl\/pl\/wp-json\/wp\/v2\/posts"}],"about":[{"href":"https:\/\/nockultury.pl\/pl\/wp-json\/wp\/v2\/types\/post"}],"author":[{"embeddable":true,"href":"https:\/\/nockultury.pl\/pl\/wp-json\/wp\/v2\/users\/8"}],"replies":[{"embeddable":true,"href":"https:\/\/nockultury.pl\/pl\/wp-json\/wp\/v2\/comments?post=44466"}],"version-history":[{"count":0,"href":"https:\/\/nockultury.pl\/pl\/wp-json\/wp\/v2\/posts\/44466\/revisions"}],"wp:featuredmedia":[{"embeddable":true,"href":"https:\/\/nockultury.pl\/pl\/wp-json\/wp\/v2\/media\/44571"}],"wp:attachment":[{"href":"https:\/\/nockultury.pl\/pl\/wp-json\/wp\/v2\/media?parent=44466"}],"wp:term":[{"taxonomy":"category","embeddable":true,"href":"https:\/\/nockultury.pl\/pl\/wp-json\/wp\/v2\/categories?post=44466"},{"taxonomy":"post_tag","embeddable":true,"href":"https:\/\/nockultury.pl\/pl\/wp-json\/wp\/v2\/tags?post=44466"}],"curies":[{"name":"wp","href":"https:\/\/api.w.org\/{rel}","templated":true}]}}