{"id":44469,"date":"2023-05-31T14:39:09","date_gmt":"2023-05-31T12:39:09","guid":{"rendered":"https:\/\/nockultury.pl\/?p=44469"},"modified":"2024-01-22T12:41:11","modified_gmt":"2024-01-22T11:41:11","slug":"koniecznie-zobacz-na-nocy-kultury-3-4-czerwca-2023-lublin","status":"publish","type":"post","link":"https:\/\/nockultury.pl\/pl\/koniecznie-zobacz-na-nocy-kultury-3-4-czerwca-2023-lublin\/","title":{"rendered":"Koniecznie zobacz na Nocy Kultury | 3\/4 czerwca 2023 | Lublin"},"content":{"rendered":"<p><strong>Lubelska Noc Kultury ju\u017c za chwil\u0119 (3\/4 czerwca). Na uczestnik\u00f3w Festiwalu czeka mn\u00f3stwo atrakcji. Wszystkiego zobaczy\u0107 si\u0119 nie da \u2013 wydarzenie trwa bowiem tylko jedn\u0105 letni\u0105 noc. Warto si\u0119 wi\u0119c dobrze przygotowa\u0107 i zaplanowa\u0107 sw\u00f3j spacer. Podpowiadamy, jakie punkty programu koniecznie trzeba mie\u0107 na swojej li\u015bcie.<\/strong><\/p>\n<p>Uczestnikom Festiwalu szczeg\u00f3lnie polecamy nasze produkcje specjalne, nad kt\u00f3rymi pracowali\u015bmy wiele miesi\u0119cy przed Noc\u0105 Kultury. Jedn\u0105 z nich jest Scena Rapowa, na kt\u00f3rej obok do\u015bwiadczonych artyst\u00f3w, takich jak AVI, Alyona Alyona czy Fukaj, wyst\u0105pi\u0105 laureaci naszego konkursu \u201eM\u0142odzi Raperzy i Raperki!\u201d. Z pewno\u015bci\u0105 du\u017ce wra\u017cenie zrobi\u0105 liczne instalacje artystyczne. Na placu Po Farze zobaczymy olbrzymie wiklinowe \u0142uki inspirowane dawn\u0105&nbsp; far\u0105, a na ulicy Szambela\u0144skiej b\u0119dziemy mogli przej\u015b\u0107 si\u0119 po dywanie zrobionym z 520m<sup>2<\/sup> \u017cywej trawy. Mi\u0142o\u015bnik\u00f3w muzyki klasycznej zapraszamy na ulic\u0119 \u017bmigr\u00f3d, gdzie odb\u0119dzie si\u0119 koncert, podczas kt\u00f3rego na scenie wyst\u0105pi a\u017c 205 artyst\u00f3w.<\/p>\n<h2><em>&nbsp;<\/em><strong><u>Musisz to zobaczy\u0107!<\/u><\/strong><\/h2>\n<p><strong>19.30\u20130.00 | Scena rapowa | B\u0142onia pod Zamkiem<br \/>\n<\/strong>Nocokulturow\u0105 Scen\u0119 rapu rozpoczn\u0105 koncerty laureat\u00f3w konkursu \u201eM\u0142odzi Raperzy i Raperki!\u201d. Ponadto b\u0119dziemy mieli okazj\u0119 us\u0142ysze\u0107 m\u0142odych, lecz ju\u017c do\u015bwiadczonych raper\u00f3w oraz raperki: Fukaj, Alyona Alyona i Avi. Scenografi\u0105 dla koncertu b\u0119d\u0105 instalacje artystyczne. \u201eSerce\u201d produkcji Lumina park, kt\u00f3re przepe\u0142nione pozytywnymi emocjami pozwali nam dzieli\u0107 si\u0119 dobr\u0105 energi\u0105, oraz \u201eFanatom\u201d Paw\u0142a Adamca \u2013 upcyklingowa, sensoryczna instalacja przedstawiaj\u0105ca stwora o \u201ebogatym wn\u0119trzu\u201d.<\/p>\n<hr>\n<p><strong>19.00\u20132.00 | Przyroda na placu Po Farze<br \/>\n<\/strong>\u201ePlac po\u2026\u201d to plac Po Farze w zupe\u0142nie innej ods\u0142onie, a wszystko za spraw\u0105 520 m<sup>2<\/sup> \u017cywej trawy roz\u0142o\u017conej we wn\u0119trzu mur\u00f3w ko\u015bcio\u0142a i drzewa, kt\u00f3re stanie w nawie g\u0142\u00f3wnej. Opr\u00f3cz tego arty\u015bci plecionkarstwa odtworz\u0105 cz\u0119\u015b\u0107 \u0142uk\u00f3w dawnej budowli, interpretuj\u0105c od nowa zarysowane fundamenty. Ponadto znajdziemy tam instalacj\u0119 \u015bwietln\u0105 \u2013 \u201ePszczo\u0142\u0119\u201d \u2013 wykonan\u0105 z metalu i materia\u0142u, kt\u00f3ra po zmierzchu zwr\u00f3ci uwag\u0119 uczestnik\u00f3w Festiwalu swoim ciep\u0142ym \u015bwiat\u0142em. Z balkonu kamienicy na Grodzkiej 7 b\u0119dzie za\u015b zwisa\u0107 \u201eWisteria\u201d \u2013 kojarzona z kultur\u0105 wschodu, gdzie oznacza szcz\u0119\u015bcie, witalno\u015b\u0107, nowy pocz\u0105tek oraz powitanie kogo\u015b w nowym mie\u015bcie, domu czy wyra\u017canie uczu\u0107 komu\u015b wyj\u0105tkowemu.<\/p>\n<hr>\n<p><strong>19.00\u20132.00 | Natura na ul. Ku Farze \/ placu Rybnym \/ Zau\u0142ku Hartwig\u00f3w<br \/>\n<\/strong>Najw\u0119\u017csza ulica Lublina ponownie przejdzie metamorfoz\u0119. Odnajdziemy tam kaktusy, kt\u00f3re b\u0119dzie mo\u017cna g\u0142aska\u0107 oraz instalacj\u0119 artystyczn\u0105 \u201eMiasto Ziele\u0144si\u0119\u201d, przypominaj\u0105c\u0105 nam, \u017ce natura mo\u017ce by\u0107 obecna w ka\u017cdym miejscu i czasie. Spotkamy rozwieszone paj\u0119cze sieci Arachne oraz wykonane z ceramiki \u201eFantastyczne Stwory Lublina\u201d. Nieco dalej (pl. Rybny) czekaj\u0105 na nas pos\u0105gi b\u00f3stw z mitologii s\u0142owia\u0144skiej (\u201eRDZE\u0143 PRZ[]SZ\u0141O\u015aCI\u201d) oraz \u201eSzklany ogr\u00f3d\u201d \u2013 botaniczna interpretacja szk\u0142a artystycznego. Z kolei w Zau\u0142ku Hartwig\u00f3w znajdziemy \u201eOstatnie ugryzienie\u201d \u2013 mural Marcina Wrzala.<\/p>\n<hr>\n<p><strong>21.30\u20132.00 | Wi\u0119cej \u015bwiat\u0142a! \u2013 instalacja artystyczna Warsztat\u00f3w Kultury | ul. Grodzka 7 \u2013 patio<br \/>\n<\/strong>Po\u0142\u0105czenia duszy starych wiekowych mebli z niezliczon\u0105 liczb\u0105 lamp emanuje tajemnicz\u0105 atmosfer\u0105 i zach\u0119ca do zatrzymania si\u0119 w kameralnym blasku \u015bwiat\u0142a. Nieoczywisty charakter instalacji podkre\u015bla lokalizacja po\u015br\u00f3d starych kamienic, na kt\u00f3rych uk\u0142ada si\u0119 niepowtarzalna mozaika cieni i refleks\u00f3w.<\/p>\n<hr>\n<p><strong>19.00\u201321.00 | Teatralna Noc Kultury | ul. Archidiako\u0144ska 7<br \/>\n<\/strong>Tego wieczoru teatr wychodzi na ulic\u0119. Zapraszamy na dwa spektakle pt. \u201eWsp\u00f3\u0142bycie\u201d, kt\u00f3re opowiedz\u0105 nam o relacji cz\u0142owieka z natur\u0105. Z kolei \u201eArka\u201d to kameralny, interaktywny spektakl familijny oparty na historii biblijnego Potopu. Tu\u017c obok znajduje si\u0119 instalacja artystyczna \u201e7 dni\u201d \u2013 walizka, kt\u00f3ra ka\u017cdemu kojarzy si\u0119 z czym\u015b innym. Podr\u00f3\u017c\u0105, wspomnieniami, a mo\u017ce przygod\u0105?<\/p>\n<hr>\n<p><strong>19.00\u20132.00 | Kwiaty z\u0142a \u2013 instalacja Jaros\u0142awa Koziary | ul. Z\u0142ota 5 \u2013 podw\u00f3rko<br \/>\n<\/strong>Ro\u015bliny, a szczeg\u00f3lnie kwiaty, kojarzone s\u0105 zazwyczaj z delikatnym pi\u0119knem, mi\u0142ym zapachem i \u0142agodno\u015bci\u0105. Ale nie zawsze tak jest. Istniej\u0105 ro\u015bliny z\u0142owrogie i mi\u0119so\u017cerne, powoduj\u0105ce niepok\u00f3j. Uwa\u017caj na tym podw\u00f3rku i nie daj si\u0119 po\u017cre\u0107!<\/p>\n<hr>\n<p><strong>19.00\u20132.00 | Przywale | ul. Szambela\u0144ska<br \/>\n<\/strong>Przywale to dawna nazwa ulicy Szambela\u0144skiej. Podczas Nocy Kultury bruk zostanie w ca\u0142o\u015bci przykryty dywanem z \u017cywej trawy, staj\u0105c si\u0119 rajem dla mi\u0142o\u015bnik\u00f3w natury. Nad g\u0142owami publiczno\u015bci zawi\u015bnie olbrzymi \u201eOgr\u00f3d osobliwo\u015bci\u201d. Znajdziemy tam r\u00f3wnie\u017c instalacj\u0119 artystyczn\u0105 \u2013 \u201eMuchomora\u201d \u2013 truj\u0105cego przedstawiciela trzeciego kr\u00f3lestwa w rozmiarze XXL.<\/p>\n<hr>\n<p><strong>19.00\u20132.00 | Nocny Parkiet | ul. Lubartowska (ko\u0142o Ratusza)<br \/>\n<\/strong>Poczuj puls miasta! Zapraszamy wszystkich mi\u0142o\u015bnik\u00f3w ta\u0144ca na wyj\u0105tkowe do\u015bwiadczenia taneczne. Wiecz\u00f3r z Dj-em, a mo\u017ce pota\u0144c\u00f3wka \u201eNa ludowo, na Jazzowo\u201d zespo\u0142u Jazz Quintet? Sami zdecydujcie! W tym miejscu znajdziecie r\u00f3wnie\u017c \u201eRETRO-SPEKCJE\u201d \u2013 zbi\u00f3r fotografii kostiumowej Paw\u0142a Adamca oraz instalacj\u0119 artystyczn\u0105 \u201ePaj\u0119czyna w czterech porach roku\u201d. B\u0119dziecie mogli tak\u017ce wzi\u0105\u0107 udzia\u0142 w performance \u201eYayoi Kusama w Lublinie \/ Przyklej kropki\u201d.<\/p>\n<hr>\n<p><strong>19.00\u20130.00 | Taniec w powietrzu \u2013 Strefa Wysokich Lot\u00f3w | plac Litewski<br \/>\n<\/strong>Zobaczymy podniebn\u0105 wersj\u0119 ba\u015bni o Kr\u00f3lewnie \u015anie\u017cce i siedmiu krasnoludkach przedstawion\u0105 z przymru\u017ceniem oka \u2013 ten wyst\u0119p zaprezentuje grupa zaawansowana. Drugi pokaz \u2013 \u201eShow me how you burlesque\u201d \u2013 inspirowany jest musicalem \u201eBurlesque\u201d. Na scenie jednocze\u015bnie b\u0119dzie wyst\u0119powa\u0107 a\u017c 17 artystek. Opr\u00f3cz tego podczas wyst\u0119p\u00f3w solowych zaprezentuje si\u0119 ok. 55 dzieci i doros\u0142ych reprezentuj\u0105cych Stref\u0119 Wysokich Lot\u00f3w.<\/p>\n<hr>\n<p><strong>22.00\u20132.00 | Arka \u2013 mapping Kiyoko Ishii i Toshikazu Toyamy | Pa\u0142ac Czartoryskich \u2013 plac Litewski&nbsp;<br \/>\n<\/strong>Niezwykle barwna opowie\u015b\u0107 z przes\u0142aniem, by \u017cy\u0107 pe\u0142ni\u0105 \u017cycia. Japo\u0144scy arty\u015bci wizualni w magiczny spos\u00f3b o\u017cywi\u0105 mury zabytkowego budynku, zabieraj\u0105c nas w podr\u00f3\u017c pe\u0142n\u0105 \u017cywio\u0142\u00f3w i element\u00f3w natury.<\/p>\n<hr>\n<p><strong>21.00\u201322.00 | Ulica \u2013 pr\u00f3ba otwarta spektaklu teatralnego w wykonaniu Sceny Warsztat\u00f3w | Dom S\u0142\u00f3w, ul. Kr\u00f3lewska 17<br \/>\n<\/strong>Zobaczymy sztuk\u0119 pt. \u201eUlica\u201d autorstwa Rolanda Schimmelpfenniga. Tytu\u0142owa ulica to w oryginale Greifswalder Strasse we wschodnim Berlinie. To historia o przypadkach, kt\u00f3re czasem s\u0105 jakby zaplanowane i tylko na poz\u00f3r stwarzaj\u0105 obraz chaosu. Mowa tu o przypadkach ludzkich, o mniej lub bardziej udanym \u017cyciu r\u00f3\u017cnych os\u00f3b mijaj\u0105cych si\u0119 codziennie na tej samej ulicy. Przede wszystkim o uczuciach by\u0142aby tu mowa, gdyby bohaterowie potrafili o nich jeszcze rozmawia\u0107.<\/p>\n<hr>\n<p><strong>19.00\u20130.00 | Scena Klasyczna \u2013 koncert | ZSE im. A. i J. Vetter\u00f3w,&nbsp; ul. \u017bmigr\u00f3d 10 \u2013 boisko<br \/>\n<\/strong>Na Scenie Klasycznej wyst\u0105pi\u0105 fantastyczni muzycy, w\u015br\u00f3d kt\u00f3rych nie zabraknie znanych osobowo\u015bci lubelskiej estrady oraz najlepszych uczni\u00f3w i nauczycieli szk\u00f3\u0142 muzycznych regionu. Wiecz\u00f3r zwie\u0144czy walc po\u017cegnalny w wykonaniu Stowarzyszenia Wsch\u00f3d Kultury i Ch\u00f3ru Politechniki Lubelskiej.<\/p>\n<hr>\n<p><strong>19.00\u20132.00 | Noc w Browarze: instalacje artystyczne, filmy, zwiedzanie | Per\u0142a \u2013 Browary Lubelskie S.A., ul. Bernardy\u0144ska 15<br \/>\n<\/strong>Na Noc w Browarze Per\u0142a sk\u0142adaj\u0105 si\u0119 instalacje artystyczne, m.in. \u201ePunkt ogrodu\u201d autorstwa Bernarda Kiedrowskiego \u2013 niezwyk\u0142e puzzle przestrzenne oraz \u201e<strong>Bottle green\u201d <\/strong>wykonana przez S\u0142uchaczy SPPSS z kierunku florystyka<strong> pod opiek\u0105<\/strong> Paw\u0142a Adamca. To zielona oaza po\u015br\u00f3d zabytkowej architektury Browaru. W programie znajdziemy tak\u017ce pokazy film\u00f3w \u201e\u015alimaki\u201d oraz \u201ePrzy rzece\u201d.<\/p>\n<hr>\n<p>Ca\u0142y program dost\u0119pny jest na stronie internetowej <a href=\"http:\/\/www.nockultury.pl\">www.nockultury.pl<\/a>. W zak\u0142adce <a href=\"http:\/\/nockultury.pl\/program-2023\">program<\/a> mo\u017cecie stworzy\u0107 w\u0142asny program Nocy Kultury.&nbsp;<\/p>\n<div class=\"fusion-align-block\"><a class=\"fusion-button button-flat fusion-button-default-size button-custom fusion-button-default button-1 fusion-button-span-yes fusion-button-default-type\" style=\"--button_accent_color:#000000;--button_accent_hover_color:#ffffff;--button_border_hover_color:#ffffff;--button_gradient_top_color:#f19300;--button_gradient_bottom_color:#f19300;--button_gradient_top_color_hover:#000000;--button_gradient_bottom_color_hover:#000000;\" target=\"_blank\" rel=\"noopener noreferrer\" href=\"https:\/\/nockultury.pl\/pl\/twoj-program\"><span class=\"fusion-button-text awb-button__text awb-button__text--default\">Stw\u00f3rz w\u0142asny program<\/span><\/a><\/div>\n<p><strong>Noc Kultury | 3\/4 czerwca 2023 | Stare Miasto, Lublin | wst\u0119p wolny<br \/>\n<\/strong>Organizatorem Festiwalu s\u0105 Warsztaty Kultury w Lublinie.<\/p>\n<p>Noc Kultury jest jednym z wydarze\u0144 programu Europejskiej Stolicy M\u0142odzie\u017cy Lublin 2023.<\/p>\n<p>Mi\u0119dzynarodowe jury uzna\u0142o, \u017ce to w\u0142a\u015bnie Lublin b\u0119dzie mia\u0142 okazj\u0119 zaprezentowa\u0107 Europie warto\u015bci wa\u017cne dla m\u0142odych, pokaza\u0107 ich aktywno\u015bci i skierowa\u0107 uwag\u0119 w swoich dzia\u0142aniach na m\u0142odzie\u017c. Tytu\u0142 ESM przyznawany jest przez Europejskie Forum M\u0142odzie\u017cy na okres jednego roku. Wi\u0119cej o Europejskiej Stolicy M\u0142odzie\u017cy na <a href=\"Downloads\/Downloads\/www.lublin.eu\/lublin\/esm2023\">www.lublin.eu\/lublin\/esm2023<\/a>.<\/p>\n<p>Patronat honorowy nad projektem obj\u0105\u0142 Prezydent Miasta Lublin \u2013 Krzysztof \u017buk.<\/p>\n<p><strong>Patroni medialni:<\/strong> TVP 2, TVP Kultura, TVP 3 Lublin, Polskie Radio Lublin, Radio Centrum, Radio z Qltur\u0105, Gazeta Wyborcza, Pismo. Magazyn Opinii, Magazyn Presto, Kultura Enter, dlaStudenta.pl, Onet.<br \/>\n<strong>Sponsorzy:<\/strong> Per\u0142a \u2013 Browary Lubelskie S.A.<\/p>\n","protected":false},"excerpt":{"rendered":"<p>Lubelska Noc Kultury ju\u017c za chwil\u0119 (3\/4 czerwca). Na uczestnik\u00f3w  [&#8230;]<\/p>\n","protected":false},"author":8,"featured_media":44463,"comment_status":"closed","ping_status":"open","sticky":false,"template":"","format":"standard","meta":{"_acf_changed":false,"ngg_post_thumbnail":0,"footnotes":""},"categories":[1],"tags":[],"class_list":["post-44469","post","type-post","status-publish","format-standard","has-post-thumbnail","hentry","category-bez-kategorii"],"acf":[],"yoast_head":"<!-- This site is optimized with the Yoast SEO plugin v26.1.1 - https:\/\/yoast.com\/wordpress\/plugins\/seo\/ -->\n<title>Koniecznie zobacz na Nocy Kultury<\/title>\n<meta name=\"description\" content=\"Uczestnikom Festiwalu szczeg\u00f3lnie polecamy nasze produkcje specjalne, nad kt\u00f3rymi pracowali\u015bmy wiele miesi\u0119cy przed Noc\u0105 Kultury.\" \/>\n<meta name=\"robots\" content=\"index, follow, max-snippet:-1, max-image-preview:large, max-video-preview:-1\" \/>\n<link rel=\"canonical\" href=\"https:\/\/nockultury.pl\/pl\/koniecznie-zobacz-na-nocy-kultury-3-4-czerwca-2023-lublin\/\" \/>\n<meta property=\"og:locale\" content=\"pl_PL\" \/>\n<meta property=\"og:type\" content=\"article\" \/>\n<meta property=\"og:title\" content=\"Koniecznie zobacz na Nocy Kultury\" \/>\n<meta property=\"og:description\" content=\"Uczestnikom Festiwalu szczeg\u00f3lnie polecamy nasze produkcje specjalne, nad kt\u00f3rymi pracowali\u015bmy wiele miesi\u0119cy przed Noc\u0105 Kultury.\" \/>\n<meta property=\"og:url\" content=\"https:\/\/nockultury.pl\/pl\/koniecznie-zobacz-na-nocy-kultury-3-4-czerwca-2023-lublin\/\" \/>\n<meta property=\"og:site_name\" content=\"Noc Kultury\" \/>\n<meta property=\"article:publisher\" content=\"https:\/\/www.facebook.com\/NocKultury\/\" \/>\n<meta property=\"article:published_time\" content=\"2023-05-31T12:39:09+00:00\" \/>\n<meta property=\"article:modified_time\" content=\"2024-01-22T11:41:11+00:00\" \/>\n<meta property=\"og:image\" content=\"https:\/\/nockultury.pl\/wp-content\/uploads\/2023\/05\/fot._Katarzyna_Anna_Kubiak_10-e1685536019886.jpg\" \/>\n\t<meta property=\"og:image:width\" content=\"1920\" \/>\n\t<meta property=\"og:image:height\" content=\"1282\" \/>\n\t<meta property=\"og:image:type\" content=\"image\/jpeg\" \/>\n<meta name=\"author\" content=\"Ma\u0142gorzata Stanek\" \/>\n<meta name=\"twitter:card\" content=\"summary_large_image\" \/>\n<meta name=\"twitter:label1\" content=\"Napisane przez\" \/>\n\t<meta name=\"twitter:data1\" content=\"Ma\u0142gorzata Stanek\" \/>\n\t<meta name=\"twitter:label2\" content=\"Szacowany czas czytania\" \/>\n\t<meta name=\"twitter:data2\" content=\"8 minut\" \/>\n<script type=\"application\/ld+json\" class=\"yoast-schema-graph\">{\"@context\":\"https:\/\/schema.org\",\"@graph\":[{\"@type\":\"Article\",\"@id\":\"https:\/\/nockultury.pl\/pl\/koniecznie-zobacz-na-nocy-kultury-3-4-czerwca-2023-lublin\/#article\",\"isPartOf\":{\"@id\":\"https:\/\/nockultury.pl\/pl\/koniecznie-zobacz-na-nocy-kultury-3-4-czerwca-2023-lublin\/\"},\"author\":{\"name\":\"Ma\u0142gorzata Stanek\",\"@id\":\"https:\/\/nockultury.pl\/pl\/#\/schema\/person\/b455ea53392e5908331cf9642243f21c\"},\"headline\":\"Koniecznie zobacz na Nocy Kultury | 3\/4 czerwca 2023 | Lublin\",\"datePublished\":\"2023-05-31T12:39:09+00:00\",\"dateModified\":\"2024-01-22T11:41:11+00:00\",\"mainEntityOfPage\":{\"@id\":\"https:\/\/nockultury.pl\/pl\/koniecznie-zobacz-na-nocy-kultury-3-4-czerwca-2023-lublin\/\"},\"wordCount\":1510,\"publisher\":{\"@id\":\"https:\/\/nockultury.pl\/pl\/#organization\"},\"image\":{\"@id\":\"https:\/\/nockultury.pl\/pl\/koniecznie-zobacz-na-nocy-kultury-3-4-czerwca-2023-lublin\/#primaryimage\"},\"thumbnailUrl\":\"https:\/\/nockultury.pl\/wp-content\/uploads\/2023\/05\/fot._Katarzyna_Anna_Kubiak_10-e1685536019886.jpg\",\"inLanguage\":\"pl-PL\"},{\"@type\":\"WebPage\",\"@id\":\"https:\/\/nockultury.pl\/pl\/koniecznie-zobacz-na-nocy-kultury-3-4-czerwca-2023-lublin\/\",\"url\":\"https:\/\/nockultury.pl\/pl\/koniecznie-zobacz-na-nocy-kultury-3-4-czerwca-2023-lublin\/\",\"name\":\"Koniecznie zobacz na Nocy Kultury\",\"isPartOf\":{\"@id\":\"https:\/\/nockultury.pl\/pl\/#website\"},\"primaryImageOfPage\":{\"@id\":\"https:\/\/nockultury.pl\/pl\/koniecznie-zobacz-na-nocy-kultury-3-4-czerwca-2023-lublin\/#primaryimage\"},\"image\":{\"@id\":\"https:\/\/nockultury.pl\/pl\/koniecznie-zobacz-na-nocy-kultury-3-4-czerwca-2023-lublin\/#primaryimage\"},\"thumbnailUrl\":\"https:\/\/nockultury.pl\/wp-content\/uploads\/2023\/05\/fot._Katarzyna_Anna_Kubiak_10-e1685536019886.jpg\",\"datePublished\":\"2023-05-31T12:39:09+00:00\",\"dateModified\":\"2024-01-22T11:41:11+00:00\",\"description\":\"Uczestnikom Festiwalu szczeg\u00f3lnie polecamy nasze produkcje specjalne, nad kt\u00f3rymi pracowali\u015bmy wiele miesi\u0119cy przed Noc\u0105 Kultury.\",\"breadcrumb\":{\"@id\":\"https:\/\/nockultury.pl\/pl\/koniecznie-zobacz-na-nocy-kultury-3-4-czerwca-2023-lublin\/#breadcrumb\"},\"inLanguage\":\"pl-PL\",\"potentialAction\":[{\"@type\":\"ReadAction\",\"target\":[\"https:\/\/nockultury.pl\/pl\/koniecznie-zobacz-na-nocy-kultury-3-4-czerwca-2023-lublin\/\"]}]},{\"@type\":\"ImageObject\",\"inLanguage\":\"pl-PL\",\"@id\":\"https:\/\/nockultury.pl\/pl\/koniecznie-zobacz-na-nocy-kultury-3-4-czerwca-2023-lublin\/#primaryimage\",\"url\":\"https:\/\/nockultury.pl\/wp-content\/uploads\/2023\/05\/fot._Katarzyna_Anna_Kubiak_10-e1685536019886.jpg\",\"contentUrl\":\"https:\/\/nockultury.pl\/wp-content\/uploads\/2023\/05\/fot._Katarzyna_Anna_Kubiak_10-e1685536019886.jpg\",\"width\":1324,\"height\":1281,\"caption\":\"Na placu Po Farze stoi drzewo z drutu i materia\u0142u. Jest pod\u015bwietlone. Dooko\u0142a gromadz\u0105 si\u0119 ludzie.\"},{\"@type\":\"BreadcrumbList\",\"@id\":\"https:\/\/nockultury.pl\/pl\/koniecznie-zobacz-na-nocy-kultury-3-4-czerwca-2023-lublin\/#breadcrumb\",\"itemListElement\":[{\"@type\":\"ListItem\",\"position\":1,\"name\":\"Strona g\u0142\u00f3wna\",\"item\":\"https:\/\/nockultury.pl\/pl\/\"},{\"@type\":\"ListItem\",\"position\":2,\"name\":\"Koniecznie zobacz na Nocy Kultury | 3\/4 czerwca 2023 | Lublin\"}]},{\"@type\":\"WebSite\",\"@id\":\"https:\/\/nockultury.pl\/pl\/#website\",\"url\":\"https:\/\/nockultury.pl\/pl\/\",\"name\":\"Noc Kultury\",\"description\":\"Lublin, Stare Miasto | wst\u0119p wolny\",\"publisher\":{\"@id\":\"https:\/\/nockultury.pl\/pl\/#organization\"},\"potentialAction\":[{\"@type\":\"SearchAction\",\"target\":{\"@type\":\"EntryPoint\",\"urlTemplate\":\"https:\/\/nockultury.pl\/pl\/?s={search_term_string}\"},\"query-input\":{\"@type\":\"PropertyValueSpecification\",\"valueRequired\":true,\"valueName\":\"search_term_string\"}}],\"inLanguage\":\"pl-PL\"},{\"@type\":\"Organization\",\"@id\":\"https:\/\/nockultury.pl\/pl\/#organization\",\"name\":\"Warsztaty Kultury w Lublinie\",\"url\":\"https:\/\/nockultury.pl\/pl\/\",\"logo\":{\"@type\":\"ImageObject\",\"inLanguage\":\"pl-PL\",\"@id\":\"https:\/\/nockultury.pl\/pl\/#\/schema\/logo\/image\/\",\"url\":\"https:\/\/nockultury.pl\/wp-content\/uploads\/2020\/03\/NOC-KULTURY-LOGO-170.jpg\",\"contentUrl\":\"https:\/\/nockultury.pl\/wp-content\/uploads\/2020\/03\/NOC-KULTURY-LOGO-170.jpg\",\"width\":170,\"height\":79,\"caption\":\"Warsztaty Kultury w Lublinie\"},\"image\":{\"@id\":\"https:\/\/nockultury.pl\/pl\/#\/schema\/logo\/image\/\"},\"sameAs\":[\"https:\/\/www.facebook.com\/NocKultury\/\",\"https:\/\/www.instagram.com\/nockultury\/\",\"https:\/\/www.youtube.com\/@videonockultury\"]},{\"@type\":\"Person\",\"@id\":\"https:\/\/nockultury.pl\/pl\/#\/schema\/person\/b455ea53392e5908331cf9642243f21c\",\"name\":\"Ma\u0142gorzata Stanek\",\"image\":{\"@type\":\"ImageObject\",\"inLanguage\":\"pl-PL\",\"@id\":\"https:\/\/nockultury.pl\/pl\/#\/schema\/person\/image\/\",\"url\":\"https:\/\/secure.gravatar.com\/avatar\/45935340e0720354e023c66e68c2c506b7ca3adf6417db0177bb9e832d57e28c?s=96&d=mm&r=g\",\"contentUrl\":\"https:\/\/secure.gravatar.com\/avatar\/45935340e0720354e023c66e68c2c506b7ca3adf6417db0177bb9e832d57e28c?s=96&d=mm&r=g\",\"caption\":\"Ma\u0142gorzata Stanek\"}}]}<\/script>\n<!-- \/ Yoast SEO plugin. -->","yoast_head_json":{"title":"Koniecznie zobacz na Nocy Kultury","description":"Uczestnikom Festiwalu szczeg\u00f3lnie polecamy nasze produkcje specjalne, nad kt\u00f3rymi pracowali\u015bmy wiele miesi\u0119cy przed Noc\u0105 Kultury.","robots":{"index":"index","follow":"follow","max-snippet":"max-snippet:-1","max-image-preview":"max-image-preview:large","max-video-preview":"max-video-preview:-1"},"canonical":"https:\/\/nockultury.pl\/pl\/koniecznie-zobacz-na-nocy-kultury-3-4-czerwca-2023-lublin\/","og_locale":"pl_PL","og_type":"article","og_title":"Koniecznie zobacz na Nocy Kultury","og_description":"Uczestnikom Festiwalu szczeg\u00f3lnie polecamy nasze produkcje specjalne, nad kt\u00f3rymi pracowali\u015bmy wiele miesi\u0119cy przed Noc\u0105 Kultury.","og_url":"https:\/\/nockultury.pl\/pl\/koniecznie-zobacz-na-nocy-kultury-3-4-czerwca-2023-lublin\/","og_site_name":"Noc Kultury","article_publisher":"https:\/\/www.facebook.com\/NocKultury\/","article_published_time":"2023-05-31T12:39:09+00:00","article_modified_time":"2024-01-22T11:41:11+00:00","og_image":[{"width":1920,"height":1282,"url":"https:\/\/nockultury.pl\/wp-content\/uploads\/2023\/05\/fot._Katarzyna_Anna_Kubiak_10-e1685536019886.jpg","type":"image\/jpeg"}],"author":"Ma\u0142gorzata Stanek","twitter_card":"summary_large_image","twitter_misc":{"Napisane przez":"Ma\u0142gorzata Stanek","Szacowany czas czytania":"8 minut"},"schema":{"@context":"https:\/\/schema.org","@graph":[{"@type":"Article","@id":"https:\/\/nockultury.pl\/pl\/koniecznie-zobacz-na-nocy-kultury-3-4-czerwca-2023-lublin\/#article","isPartOf":{"@id":"https:\/\/nockultury.pl\/pl\/koniecznie-zobacz-na-nocy-kultury-3-4-czerwca-2023-lublin\/"},"author":{"name":"Ma\u0142gorzata Stanek","@id":"https:\/\/nockultury.pl\/pl\/#\/schema\/person\/b455ea53392e5908331cf9642243f21c"},"headline":"Koniecznie zobacz na Nocy Kultury | 3\/4 czerwca 2023 | Lublin","datePublished":"2023-05-31T12:39:09+00:00","dateModified":"2024-01-22T11:41:11+00:00","mainEntityOfPage":{"@id":"https:\/\/nockultury.pl\/pl\/koniecznie-zobacz-na-nocy-kultury-3-4-czerwca-2023-lublin\/"},"wordCount":1510,"publisher":{"@id":"https:\/\/nockultury.pl\/pl\/#organization"},"image":{"@id":"https:\/\/nockultury.pl\/pl\/koniecznie-zobacz-na-nocy-kultury-3-4-czerwca-2023-lublin\/#primaryimage"},"thumbnailUrl":"https:\/\/nockultury.pl\/wp-content\/uploads\/2023\/05\/fot._Katarzyna_Anna_Kubiak_10-e1685536019886.jpg","inLanguage":"pl-PL"},{"@type":"WebPage","@id":"https:\/\/nockultury.pl\/pl\/koniecznie-zobacz-na-nocy-kultury-3-4-czerwca-2023-lublin\/","url":"https:\/\/nockultury.pl\/pl\/koniecznie-zobacz-na-nocy-kultury-3-4-czerwca-2023-lublin\/","name":"Koniecznie zobacz na Nocy Kultury","isPartOf":{"@id":"https:\/\/nockultury.pl\/pl\/#website"},"primaryImageOfPage":{"@id":"https:\/\/nockultury.pl\/pl\/koniecznie-zobacz-na-nocy-kultury-3-4-czerwca-2023-lublin\/#primaryimage"},"image":{"@id":"https:\/\/nockultury.pl\/pl\/koniecznie-zobacz-na-nocy-kultury-3-4-czerwca-2023-lublin\/#primaryimage"},"thumbnailUrl":"https:\/\/nockultury.pl\/wp-content\/uploads\/2023\/05\/fot._Katarzyna_Anna_Kubiak_10-e1685536019886.jpg","datePublished":"2023-05-31T12:39:09+00:00","dateModified":"2024-01-22T11:41:11+00:00","description":"Uczestnikom Festiwalu szczeg\u00f3lnie polecamy nasze produkcje specjalne, nad kt\u00f3rymi pracowali\u015bmy wiele miesi\u0119cy przed Noc\u0105 Kultury.","breadcrumb":{"@id":"https:\/\/nockultury.pl\/pl\/koniecznie-zobacz-na-nocy-kultury-3-4-czerwca-2023-lublin\/#breadcrumb"},"inLanguage":"pl-PL","potentialAction":[{"@type":"ReadAction","target":["https:\/\/nockultury.pl\/pl\/koniecznie-zobacz-na-nocy-kultury-3-4-czerwca-2023-lublin\/"]}]},{"@type":"ImageObject","inLanguage":"pl-PL","@id":"https:\/\/nockultury.pl\/pl\/koniecznie-zobacz-na-nocy-kultury-3-4-czerwca-2023-lublin\/#primaryimage","url":"https:\/\/nockultury.pl\/wp-content\/uploads\/2023\/05\/fot._Katarzyna_Anna_Kubiak_10-e1685536019886.jpg","contentUrl":"https:\/\/nockultury.pl\/wp-content\/uploads\/2023\/05\/fot._Katarzyna_Anna_Kubiak_10-e1685536019886.jpg","width":1324,"height":1281,"caption":"Na placu Po Farze stoi drzewo z drutu i materia\u0142u. Jest pod\u015bwietlone. Dooko\u0142a gromadz\u0105 si\u0119 ludzie."},{"@type":"BreadcrumbList","@id":"https:\/\/nockultury.pl\/pl\/koniecznie-zobacz-na-nocy-kultury-3-4-czerwca-2023-lublin\/#breadcrumb","itemListElement":[{"@type":"ListItem","position":1,"name":"Strona g\u0142\u00f3wna","item":"https:\/\/nockultury.pl\/pl\/"},{"@type":"ListItem","position":2,"name":"Koniecznie zobacz na Nocy Kultury | 3\/4 czerwca 2023 | Lublin"}]},{"@type":"WebSite","@id":"https:\/\/nockultury.pl\/pl\/#website","url":"https:\/\/nockultury.pl\/pl\/","name":"Noc Kultury","description":"Lublin, Stare Miasto | wst\u0119p wolny","publisher":{"@id":"https:\/\/nockultury.pl\/pl\/#organization"},"potentialAction":[{"@type":"SearchAction","target":{"@type":"EntryPoint","urlTemplate":"https:\/\/nockultury.pl\/pl\/?s={search_term_string}"},"query-input":{"@type":"PropertyValueSpecification","valueRequired":true,"valueName":"search_term_string"}}],"inLanguage":"pl-PL"},{"@type":"Organization","@id":"https:\/\/nockultury.pl\/pl\/#organization","name":"Warsztaty Kultury w Lublinie","url":"https:\/\/nockultury.pl\/pl\/","logo":{"@type":"ImageObject","inLanguage":"pl-PL","@id":"https:\/\/nockultury.pl\/pl\/#\/schema\/logo\/image\/","url":"https:\/\/nockultury.pl\/wp-content\/uploads\/2020\/03\/NOC-KULTURY-LOGO-170.jpg","contentUrl":"https:\/\/nockultury.pl\/wp-content\/uploads\/2020\/03\/NOC-KULTURY-LOGO-170.jpg","width":170,"height":79,"caption":"Warsztaty Kultury w Lublinie"},"image":{"@id":"https:\/\/nockultury.pl\/pl\/#\/schema\/logo\/image\/"},"sameAs":["https:\/\/www.facebook.com\/NocKultury\/","https:\/\/www.instagram.com\/nockultury\/","https:\/\/www.youtube.com\/@videonockultury"]},{"@type":"Person","@id":"https:\/\/nockultury.pl\/pl\/#\/schema\/person\/b455ea53392e5908331cf9642243f21c","name":"Ma\u0142gorzata Stanek","image":{"@type":"ImageObject","inLanguage":"pl-PL","@id":"https:\/\/nockultury.pl\/pl\/#\/schema\/person\/image\/","url":"https:\/\/secure.gravatar.com\/avatar\/45935340e0720354e023c66e68c2c506b7ca3adf6417db0177bb9e832d57e28c?s=96&d=mm&r=g","contentUrl":"https:\/\/secure.gravatar.com\/avatar\/45935340e0720354e023c66e68c2c506b7ca3adf6417db0177bb9e832d57e28c?s=96&d=mm&r=g","caption":"Ma\u0142gorzata Stanek"}}]}},"_links":{"self":[{"href":"https:\/\/nockultury.pl\/pl\/wp-json\/wp\/v2\/posts\/44469","targetHints":{"allow":["GET"]}}],"collection":[{"href":"https:\/\/nockultury.pl\/pl\/wp-json\/wp\/v2\/posts"}],"about":[{"href":"https:\/\/nockultury.pl\/pl\/wp-json\/wp\/v2\/types\/post"}],"author":[{"embeddable":true,"href":"https:\/\/nockultury.pl\/pl\/wp-json\/wp\/v2\/users\/8"}],"replies":[{"embeddable":true,"href":"https:\/\/nockultury.pl\/pl\/wp-json\/wp\/v2\/comments?post=44469"}],"version-history":[{"count":0,"href":"https:\/\/nockultury.pl\/pl\/wp-json\/wp\/v2\/posts\/44469\/revisions"}],"wp:featuredmedia":[{"embeddable":true,"href":"https:\/\/nockultury.pl\/pl\/wp-json\/wp\/v2\/media\/44463"}],"wp:attachment":[{"href":"https:\/\/nockultury.pl\/pl\/wp-json\/wp\/v2\/media?parent=44469"}],"wp:term":[{"taxonomy":"category","embeddable":true,"href":"https:\/\/nockultury.pl\/pl\/wp-json\/wp\/v2\/categories?post=44469"},{"taxonomy":"post_tag","embeddable":true,"href":"https:\/\/nockultury.pl\/pl\/wp-json\/wp\/v2\/tags?post=44469"}],"curies":[{"name":"wp","href":"https:\/\/api.w.org\/{rel}","templated":true}]}}