{"id":44574,"date":"2023-06-03T10:00:33","date_gmt":"2023-06-03T08:00:33","guid":{"rendered":"https:\/\/nockultury.pl\/?p=44574"},"modified":"2023-06-02T19:04:11","modified_gmt":"2023-06-02T17:04:11","slug":"poradnik-nocokulturowy-noc-kultury-2023","status":"publish","type":"post","link":"https:\/\/nockultury.pl\/pl\/poradnik-nocokulturowy-noc-kultury-2023\/","title":{"rendered":"Poradnik nocokulturowy | Noc Kultury 2023"},"content":{"rendered":"<h2><strong>O czym pami\u0119ta\u0107?<\/strong><\/h2>\n<ol>\n<li>Ubierz si\u0119 wygodnie \u2013 Noc Kultury to ca\u0142e mn\u00f3stwo wydarze\u0144 na terenie Starego Miasta i okolic wi\u0119c wygodne buty z pewno\u015bci\u0105 umil\u0105 Ci spacer.<br \/>\n<strong>2. <\/strong>Zostaw samoch\u00f3d w gara\u017cu, przyjed\u017a autobusem. Ze wzgl\u0119du na du\u017ce zainteresowanie festiwalem, podr\u00f3\u017c samochodem do centrum Lublina mo\u017ce wi\u0105za\u0107 si\u0119 z du\u017cym problemem z zaparkowaniem auta. Podczas trwania Nocy Kultury publiczna komunikacja nocna b\u0119dzie darmowa.<br \/>\n<strong>3. <\/strong>Zostaw zwierzaka w domu \u2013 Noc Kultury to kilkadziesi\u0105t tysi\u0119cy uczestnik\u00f3w, intensywny d\u017awi\u0119k, \u015bwiat\u0142o i wyj\u0105tkowy nat\u0142ok bod\u017ac\u00f3w. Sugerujemy, by nie straszy\u0107 zwierz\u0105t i dbaj\u0105c o ich komfort, zostawi\u0107 je w domu.<br \/>\n<strong>4. <\/strong>Na\u0142aduj bateri\u0119 w telefonie \u2013 dzi\u0119ki temu uwiecznisz niecodzienne instalacje artystyczne oraz b\u0119dziesz m\u00f3g\u0142\/a wzi\u0105\u0107 udzia\u0142 w konkursie \u201eNoc w Browarze\u201d.<br \/>\n<strong>5.<\/strong> Alkohol tylko w wyznaczonych miejscach \u2013 przypominamy, \u017ce obowi\u0105zuje zakaz spo\u017cywania alkoholu w miejscach publicznych.<br \/>\n<strong>6.<\/strong> Baw si\u0119 dobrze! Korzystaj, bo to jedyna taka noc w roku \u2013 Noc Kultury w Lublinie!<\/li>\n<\/ol>\n<p><strong>&nbsp;<\/strong><\/p>\n<h2><strong>GDZIE ZNAJD\u0118 PROGRAM?<\/strong><\/h2>\n<p><strong>&nbsp;<\/strong><strong>Program Nocy Kultury w Twoim telefonie<br \/>\n<\/strong>Pobierz program Nocy Kultury w jednej z trzech wersji j\u0119zykowych polskiej, angielskiej lub ukrai\u0144skiej. Sprawd\u017a najciekawsze wydarzenia i nie pomi\u0144 \u017cadnego z nich! Jak to zrobi\u0107?<br \/>\nWejd\u017a na stron\u0119 nockultury.pl lub zeskanuj kod QR z wersji papierowej programu lub tablic informacyjnych znajduj\u0105cych si\u0119 w przestrzeni publicznej miasta.<\/p>\n<p><strong>Dla Tych co lubi\u0105 programy papierowe<br \/>\n<\/strong>Po papierowe programy i mapy Nocy Kultury oraz dodatkowe informacje od naszych wolontariuszy zapraszamy do Punktu Informacyjnego Nocy Kultury zlokalizowanego na Placu \u0141okietka pod Ratuszem &#8211; otwarty w godzinach 12.00-00.00. Zapraszamy te\u017c na nasz profil na Facebooku, gdzie na bie\u017c\u0105co b\u0119dziemy informowa\u0107 o zmianach w programie i najciekawszych wydarzeniach&nbsp; oraz na instagram @nockultury, gdzie b\u0119dziecie mogli podejrze\u0107, co jeszcze warto zobaczy\u0107.<\/p>\n<p><strong>Punkt Informacyjny to tak\u017ce miejsce odbioru wej\u015bci\u00f3wek<br \/>\n<\/strong>Jak odebra\u0107 wej\u015bci\u00f3wki? Zg\u0142o\u015b si\u0119 w Punkcie Informacyjnym Nocy Kultury na Placu \u0141okietka w godz. 12.00-18.00. Wej\u015bci\u00f3wki, kt\u00f3re nie zostan\u0105 odebrane do godziny 18.00, wracaj\u0105 do puli; wszystkie rezerwacje wygasaj\u0105, a wej\u015bci\u00f3wki s\u0105 dost\u0119pne do odbioru dla wszystkich ch\u0119tnych.<\/p>\n<h2><strong>KOMUNIKACJA<\/strong><\/h2>\n<p><strong>Bezp\u0142atna komunikacja nocna<br \/>\n<\/strong>Warto wybra\u0107 si\u0119 na Noc Kultury komunikacj\u0105 publiczn\u0105, rowerem miejskim lub na piechot\u0119.<br \/>\nW godzinach 22:30 \u2013 2:30, linie N1, N2 i N3 b\u0119d\u0105 je\u017adzi\u0107 co 15 minut, a w godzinach 2:30-4:30 \u2013 co 60 minut. Podane godziny dotycz\u0105 przystank\u00f3w na Placu Wolno\u015bci. Trzeba pami\u0119ta\u0107, \u017ce w zwi\u0105zku z zamkni\u0119ciem dla ruchu ul. Kr\u00f3lewskiej komunikacja miejska zostanie skierowana na objazd.<br \/>\nUWAGA! W komunikacji nocnej podczas Nocy Kultury nie musimy kasowa\u0107 bilet\u00f3w.<\/p>\n<h2><strong>Utrudnienia drogowe<br \/>\n<\/strong><\/h2>\n<p>Zamkni\u0119ta dla ruchu ko\u0142owego przez Noc Kultury b\u0119dzie ul. Kr\u00f3lewska, na odcinku od ul. Bajkowskiego do ko\u0144ca zatoki postojowej po stronie pl. Katedralnego. Tym odcinkiem b\u0119d\u0105 mog\u0142u przeje\u017cd\u017ca\u0107 jedynie pojazdy komunikacji miejskiej.<\/p>\n<p><strong>&nbsp;<\/strong><\/p>\n<h2><strong>KONKURS<\/strong><\/h2>\n<p><strong>&nbsp;<\/strong><strong>Noc w Browarze<\/strong><\/p>\n<p>Podczas Nocy Kultury zr\u00f3b zdj\u0119cie instalacji artystycznej \u201eBottle green\u201d (mini ogr\u00f3d z hu\u015btawk\u0105) i wygraj zestaw gad\u017cet\u00f3w ufundowanych przez Per\u0142a \u2013 Browary Lubelskie S.A. oraz Warsztaty Kultury w Lublinie!<\/p>\n<p><strong>Co trzeba zrobi\u0107, aby wzi\u0105\u0107 udzia\u0142 w konkursie?<\/strong><\/p>\n<ol>\n<li>Zr\u00f3b pi\u0119kne \/ kreatywne \/ zabawne zdj\u0119cie instalacji artystycznej \u201eBottle green\u201d (mini ogr\u00f3d z hu\u015btawk\u0105), kt\u00f3r\u0105 znajdziesz na terenie naszego sponsora Per\u0142a \u2013 Browary Lubelskie S.A. na ul. Bernardy\u0144skiej 15.<\/li>\n<li>Udost\u0119pnij je:<\/li>\n<\/ol>\n<ul>\n<li>&nbsp;na Instagramie z hashtagiem: #NocwBrowarze oraz oznaczeniem profili @NocKultury i @browarperla<\/li>\n<li>lub w komentarzu pod postem dedykowanym konkursowi na fanpage\u2019u Nocy Kultury.<\/li>\n<\/ul>\n<p>Jury b\u0119dzie ocenia\u0107 prace pod wzgl\u0119dem inwencji tw\u00f3rczej, kreatywnych rozwi\u0105za\u0144 i dowcipu. Zwr\u00f3ci uwag\u0119 zar\u00f3wno na samo zdj\u0119cie, jak i na opis.<\/p>\n<p>Konkurs startuje 3 czerwca 2023 r. o godzinie 19.00, czyli w Noc Kultury. Na udzia\u0142 w konkursie masz czas do 5 czerwca 2023 r. do godziny 23.59.<\/p>\n<p>Wyniki zostan\u0105 og\u0142oszone na profilu na Instagramie i Facebook\u2019u Nocy Kultury 7 czerwca 2023 r.<\/p>\n<p>Konkurs jest przeznaczony wy\u0142\u0105cznie dla os\u00f3b pe\u0142noletnich. <a href=\"https:\/\/nockultury.pl\/wp-content\/uploads\/2023\/06\/Regulamin_Konkursu_Noc_w_Browarze.docx\" target=\"_blank\" rel=\"noopener\">REGULAMIN<\/a><\/p>\n<p><strong>&nbsp;<\/strong>Na festiwal sk\u0142ada si\u0119 mn\u00f3stwo wydarze\u0144 kulturalnych, m.in. koncerty, spektakle teatralne, instalacje artystyczne, wystawy i kino. Pe\u0142ny harmonogram tegorocznej edycji Nocy Kultury dost\u0119pny jest na<a href=\"https:\/\/nockultury.pl\/program-2023\" target=\"_blank\" rel=\"noopener\"> nockultury.pl<\/a><\/p>\n<ol start=\"17\">\n<li><strong> edycja Nocy Kultury w Lublinie odb\u0119dzie si\u0119 w nocy z 3 na 4 czerwca 2023.<br \/>\nWst\u0119p na wszystkie wydarzenia jest bezp\u0142atny.<\/strong><\/li>\n<\/ol>\n","protected":false},"excerpt":{"rendered":"<p>O czym pami\u0119ta\u0107? Ubierz si\u0119 wygodnie \u2013 Noc Kultury to  [&#8230;]<\/p>\n","protected":false},"author":8,"featured_media":44575,"comment_status":"closed","ping_status":"open","sticky":false,"template":"","format":"standard","meta":{"_acf_changed":false,"ngg_post_thumbnail":0,"footnotes":""},"categories":[1],"tags":[],"class_list":["post-44574","post","type-post","status-publish","format-standard","has-post-thumbnail","hentry","category-bez-kategorii"],"acf":[],"yoast_head":"<!-- This site is optimized with the Yoast SEO plugin v26.1.1 - https:\/\/yoast.com\/wordpress\/plugins\/seo\/ -->\n<title>Poradnik nocokulturowy | Noc Kultury 2023 - Noc Kultury<\/title>\n<meta name=\"robots\" content=\"index, follow, max-snippet:-1, max-image-preview:large, max-video-preview:-1\" \/>\n<link rel=\"canonical\" href=\"https:\/\/nockultury.pl\/pl\/poradnik-nocokulturowy-noc-kultury-2023\/\" \/>\n<meta property=\"og:locale\" content=\"pl_PL\" \/>\n<meta property=\"og:type\" content=\"article\" \/>\n<meta property=\"og:title\" content=\"Poradnik nocokulturowy | Noc Kultury 2023 - Noc Kultury\" \/>\n<meta property=\"og:description\" content=\"O czym pami\u0119ta\u0107? Ubierz si\u0119 wygodnie \u2013 Noc Kultury to [...]\" \/>\n<meta property=\"og:url\" content=\"https:\/\/nockultury.pl\/pl\/poradnik-nocokulturowy-noc-kultury-2023\/\" \/>\n<meta property=\"og:site_name\" content=\"Noc Kultury\" \/>\n<meta property=\"article:publisher\" content=\"https:\/\/www.facebook.com\/NocKultury\/\" \/>\n<meta property=\"article:published_time\" content=\"2023-06-03T08:00:33+00:00\" \/>\n<meta property=\"og:image\" content=\"https:\/\/nockultury.pl\/wp-content\/uploads\/2023\/06\/fot._Alicja_Miekina_2-e1685725427266.jpg\" \/>\n\t<meta property=\"og:image:width\" content=\"1485\" \/>\n\t<meta property=\"og:image:height\" content=\"1303\" \/>\n\t<meta property=\"og:image:type\" content=\"image\/jpeg\" \/>\n<meta name=\"author\" content=\"Ma\u0142gorzata Stanek\" \/>\n<meta name=\"twitter:card\" content=\"summary_large_image\" \/>\n<meta name=\"twitter:label1\" content=\"Napisane przez\" \/>\n\t<meta name=\"twitter:data1\" content=\"Ma\u0142gorzata Stanek\" \/>\n\t<meta name=\"twitter:label2\" content=\"Szacowany czas czytania\" \/>\n\t<meta name=\"twitter:data2\" content=\"4 minuty\" \/>\n<script type=\"application\/ld+json\" class=\"yoast-schema-graph\">{\"@context\":\"https:\/\/schema.org\",\"@graph\":[{\"@type\":\"Article\",\"@id\":\"https:\/\/nockultury.pl\/pl\/poradnik-nocokulturowy-noc-kultury-2023\/#article\",\"isPartOf\":{\"@id\":\"https:\/\/nockultury.pl\/pl\/poradnik-nocokulturowy-noc-kultury-2023\/\"},\"author\":{\"name\":\"Ma\u0142gorzata Stanek\",\"@id\":\"https:\/\/nockultury.pl\/pl\/#\/schema\/person\/b455ea53392e5908331cf9642243f21c\"},\"headline\":\"Poradnik nocokulturowy | Noc Kultury 2023\",\"datePublished\":\"2023-06-03T08:00:33+00:00\",\"mainEntityOfPage\":{\"@id\":\"https:\/\/nockultury.pl\/pl\/poradnik-nocokulturowy-noc-kultury-2023\/\"},\"wordCount\":732,\"publisher\":{\"@id\":\"https:\/\/nockultury.pl\/pl\/#organization\"},\"image\":{\"@id\":\"https:\/\/nockultury.pl\/pl\/poradnik-nocokulturowy-noc-kultury-2023\/#primaryimage\"},\"thumbnailUrl\":\"https:\/\/nockultury.pl\/wp-content\/uploads\/2023\/06\/fot._Alicja_Miekina_2-e1685725427266.jpg\",\"inLanguage\":\"pl-PL\"},{\"@type\":\"WebPage\",\"@id\":\"https:\/\/nockultury.pl\/pl\/poradnik-nocokulturowy-noc-kultury-2023\/\",\"url\":\"https:\/\/nockultury.pl\/pl\/poradnik-nocokulturowy-noc-kultury-2023\/\",\"name\":\"Poradnik nocokulturowy | Noc Kultury 2023 - Noc Kultury\",\"isPartOf\":{\"@id\":\"https:\/\/nockultury.pl\/pl\/#website\"},\"primaryImageOfPage\":{\"@id\":\"https:\/\/nockultury.pl\/pl\/poradnik-nocokulturowy-noc-kultury-2023\/#primaryimage\"},\"image\":{\"@id\":\"https:\/\/nockultury.pl\/pl\/poradnik-nocokulturowy-noc-kultury-2023\/#primaryimage\"},\"thumbnailUrl\":\"https:\/\/nockultury.pl\/wp-content\/uploads\/2023\/06\/fot._Alicja_Miekina_2-e1685725427266.jpg\",\"datePublished\":\"2023-06-03T08:00:33+00:00\",\"breadcrumb\":{\"@id\":\"https:\/\/nockultury.pl\/pl\/poradnik-nocokulturowy-noc-kultury-2023\/#breadcrumb\"},\"inLanguage\":\"pl-PL\",\"potentialAction\":[{\"@type\":\"ReadAction\",\"target\":[\"https:\/\/nockultury.pl\/pl\/poradnik-nocokulturowy-noc-kultury-2023\/\"]}]},{\"@type\":\"ImageObject\",\"inLanguage\":\"pl-PL\",\"@id\":\"https:\/\/nockultury.pl\/pl\/poradnik-nocokulturowy-noc-kultury-2023\/#primaryimage\",\"url\":\"https:\/\/nockultury.pl\/wp-content\/uploads\/2023\/06\/fot._Alicja_Miekina_2-e1685725427266.jpg\",\"contentUrl\":\"https:\/\/nockultury.pl\/wp-content\/uploads\/2023\/06\/fot._Alicja_Miekina_2-e1685725427266.jpg\",\"width\":1485,\"height\":1303,\"caption\":\"D\u0142o\u0144 wolontariuszki, kt\u00f3ra podaje program wydarzenia innej osobie.\"},{\"@type\":\"BreadcrumbList\",\"@id\":\"https:\/\/nockultury.pl\/pl\/poradnik-nocokulturowy-noc-kultury-2023\/#breadcrumb\",\"itemListElement\":[{\"@type\":\"ListItem\",\"position\":1,\"name\":\"Strona g\u0142\u00f3wna\",\"item\":\"https:\/\/nockultury.pl\/pl\/\"},{\"@type\":\"ListItem\",\"position\":2,\"name\":\"Poradnik nocokulturowy | Noc Kultury 2023\"}]},{\"@type\":\"WebSite\",\"@id\":\"https:\/\/nockultury.pl\/pl\/#website\",\"url\":\"https:\/\/nockultury.pl\/pl\/\",\"name\":\"Noc Kultury\",\"description\":\"Lublin, Stare Miasto | wst\u0119p wolny\",\"publisher\":{\"@id\":\"https:\/\/nockultury.pl\/pl\/#organization\"},\"potentialAction\":[{\"@type\":\"SearchAction\",\"target\":{\"@type\":\"EntryPoint\",\"urlTemplate\":\"https:\/\/nockultury.pl\/pl\/?s={search_term_string}\"},\"query-input\":{\"@type\":\"PropertyValueSpecification\",\"valueRequired\":true,\"valueName\":\"search_term_string\"}}],\"inLanguage\":\"pl-PL\"},{\"@type\":\"Organization\",\"@id\":\"https:\/\/nockultury.pl\/pl\/#organization\",\"name\":\"Warsztaty Kultury w Lublinie\",\"url\":\"https:\/\/nockultury.pl\/pl\/\",\"logo\":{\"@type\":\"ImageObject\",\"inLanguage\":\"pl-PL\",\"@id\":\"https:\/\/nockultury.pl\/pl\/#\/schema\/logo\/image\/\",\"url\":\"https:\/\/nockultury.pl\/wp-content\/uploads\/2020\/03\/NOC-KULTURY-LOGO-170.jpg\",\"contentUrl\":\"https:\/\/nockultury.pl\/wp-content\/uploads\/2020\/03\/NOC-KULTURY-LOGO-170.jpg\",\"width\":170,\"height\":79,\"caption\":\"Warsztaty Kultury w Lublinie\"},\"image\":{\"@id\":\"https:\/\/nockultury.pl\/pl\/#\/schema\/logo\/image\/\"},\"sameAs\":[\"https:\/\/www.facebook.com\/NocKultury\/\",\"https:\/\/www.instagram.com\/nockultury\/\",\"https:\/\/www.youtube.com\/@videonockultury\"]},{\"@type\":\"Person\",\"@id\":\"https:\/\/nockultury.pl\/pl\/#\/schema\/person\/b455ea53392e5908331cf9642243f21c\",\"name\":\"Ma\u0142gorzata Stanek\",\"image\":{\"@type\":\"ImageObject\",\"inLanguage\":\"pl-PL\",\"@id\":\"https:\/\/nockultury.pl\/pl\/#\/schema\/person\/image\/\",\"url\":\"https:\/\/secure.gravatar.com\/avatar\/45935340e0720354e023c66e68c2c506b7ca3adf6417db0177bb9e832d57e28c?s=96&d=mm&r=g\",\"contentUrl\":\"https:\/\/secure.gravatar.com\/avatar\/45935340e0720354e023c66e68c2c506b7ca3adf6417db0177bb9e832d57e28c?s=96&d=mm&r=g\",\"caption\":\"Ma\u0142gorzata Stanek\"}}]}<\/script>\n<!-- \/ Yoast SEO plugin. -->","yoast_head_json":{"title":"Poradnik nocokulturowy | Noc Kultury 2023 - Noc Kultury","robots":{"index":"index","follow":"follow","max-snippet":"max-snippet:-1","max-image-preview":"max-image-preview:large","max-video-preview":"max-video-preview:-1"},"canonical":"https:\/\/nockultury.pl\/pl\/poradnik-nocokulturowy-noc-kultury-2023\/","og_locale":"pl_PL","og_type":"article","og_title":"Poradnik nocokulturowy | Noc Kultury 2023 - Noc Kultury","og_description":"O czym pami\u0119ta\u0107? Ubierz si\u0119 wygodnie \u2013 Noc Kultury to [...]","og_url":"https:\/\/nockultury.pl\/pl\/poradnik-nocokulturowy-noc-kultury-2023\/","og_site_name":"Noc Kultury","article_publisher":"https:\/\/www.facebook.com\/NocKultury\/","article_published_time":"2023-06-03T08:00:33+00:00","og_image":[{"width":1485,"height":1303,"url":"https:\/\/nockultury.pl\/wp-content\/uploads\/2023\/06\/fot._Alicja_Miekina_2-e1685725427266.jpg","type":"image\/jpeg"}],"author":"Ma\u0142gorzata Stanek","twitter_card":"summary_large_image","twitter_misc":{"Napisane przez":"Ma\u0142gorzata Stanek","Szacowany czas czytania":"4 minuty"},"schema":{"@context":"https:\/\/schema.org","@graph":[{"@type":"Article","@id":"https:\/\/nockultury.pl\/pl\/poradnik-nocokulturowy-noc-kultury-2023\/#article","isPartOf":{"@id":"https:\/\/nockultury.pl\/pl\/poradnik-nocokulturowy-noc-kultury-2023\/"},"author":{"name":"Ma\u0142gorzata Stanek","@id":"https:\/\/nockultury.pl\/pl\/#\/schema\/person\/b455ea53392e5908331cf9642243f21c"},"headline":"Poradnik nocokulturowy | Noc Kultury 2023","datePublished":"2023-06-03T08:00:33+00:00","mainEntityOfPage":{"@id":"https:\/\/nockultury.pl\/pl\/poradnik-nocokulturowy-noc-kultury-2023\/"},"wordCount":732,"publisher":{"@id":"https:\/\/nockultury.pl\/pl\/#organization"},"image":{"@id":"https:\/\/nockultury.pl\/pl\/poradnik-nocokulturowy-noc-kultury-2023\/#primaryimage"},"thumbnailUrl":"https:\/\/nockultury.pl\/wp-content\/uploads\/2023\/06\/fot._Alicja_Miekina_2-e1685725427266.jpg","inLanguage":"pl-PL"},{"@type":"WebPage","@id":"https:\/\/nockultury.pl\/pl\/poradnik-nocokulturowy-noc-kultury-2023\/","url":"https:\/\/nockultury.pl\/pl\/poradnik-nocokulturowy-noc-kultury-2023\/","name":"Poradnik nocokulturowy | Noc Kultury 2023 - Noc Kultury","isPartOf":{"@id":"https:\/\/nockultury.pl\/pl\/#website"},"primaryImageOfPage":{"@id":"https:\/\/nockultury.pl\/pl\/poradnik-nocokulturowy-noc-kultury-2023\/#primaryimage"},"image":{"@id":"https:\/\/nockultury.pl\/pl\/poradnik-nocokulturowy-noc-kultury-2023\/#primaryimage"},"thumbnailUrl":"https:\/\/nockultury.pl\/wp-content\/uploads\/2023\/06\/fot._Alicja_Miekina_2-e1685725427266.jpg","datePublished":"2023-06-03T08:00:33+00:00","breadcrumb":{"@id":"https:\/\/nockultury.pl\/pl\/poradnik-nocokulturowy-noc-kultury-2023\/#breadcrumb"},"inLanguage":"pl-PL","potentialAction":[{"@type":"ReadAction","target":["https:\/\/nockultury.pl\/pl\/poradnik-nocokulturowy-noc-kultury-2023\/"]}]},{"@type":"ImageObject","inLanguage":"pl-PL","@id":"https:\/\/nockultury.pl\/pl\/poradnik-nocokulturowy-noc-kultury-2023\/#primaryimage","url":"https:\/\/nockultury.pl\/wp-content\/uploads\/2023\/06\/fot._Alicja_Miekina_2-e1685725427266.jpg","contentUrl":"https:\/\/nockultury.pl\/wp-content\/uploads\/2023\/06\/fot._Alicja_Miekina_2-e1685725427266.jpg","width":1485,"height":1303,"caption":"D\u0142o\u0144 wolontariuszki, kt\u00f3ra podaje program wydarzenia innej osobie."},{"@type":"BreadcrumbList","@id":"https:\/\/nockultury.pl\/pl\/poradnik-nocokulturowy-noc-kultury-2023\/#breadcrumb","itemListElement":[{"@type":"ListItem","position":1,"name":"Strona g\u0142\u00f3wna","item":"https:\/\/nockultury.pl\/pl\/"},{"@type":"ListItem","position":2,"name":"Poradnik nocokulturowy | Noc Kultury 2023"}]},{"@type":"WebSite","@id":"https:\/\/nockultury.pl\/pl\/#website","url":"https:\/\/nockultury.pl\/pl\/","name":"Noc Kultury","description":"Lublin, Stare Miasto | wst\u0119p wolny","publisher":{"@id":"https:\/\/nockultury.pl\/pl\/#organization"},"potentialAction":[{"@type":"SearchAction","target":{"@type":"EntryPoint","urlTemplate":"https:\/\/nockultury.pl\/pl\/?s={search_term_string}"},"query-input":{"@type":"PropertyValueSpecification","valueRequired":true,"valueName":"search_term_string"}}],"inLanguage":"pl-PL"},{"@type":"Organization","@id":"https:\/\/nockultury.pl\/pl\/#organization","name":"Warsztaty Kultury w Lublinie","url":"https:\/\/nockultury.pl\/pl\/","logo":{"@type":"ImageObject","inLanguage":"pl-PL","@id":"https:\/\/nockultury.pl\/pl\/#\/schema\/logo\/image\/","url":"https:\/\/nockultury.pl\/wp-content\/uploads\/2020\/03\/NOC-KULTURY-LOGO-170.jpg","contentUrl":"https:\/\/nockultury.pl\/wp-content\/uploads\/2020\/03\/NOC-KULTURY-LOGO-170.jpg","width":170,"height":79,"caption":"Warsztaty Kultury w Lublinie"},"image":{"@id":"https:\/\/nockultury.pl\/pl\/#\/schema\/logo\/image\/"},"sameAs":["https:\/\/www.facebook.com\/NocKultury\/","https:\/\/www.instagram.com\/nockultury\/","https:\/\/www.youtube.com\/@videonockultury"]},{"@type":"Person","@id":"https:\/\/nockultury.pl\/pl\/#\/schema\/person\/b455ea53392e5908331cf9642243f21c","name":"Ma\u0142gorzata Stanek","image":{"@type":"ImageObject","inLanguage":"pl-PL","@id":"https:\/\/nockultury.pl\/pl\/#\/schema\/person\/image\/","url":"https:\/\/secure.gravatar.com\/avatar\/45935340e0720354e023c66e68c2c506b7ca3adf6417db0177bb9e832d57e28c?s=96&d=mm&r=g","contentUrl":"https:\/\/secure.gravatar.com\/avatar\/45935340e0720354e023c66e68c2c506b7ca3adf6417db0177bb9e832d57e28c?s=96&d=mm&r=g","caption":"Ma\u0142gorzata Stanek"}}]}},"_links":{"self":[{"href":"https:\/\/nockultury.pl\/pl\/wp-json\/wp\/v2\/posts\/44574","targetHints":{"allow":["GET"]}}],"collection":[{"href":"https:\/\/nockultury.pl\/pl\/wp-json\/wp\/v2\/posts"}],"about":[{"href":"https:\/\/nockultury.pl\/pl\/wp-json\/wp\/v2\/types\/post"}],"author":[{"embeddable":true,"href":"https:\/\/nockultury.pl\/pl\/wp-json\/wp\/v2\/users\/8"}],"replies":[{"embeddable":true,"href":"https:\/\/nockultury.pl\/pl\/wp-json\/wp\/v2\/comments?post=44574"}],"version-history":[{"count":0,"href":"https:\/\/nockultury.pl\/pl\/wp-json\/wp\/v2\/posts\/44574\/revisions"}],"wp:featuredmedia":[{"embeddable":true,"href":"https:\/\/nockultury.pl\/pl\/wp-json\/wp\/v2\/media\/44575"}],"wp:attachment":[{"href":"https:\/\/nockultury.pl\/pl\/wp-json\/wp\/v2\/media?parent=44574"}],"wp:term":[{"taxonomy":"category","embeddable":true,"href":"https:\/\/nockultury.pl\/pl\/wp-json\/wp\/v2\/categories?post=44574"},{"taxonomy":"post_tag","embeddable":true,"href":"https:\/\/nockultury.pl\/pl\/wp-json\/wp\/v2\/tags?post=44574"}],"curies":[{"name":"wp","href":"https:\/\/api.w.org\/{rel}","templated":true}]}}