{"id":45947,"date":"2024-02-05T10:17:31","date_gmt":"2024-02-05T09:17:31","guid":{"rendered":"https:\/\/nockultury.pl\/?p=45947"},"modified":"2024-04-11T10:48:36","modified_gmt":"2024-04-11T08:48:36","slug":"zostan-menadzerem-menadzerka-strefy-wydarzen-wolontariat-nocy-kultury","status":"publish","type":"post","link":"https:\/\/nockultury.pl\/pl\/zostan-menadzerem-menadzerka-strefy-wydarzen-wolontariat-nocy-kultury\/","title":{"rendered":"Zosta\u0144 menad\u017cerem \/ menad\u017cerk\u0105 strefy wydarze\u0144! | Wolontariat Nocy Kultury"},"content":{"rendered":"<p>&nbsp;<\/p>\n<p><strong>Z pewno\u015bci\u0105 wiesz, jak wygl\u0105da Noc Kultury. Uczestnicy i uczestniczki festiwalu spaceruj\u0105 od placu do placu, od bramy do bramy i podziwiaj\u0105 Lublin, kt\u00f3ry podczas tej jednej nocy zmienia si\u0119 w prawdziwe miasto sztuki. Liczne instalacje artystyczne, koncerty, spektakle i wystawy sk\u0142adaj\u0105 si\u0119 na kilkaset atrakcji, kt\u00f3re mo\u017cna ogl\u0105da\u0107 przez 7 godzin trwania Festiwalu. Je\u015bli opr\u00f3cz zwiedzania Lublina, podczas tej wyj\u0105tkowej nocy, chcia\u0142by\u015b\/chcia\u0142aby\u015b zaanga\u017cowa\u0107 si\u0119 w organizacj\u0119 wydarzenia, rola menad\u017cera\/menad\u017cerki strefy wydarze\u0144 jest dla Ciebie! <\/strong><\/p>\n<p><div class=\"fusion-button-wrapper\"><a class=\"fusion-button button-flat fusion-button-default-size button-custom fusion-button-default button-1 fusion-button-default-span fusion-button-default-type\" style=\"--button_accent_color:var(--awb-color1);--button_border_color:var(--awb-color1);--button_accent_hover_color:#ffffff;--button_border_hover_color:#ffffff;--button_gradient_top_color:var(--awb-color4);--button_gradient_bottom_color:var(--awb-color4);--button_gradient_top_color_hover:var(--awb-color6);--button_gradient_bottom_color_hover:var(--awb-color6);--button_margin-bottom:2%;\" target=\"_blank\" rel=\"noopener noreferrer\" href=\"https:\/\/docs.google.com\/forms\/d\/e\/1FAIpQLScRDZkdwxkWkTPWEq_OpAvbPuQ3apm-VFdckPM0jiqpteqHTg\/viewform?usp=sf_link\"><span class=\"fusion-button-text awb-button__text awb-button__text--default\">zg\u0142o\u015b si\u0119!<\/span><\/a><\/div><div class=\"fusion-text fusion-text-1\"><\/div><\/p>\n<h2>Opis<\/h2>\n<p>Twoim zadaniem b\u0119dzie zaopiekowanie si\u0119 jedn\u0105 z lokacji Nocy Kultury, np. placem, na kt\u00f3rym b\u0119dzie odbywa\u0142o si\u0119 kilka wydarze\u0144 artystycznych lub podw\u00f3rkiem, kt\u00f3re tej nocy stanie si\u0119 scen\u0105 muzyczn\u0105. To odpowiedzialna, ale i niezwykle satysfakcjonuj\u0105ca rola. Jako osoba zaanga\u017cowana w projekt podejmiesz wsp\u00f3\u0142prac\u0119 z artystami i artystkami oraz zadbasz o to, aby wszystko przebieg\u0142o zgodnie z planem. Zale\u017cy nam, aby\u015b by\u0142\/by\u0142a z nami od pocz\u0105tku. Chcemy wsp\u00f3lnie z Tob\u0105 przejrze\u0107 projekty, kt\u00f3re sp\u0142yn\u0105 do nas podczas otwartego naboru i odda\u0107 w Twoje r\u0119ce cz\u0119\u015b\u0107 z nich, aby\u015b czuwa\u0142\/ czuwa\u0142a nad ich sprawn\u0105 realizacj\u0105. Nie czekaj! Zg\u0142o\u015b si\u0119 ju\u017c dzi\u015b i zdob\u0105d\u017a cenne do\u015bwiadczenie w zarz\u0105dzaniu projektem!<\/p>\n<p>\u2013 <em>Zapraszamy do naszego zespo\u0142u. Nie przejmujcie si\u0119 brakiem do\u015bwiadczenia \u2013 to w\u0142a\u015bnie z nami je zdob\u0119dziecie. Jeste\u015bmy gotowi podzieli\u0107 si\u0119 nocokulturowym know-how, a jest to wiedza, kt\u00f3r\u0105 mo\u017cna zdoby\u0107 tylko w trakcie dzia\u0142ania<\/em> \u2013 opowiada Joanna Wawi\u00f3rka- Kamieniecka, dyrektorka Nocy Kultury.<\/p>\n<h2><strong>Co mo\u017cesz zyska\u0107?<\/strong><\/h2>\n<ul>\n<li>Rozw\u00f3j umiej\u0119tno\u015bci w zakresie planowania, koordynacji, komunikacji, logistyki, promocji i relacji z partnerami, kt\u00f3re z pewno\u015bci\u0105 przyda si\u0119 w pracy event menagera;<\/li>\n<li>Kontakty i networking \u2013 wsp\u00f3\u0142praca z artystami, ekspertami i instytucjami zwi\u0105zanymi z kultur\u0105;<\/li>\n<li>Referencje i certyfikaty \u2013 mo\u017cliwo\u015b\u0107 otrzymania dokument\u00f3w potwierdzaj\u0105cych udzia\u0142 w organizacji festiwalu;<\/li>\n<li>Dost\u0119p do kulis wydarze\u0144 kulturalnych \u2013 unikalna okazja do zapoznania si\u0119 z kulisami pracy przy jednym z najwi\u0119kszych festiwali lubelskich;<\/li>\n<li>Satysfakcj\u0119 z tworzenia kultury miejskiej \u2013 tworzenie i wprowadzanie w \u017cycie r\u00f3\u017cnorodnych wydarze\u0144 kulturalnych w ramach festiwalu Nocy Kultury 2024.<\/li>\n<\/ul>\n<h2><strong>Twoje obowi\u0105zki:<\/strong><\/h2>\n<ul>\n<li>Wsp\u00f3\u0142koordynowanie otwartego naboru;<\/li>\n<li>Uczestniczenie w cotygodniowych spotkaniach online \/ na \u017cywo (luty \u2013 maj);<\/li>\n<li>Zarz\u0105dzanie prac\u0105 wolontariuszy;<\/li>\n<li>Promocja festiwalu;<\/li>\n<li>Tworzenie autorskich punkt\u00f3w programu;<\/li>\n<li>Wsp\u00f3\u0142praca z zespo\u0142em badawczym;<\/li>\n<li>Kontakt z partnerami festiwalu;<\/li>\n<li>Koordynowanie bie\u017c\u0105cych zada\u0144.<\/li>\n<\/ul>\n<h2><strong>Warunki udzia\u0142u:<\/strong><\/h2>\n<ul>\n<li>Uko\u0144czone 18 lat;<\/li>\n<li>Podpisanie umowy o wolontariacie;<\/li>\n<li>Przestrzeganie zasad poufno\u015bci;<\/li>\n<li>Regularne spotkania raz w tygodniu (online \/ na \u017cywo);<\/li>\n<li>Zaanga\u017cowanie i gotowo\u015b\u0107 do pracy przy projekcie od lutego do maja<br \/>\noraz w Noc Kultury.<\/li>\n<\/ul>\n<p>&nbsp;<\/p>\n<h2><strong>Informacje praktyczne<\/strong><\/h2>\n<p><strong>Kiedy:<\/strong><br \/>\n5\u201316 lutego 2024 | nab\u00f3r<br \/>\n21 lutego, godz. 17.00 \u2013 1 spotkanie zespo\u0142u w Warsztatach Kultury w Lublinie<br \/>\nluty \u2013 maj 2024 | zaanga\u017cowanie i gotowo\u015b\u0107 do pracy przy projekcie (szczeg\u00f3\u0142owy harmonogram pracy zostanie ustalony podczas pierwszego spotkania)<br \/>\n1\/2 czerwca | Noc Kultury<br \/>\n<strong>Dla kogo: <\/strong>dla os\u00f3b pe\u0142noletnich<br \/>\n<strong>Zapisy:<\/strong> <a href=\"https:\/\/docs.google.com\/forms\/d\/e\/1FAIpQLScRDZkdwxkWkTPWEq_OpAvbPuQ3apm-VFdckPM0jiqpteqHTg\/viewform?usp=sf_link\" target=\"_blank\" rel=\"noopener\"><strong>przez formularz online<\/strong><\/a> dost\u0119pny na stronie warsztatykultury.pl<\/p>\n<p>&nbsp;<\/p>\n","protected":false},"excerpt":{"rendered":"<p>&nbsp; Z pewno\u015bci\u0105 wiesz, jak wygl\u0105da Noc Kultury. Uczestnicy i  [&#8230;]<\/p>\n","protected":false},"author":8,"featured_media":45948,"comment_status":"closed","ping_status":"open","sticky":false,"template":"","format":"standard","meta":{"_acf_changed":false,"ngg_post_thumbnail":0,"footnotes":""},"categories":[1],"tags":[],"class_list":["post-45947","post","type-post","status-publish","format-standard","has-post-thumbnail","hentry","category-bez-kategorii"],"acf":[],"yoast_head":"<!-- This site is optimized with the Yoast SEO plugin v26.1.1 - https:\/\/yoast.com\/wordpress\/plugins\/seo\/ -->\n<title>Zosta\u0144 menad\u017cerem \/ menad\u017cerk\u0105 strefy wydarze\u0144! | Wolontariat Nocy Kultury<\/title>\n<meta name=\"description\" content=\"Zosta\u0144 menad\u017cerem \/ menad\u017cerk\u0105 strefy wydarze\u0144! | Wolontariat Nocy Kultury\" \/>\n<meta name=\"robots\" content=\"index, follow, max-snippet:-1, max-image-preview:large, max-video-preview:-1\" \/>\n<link rel=\"canonical\" href=\"https:\/\/nockultury.pl\/pl\/zostan-menadzerem-menadzerka-strefy-wydarzen-wolontariat-nocy-kultury\/\" \/>\n<meta property=\"og:locale\" content=\"pl_PL\" \/>\n<meta property=\"og:type\" content=\"article\" \/>\n<meta property=\"og:title\" content=\"Zosta\u0144 menad\u017cerem \/ menad\u017cerk\u0105 strefy wydarze\u0144! | Wolontariat Nocy Kultury\" \/>\n<meta property=\"og:description\" content=\"Zosta\u0144 menad\u017cerem \/ menad\u017cerk\u0105 strefy wydarze\u0144! | Wolontariat Nocy Kultury\" \/>\n<meta property=\"og:url\" content=\"https:\/\/nockultury.pl\/pl\/zostan-menadzerem-menadzerka-strefy-wydarzen-wolontariat-nocy-kultury\/\" \/>\n<meta property=\"og:site_name\" content=\"Noc Kultury\" \/>\n<meta property=\"article:publisher\" content=\"https:\/\/www.facebook.com\/NocKultury\/\" \/>\n<meta property=\"article:published_time\" content=\"2024-02-05T09:17:31+00:00\" \/>\n<meta property=\"article:modified_time\" content=\"2024-04-11T08:48:36+00:00\" \/>\n<meta property=\"og:image\" content=\"https:\/\/nockultury.pl\/wp-content\/uploads\/2024\/02\/menago_kwadrat.jpg\" \/>\n\t<meta property=\"og:image:width\" content=\"1920\" \/>\n\t<meta property=\"og:image:height\" content=\"1920\" \/>\n\t<meta property=\"og:image:type\" content=\"image\/jpeg\" \/>\n<meta name=\"author\" content=\"Ma\u0142gorzata Stanek\" \/>\n<meta name=\"twitter:card\" content=\"summary_large_image\" \/>\n<meta name=\"twitter:label1\" content=\"Napisane przez\" \/>\n\t<meta name=\"twitter:data1\" content=\"Ma\u0142gorzata Stanek\" \/>\n\t<meta name=\"twitter:label2\" content=\"Szacowany czas czytania\" \/>\n\t<meta name=\"twitter:data2\" content=\"3 minuty\" \/>\n<script type=\"application\/ld+json\" class=\"yoast-schema-graph\">{\"@context\":\"https:\/\/schema.org\",\"@graph\":[{\"@type\":\"Article\",\"@id\":\"https:\/\/nockultury.pl\/pl\/zostan-menadzerem-menadzerka-strefy-wydarzen-wolontariat-nocy-kultury\/#article\",\"isPartOf\":{\"@id\":\"https:\/\/nockultury.pl\/pl\/zostan-menadzerem-menadzerka-strefy-wydarzen-wolontariat-nocy-kultury\/\"},\"author\":{\"name\":\"Ma\u0142gorzata Stanek\",\"@id\":\"https:\/\/nockultury.pl\/pl\/#\/schema\/person\/b455ea53392e5908331cf9642243f21c\"},\"headline\":\"Zosta\u0144 menad\u017cerem \/ menad\u017cerk\u0105 strefy wydarze\u0144! | Wolontariat Nocy Kultury\",\"datePublished\":\"2024-02-05T09:17:31+00:00\",\"dateModified\":\"2024-04-11T08:48:36+00:00\",\"mainEntityOfPage\":{\"@id\":\"https:\/\/nockultury.pl\/pl\/zostan-menadzerem-menadzerka-strefy-wydarzen-wolontariat-nocy-kultury\/\"},\"wordCount\":611,\"publisher\":{\"@id\":\"https:\/\/nockultury.pl\/pl\/#organization\"},\"image\":{\"@id\":\"https:\/\/nockultury.pl\/pl\/zostan-menadzerem-menadzerka-strefy-wydarzen-wolontariat-nocy-kultury\/#primaryimage\"},\"thumbnailUrl\":\"https:\/\/nockultury.pl\/wp-content\/uploads\/2024\/02\/menago_kwadrat.jpg\",\"inLanguage\":\"pl-PL\"},{\"@type\":\"WebPage\",\"@id\":\"https:\/\/nockultury.pl\/pl\/zostan-menadzerem-menadzerka-strefy-wydarzen-wolontariat-nocy-kultury\/\",\"url\":\"https:\/\/nockultury.pl\/pl\/zostan-menadzerem-menadzerka-strefy-wydarzen-wolontariat-nocy-kultury\/\",\"name\":\"Zosta\u0144 menad\u017cerem \/ menad\u017cerk\u0105 strefy wydarze\u0144! | Wolontariat Nocy Kultury\",\"isPartOf\":{\"@id\":\"https:\/\/nockultury.pl\/pl\/#website\"},\"primaryImageOfPage\":{\"@id\":\"https:\/\/nockultury.pl\/pl\/zostan-menadzerem-menadzerka-strefy-wydarzen-wolontariat-nocy-kultury\/#primaryimage\"},\"image\":{\"@id\":\"https:\/\/nockultury.pl\/pl\/zostan-menadzerem-menadzerka-strefy-wydarzen-wolontariat-nocy-kultury\/#primaryimage\"},\"thumbnailUrl\":\"https:\/\/nockultury.pl\/wp-content\/uploads\/2024\/02\/menago_kwadrat.jpg\",\"datePublished\":\"2024-02-05T09:17:31+00:00\",\"dateModified\":\"2024-04-11T08:48:36+00:00\",\"description\":\"Zosta\u0144 menad\u017cerem \/ menad\u017cerk\u0105 strefy wydarze\u0144! | Wolontariat Nocy Kultury\",\"breadcrumb\":{\"@id\":\"https:\/\/nockultury.pl\/pl\/zostan-menadzerem-menadzerka-strefy-wydarzen-wolontariat-nocy-kultury\/#breadcrumb\"},\"inLanguage\":\"pl-PL\",\"potentialAction\":[{\"@type\":\"ReadAction\",\"target\":[\"https:\/\/nockultury.pl\/pl\/zostan-menadzerem-menadzerka-strefy-wydarzen-wolontariat-nocy-kultury\/\"]}]},{\"@type\":\"ImageObject\",\"inLanguage\":\"pl-PL\",\"@id\":\"https:\/\/nockultury.pl\/pl\/zostan-menadzerem-menadzerka-strefy-wydarzen-wolontariat-nocy-kultury\/#primaryimage\",\"url\":\"https:\/\/nockultury.pl\/wp-content\/uploads\/2024\/02\/menago_kwadrat.jpg\",\"contentUrl\":\"https:\/\/nockultury.pl\/wp-content\/uploads\/2024\/02\/menago_kwadrat.jpg\",\"width\":1920,\"height\":1920,\"caption\":\"M\u0142ode osoby trzymaj\u0105 balony w kszta\u0142cie liter. Napis: Zosta\u0144 menad\u017cerk\u0105\/em strefy wydarze\u0144. Logo Nocy Kutury.\"},{\"@type\":\"BreadcrumbList\",\"@id\":\"https:\/\/nockultury.pl\/pl\/zostan-menadzerem-menadzerka-strefy-wydarzen-wolontariat-nocy-kultury\/#breadcrumb\",\"itemListElement\":[{\"@type\":\"ListItem\",\"position\":1,\"name\":\"Strona g\u0142\u00f3wna\",\"item\":\"https:\/\/nockultury.pl\/pl\/\"},{\"@type\":\"ListItem\",\"position\":2,\"name\":\"Zosta\u0144 menad\u017cerem \/ menad\u017cerk\u0105 strefy wydarze\u0144! | Wolontariat Nocy Kultury\"}]},{\"@type\":\"WebSite\",\"@id\":\"https:\/\/nockultury.pl\/pl\/#website\",\"url\":\"https:\/\/nockultury.pl\/pl\/\",\"name\":\"Noc Kultury\",\"description\":\"Lublin, Stare Miasto | wst\u0119p wolny\",\"publisher\":{\"@id\":\"https:\/\/nockultury.pl\/pl\/#organization\"},\"potentialAction\":[{\"@type\":\"SearchAction\",\"target\":{\"@type\":\"EntryPoint\",\"urlTemplate\":\"https:\/\/nockultury.pl\/pl\/?s={search_term_string}\"},\"query-input\":{\"@type\":\"PropertyValueSpecification\",\"valueRequired\":true,\"valueName\":\"search_term_string\"}}],\"inLanguage\":\"pl-PL\"},{\"@type\":\"Organization\",\"@id\":\"https:\/\/nockultury.pl\/pl\/#organization\",\"name\":\"Warsztaty Kultury w Lublinie\",\"url\":\"https:\/\/nockultury.pl\/pl\/\",\"logo\":{\"@type\":\"ImageObject\",\"inLanguage\":\"pl-PL\",\"@id\":\"https:\/\/nockultury.pl\/pl\/#\/schema\/logo\/image\/\",\"url\":\"https:\/\/nockultury.pl\/wp-content\/uploads\/2020\/03\/NOC-KULTURY-LOGO-170.jpg\",\"contentUrl\":\"https:\/\/nockultury.pl\/wp-content\/uploads\/2020\/03\/NOC-KULTURY-LOGO-170.jpg\",\"width\":170,\"height\":79,\"caption\":\"Warsztaty Kultury w Lublinie\"},\"image\":{\"@id\":\"https:\/\/nockultury.pl\/pl\/#\/schema\/logo\/image\/\"},\"sameAs\":[\"https:\/\/www.facebook.com\/NocKultury\/\",\"https:\/\/www.instagram.com\/nockultury\/\",\"https:\/\/www.youtube.com\/@videonockultury\"]},{\"@type\":\"Person\",\"@id\":\"https:\/\/nockultury.pl\/pl\/#\/schema\/person\/b455ea53392e5908331cf9642243f21c\",\"name\":\"Ma\u0142gorzata Stanek\",\"image\":{\"@type\":\"ImageObject\",\"inLanguage\":\"pl-PL\",\"@id\":\"https:\/\/nockultury.pl\/pl\/#\/schema\/person\/image\/\",\"url\":\"https:\/\/secure.gravatar.com\/avatar\/45935340e0720354e023c66e68c2c506b7ca3adf6417db0177bb9e832d57e28c?s=96&d=mm&r=g\",\"contentUrl\":\"https:\/\/secure.gravatar.com\/avatar\/45935340e0720354e023c66e68c2c506b7ca3adf6417db0177bb9e832d57e28c?s=96&d=mm&r=g\",\"caption\":\"Ma\u0142gorzata Stanek\"}}]}<\/script>\n<!-- \/ Yoast SEO plugin. -->","yoast_head_json":{"title":"Zosta\u0144 menad\u017cerem \/ menad\u017cerk\u0105 strefy wydarze\u0144! | Wolontariat Nocy Kultury","description":"Zosta\u0144 menad\u017cerem \/ menad\u017cerk\u0105 strefy wydarze\u0144! | Wolontariat Nocy Kultury","robots":{"index":"index","follow":"follow","max-snippet":"max-snippet:-1","max-image-preview":"max-image-preview:large","max-video-preview":"max-video-preview:-1"},"canonical":"https:\/\/nockultury.pl\/pl\/zostan-menadzerem-menadzerka-strefy-wydarzen-wolontariat-nocy-kultury\/","og_locale":"pl_PL","og_type":"article","og_title":"Zosta\u0144 menad\u017cerem \/ menad\u017cerk\u0105 strefy wydarze\u0144! | Wolontariat Nocy Kultury","og_description":"Zosta\u0144 menad\u017cerem \/ menad\u017cerk\u0105 strefy wydarze\u0144! | Wolontariat Nocy Kultury","og_url":"https:\/\/nockultury.pl\/pl\/zostan-menadzerem-menadzerka-strefy-wydarzen-wolontariat-nocy-kultury\/","og_site_name":"Noc Kultury","article_publisher":"https:\/\/www.facebook.com\/NocKultury\/","article_published_time":"2024-02-05T09:17:31+00:00","article_modified_time":"2024-04-11T08:48:36+00:00","og_image":[{"width":1920,"height":1920,"url":"https:\/\/nockultury.pl\/wp-content\/uploads\/2024\/02\/menago_kwadrat.jpg","type":"image\/jpeg"}],"author":"Ma\u0142gorzata Stanek","twitter_card":"summary_large_image","twitter_misc":{"Napisane przez":"Ma\u0142gorzata Stanek","Szacowany czas czytania":"3 minuty"},"schema":{"@context":"https:\/\/schema.org","@graph":[{"@type":"Article","@id":"https:\/\/nockultury.pl\/pl\/zostan-menadzerem-menadzerka-strefy-wydarzen-wolontariat-nocy-kultury\/#article","isPartOf":{"@id":"https:\/\/nockultury.pl\/pl\/zostan-menadzerem-menadzerka-strefy-wydarzen-wolontariat-nocy-kultury\/"},"author":{"name":"Ma\u0142gorzata Stanek","@id":"https:\/\/nockultury.pl\/pl\/#\/schema\/person\/b455ea53392e5908331cf9642243f21c"},"headline":"Zosta\u0144 menad\u017cerem \/ menad\u017cerk\u0105 strefy wydarze\u0144! | Wolontariat Nocy Kultury","datePublished":"2024-02-05T09:17:31+00:00","dateModified":"2024-04-11T08:48:36+00:00","mainEntityOfPage":{"@id":"https:\/\/nockultury.pl\/pl\/zostan-menadzerem-menadzerka-strefy-wydarzen-wolontariat-nocy-kultury\/"},"wordCount":611,"publisher":{"@id":"https:\/\/nockultury.pl\/pl\/#organization"},"image":{"@id":"https:\/\/nockultury.pl\/pl\/zostan-menadzerem-menadzerka-strefy-wydarzen-wolontariat-nocy-kultury\/#primaryimage"},"thumbnailUrl":"https:\/\/nockultury.pl\/wp-content\/uploads\/2024\/02\/menago_kwadrat.jpg","inLanguage":"pl-PL"},{"@type":"WebPage","@id":"https:\/\/nockultury.pl\/pl\/zostan-menadzerem-menadzerka-strefy-wydarzen-wolontariat-nocy-kultury\/","url":"https:\/\/nockultury.pl\/pl\/zostan-menadzerem-menadzerka-strefy-wydarzen-wolontariat-nocy-kultury\/","name":"Zosta\u0144 menad\u017cerem \/ menad\u017cerk\u0105 strefy wydarze\u0144! | Wolontariat Nocy Kultury","isPartOf":{"@id":"https:\/\/nockultury.pl\/pl\/#website"},"primaryImageOfPage":{"@id":"https:\/\/nockultury.pl\/pl\/zostan-menadzerem-menadzerka-strefy-wydarzen-wolontariat-nocy-kultury\/#primaryimage"},"image":{"@id":"https:\/\/nockultury.pl\/pl\/zostan-menadzerem-menadzerka-strefy-wydarzen-wolontariat-nocy-kultury\/#primaryimage"},"thumbnailUrl":"https:\/\/nockultury.pl\/wp-content\/uploads\/2024\/02\/menago_kwadrat.jpg","datePublished":"2024-02-05T09:17:31+00:00","dateModified":"2024-04-11T08:48:36+00:00","description":"Zosta\u0144 menad\u017cerem \/ menad\u017cerk\u0105 strefy wydarze\u0144! | Wolontariat Nocy Kultury","breadcrumb":{"@id":"https:\/\/nockultury.pl\/pl\/zostan-menadzerem-menadzerka-strefy-wydarzen-wolontariat-nocy-kultury\/#breadcrumb"},"inLanguage":"pl-PL","potentialAction":[{"@type":"ReadAction","target":["https:\/\/nockultury.pl\/pl\/zostan-menadzerem-menadzerka-strefy-wydarzen-wolontariat-nocy-kultury\/"]}]},{"@type":"ImageObject","inLanguage":"pl-PL","@id":"https:\/\/nockultury.pl\/pl\/zostan-menadzerem-menadzerka-strefy-wydarzen-wolontariat-nocy-kultury\/#primaryimage","url":"https:\/\/nockultury.pl\/wp-content\/uploads\/2024\/02\/menago_kwadrat.jpg","contentUrl":"https:\/\/nockultury.pl\/wp-content\/uploads\/2024\/02\/menago_kwadrat.jpg","width":1920,"height":1920,"caption":"M\u0142ode osoby trzymaj\u0105 balony w kszta\u0142cie liter. Napis: Zosta\u0144 menad\u017cerk\u0105\/em strefy wydarze\u0144. Logo Nocy Kutury."},{"@type":"BreadcrumbList","@id":"https:\/\/nockultury.pl\/pl\/zostan-menadzerem-menadzerka-strefy-wydarzen-wolontariat-nocy-kultury\/#breadcrumb","itemListElement":[{"@type":"ListItem","position":1,"name":"Strona g\u0142\u00f3wna","item":"https:\/\/nockultury.pl\/pl\/"},{"@type":"ListItem","position":2,"name":"Zosta\u0144 menad\u017cerem \/ menad\u017cerk\u0105 strefy wydarze\u0144! | Wolontariat Nocy Kultury"}]},{"@type":"WebSite","@id":"https:\/\/nockultury.pl\/pl\/#website","url":"https:\/\/nockultury.pl\/pl\/","name":"Noc Kultury","description":"Lublin, Stare Miasto | wst\u0119p wolny","publisher":{"@id":"https:\/\/nockultury.pl\/pl\/#organization"},"potentialAction":[{"@type":"SearchAction","target":{"@type":"EntryPoint","urlTemplate":"https:\/\/nockultury.pl\/pl\/?s={search_term_string}"},"query-input":{"@type":"PropertyValueSpecification","valueRequired":true,"valueName":"search_term_string"}}],"inLanguage":"pl-PL"},{"@type":"Organization","@id":"https:\/\/nockultury.pl\/pl\/#organization","name":"Warsztaty Kultury w Lublinie","url":"https:\/\/nockultury.pl\/pl\/","logo":{"@type":"ImageObject","inLanguage":"pl-PL","@id":"https:\/\/nockultury.pl\/pl\/#\/schema\/logo\/image\/","url":"https:\/\/nockultury.pl\/wp-content\/uploads\/2020\/03\/NOC-KULTURY-LOGO-170.jpg","contentUrl":"https:\/\/nockultury.pl\/wp-content\/uploads\/2020\/03\/NOC-KULTURY-LOGO-170.jpg","width":170,"height":79,"caption":"Warsztaty Kultury w Lublinie"},"image":{"@id":"https:\/\/nockultury.pl\/pl\/#\/schema\/logo\/image\/"},"sameAs":["https:\/\/www.facebook.com\/NocKultury\/","https:\/\/www.instagram.com\/nockultury\/","https:\/\/www.youtube.com\/@videonockultury"]},{"@type":"Person","@id":"https:\/\/nockultury.pl\/pl\/#\/schema\/person\/b455ea53392e5908331cf9642243f21c","name":"Ma\u0142gorzata Stanek","image":{"@type":"ImageObject","inLanguage":"pl-PL","@id":"https:\/\/nockultury.pl\/pl\/#\/schema\/person\/image\/","url":"https:\/\/secure.gravatar.com\/avatar\/45935340e0720354e023c66e68c2c506b7ca3adf6417db0177bb9e832d57e28c?s=96&d=mm&r=g","contentUrl":"https:\/\/secure.gravatar.com\/avatar\/45935340e0720354e023c66e68c2c506b7ca3adf6417db0177bb9e832d57e28c?s=96&d=mm&r=g","caption":"Ma\u0142gorzata Stanek"}}]}},"_links":{"self":[{"href":"https:\/\/nockultury.pl\/pl\/wp-json\/wp\/v2\/posts\/45947","targetHints":{"allow":["GET"]}}],"collection":[{"href":"https:\/\/nockultury.pl\/pl\/wp-json\/wp\/v2\/posts"}],"about":[{"href":"https:\/\/nockultury.pl\/pl\/wp-json\/wp\/v2\/types\/post"}],"author":[{"embeddable":true,"href":"https:\/\/nockultury.pl\/pl\/wp-json\/wp\/v2\/users\/8"}],"replies":[{"embeddable":true,"href":"https:\/\/nockultury.pl\/pl\/wp-json\/wp\/v2\/comments?post=45947"}],"version-history":[{"count":0,"href":"https:\/\/nockultury.pl\/pl\/wp-json\/wp\/v2\/posts\/45947\/revisions"}],"wp:featuredmedia":[{"embeddable":true,"href":"https:\/\/nockultury.pl\/pl\/wp-json\/wp\/v2\/media\/45948"}],"wp:attachment":[{"href":"https:\/\/nockultury.pl\/pl\/wp-json\/wp\/v2\/media?parent=45947"}],"wp:term":[{"taxonomy":"category","embeddable":true,"href":"https:\/\/nockultury.pl\/pl\/wp-json\/wp\/v2\/categories?post=45947"},{"taxonomy":"post_tag","embeddable":true,"href":"https:\/\/nockultury.pl\/pl\/wp-json\/wp\/v2\/tags?post=45947"}],"curies":[{"name":"wp","href":"https:\/\/api.w.org\/{rel}","templated":true}]}}