{"id":47093,"date":"2024-05-08T16:20:26","date_gmt":"2024-05-08T14:20:26","guid":{"rendered":"https:\/\/nockultury.pl\/?p=47093"},"modified":"2024-05-08T16:26:11","modified_gmt":"2024-05-08T14:26:11","slug":"rozswietl-z-nami-noc-kultury-warsztaty-tworzenia-lamp-lampart","status":"publish","type":"post","link":"https:\/\/nockultury.pl\/pl\/rozswietl-z-nami-noc-kultury-warsztaty-tworzenia-lamp-lampart\/","title":{"rendered":"Roz\u015bwietl z nami Noc Kultury! | Warsztaty tworzenia lamp \u2013 LampART"},"content":{"rendered":"<div class=\"fusion-aligncenter\"><a class=\"fusion-button button-flat button-medium button-custom fusion-button-default button-1 fusion-button-default-span fusion-button-default-type\" style=\"--button_accent_color:#000000;--button_accent_hover_color:#ffffff;--button_border_hover_color:#ffffff;--button_gradient_top_color:#fbe100;--button_gradient_bottom_color:#fbe100;--button_gradient_top_color_hover:#000000;--button_gradient_bottom_color_hover:#000000;\" target=\"_self\" href=\"https:\/\/docs.google.com\/forms\/d\/e\/1FAIpQLSe04GfG8pjmxj7gGVjxj0vLsUwSiDhoMf3bqeTD-bj0EFJR-g\/viewform?usp=sf_link\"><span class=\"fusion-button-text awb-button__text awb-button__text--default\">zapisz si\u0119<\/span><\/a><\/div>\n<p>&nbsp;<\/p>\n<p><strong>Lubelska Noc Kultury ju\u017c za niespe\u0142na miesi\u0105c (1\/2 czerwca). To niepowtarzalne wydarzenie, kt\u00f3re co roku wci\u0105ga mieszka\u0144c\u00f3w i mieszkanki miasta oraz turyst\u00f3w w wir artystycznych do\u015bwiadcze\u0144. Na publiczno\u015b\u0107 czekaj\u0105 instalacje artystyczne, koncerty, wystawy i pokazy. Festiwal jest doskona\u0142\u0105 okazj\u0105 do rozwijania w\u0142asnych talent\u00f3w oraz pobudzania kreatywno\u015bci. Opr\u00f3cz otwartego naboru, w kt\u00f3rym ka\u017cdy m\u00f3g\u0142 zg\u0142osi\u0107 sw\u00f3j pomys\u0142 na nocokulturowe wydarzenie oraz konkurs\u00f3w przygotowanych specjalnie z my\u015bl\u0105 o publiczno\u015bci, w tym roku wszyscy zainteresowani mog\u0105 wzi\u0105\u0107 udzia\u0142 w warsztatach tworzenia upcyclingowych lamp. \u015awietliste dzie\u0142a zostan\u0105 zaprezentowane na wystawie, kt\u00f3rej otwarcie nast\u0105pi podczas Nocy Kultury.<\/strong><\/p>\n<h2><strong>&nbsp;Opis<\/strong><\/h2>\n<p>W naszej pracowni czekaj\u0105 przer\u00f3\u017cne materia\u0142y i narz\u0119dzia, a tak\u017ce wsparcie elektryczne os\u00f3b z do\u015bwiadczeniem. Je\u017celi masz pomys\u0142 na w\u0142asn\u0105 lampk\u0119, to nasze warsztaty s\u0105 miejscem, gdzie mo\u017cesz go zrealizowa\u0107 i do\u015bwiadczy\u0107 prawdziwego \u201eo\u015bwiecenia\u201d. Nie ma ogranicze\u0144 \u2013 od rurek po wiaderka, od starych s\u0142oik\u00f3w po koszyki, od fili\u017canek po lakierki&#8230; Ka\u017cdy przedmiot mo\u017ce sta\u0107 si\u0119 inspiracj\u0105 do stworzenia niepowtarzalnej lampy. Zach\u0119camy do przyniesienia w\u0142asnych rzeczy, z kt\u00f3rych chcia\u0142by\u015b\/chcia\u0142aby\u015b skorzysta\u0107 \u2013 wsp\u00f3lnie pomo\u017cemy Ci stworzy\u0107 dzie\u0142o, kt\u00f3re roz\u015bwietli tegoroczn\u0105 Noc Kultury,<\/p>\n<p><em>&nbsp;<\/em>Aby wzi\u0105\u0107 udzia\u0142 w warsztatach, nale\u017cy wype\u0142ni\u0107 formularz zg\u0142oszeniowy dost\u0119pny na stronie warsztatykultury.pl. Udzia\u0142 w zaj\u0119ciach jest bezp\u0142atny. Ca\u0142y program festiwalu dost\u0119pny jest na stronie internetowej www.nockultury.pl<\/p>\n<h2><strong>Warsztaty ze sztuki tworzenia upcyclingowych lamp | LampART<\/strong><\/h2>\n<p><strong>Kiedy: <\/strong><\/p>\n<p>15<em>\u2013<\/em>16 maja 2024 r., godz.17.00<em>\u2013<\/em>21.00, Grupa I<br \/>\n21<em>\u2013<\/em>22 maja 2024 r., godz. 17.00<em>\u2013<\/em>21.00, Grupa II<br \/>\n1 czerwca 2024 r., godz. 19.00 \u2013 otwarcie wystawy podczas Nocy Kultury<\/p>\n<p><strong>Gdzie:<\/strong> Warsztaty Kultury w Lublinie, ul. Grodzka 5a, sala medialabowa, I pi\u0119tro<br \/>\n<strong>Dla kogo:<\/strong> dla os\u00f3b pe\u0142noletnich<br \/>\n<strong>Zapisy:<\/strong><a href=\"https:\/\/docs.google.com\/forms\/d\/e\/1FAIpQLSe04GfG8pjmxj7gGVjxj0vLsUwSiDhoMf3bqeTD-bj0EFJR-g\/viewform?usp=sf_link\" target=\"_blank\" rel=\"noopener\"> przez formularz online<\/a>, udzia\u0142 bezp\u0142atny, liczba miejsc ograniczona, decyduje kolejno\u015b\u0107 zg\u0142osze\u0144.<\/p>\n<h2>Dost\u0119pno\u015b\u0107<\/h2>\n<p>s\u0142uchawki wyciszaj\u0105ce, pok\u00f3j wycisze\u0144<br \/>\npoczytaj o dost\u0119pno\u015bci Warsztat\u00f3w Kultury i skontaktuj si\u0119 z nami:&nbsp;<a role=\"link\" href=\"https:\/\/warsztatykultury.pl\/pl\/dostepnosc\/\"><strong>https:\/\/warsztatykultury.pl\/pl\/dostepnosc\/<\/strong><\/a><\/p>\n<h2>Sprawd\u017a jak doj\u015b\u0107 do sali i bariery architektoniczne<\/h2>\n<div class=\"fusion-video fusion-youtube\" style=\"--awb-max-width:600px;--awb-max-height:360px;\"><div class=\"video-shortcode\"><div class=\"fluid-width-video-wrapper\" style=\"padding-top:60%;\" ><iframe class=\"fusion-hidden\" data-privacy-type=\"youtube\" src=\"\" title=\"YouTube video player 1\" data-privacy-src=\"https:\/\/www.youtube.com\/embed\/UascdbXBhdA?wmode=transparent&autoplay=0\" width=\"600\" height=\"360\" allowfullscreen allow=\"autoplay; clipboard-write; encrypted-media; gyroscope; picture-in-picture;\"><\/iframe><div class=\"fusion-privacy-placeholder\" style=\"width:600px; height:360px;\" data-privacy-type=\"youtube\"><div class=\"fusion-privacy-placeholder-content\"><div class=\"fusion-privacy-label\">For privacy reasons YouTube needs your permission to be loaded.<\/div><button data-privacy-type=\"youtube\" class=\"fusion-button button-default fusion-button-default-size button fusion-privacy-consent\">Wyra\u017cam zgod\u0119<\/button><\/div><\/div><\/div><\/div><\/div>\n<p><strong>Organizator: <\/strong>Fundacja Kultura Enter i Warsztaty Kultury w Lublinie<\/p>\n<p><strong>Projekt zrealizowany dzi\u0119ki wsparciu Miasta Lublin.<\/strong><\/p>\n<p>Przypominamy, \u017ce w tworzenie Festiwalu mo\u017cesz w\u0142\u0105czy\u0107 si\u0119 tak\u017ce pisz\u0105c limeryk o Lublinie i bior\u0105c udzia\u0142 w konkursie fotograficznym \u201eNeurony Miasta\u201d. Do wygrania s\u0105 aparaty Instax, gad\u017cety festiwalowe oraz debiut poetycki na Wie\u017cy Trynitarskiej podczas Nocy Kultury! Wi\u0119cej informacji o konkursach znajdziesz na stronie nockultury.pl.<\/p>\n<h2><strong>O Nocy Kultury<\/strong><\/h2>\n<p>Noc Kultury to kilkaset bezp\u0142atnych wydarze\u0144 artystycznych w przestrzeni publicznej Lublina. To tysi\u0105ce u\u015bmiechni\u0119tych ludzi spaceruj\u0105cych ulicami miasta w poszukiwaniu niezapomnianych wra\u017ce\u0144. To jedyna taka noc w roku, kiedy niemo\u017cliwe staje si\u0119 mo\u017cliwe! Koncerty, instalacje \u015bwietlne, spektakle, pokazy, warsztaty i wiele, wiele innych, wymykaj\u0105cych si\u0119 definicjom. Uczestnicy i uczestniczki mog\u0105 prze\u017cy\u0107 kumulacj\u0119 do\u015bwiadcze\u0144 i przyg\u00f3d spakowanych w pakiet siedmiu godzin. Tylko od nich zale\u017cy, czy to b\u0119dzie noc szalonych koncert\u00f3w i spektakli, czy kameralnych spotka\u0144 literackich. Noc Kultury, poprzez instalacje w przestrzeni publicznej, zmienia ca\u0142e ulice nie do poznania: to czas, kiedy mo\u017cna w\u0105cha\u0107 bramy, g\u0142aska\u0107 kud\u0142ate \u015bciany, zagl\u0105da\u0107 przez dziurk\u0119 od klucza do fantastycznych \u015bwiat\u00f3w. Przed wyj\u015bciem koniecznie trzeba na\u0142adowa\u0107 baterie w aparacie!<\/p>\n<p><strong>Noc Kultury<br \/>\n1\/2 czerwca 2024 r.<br \/>\nStare Miasto, Lublin<br \/>\nWst\u0119p wolny<\/strong><\/p>\n<div class=\"fusion-aligncenter\"><a class=\"fusion-button button-flat button-medium button-custom fusion-button-default button-2 fusion-button-default-span fusion-button-default-type\" style=\"--button_accent_color:#000000;--button_accent_hover_color:#ffffff;--button_border_hover_color:#ffffff;--button_gradient_top_color:#fbe100;--button_gradient_bottom_color:#fbe100;--button_gradient_top_color_hover:#000000;--button_gradient_bottom_color_hover:#000000;\" target=\"_self\" href=\"https:\/\/nockultury.pl\/program-2024\"><span class=\"fusion-button-text awb-button__text awb-button__text--default\">sprawd\u017a program<\/span><\/a><\/div>\n<p><strong><br \/>\n&nbsp;<\/strong>Organizatorem Festiwalu s\u0105 Warsztaty Kultury w Lublinie, Instytucja Kultury Miasta Lublin oraz Miasto Lublin.<\/p>\n<p>Patronat honorowy nad projektem obj\u0105\u0142 Prezydent Miasta Lublin \u2013 Krzysztof \u017buk.<\/p>\n<p><strong>Patroni medialni:<\/strong> TVP Kultura, TVP 3 Lublin, Polskie Radio Lublin, Radio Centrum, Gazeta Wyborcza, dlaStudenta.pl, Kultura Enter<br \/>\n<strong>Sponsorzy:<\/strong> Per\u0142a \u2013 Browary Lubelskie S.A.<\/p>\n","protected":false},"excerpt":{"rendered":"<p>&nbsp; Lubelska Noc Kultury ju\u017c za niespe\u0142na miesi\u0105c (1\/2 czerwca).  [&#8230;]<\/p>\n","protected":false},"author":8,"featured_media":47094,"comment_status":"closed","ping_status":"open","sticky":false,"template":"","format":"standard","meta":{"_acf_changed":false,"ngg_post_thumbnail":0,"footnotes":""},"categories":[1],"tags":[],"class_list":["post-47093","post","type-post","status-publish","format-standard","has-post-thumbnail","hentry","category-bez-kategorii"],"acf":[],"yoast_head":"<!-- This site is optimized with the Yoast SEO plugin v26.1.1 - https:\/\/yoast.com\/wordpress\/plugins\/seo\/ -->\n<title>Roz\u015bwietl z nami Noc Kultury! | Warsztaty tworzenia lamp \u2013 LampART<\/title>\n<meta name=\"description\" content=\"W naszej pracowni czekaj\u0105 przer\u00f3\u017cne materia\u0142y i narz\u0119dzia, a tak\u017ce wsparcie elektryczne os\u00f3b z do\u015bwiadczeniem.\" \/>\n<meta name=\"robots\" content=\"index, follow, max-snippet:-1, max-image-preview:large, max-video-preview:-1\" \/>\n<link rel=\"canonical\" href=\"https:\/\/nockultury.pl\/pl\/rozswietl-z-nami-noc-kultury-warsztaty-tworzenia-lamp-lampart\/\" \/>\n<meta property=\"og:locale\" content=\"pl_PL\" \/>\n<meta property=\"og:type\" content=\"article\" \/>\n<meta property=\"og:title\" content=\"Roz\u015bwietl z nami Noc Kultury! | Warsztaty tworzenia lamp \u2013 LampART\" \/>\n<meta property=\"og:description\" content=\"W naszej pracowni czekaj\u0105 przer\u00f3\u017cne materia\u0142y i narz\u0119dzia, a tak\u017ce wsparcie elektryczne os\u00f3b z do\u015bwiadczeniem.\" \/>\n<meta property=\"og:url\" content=\"https:\/\/nockultury.pl\/pl\/rozswietl-z-nami-noc-kultury-warsztaty-tworzenia-lamp-lampart\/\" \/>\n<meta property=\"og:site_name\" content=\"Noc Kultury\" \/>\n<meta property=\"article:publisher\" content=\"https:\/\/www.facebook.com\/NocKultury\/\" \/>\n<meta property=\"article:published_time\" content=\"2024-05-08T14:20:26+00:00\" \/>\n<meta property=\"article:modified_time\" content=\"2024-05-08T14:26:11+00:00\" \/>\n<meta property=\"og:image\" content=\"https:\/\/nockultury.pl\/wp-content\/uploads\/2024\/05\/sociale_nk_24_lampart_kwadrat_wersja_1_kopia.png\" \/>\n\t<meta property=\"og:image:width\" content=\"1081\" \/>\n\t<meta property=\"og:image:height\" content=\"1081\" \/>\n\t<meta property=\"og:image:type\" content=\"image\/png\" \/>\n<meta name=\"author\" content=\"Ma\u0142gorzata Stanek\" \/>\n<meta name=\"twitter:card\" content=\"summary_large_image\" \/>\n<meta name=\"twitter:label1\" content=\"Napisane przez\" \/>\n\t<meta name=\"twitter:data1\" content=\"Ma\u0142gorzata Stanek\" \/>\n\t<meta name=\"twitter:label2\" content=\"Szacowany czas czytania\" \/>\n\t<meta name=\"twitter:data2\" content=\"4 minuty\" \/>\n<script type=\"application\/ld+json\" class=\"yoast-schema-graph\">{\"@context\":\"https:\/\/schema.org\",\"@graph\":[{\"@type\":\"Article\",\"@id\":\"https:\/\/nockultury.pl\/pl\/rozswietl-z-nami-noc-kultury-warsztaty-tworzenia-lamp-lampart\/#article\",\"isPartOf\":{\"@id\":\"https:\/\/nockultury.pl\/pl\/rozswietl-z-nami-noc-kultury-warsztaty-tworzenia-lamp-lampart\/\"},\"author\":{\"name\":\"Ma\u0142gorzata Stanek\",\"@id\":\"https:\/\/nockultury.pl\/pl\/#\/schema\/person\/b455ea53392e5908331cf9642243f21c\"},\"headline\":\"Roz\u015bwietl z nami Noc Kultury! | Warsztaty tworzenia lamp \u2013 LampART\",\"datePublished\":\"2024-05-08T14:20:26+00:00\",\"dateModified\":\"2024-05-08T14:26:11+00:00\",\"mainEntityOfPage\":{\"@id\":\"https:\/\/nockultury.pl\/pl\/rozswietl-z-nami-noc-kultury-warsztaty-tworzenia-lamp-lampart\/\"},\"wordCount\":1050,\"publisher\":{\"@id\":\"https:\/\/nockultury.pl\/pl\/#organization\"},\"image\":{\"@id\":\"https:\/\/nockultury.pl\/pl\/rozswietl-z-nami-noc-kultury-warsztaty-tworzenia-lamp-lampart\/#primaryimage\"},\"thumbnailUrl\":\"https:\/\/nockultury.pl\/wp-content\/uploads\/2024\/05\/sociale_nk_24_lampart_kwadrat_wersja_1_kopia.png\",\"inLanguage\":\"pl-PL\"},{\"@type\":\"WebPage\",\"@id\":\"https:\/\/nockultury.pl\/pl\/rozswietl-z-nami-noc-kultury-warsztaty-tworzenia-lamp-lampart\/\",\"url\":\"https:\/\/nockultury.pl\/pl\/rozswietl-z-nami-noc-kultury-warsztaty-tworzenia-lamp-lampart\/\",\"name\":\"Roz\u015bwietl z nami Noc Kultury! | Warsztaty tworzenia lamp \u2013 LampART\",\"isPartOf\":{\"@id\":\"https:\/\/nockultury.pl\/pl\/#website\"},\"primaryImageOfPage\":{\"@id\":\"https:\/\/nockultury.pl\/pl\/rozswietl-z-nami-noc-kultury-warsztaty-tworzenia-lamp-lampart\/#primaryimage\"},\"image\":{\"@id\":\"https:\/\/nockultury.pl\/pl\/rozswietl-z-nami-noc-kultury-warsztaty-tworzenia-lamp-lampart\/#primaryimage\"},\"thumbnailUrl\":\"https:\/\/nockultury.pl\/wp-content\/uploads\/2024\/05\/sociale_nk_24_lampart_kwadrat_wersja_1_kopia.png\",\"datePublished\":\"2024-05-08T14:20:26+00:00\",\"dateModified\":\"2024-05-08T14:26:11+00:00\",\"description\":\"W naszej pracowni czekaj\u0105 przer\u00f3\u017cne materia\u0142y i narz\u0119dzia, a tak\u017ce wsparcie elektryczne os\u00f3b z do\u015bwiadczeniem.\",\"breadcrumb\":{\"@id\":\"https:\/\/nockultury.pl\/pl\/rozswietl-z-nami-noc-kultury-warsztaty-tworzenia-lamp-lampart\/#breadcrumb\"},\"inLanguage\":\"pl-PL\",\"potentialAction\":[{\"@type\":\"ReadAction\",\"target\":[\"https:\/\/nockultury.pl\/pl\/rozswietl-z-nami-noc-kultury-warsztaty-tworzenia-lamp-lampart\/\"]}]},{\"@type\":\"ImageObject\",\"inLanguage\":\"pl-PL\",\"@id\":\"https:\/\/nockultury.pl\/pl\/rozswietl-z-nami-noc-kultury-warsztaty-tworzenia-lamp-lampart\/#primaryimage\",\"url\":\"https:\/\/nockultury.pl\/wp-content\/uploads\/2024\/05\/sociale_nk_24_lampart_kwadrat_wersja_1_kopia.png\",\"contentUrl\":\"https:\/\/nockultury.pl\/wp-content\/uploads\/2024\/05\/sociale_nk_24_lampart_kwadrat_wersja_1_kopia.png\",\"width\":1081,\"height\":1081,\"caption\":\"Grafika z napisem: zr\u00f3b LampART na Noc Kultury!\"},{\"@type\":\"BreadcrumbList\",\"@id\":\"https:\/\/nockultury.pl\/pl\/rozswietl-z-nami-noc-kultury-warsztaty-tworzenia-lamp-lampart\/#breadcrumb\",\"itemListElement\":[{\"@type\":\"ListItem\",\"position\":1,\"name\":\"Strona g\u0142\u00f3wna\",\"item\":\"https:\/\/nockultury.pl\/pl\/\"},{\"@type\":\"ListItem\",\"position\":2,\"name\":\"Roz\u015bwietl z nami Noc Kultury! | Warsztaty tworzenia lamp \u2013 LampART\"}]},{\"@type\":\"WebSite\",\"@id\":\"https:\/\/nockultury.pl\/pl\/#website\",\"url\":\"https:\/\/nockultury.pl\/pl\/\",\"name\":\"Noc Kultury\",\"description\":\"Lublin, Stare Miasto | wst\u0119p wolny\",\"publisher\":{\"@id\":\"https:\/\/nockultury.pl\/pl\/#organization\"},\"potentialAction\":[{\"@type\":\"SearchAction\",\"target\":{\"@type\":\"EntryPoint\",\"urlTemplate\":\"https:\/\/nockultury.pl\/pl\/?s={search_term_string}\"},\"query-input\":{\"@type\":\"PropertyValueSpecification\",\"valueRequired\":true,\"valueName\":\"search_term_string\"}}],\"inLanguage\":\"pl-PL\"},{\"@type\":\"Organization\",\"@id\":\"https:\/\/nockultury.pl\/pl\/#organization\",\"name\":\"Warsztaty Kultury w Lublinie\",\"url\":\"https:\/\/nockultury.pl\/pl\/\",\"logo\":{\"@type\":\"ImageObject\",\"inLanguage\":\"pl-PL\",\"@id\":\"https:\/\/nockultury.pl\/pl\/#\/schema\/logo\/image\/\",\"url\":\"https:\/\/nockultury.pl\/wp-content\/uploads\/2020\/03\/NOC-KULTURY-LOGO-170.jpg\",\"contentUrl\":\"https:\/\/nockultury.pl\/wp-content\/uploads\/2020\/03\/NOC-KULTURY-LOGO-170.jpg\",\"width\":170,\"height\":79,\"caption\":\"Warsztaty Kultury w Lublinie\"},\"image\":{\"@id\":\"https:\/\/nockultury.pl\/pl\/#\/schema\/logo\/image\/\"},\"sameAs\":[\"https:\/\/www.facebook.com\/NocKultury\/\",\"https:\/\/www.instagram.com\/nockultury\/\",\"https:\/\/www.youtube.com\/@videonockultury\"]},{\"@type\":\"Person\",\"@id\":\"https:\/\/nockultury.pl\/pl\/#\/schema\/person\/b455ea53392e5908331cf9642243f21c\",\"name\":\"Ma\u0142gorzata Stanek\",\"image\":{\"@type\":\"ImageObject\",\"inLanguage\":\"pl-PL\",\"@id\":\"https:\/\/nockultury.pl\/pl\/#\/schema\/person\/image\/\",\"url\":\"https:\/\/secure.gravatar.com\/avatar\/45935340e0720354e023c66e68c2c506b7ca3adf6417db0177bb9e832d57e28c?s=96&d=mm&r=g\",\"contentUrl\":\"https:\/\/secure.gravatar.com\/avatar\/45935340e0720354e023c66e68c2c506b7ca3adf6417db0177bb9e832d57e28c?s=96&d=mm&r=g\",\"caption\":\"Ma\u0142gorzata Stanek\"}}]}<\/script>\n<!-- \/ Yoast SEO plugin. -->","yoast_head_json":{"title":"Roz\u015bwietl z nami Noc Kultury! | Warsztaty tworzenia lamp \u2013 LampART","description":"W naszej pracowni czekaj\u0105 przer\u00f3\u017cne materia\u0142y i narz\u0119dzia, a tak\u017ce wsparcie elektryczne os\u00f3b z do\u015bwiadczeniem.","robots":{"index":"index","follow":"follow","max-snippet":"max-snippet:-1","max-image-preview":"max-image-preview:large","max-video-preview":"max-video-preview:-1"},"canonical":"https:\/\/nockultury.pl\/pl\/rozswietl-z-nami-noc-kultury-warsztaty-tworzenia-lamp-lampart\/","og_locale":"pl_PL","og_type":"article","og_title":"Roz\u015bwietl z nami Noc Kultury! | Warsztaty tworzenia lamp \u2013 LampART","og_description":"W naszej pracowni czekaj\u0105 przer\u00f3\u017cne materia\u0142y i narz\u0119dzia, a tak\u017ce wsparcie elektryczne os\u00f3b z do\u015bwiadczeniem.","og_url":"https:\/\/nockultury.pl\/pl\/rozswietl-z-nami-noc-kultury-warsztaty-tworzenia-lamp-lampart\/","og_site_name":"Noc Kultury","article_publisher":"https:\/\/www.facebook.com\/NocKultury\/","article_published_time":"2024-05-08T14:20:26+00:00","article_modified_time":"2024-05-08T14:26:11+00:00","og_image":[{"width":1081,"height":1081,"url":"https:\/\/nockultury.pl\/wp-content\/uploads\/2024\/05\/sociale_nk_24_lampart_kwadrat_wersja_1_kopia.png","type":"image\/png"}],"author":"Ma\u0142gorzata Stanek","twitter_card":"summary_large_image","twitter_misc":{"Napisane przez":"Ma\u0142gorzata Stanek","Szacowany czas czytania":"4 minuty"},"schema":{"@context":"https:\/\/schema.org","@graph":[{"@type":"Article","@id":"https:\/\/nockultury.pl\/pl\/rozswietl-z-nami-noc-kultury-warsztaty-tworzenia-lamp-lampart\/#article","isPartOf":{"@id":"https:\/\/nockultury.pl\/pl\/rozswietl-z-nami-noc-kultury-warsztaty-tworzenia-lamp-lampart\/"},"author":{"name":"Ma\u0142gorzata Stanek","@id":"https:\/\/nockultury.pl\/pl\/#\/schema\/person\/b455ea53392e5908331cf9642243f21c"},"headline":"Roz\u015bwietl z nami Noc Kultury! | Warsztaty tworzenia lamp \u2013 LampART","datePublished":"2024-05-08T14:20:26+00:00","dateModified":"2024-05-08T14:26:11+00:00","mainEntityOfPage":{"@id":"https:\/\/nockultury.pl\/pl\/rozswietl-z-nami-noc-kultury-warsztaty-tworzenia-lamp-lampart\/"},"wordCount":1050,"publisher":{"@id":"https:\/\/nockultury.pl\/pl\/#organization"},"image":{"@id":"https:\/\/nockultury.pl\/pl\/rozswietl-z-nami-noc-kultury-warsztaty-tworzenia-lamp-lampart\/#primaryimage"},"thumbnailUrl":"https:\/\/nockultury.pl\/wp-content\/uploads\/2024\/05\/sociale_nk_24_lampart_kwadrat_wersja_1_kopia.png","inLanguage":"pl-PL"},{"@type":"WebPage","@id":"https:\/\/nockultury.pl\/pl\/rozswietl-z-nami-noc-kultury-warsztaty-tworzenia-lamp-lampart\/","url":"https:\/\/nockultury.pl\/pl\/rozswietl-z-nami-noc-kultury-warsztaty-tworzenia-lamp-lampart\/","name":"Roz\u015bwietl z nami Noc Kultury! | Warsztaty tworzenia lamp \u2013 LampART","isPartOf":{"@id":"https:\/\/nockultury.pl\/pl\/#website"},"primaryImageOfPage":{"@id":"https:\/\/nockultury.pl\/pl\/rozswietl-z-nami-noc-kultury-warsztaty-tworzenia-lamp-lampart\/#primaryimage"},"image":{"@id":"https:\/\/nockultury.pl\/pl\/rozswietl-z-nami-noc-kultury-warsztaty-tworzenia-lamp-lampart\/#primaryimage"},"thumbnailUrl":"https:\/\/nockultury.pl\/wp-content\/uploads\/2024\/05\/sociale_nk_24_lampart_kwadrat_wersja_1_kopia.png","datePublished":"2024-05-08T14:20:26+00:00","dateModified":"2024-05-08T14:26:11+00:00","description":"W naszej pracowni czekaj\u0105 przer\u00f3\u017cne materia\u0142y i narz\u0119dzia, a tak\u017ce wsparcie elektryczne os\u00f3b z do\u015bwiadczeniem.","breadcrumb":{"@id":"https:\/\/nockultury.pl\/pl\/rozswietl-z-nami-noc-kultury-warsztaty-tworzenia-lamp-lampart\/#breadcrumb"},"inLanguage":"pl-PL","potentialAction":[{"@type":"ReadAction","target":["https:\/\/nockultury.pl\/pl\/rozswietl-z-nami-noc-kultury-warsztaty-tworzenia-lamp-lampart\/"]}]},{"@type":"ImageObject","inLanguage":"pl-PL","@id":"https:\/\/nockultury.pl\/pl\/rozswietl-z-nami-noc-kultury-warsztaty-tworzenia-lamp-lampart\/#primaryimage","url":"https:\/\/nockultury.pl\/wp-content\/uploads\/2024\/05\/sociale_nk_24_lampart_kwadrat_wersja_1_kopia.png","contentUrl":"https:\/\/nockultury.pl\/wp-content\/uploads\/2024\/05\/sociale_nk_24_lampart_kwadrat_wersja_1_kopia.png","width":1081,"height":1081,"caption":"Grafika z napisem: zr\u00f3b LampART na Noc Kultury!"},{"@type":"BreadcrumbList","@id":"https:\/\/nockultury.pl\/pl\/rozswietl-z-nami-noc-kultury-warsztaty-tworzenia-lamp-lampart\/#breadcrumb","itemListElement":[{"@type":"ListItem","position":1,"name":"Strona g\u0142\u00f3wna","item":"https:\/\/nockultury.pl\/pl\/"},{"@type":"ListItem","position":2,"name":"Roz\u015bwietl z nami Noc Kultury! | Warsztaty tworzenia lamp \u2013 LampART"}]},{"@type":"WebSite","@id":"https:\/\/nockultury.pl\/pl\/#website","url":"https:\/\/nockultury.pl\/pl\/","name":"Noc Kultury","description":"Lublin, Stare Miasto | wst\u0119p wolny","publisher":{"@id":"https:\/\/nockultury.pl\/pl\/#organization"},"potentialAction":[{"@type":"SearchAction","target":{"@type":"EntryPoint","urlTemplate":"https:\/\/nockultury.pl\/pl\/?s={search_term_string}"},"query-input":{"@type":"PropertyValueSpecification","valueRequired":true,"valueName":"search_term_string"}}],"inLanguage":"pl-PL"},{"@type":"Organization","@id":"https:\/\/nockultury.pl\/pl\/#organization","name":"Warsztaty Kultury w Lublinie","url":"https:\/\/nockultury.pl\/pl\/","logo":{"@type":"ImageObject","inLanguage":"pl-PL","@id":"https:\/\/nockultury.pl\/pl\/#\/schema\/logo\/image\/","url":"https:\/\/nockultury.pl\/wp-content\/uploads\/2020\/03\/NOC-KULTURY-LOGO-170.jpg","contentUrl":"https:\/\/nockultury.pl\/wp-content\/uploads\/2020\/03\/NOC-KULTURY-LOGO-170.jpg","width":170,"height":79,"caption":"Warsztaty Kultury w Lublinie"},"image":{"@id":"https:\/\/nockultury.pl\/pl\/#\/schema\/logo\/image\/"},"sameAs":["https:\/\/www.facebook.com\/NocKultury\/","https:\/\/www.instagram.com\/nockultury\/","https:\/\/www.youtube.com\/@videonockultury"]},{"@type":"Person","@id":"https:\/\/nockultury.pl\/pl\/#\/schema\/person\/b455ea53392e5908331cf9642243f21c","name":"Ma\u0142gorzata Stanek","image":{"@type":"ImageObject","inLanguage":"pl-PL","@id":"https:\/\/nockultury.pl\/pl\/#\/schema\/person\/image\/","url":"https:\/\/secure.gravatar.com\/avatar\/45935340e0720354e023c66e68c2c506b7ca3adf6417db0177bb9e832d57e28c?s=96&d=mm&r=g","contentUrl":"https:\/\/secure.gravatar.com\/avatar\/45935340e0720354e023c66e68c2c506b7ca3adf6417db0177bb9e832d57e28c?s=96&d=mm&r=g","caption":"Ma\u0142gorzata Stanek"}}]}},"_links":{"self":[{"href":"https:\/\/nockultury.pl\/pl\/wp-json\/wp\/v2\/posts\/47093","targetHints":{"allow":["GET"]}}],"collection":[{"href":"https:\/\/nockultury.pl\/pl\/wp-json\/wp\/v2\/posts"}],"about":[{"href":"https:\/\/nockultury.pl\/pl\/wp-json\/wp\/v2\/types\/post"}],"author":[{"embeddable":true,"href":"https:\/\/nockultury.pl\/pl\/wp-json\/wp\/v2\/users\/8"}],"replies":[{"embeddable":true,"href":"https:\/\/nockultury.pl\/pl\/wp-json\/wp\/v2\/comments?post=47093"}],"version-history":[{"count":0,"href":"https:\/\/nockultury.pl\/pl\/wp-json\/wp\/v2\/posts\/47093\/revisions"}],"wp:featuredmedia":[{"embeddable":true,"href":"https:\/\/nockultury.pl\/pl\/wp-json\/wp\/v2\/media\/47094"}],"wp:attachment":[{"href":"https:\/\/nockultury.pl\/pl\/wp-json\/wp\/v2\/media?parent=47093"}],"wp:term":[{"taxonomy":"category","embeddable":true,"href":"https:\/\/nockultury.pl\/pl\/wp-json\/wp\/v2\/categories?post=47093"},{"taxonomy":"post_tag","embeddable":true,"href":"https:\/\/nockultury.pl\/pl\/wp-json\/wp\/v2\/tags?post=47093"}],"curies":[{"name":"wp","href":"https:\/\/api.w.org\/{rel}","templated":true}]}}