{"id":47405,"date":"2024-05-16T16:03:32","date_gmt":"2024-05-16T14:03:32","guid":{"rendered":"https:\/\/nockultury.pl\/?p=47405"},"modified":"2024-05-16T16:03:32","modified_gmt":"2024-05-16T14:03:32","slug":"lublin-znow-zaskoczy","status":"publish","type":"post","link":"https:\/\/nockultury.pl\/pl\/lublin-znow-zaskoczy\/","title":{"rendered":"Lublin zn\u00f3w zaskoczy!"},"content":{"rendered":"<p><strong>Lubelska Noc Kultury ju\u017c za chwil\u0119 (1\/2 czerwca). Po raz 18. uliczki Starego Miasta w Lublinie przemieni\u0105 si\u0119 tak, \u017ce nawet mieszka\u0144cy i mieszkanki nie b\u0119d\u0105 w stanie ich rozpozna\u0107. Na 7 godzin miastem zaw\u0142adnie sztuka. W tym roku w programie Festiwalu nie zabraknie zar\u00f3wno wielkoformatowych realizacji, jak i ma\u0142ych form artystycznych. Na publiczno\u015b\u0107 czekaj\u0105 r\u00f3wnie\u017c koncerty, pokazy, wystawy i spektakle. To jedyna taka noc w roku, kiedy niemo\u017cliwe stanie si\u0119 mo\u017cliwe. Jedno jest tylko pewne \u2013 Lublin zn\u00f3w nas zaskoczy!<\/strong><\/p>\n<h2>Opis<\/h2>\n<p><strong>\u2013<\/strong>To noc pe\u0142na niespodzianek, w kt\u00f3rej ka\u017cdy mo\u017ce odkry\u0107 co\u015b nowego i ekscytuj\u0105cego. Z bada\u0144 nad publiczno\u015bci\u0105 Nocy Kultury wynika, \u017ce poczucie zaskoczenia jest jedn\u0105 z g\u0142\u00f3wnych motywacji do uczestnictwa w festiwalu. Chcemy zobaczy\u0107 nasze miasto w nowym \u015bwietle, pozna\u0107 nowych artyst\u00f3w i do\u015bwiadczy\u0107 czego\u015b innego ni\u017c na co dzie\u0144. I w\u0142a\u015bnie to zapewnia Noc Kultury! Zaskoczenie sprawia, \u017ce jeden czerwcowy wiecz\u00f3r staje si\u0119 niezapomnianym prze\u017cyciem, kt\u00f3re \u0142\u0105czy spo\u0142eczno\u015b\u0107 i tworzy wyj\u0105tkowe wspomnienia. Je\u015bli szukasz czego\u015b nowego i ekscytuj\u0105cego, Noc Kultury jest idealnym miejscem dla Ciebie. Przyjd\u017a i daj si\u0119 zaskoczy\u0107! Mamy dla Ciebie mn\u00f3stwo niespodzianek.&nbsp;<\/p>\n<p>Przygotowali\u015bmy nasz\u0105 subiektywn\u0105 list\u0119 punkt\u00f3w programu Nocy Kultury, kt\u00f3re mog\u0105 najbardziej zadziwi\u0107 publiczno\u015b\u0107 festiwalu. Niekt\u00f3re z nich b\u0119d\u0105 niespodziewanie malutkie. W tym roku du\u017co uwagi zostanie po\u015bwi\u0119cone nowemu rodzajowi instalacji \u2013 Mikrohistorie site-specific \u2013 czyli ma\u0142ym formom sztuki. Jedn\u0105 z nich jest praca Marcina Skrzypka pt. \u201eFont Henge\u201d. Pomimo \u017ce zmie\u015bci si\u0119 w d\u0142oni, ma symboliczne znaczenie i zaprasza do refleksji na temat mi\u0119dzyludzkiej komunikacji.<\/p>\n<p><em>\u2013<\/em> <em>Od zawsze mnie ciekawi\u0142o, \u017ce takie struktury jak Stonehenge by\u0142y dowodem hierarchii warto\u015bci i mo\u017cliwo\u015bci danej spo\u0142eczno\u015bci. Trzeba by\u0142o w\u0142o\u017cy\u0107 sporo wysi\u0142ku we wsp\u00f3lnym celu, \u017ceby one powsta\u0142y. Dzi\u015b jest troch\u0119 podobnie. Od \u015aredniowiecza ka\u017cda wysoka struktura \u2013 wie\u017ca, komin, s\u0142up, maszt, biurowiec \u2013 sygnalizuje co\u015b wa\u017cnego, bo du\u017co kosztuje jej postawienie. Ale jest i druga strona medalu: r\u00f3wnie\u017c ma\u0142e rzeczy s\u0105 trudne i one te\u017c co\u015b m\u00f3wi\u0105 o tym, co dla nas wa\u017cne: bi\u017cuteria, procesory, no i czcionki, tradycyjny druk, te\u017c precyzyjna robota, o kt\u00f3rej mo\u017cemy si\u0119 dowiedzie\u0107 w Domu S\u0142\u00f3w. Kiedy\u015b by\u0142a taka reklama: \u201e\u015amia\u0142o, b\u0105d\u017amy delikatni\u201d. Niby oksymoron, ale bardzo uderzaj\u0105cy. Chcia\u0142em to jako\u015b wyrazi\u0107. St\u0105d po\u0142\u0105czenie kamiennego kr\u0119gu, metafory wielkiego ci\u0119\u017caru i in\u017cynierii &nbsp;z czcionkami i metafor\u0105 delikatnej komunikacji mi\u0119dzy lud\u017ami i cierpliwo\u015bci <\/em>\u2013 opowiada Marcin Skrzypek, autor instalacji \u201eFont Henge\u201d.<br \/>\n<strong><a href=\"https:\/\/nockultury.pl\/pl\/events\/font-henge-instalacja-marcina-skrzypka-osrodek-brama-grodzka-teatr-nn\/\">Font Henge | 19.00\u20132.00 | Dom S\u0142\u00f3w, Kr\u00f3lewska 17<\/a><\/p>\n<p><\/strong>Podczas festiwalu nie zabraknie tak\u017ce wieloformatowych instalacji, kt\u00f3re zaskocz\u0105 publiczno\u015b\u0107 r\u00f3\u017cnorodno\u015bci\u0105 i sposobem my\u015blenia o sztuce i przestrzeni. Jedn\u0105 z nich z pewno\u015bci\u0105 b\u0119d\u0105 \u201eHeroiny\u201d, czyli bia\u0142e botaniczne formy inspirowane kwiatami maku i mak\u00f3wkami.<br \/>\n<strong>&nbsp;<\/strong>\u2013 <em>W tym roku chcia\u0142bym wprowadzi\u0107 element niespodzianki, zaskoczenia. Instalacja b\u0119dzie wy\u0142ania\u0142a si\u0119 z jednej z kamienic na Starym Mie\u015bcie. Zawiera w sobie kilka podtekst\u00f3w, ale b\u0119d\u0105 one do w\u0142asnej interpretacji ka\u017cdego ogl\u0105daj\u0105cego. To praca z architektur\u0105, wi\u0119c bardzo zale\u017cy mi na symbiozie z otoczeniem<\/em> \u2013 opowiada Jaros\u0142aw Koziara, autor instalacji \u201eHeroiny\u201d.<br \/>\n<a href=\"https:\/\/nockultury.pl\/pl\/events\/heroiny-instalacja-jaroslawa-koziary\/\"><strong>Heroiny | 19.00\u20132.00 | Rynek 9 \u2013 Kamienica pod Lwami<\/strong><\/a><\/p>\n<p>Do zdecydowanie du\u017cych i spektakularnych b\u0119dzie zalicza\u0142 si\u0119 tak\u017ce mural. Tej formy sztuki na Starym Mie\u015bcie w Lublinie jest bardzo niewiele, a w szczeg\u00f3lno\u015bci takich autorstwa artyst\u00f3w z Ameryki Po\u0142udniowej. Projekt b\u0119dzie uciele\u015bnieniem has\u0142a tegorocznej edycji festiwalu, czyli neurony miasta i zosta\u0142 specjalnie zaprojektowany i stworzony na t\u0119 okazj\u0119 przez niezwykle interesuj\u0105cego i wszechstronnego ekwadorskiego artyst\u0119 <strong>Pablo Caviedesa<\/strong>.<br \/>\n<a href=\"https:\/\/nockultury.pl\/pl\/events\/neon-mural-pablo-caviedesa\/\"><strong>Intermittencies of the Night \u2013 mural Pablo Caviedesa | 19.00\u20132.00 | ul. Jezuicka 13<\/strong><\/a><\/p>\n<p>Eksploduj\u0105cy statek kosmiczny? Cz\u0142owiek b\u0119d\u0105cy \u017cywym miotaczem ognia? Odwied\u017a w Noc Kultury Per\u0142\u0119 \u2013 Browary Lubelskie S.A. na Bernardy\u0144skiej 15 i zobacz mistrzowskie, wybuchowe, a przede wszystkim widowiskowe pokazy fireshow! \u201eSolarsi\u201d to najnowszy pirotechniczno-ogniowy spektakl artyst\u00f3w Fundacji Sztukmistrze, w kt\u00f3rym wype\u0142niony \u0142adunkami pirotechnicznymi statek kosmiczny spr\u00f3buje wznie\u015b\u0107 si\u0119 w przestworza. Z kolei niesamowity wyst\u0119p plucia ogniem Marcina Exa Styczy\u0144skiego nie tylko zapiera dech w piersiach, lecz tak\u017ce nadaje nowe znaczenie wyra\u017ceniu \u201ezion\u0105\u0107 ogniem\u201d.<\/p>\n<p><strong>Harmonogram<br \/>\n<\/strong>21.00\u201321.30, 23.00\u201323.30, 1.00\u20131.30 | Fundacja Sztukmistrze \u2013 \u201eSolarsi\u201d<br \/>\n21.45\u201322.30, 23.45\u20130.30, 1.30\u20132.00 | Marcin Ex Styczy\u0144ski \u2013 Plucie Ogniem<br \/>\n<a href=\"https:\/\/nockultury.pl\/pl\/events\/noc-w-browarze-perla-browary-lubelskie-s-a-fundacja-sztukmistrze-marcin-ex-styczynski-wojciech-januszczyk-na-czesc-wydarzen-zapisy-wkrotce\/\"><strong>Mistrzowie ognia w Browarze Per\u0142a! | 21.00\u20132.00 | Per\u0142a &#8211; Browary Lubelskie S.A. <\/strong><strong>Bernardy\u0144ska 15<\/strong><\/a><\/p>\n<p>Na Placu po Farze zaskoczy nas konstrukcja wypleciona z wikliny, do kt\u00f3rej b\u0119dzie mo\u017cna wej\u015b\u0107 do \u015brodka.<em><br \/>\n\u2013 Poczujcie si\u0119 w niej jak ryby, kt\u00f3re od\u0142\u0105czaj\u0105 si\u0119 od ludzkiej \u0142awicy i nie daj\u0105 si\u0119 jej po\u0142kn\u0105\u0107. Wyobra\u017acie sobie, \u017ce przenosicie si\u0119 do czas\u00f3w biblijnych i p\u0142ywacie jak Jonasz w brzuchu wieloryba. Makro\u015bwiat zmienia si\u0119 tu w mikro\u015bwiat \u2013 <\/em>opowiadaj\u0105 o swojej pracy Karolina Ben oraz Anna Elsner.<br \/>\n<a href=\"https:\/\/nockultury.pl\/pl\/events\/jonasz-instalacja-karoliny-ben-i-anny-elsner\/\"><strong>Jonasz | 19.00\u20132.00 | plac po Farze<\/strong><\/a><\/p>\n<p>Co\u015b co widzimy na co dzie\u0144, ale w zupe\u0142nie innej ods\u0142onie \u2013 trolejbus. Na Nocy Kultury zabytkowy egzemplarz zamienimy w szklarni\u0119 pe\u0142n\u0105 zielonych, pachn\u0105cych ro\u015blin. Daj si\u0119 porwa\u0107, tej Nocy nie sprawdzamy bilet\u00f3w! Po przekroczeniu progu naszego AutoBoru znajdziesz si\u0119 w zak\u0105tku odizolowanym od powszechnego miejskiego pejza\u017cu. Realizacja jest mo\u017cliwa dzi\u0119ki wsparciu MPK Lublin i Lubelskiego Rynku Hurtowego S.A. w Eliz\u00f3wce. Autorzy i autorki: studentki i studenci WA UMCS pod kierunkiem Barbary Ni\u015bcior.<br \/>\n<strong><a href=\"https:\/\/nockultury.pl\/pl\/events\/autobor-instalacja-studentek-i-studentow-wa-umcs-pod-kierunkiem-barbary-niscior\/\">AutoB\u00f3r | 19.00\u20132.00 | ul. Lubartowska na wysoko\u015bci placu \u0141okietka<\/a><br \/>\n<\/strong><br \/>\nL\u00f3d w czerwcu, widziany w innym kontek\u015bcie ni\u017c kubek z ch\u0142odz\u0105cym napojem, r\u00f3wnie\u017c mo\u017ce zaskoczy\u0107. Tylko tej nocy zobaczysz prace graficzne zrobione technik\u0105 sitodruku i umieszczone na lodzie, kt\u00f3ry stopniowo topi\u0105c si\u0119, zmieni po\u0142o\u017cone na nim obrazy. Prace te rzucaj\u0105 \u015bwiat\u0142o na trudny problem syndromu rezygnacji w\u015br\u00f3d dzieci i m\u0142odzie\u017cy w obozach dla uchod\u017ac\u00f3w. Autork\u0105 pracy jest Irena Zieniewicz, a kuratorkami Magdalena Zieniewicz i Marzena Ga\u0142ecka z Galerii Terytorium.<br \/>\n<a href=\"https:\/\/nockultury.pl\/pl\/events\/syndrom-instalacja-magdalena-zieniewicz-galeria-terytorium-marzena-galecka\/\"><strong>Syndrom | 19.00\u201300.00 | Jezuicka 10<\/strong><\/a><\/p>\n<p>W programie znajdziecie jeszcze wiele innych zaskakuj\u0105cych instalacji i punkt\u00f3w programu. Ca\u0142y harmonogram festiwalu dost\u0119pny jest na stronie w zak\u0142adce <a href=\"https:\/\/nockultury.pl\/pl\/program-2024\"><strong>PROGRAM<\/strong><\/a><\/p>\n<h2><strong>O Nocy Kultury<\/strong><\/h2>\n<p>Noc Kultury to kilkaset bezp\u0142atnych wydarze\u0144 artystycznych w przestrzeni publicznej Lublina. To tysi\u0105ce u\u015bmiechni\u0119tych ludzi spaceruj\u0105cych ulicami miasta w poszukiwaniu niezapomnianych wra\u017ce\u0144. To jedyna taka noc w roku, kiedy niemo\u017cliwe staje si\u0119 mo\u017cliwe! Koncerty, instalacje \u015bwietlne, spektakle, pokazy, warsztaty i wiele, wiele innych, wymykaj\u0105cych si\u0119 definicjom. Uczestnicy i uczestniczki mog\u0105 prze\u017cy\u0107 kumulacj\u0119 do\u015bwiadcze\u0144 i przyg\u00f3d spakowanych w pakiet siedmiu godzin. Tylko od nich zale\u017cy, czy to b\u0119dzie noc szalonych koncert\u00f3w i spektakli, czy kameralnych spotka\u0144 literackich. Noc Kultury, poprzez instalacje w przestrzeni publicznej, zmienia ca\u0142e ulice nie do poznania: to czas, kiedy mo\u017cna w\u0105cha\u0107 bramy, g\u0142aska\u0107 kud\u0142ate \u015bciany, zagl\u0105da\u0107 przez dziurk\u0119 od klucza do fantastycznych \u015bwiat\u00f3w. Przed wyj\u015bciem koniecznie trzeba na\u0142adowa\u0107 baterie w aparacie.<\/p>\n<p><strong>Noc Kultury<br \/>\n1\/2 czerwca 2024<br \/>\nStare Miasto, Lublin<br \/>\nWst\u0119p wolny <\/strong><\/p>\n<p><strong>&nbsp;<\/strong>Organizatorem Festiwalu s\u0105 Warsztaty Kultury w Lublinie, Instytucja Kultury Miasta Lublin oraz Miasto Lublin.<\/p>\n<p>Patronat honorowy nad projektem obj\u0105\u0142 Prezydent Miasta Lublin \u2013 Krzysztof \u017buk.<\/p>\n<p><strong>Patroni medialni:<\/strong> TVP Kultura, TVP 3 Lublin, Polskie Radio Lublin, Radio Centrum, Gazeta Wyborcza, dlaStudenta.pl, Kultura Enter<br \/>\n<strong>Sponsorzy:<\/strong> Per\u0142a \u2013 Browary Lubelskie S.A.<\/p>\n","protected":false},"excerpt":{"rendered":"<p>Lubelska Noc Kultury ju\u017c za chwil\u0119 (1\/2 czerwca). Po raz  [&#8230;]<\/p>\n","protected":false},"author":8,"featured_media":47406,"comment_status":"closed","ping_status":"open","sticky":false,"template":"","format":"standard","meta":{"_acf_changed":false,"ngg_post_thumbnail":0,"footnotes":""},"categories":[1],"tags":[],"class_list":["post-47405","post","type-post","status-publish","format-standard","has-post-thumbnail","hentry","category-bez-kategorii"],"acf":[],"yoast_head":"<!-- This site is optimized with the Yoast SEO plugin v26.1.1 - https:\/\/yoast.com\/wordpress\/plugins\/seo\/ -->\n<title>Lublin zn\u00f3w zaskoczy!<\/title>\n<meta name=\"description\" content=\"Po raz 18. uliczki Starego Miasta w Lublinie przemieni\u0105 si\u0119 tak, \u017ce nawet mieszka\u0144cy i mieszkanki nie b\u0119d\u0105 w stanie ich rozpozna\u0107. Na 7 godzin miastem zaw\u0142adnie sztuka\" \/>\n<meta name=\"robots\" content=\"index, follow, max-snippet:-1, max-image-preview:large, max-video-preview:-1\" \/>\n<link rel=\"canonical\" href=\"https:\/\/nockultury.pl\/pl\/lublin-znow-zaskoczy\/\" \/>\n<meta property=\"og:locale\" content=\"pl_PL\" \/>\n<meta property=\"og:type\" content=\"article\" \/>\n<meta property=\"og:title\" content=\"Lublin zn\u00f3w zaskoczy!\" \/>\n<meta property=\"og:description\" content=\"Po raz 18. uliczki Starego Miasta w Lublinie przemieni\u0105 si\u0119 tak, \u017ce nawet mieszka\u0144cy i mieszkanki nie b\u0119d\u0105 w stanie ich rozpozna\u0107. Na 7 godzin miastem zaw\u0142adnie sztuka\" \/>\n<meta property=\"og:url\" content=\"https:\/\/nockultury.pl\/pl\/lublin-znow-zaskoczy\/\" \/>\n<meta property=\"og:site_name\" content=\"Noc Kultury\" \/>\n<meta property=\"article:publisher\" content=\"https:\/\/www.facebook.com\/NocKultury\/\" \/>\n<meta property=\"article:published_time\" content=\"2024-05-16T14:03:32+00:00\" \/>\n<meta property=\"og:image\" content=\"https:\/\/nockultury.pl\/wp-content\/uploads\/2024\/05\/dziewczynka_kwadrat.jpg\" \/>\n\t<meta property=\"og:image:width\" content=\"1024\" \/>\n\t<meta property=\"og:image:height\" content=\"1024\" \/>\n\t<meta property=\"og:image:type\" content=\"image\/jpeg\" \/>\n<meta name=\"author\" content=\"Ma\u0142gorzata Stanek\" \/>\n<meta name=\"twitter:card\" content=\"summary_large_image\" \/>\n<meta name=\"twitter:label1\" content=\"Napisane przez\" \/>\n\t<meta name=\"twitter:data1\" content=\"Ma\u0142gorzata Stanek\" \/>\n\t<meta name=\"twitter:label2\" content=\"Szacowany czas czytania\" \/>\n\t<meta name=\"twitter:data2\" content=\"7 minut\" \/>\n<script type=\"application\/ld+json\" class=\"yoast-schema-graph\">{\"@context\":\"https:\/\/schema.org\",\"@graph\":[{\"@type\":\"Article\",\"@id\":\"https:\/\/nockultury.pl\/pl\/lublin-znow-zaskoczy\/#article\",\"isPartOf\":{\"@id\":\"https:\/\/nockultury.pl\/pl\/lublin-znow-zaskoczy\/\"},\"author\":{\"name\":\"Ma\u0142gorzata Stanek\",\"@id\":\"https:\/\/nockultury.pl\/pl\/#\/schema\/person\/b455ea53392e5908331cf9642243f21c\"},\"headline\":\"Lublin zn\u00f3w zaskoczy!\",\"datePublished\":\"2024-05-16T14:03:32+00:00\",\"mainEntityOfPage\":{\"@id\":\"https:\/\/nockultury.pl\/pl\/lublin-znow-zaskoczy\/\"},\"wordCount\":1252,\"publisher\":{\"@id\":\"https:\/\/nockultury.pl\/pl\/#organization\"},\"image\":{\"@id\":\"https:\/\/nockultury.pl\/pl\/lublin-znow-zaskoczy\/#primaryimage\"},\"thumbnailUrl\":\"https:\/\/nockultury.pl\/wp-content\/uploads\/2024\/05\/dziewczynka_kwadrat.jpg\",\"inLanguage\":\"pl-PL\"},{\"@type\":\"WebPage\",\"@id\":\"https:\/\/nockultury.pl\/pl\/lublin-znow-zaskoczy\/\",\"url\":\"https:\/\/nockultury.pl\/pl\/lublin-znow-zaskoczy\/\",\"name\":\"Lublin zn\u00f3w zaskoczy!\",\"isPartOf\":{\"@id\":\"https:\/\/nockultury.pl\/pl\/#website\"},\"primaryImageOfPage\":{\"@id\":\"https:\/\/nockultury.pl\/pl\/lublin-znow-zaskoczy\/#primaryimage\"},\"image\":{\"@id\":\"https:\/\/nockultury.pl\/pl\/lublin-znow-zaskoczy\/#primaryimage\"},\"thumbnailUrl\":\"https:\/\/nockultury.pl\/wp-content\/uploads\/2024\/05\/dziewczynka_kwadrat.jpg\",\"datePublished\":\"2024-05-16T14:03:32+00:00\",\"description\":\"Po raz 18. uliczki Starego Miasta w Lublinie przemieni\u0105 si\u0119 tak, \u017ce nawet mieszka\u0144cy i mieszkanki nie b\u0119d\u0105 w stanie ich rozpozna\u0107. Na 7 godzin miastem zaw\u0142adnie sztuka\",\"breadcrumb\":{\"@id\":\"https:\/\/nockultury.pl\/pl\/lublin-znow-zaskoczy\/#breadcrumb\"},\"inLanguage\":\"pl-PL\",\"potentialAction\":[{\"@type\":\"ReadAction\",\"target\":[\"https:\/\/nockultury.pl\/pl\/lublin-znow-zaskoczy\/\"]}]},{\"@type\":\"ImageObject\",\"inLanguage\":\"pl-PL\",\"@id\":\"https:\/\/nockultury.pl\/pl\/lublin-znow-zaskoczy\/#primaryimage\",\"url\":\"https:\/\/nockultury.pl\/wp-content\/uploads\/2024\/05\/dziewczynka_kwadrat.jpg\",\"contentUrl\":\"https:\/\/nockultury.pl\/wp-content\/uploads\/2024\/05\/dziewczynka_kwadrat.jpg\",\"width\":1024,\"height\":1024,\"caption\":\"Zachwycona dziewczynka ogl\u0105da instalacj\u0119 artystyczn\u0105. Napis: Tej nocy Lublin Ci\u0119 zaskoczy! 1\/2.06.2024, wst\u0119p wolny\"},{\"@type\":\"BreadcrumbList\",\"@id\":\"https:\/\/nockultury.pl\/pl\/lublin-znow-zaskoczy\/#breadcrumb\",\"itemListElement\":[{\"@type\":\"ListItem\",\"position\":1,\"name\":\"Strona g\u0142\u00f3wna\",\"item\":\"https:\/\/nockultury.pl\/pl\/\"},{\"@type\":\"ListItem\",\"position\":2,\"name\":\"Lublin zn\u00f3w zaskoczy!\"}]},{\"@type\":\"WebSite\",\"@id\":\"https:\/\/nockultury.pl\/pl\/#website\",\"url\":\"https:\/\/nockultury.pl\/pl\/\",\"name\":\"Noc Kultury\",\"description\":\"Lublin, Stare Miasto | wst\u0119p wolny\",\"publisher\":{\"@id\":\"https:\/\/nockultury.pl\/pl\/#organization\"},\"potentialAction\":[{\"@type\":\"SearchAction\",\"target\":{\"@type\":\"EntryPoint\",\"urlTemplate\":\"https:\/\/nockultury.pl\/pl\/?s={search_term_string}\"},\"query-input\":{\"@type\":\"PropertyValueSpecification\",\"valueRequired\":true,\"valueName\":\"search_term_string\"}}],\"inLanguage\":\"pl-PL\"},{\"@type\":\"Organization\",\"@id\":\"https:\/\/nockultury.pl\/pl\/#organization\",\"name\":\"Warsztaty Kultury w Lublinie\",\"url\":\"https:\/\/nockultury.pl\/pl\/\",\"logo\":{\"@type\":\"ImageObject\",\"inLanguage\":\"pl-PL\",\"@id\":\"https:\/\/nockultury.pl\/pl\/#\/schema\/logo\/image\/\",\"url\":\"https:\/\/nockultury.pl\/wp-content\/uploads\/2020\/03\/NOC-KULTURY-LOGO-170.jpg\",\"contentUrl\":\"https:\/\/nockultury.pl\/wp-content\/uploads\/2020\/03\/NOC-KULTURY-LOGO-170.jpg\",\"width\":170,\"height\":79,\"caption\":\"Warsztaty Kultury w Lublinie\"},\"image\":{\"@id\":\"https:\/\/nockultury.pl\/pl\/#\/schema\/logo\/image\/\"},\"sameAs\":[\"https:\/\/www.facebook.com\/NocKultury\/\",\"https:\/\/www.instagram.com\/nockultury\/\",\"https:\/\/www.youtube.com\/@videonockultury\"]},{\"@type\":\"Person\",\"@id\":\"https:\/\/nockultury.pl\/pl\/#\/schema\/person\/b455ea53392e5908331cf9642243f21c\",\"name\":\"Ma\u0142gorzata Stanek\",\"image\":{\"@type\":\"ImageObject\",\"inLanguage\":\"pl-PL\",\"@id\":\"https:\/\/nockultury.pl\/pl\/#\/schema\/person\/image\/\",\"url\":\"https:\/\/secure.gravatar.com\/avatar\/45935340e0720354e023c66e68c2c506b7ca3adf6417db0177bb9e832d57e28c?s=96&d=mm&r=g\",\"contentUrl\":\"https:\/\/secure.gravatar.com\/avatar\/45935340e0720354e023c66e68c2c506b7ca3adf6417db0177bb9e832d57e28c?s=96&d=mm&r=g\",\"caption\":\"Ma\u0142gorzata Stanek\"}}]}<\/script>\n<!-- \/ Yoast SEO plugin. -->","yoast_head_json":{"title":"Lublin zn\u00f3w zaskoczy!","description":"Po raz 18. uliczki Starego Miasta w Lublinie przemieni\u0105 si\u0119 tak, \u017ce nawet mieszka\u0144cy i mieszkanki nie b\u0119d\u0105 w stanie ich rozpozna\u0107. Na 7 godzin miastem zaw\u0142adnie sztuka","robots":{"index":"index","follow":"follow","max-snippet":"max-snippet:-1","max-image-preview":"max-image-preview:large","max-video-preview":"max-video-preview:-1"},"canonical":"https:\/\/nockultury.pl\/pl\/lublin-znow-zaskoczy\/","og_locale":"pl_PL","og_type":"article","og_title":"Lublin zn\u00f3w zaskoczy!","og_description":"Po raz 18. uliczki Starego Miasta w Lublinie przemieni\u0105 si\u0119 tak, \u017ce nawet mieszka\u0144cy i mieszkanki nie b\u0119d\u0105 w stanie ich rozpozna\u0107. Na 7 godzin miastem zaw\u0142adnie sztuka","og_url":"https:\/\/nockultury.pl\/pl\/lublin-znow-zaskoczy\/","og_site_name":"Noc Kultury","article_publisher":"https:\/\/www.facebook.com\/NocKultury\/","article_published_time":"2024-05-16T14:03:32+00:00","og_image":[{"width":1024,"height":1024,"url":"https:\/\/nockultury.pl\/wp-content\/uploads\/2024\/05\/dziewczynka_kwadrat.jpg","type":"image\/jpeg"}],"author":"Ma\u0142gorzata Stanek","twitter_card":"summary_large_image","twitter_misc":{"Napisane przez":"Ma\u0142gorzata Stanek","Szacowany czas czytania":"7 minut"},"schema":{"@context":"https:\/\/schema.org","@graph":[{"@type":"Article","@id":"https:\/\/nockultury.pl\/pl\/lublin-znow-zaskoczy\/#article","isPartOf":{"@id":"https:\/\/nockultury.pl\/pl\/lublin-znow-zaskoczy\/"},"author":{"name":"Ma\u0142gorzata Stanek","@id":"https:\/\/nockultury.pl\/pl\/#\/schema\/person\/b455ea53392e5908331cf9642243f21c"},"headline":"Lublin zn\u00f3w zaskoczy!","datePublished":"2024-05-16T14:03:32+00:00","mainEntityOfPage":{"@id":"https:\/\/nockultury.pl\/pl\/lublin-znow-zaskoczy\/"},"wordCount":1252,"publisher":{"@id":"https:\/\/nockultury.pl\/pl\/#organization"},"image":{"@id":"https:\/\/nockultury.pl\/pl\/lublin-znow-zaskoczy\/#primaryimage"},"thumbnailUrl":"https:\/\/nockultury.pl\/wp-content\/uploads\/2024\/05\/dziewczynka_kwadrat.jpg","inLanguage":"pl-PL"},{"@type":"WebPage","@id":"https:\/\/nockultury.pl\/pl\/lublin-znow-zaskoczy\/","url":"https:\/\/nockultury.pl\/pl\/lublin-znow-zaskoczy\/","name":"Lublin zn\u00f3w zaskoczy!","isPartOf":{"@id":"https:\/\/nockultury.pl\/pl\/#website"},"primaryImageOfPage":{"@id":"https:\/\/nockultury.pl\/pl\/lublin-znow-zaskoczy\/#primaryimage"},"image":{"@id":"https:\/\/nockultury.pl\/pl\/lublin-znow-zaskoczy\/#primaryimage"},"thumbnailUrl":"https:\/\/nockultury.pl\/wp-content\/uploads\/2024\/05\/dziewczynka_kwadrat.jpg","datePublished":"2024-05-16T14:03:32+00:00","description":"Po raz 18. uliczki Starego Miasta w Lublinie przemieni\u0105 si\u0119 tak, \u017ce nawet mieszka\u0144cy i mieszkanki nie b\u0119d\u0105 w stanie ich rozpozna\u0107. Na 7 godzin miastem zaw\u0142adnie sztuka","breadcrumb":{"@id":"https:\/\/nockultury.pl\/pl\/lublin-znow-zaskoczy\/#breadcrumb"},"inLanguage":"pl-PL","potentialAction":[{"@type":"ReadAction","target":["https:\/\/nockultury.pl\/pl\/lublin-znow-zaskoczy\/"]}]},{"@type":"ImageObject","inLanguage":"pl-PL","@id":"https:\/\/nockultury.pl\/pl\/lublin-znow-zaskoczy\/#primaryimage","url":"https:\/\/nockultury.pl\/wp-content\/uploads\/2024\/05\/dziewczynka_kwadrat.jpg","contentUrl":"https:\/\/nockultury.pl\/wp-content\/uploads\/2024\/05\/dziewczynka_kwadrat.jpg","width":1024,"height":1024,"caption":"Zachwycona dziewczynka ogl\u0105da instalacj\u0119 artystyczn\u0105. Napis: Tej nocy Lublin Ci\u0119 zaskoczy! 1\/2.06.2024, wst\u0119p wolny"},{"@type":"BreadcrumbList","@id":"https:\/\/nockultury.pl\/pl\/lublin-znow-zaskoczy\/#breadcrumb","itemListElement":[{"@type":"ListItem","position":1,"name":"Strona g\u0142\u00f3wna","item":"https:\/\/nockultury.pl\/pl\/"},{"@type":"ListItem","position":2,"name":"Lublin zn\u00f3w zaskoczy!"}]},{"@type":"WebSite","@id":"https:\/\/nockultury.pl\/pl\/#website","url":"https:\/\/nockultury.pl\/pl\/","name":"Noc Kultury","description":"Lublin, Stare Miasto | wst\u0119p wolny","publisher":{"@id":"https:\/\/nockultury.pl\/pl\/#organization"},"potentialAction":[{"@type":"SearchAction","target":{"@type":"EntryPoint","urlTemplate":"https:\/\/nockultury.pl\/pl\/?s={search_term_string}"},"query-input":{"@type":"PropertyValueSpecification","valueRequired":true,"valueName":"search_term_string"}}],"inLanguage":"pl-PL"},{"@type":"Organization","@id":"https:\/\/nockultury.pl\/pl\/#organization","name":"Warsztaty Kultury w Lublinie","url":"https:\/\/nockultury.pl\/pl\/","logo":{"@type":"ImageObject","inLanguage":"pl-PL","@id":"https:\/\/nockultury.pl\/pl\/#\/schema\/logo\/image\/","url":"https:\/\/nockultury.pl\/wp-content\/uploads\/2020\/03\/NOC-KULTURY-LOGO-170.jpg","contentUrl":"https:\/\/nockultury.pl\/wp-content\/uploads\/2020\/03\/NOC-KULTURY-LOGO-170.jpg","width":170,"height":79,"caption":"Warsztaty Kultury w Lublinie"},"image":{"@id":"https:\/\/nockultury.pl\/pl\/#\/schema\/logo\/image\/"},"sameAs":["https:\/\/www.facebook.com\/NocKultury\/","https:\/\/www.instagram.com\/nockultury\/","https:\/\/www.youtube.com\/@videonockultury"]},{"@type":"Person","@id":"https:\/\/nockultury.pl\/pl\/#\/schema\/person\/b455ea53392e5908331cf9642243f21c","name":"Ma\u0142gorzata Stanek","image":{"@type":"ImageObject","inLanguage":"pl-PL","@id":"https:\/\/nockultury.pl\/pl\/#\/schema\/person\/image\/","url":"https:\/\/secure.gravatar.com\/avatar\/45935340e0720354e023c66e68c2c506b7ca3adf6417db0177bb9e832d57e28c?s=96&d=mm&r=g","contentUrl":"https:\/\/secure.gravatar.com\/avatar\/45935340e0720354e023c66e68c2c506b7ca3adf6417db0177bb9e832d57e28c?s=96&d=mm&r=g","caption":"Ma\u0142gorzata Stanek"}}]}},"_links":{"self":[{"href":"https:\/\/nockultury.pl\/pl\/wp-json\/wp\/v2\/posts\/47405","targetHints":{"allow":["GET"]}}],"collection":[{"href":"https:\/\/nockultury.pl\/pl\/wp-json\/wp\/v2\/posts"}],"about":[{"href":"https:\/\/nockultury.pl\/pl\/wp-json\/wp\/v2\/types\/post"}],"author":[{"embeddable":true,"href":"https:\/\/nockultury.pl\/pl\/wp-json\/wp\/v2\/users\/8"}],"replies":[{"embeddable":true,"href":"https:\/\/nockultury.pl\/pl\/wp-json\/wp\/v2\/comments?post=47405"}],"version-history":[{"count":0,"href":"https:\/\/nockultury.pl\/pl\/wp-json\/wp\/v2\/posts\/47405\/revisions"}],"wp:featuredmedia":[{"embeddable":true,"href":"https:\/\/nockultury.pl\/pl\/wp-json\/wp\/v2\/media\/47406"}],"wp:attachment":[{"href":"https:\/\/nockultury.pl\/pl\/wp-json\/wp\/v2\/media?parent=47405"}],"wp:term":[{"taxonomy":"category","embeddable":true,"href":"https:\/\/nockultury.pl\/pl\/wp-json\/wp\/v2\/categories?post=47405"},{"taxonomy":"post_tag","embeddable":true,"href":"https:\/\/nockultury.pl\/pl\/wp-json\/wp\/v2\/tags?post=47405"}],"curies":[{"name":"wp","href":"https:\/\/api.w.org\/{rel}","templated":true}]}}