{"id":47664,"date":"2024-05-27T15:02:45","date_gmt":"2024-05-27T13:02:45","guid":{"rendered":"https:\/\/nockultury.pl\/?p=47664"},"modified":"2024-05-27T15:37:33","modified_gmt":"2024-05-27T13:37:33","slug":"koniecznie-zobacz-to-na-nocy-kultury","status":"publish","type":"post","link":"https:\/\/nockultury.pl\/pl\/koniecznie-zobacz-to-na-nocy-kultury\/","title":{"rendered":"Koniecznie zobacz to na Nocy Kultury!"},"content":{"rendered":"<p><strong>Lubelska Noc Kultury ju\u017c za chwil\u0119 (1\/2 czerwca). Na uczestnik\u00f3w Festiwalu czeka mn\u00f3stwo atrakcji. Wszystkiego zobaczy\u0107 si\u0119 nie da \u2013 wydarzenie trwa bowiem tylko jedn\u0105 letni\u0105 noc. Warto si\u0119 wi\u0119c dobrze przygotowa\u0107 i zaplanowa\u0107 sw\u00f3j spacer. Podpowiadamy, jakie punkty programu koniecznie trzeba mie\u0107 na swojej li\u015bcie.<\/strong><\/p>\n<p>W tym roku program Festiwalu liczy ponad 150 wydarze\u0144, wi\u0119c nie spos\u00f3b zobaczy\u0107 wszystkiego w ci\u0105gu 7 godzin. Festiwalowej publiczno\u015bci szczeg\u00f3lnie polecamy nasze produkcje specjalne, nad kt\u00f3rymi pracowali\u015bmy wiele miesi\u0119cy przed Noc\u0105 Kultury. Jedn\u0105 z nich jest gra we Flirt z Ionesco, sk\u0142adaj\u0105ca si\u0119 z cytat\u00f3w z dw\u00f3ch ksi\u0105\u017cek tego francuskiego dramaturga. Nie wyobra\u017cam sobie nocokulturowego spaceru bez zobaczenia Gabinetu Kwiatkowskiego \u2013 postaci zupe\u0142nie nieznanej w Lublinie, za to bardzo s\u0142awnej w Wietnamie. \u017beby dowiedzie\u0107 si\u0119 kim by\u0142 ten wyj\u0105tkowy cz\u0142owiek, warto przej\u015b\u0107 si\u0119 1 czerwca na ul. Z\u0142ot\u0105. Opr\u00f3cz tego szczeg\u00f3lnie zach\u0119cam do odwiedzania Strefy Matejki \u2013 poznacie tam Pa\u0144stwo niezwyk\u0142\u0105 histori\u0119 ocalenia dw\u00f3ch najs\u0142ynniejszych obraz\u00f3w mistrza przez mieszka\u0144c\u00f3w naszego miasta. Tradycyjnie zapraszam do Browaru Per\u0142a, w kt\u00f3rym mi.in. zaprezentuj\u0105 si\u0119 mistrzowie ognia. W tym roku nie zabraknie r\u00f3wnie\u017c ciekawych i oryginalnych instalacji artystycznych, takich jak GROWROOM, Jonasz, Looblin City, A nu\u017c widelec czy Zarost. Dla os\u00f3b, kt\u00f3re b\u0119d\u0105 potrzebowa\u0142y chwili odpoczynku, przygotowali\u015bmy japo\u0144skie patio \u2013 specjaln\u0105 stref\u0119 relaksu przy d\u017awi\u0119kach koshi.&nbsp;<\/p>\n<h2><strong>&nbsp;<\/strong><strong>Musisz to zobaczy\u0107!<\/strong><\/h2>\n<p><strong><a href=\"https:\/\/nockultury.pl\/pl\/events\/flirt-z-ionesco-produkcja-specjalna-warsztatow-kultury-w-lublinie\/\">19.00\u20130.00 | Flirt z Ionesco \u2013 gra towarzyska | plac po Farze<\/a><br \/>\n<\/strong>Czy pami\u0119tasz flirt towarzyski? Wiesz, \u017ce mo\u017cna publicznie i na g\u0142os przekazywa\u0107 innej osobie \u201esekretne\u201d wiadomo\u015bci? Aby to robi\u0107, wystarcz\u0105 karty z ponumerowanymi wiadomo\u015bciami, kt\u00f3re chcesz przekaza\u0107. Pami\u0119taj, nie czytamy na g\u0142os hase\u0142 z kart, a wy\u0142\u0105cznie numery! W ten spos\u00f3b tylko Wy wiecie, o czym rozmawiacie! Na Noc Kultury przygotowali\u015bmy specjalny rodzaj flirtu. Tym razem gra sk\u0142ada si\u0119 z cytat\u00f3w z dw\u00f3ch ksi\u0105\u017cek Eug\u00e8ne Ionesco. Produkcja specjalna Warsztat\u00f3w Kultury w Lublinie.<\/p>\n<hr>\n<p><strong><a href=\"https:\/\/nockultury.pl\/pl\/events\/gabinet-kwiatkowskiego-produkcja-specjalna-warsztatow-kultury-w-lublinie\/\">19.00\u20130.00 | Gabinet Kwiatkowskiego \u2013 ekspozycja | ul. Z\u0142ota 3<\/a><br \/>\n<\/strong>Kazimierz Kwiatkowski \u2013 architekt i konserwator zabytk\u00f3w. Uratowa\u0142 przed zniszczeniem Hoi An \u2013 jedno z najcz\u0119\u015bciej odwiedzanych przez turyst\u00f3w miast w Indochinach \u2013 wietnamsk\u0105 per\u0142\u0119 Azji \u015arodkowo-Wschodniej oraz \u015bwi\u0105tyni\u0119 My Son. Podczas tegorocznej Nocy Kultury, dzi\u0119ki uprzejmo\u015bci syna wielkiego architekta, zostan\u0105 zaprezentowane jego zapiski, listy i wybrane zdj\u0119cia.<br \/>\nProdukcja specjalna Warsztat\u00f3w Kultury w Lublinie.<\/p>\n<hr>\n<p><strong><a href=\"https:\/\/nockultury.pl\/pl\/events\/15-tony-matejki-instalacja-artystyczna-produkcja-specjalna-warsztatow-kultury-w-lublinie\/\">19.00\u20130.00 | 1,5 tony Matejki \u2013 instalacja artystyczna | ul. Narutowicza 4 \u2013 parking<\/a><br \/>\n<\/strong>Czy wiecie, \u017ce mieszka\u0144cy Lublina ocalili \u201eBitw\u0119 pod Grunwaldem\u201d i \u201eKazanie Skargi\u201d? Te dwa s\u0142ynne obrazy Jana Matejki, podczas II wojny \u015bwiatowej, przez ponad cztery lata by\u0142y ukrywane w naszym mie\u015bcie. Ta instalacja to nie tylko okazja do upami\u0119tnienia bohaterskich czyn\u00f3w przesz\u0142o\u015bci, lecz tak\u017ce mo\u017cliwo\u015b\u0107 zrozumienia g\u0142\u0119bszego znaczenia sztuki i historii dla spo\u0142eczno\u015bci lokalnej. Bez w\u0105tpienia sk\u0142oni ona festiwalow\u0105 publiczno\u015b\u0107 do zanurzenia si\u0119 w histori\u0119 i kultur\u0119, kt\u00f3ra kszta\u0142towa\u0142a Lublin i ca\u0142y nar\u00f3d. Produkcja specjalna Warsztat\u00f3w Kultury w Lublinie.<\/p>\n<hr>\n<p><strong><a href=\"https:\/\/nockultury.pl\/pl\/events\/japonskie-patio-instalacja-produkcja-specjalna-warsztatow-kultury-w-lublinie\/\">19.00\u20130.00 | Japo\u0144skie patio \u2013 instalacja | ul. Grodzka 7 \u2013 patio<\/a><br \/>\n<\/strong>Chwila wytchnienia podczas nocokulturowych w\u0119dr\u00f3wek. B\u0119dzie mo\u017cna odpocz\u0105\u0107, s\u0142uchaj\u0105c dzwonk\u00f3w koshi, kt\u00f3re symbolizuj\u0105 cztery \u017cywio\u0142y i zrelaksowa\u0107 si\u0119, grabi\u0105c fale na piaskowych ogrodach zen. Produkcja specjalna Warsztat\u00f3w Kultury w Lublinie.<\/p>\n<hr>\n<p><strong><a href=\"https:\/\/nockultury.pl\/pl\/events\/noc-w-browarze-perla-browary-lubelskie-s-a-fundacja-sztukmistrze-marcin-ex-styczynski-wojciech-januszczyk-na-czesc-wydarzen-zapisy-wkrotce\/\">19.00\u20132.00 | Noc w Browarze: instalacje artystyczne, filmy, zwiedzanie | Per\u0142a \u2013 Browary Lubelskie S.A. | ul. Bernardy\u0144ska 15<\/a><br \/>\n<\/strong>Na Noc w Browarze Per\u0142a sk\u0142adaj\u0105 si\u0119 pokazy dw\u00f3ch film\u00f3w \u201eKoniec ulicy\u201d i \u201eGadaj\u0105ce g\u0142owy\u201d, instalacja \u015bwietlno-ro\u015blinna pn. \u201eSynapsy chmielu\u201d autorstwa Wojciecha Januszczyka oraz zwiedzanie zabytkowej warzelni. Na festiwalow\u0105 publiczno\u015b\u0107 b\u0119dzie czka\u0142a tak\u017ce wystawa pt. &nbsp;\u201ePer\u0142a Chmielowa: 50 lat lubelskiej legendy\u201d, strefa chilloutu oraz specjalne pokazy fireshow w wykonaniu Marcina Ex Styczy\u0144skiego oraz Fundacji Sztukmistrze. Na Noc w Browarze zaprasza Per\u0142a \u2013 Browary Lubelskie S.A.<\/p>\n<hr>\n<p><strong><a href=\"https:\/\/nockultury.pl\/pl\/events\/growroom-instalacja-produkcja-specjalna-warsztatow-kultury-w-lublinie\/\">19.00\u20132.00 | GROWROOM \u2013 instalacja | ul. Lubartowska<\/a><br \/>\n<\/strong>Ro\u015blinna instalacja w kszta\u0142cie sfery. To wyj\u0105tkowy, przestrzenny ogr\u00f3d spo\u0142eczny, kt\u00f3rego \u015bciany z\u0142o\u017cone s\u0105 z donic obsadzonych ro\u015blinami. Mo\u017cna do niego wej\u015b\u0107 i ch\u0142on\u0105\u0107 zapachy zi\u00f3\u0142. Growroom to koncepcja rolnictwa miejskiego opracowana m.in. przez architekt\u00f3w Sine Lindholm i Madsem-Ulrikiem Husumem. Koncepcja ta bada architektur\u0119 produkuj\u0105c\u0105 \u017cywno\u015b\u0107, kt\u00f3ra umo\u017cliwia ludziom upraw\u0119 \u017cywno\u015bci w domu, w biurze lub we wsp\u00f3lnych przestrzeniach publicznych. Po raz pierwszy zosta\u0142a zaprezentowana na Targach Sztuki CHART w Kopenhadze w 2016 roku. Produkcja specjalna Warsztat\u00f3w Kultury w Lublinie we wsp\u00f3\u0142pracy z firm\u0105 Herbapol \u2013 Lublin S.A.<\/p>\n<hr>\n<p><strong><a href=\"https:\/\/nockultury.pl\/pl\/events\/jonasz-instalacja-karoliny-ben-i-anny-elsner\/\">19.00\u20132.00 | JONASZ \u2013 instalacja | plac Po Farze<\/a><br \/>\n<\/strong>Wielka konstrukcja wypleciona z wikliny zaprasza, aby wej\u015b\u0107 do \u015brodka. Poczujcie si\u0119 w niej jak ryby, kt\u00f3re od\u0142\u0105czaj\u0105 si\u0119 od ludzkiej \u0142awicy i nie daj\u0105 si\u0119 jej po\u0142kn\u0105\u0107. B\u0119dziecie mogli zobaczy\u0107 to, co widzia\u0142 Jonasz w brzuchu wieloryba! Makro\u015bwiat zmienia si\u0119 tu w mikro\u015bwiat. Do odwiedzenia instalacji zapraszaj\u0105 autorki \u2013 Karolina Ben oraz Anna Elsner.<\/p>\n<hr>\n<p><strong><a href=\"https:\/\/nockultury.pl\/pl\/events\/looblin-city-instalacja\/\">19.00\u20130.00 | Looblin City \u2013 instalacja | ul. Grodzka 7 (brama)<\/a><br \/>\n<\/strong>Dzi\u0119ki tej mapie mo\u017cecie zobaczy\u0107, jak znane Wam dzielnice i osiedla Lublina mog\u0142yby wygl\u0105da\u0107, gdyby zosta\u0142y przedstawione jako popularne logotypy i marki. To kreatywne po\u0142\u0105czenie zach\u0119ca do odkrywania miasta w nowatorski i intryguj\u0105cy spos\u00f3b. \u201eLooblin City\u201d to druga cz\u0119\u015b\u0107 cyklu \u201eCo by by\u0142o, gdyby\u2026\u201d, w kt\u00f3rym to tw\u00f3rca zaprasza nas do zabawy w skojarzenia w odniesieniu do wszechogarniaj\u0105cego nas \u015bwiata metek i logotyp\u00f3w. Mapa jest remiksem takowej klasycznej mapy Lublina, w kt\u00f3rej to nazwy dzielnic oraz niekt\u00f3rych osiedli zosta\u0142y wpisane w najbardziej znane \u015bwiatowe logotypy. I tak oto LSM-y, z racji swej s\u0142awnej rakiety, sta\u0142y si\u0119 logotypem NASA, Park Saski przemieni\u0142 si\u0119 w Park Jurajski, za\u015b Abramowice w zamek z logotypu Walta Disneya.<br \/>\nDo obejrzenia instalacji zapraszaj\u0105 autorzy: Micha\u0142 Jadczak oraz Teatr Wschodni.<\/p>\n<hr>\n<p><strong><a href=\"https:\/\/nockultury.pl\/pl\/events\/a-noz-widelec-instalacja-agaty-zwierzynskiej\/\">19.00\u20132.00 | A nu\u017c, widelec \u2013 instalacja | ul. Ku Farze<\/a><br \/>\n<\/strong>Stare metalowe \u0142y\u017cki i \u0142y\u017ceczki zebrane przez Warsztaty Kultury znalaz\u0142y nowe \u017cycie w r\u0119kach artystki w postaci niezwyk\u0142ego mobilu. Do obejrzenia instalacji zaprasza autorka Agata Zwierzy\u0144ska.<\/p>\n<hr>\n<p><a href=\"https:\/\/nockultury.pl\/pl\/events\/zarost-wystawa-fotografii-pawla-totoro-adamca\/\"><strong>19.00\u20130.00 | Zarost \u2013 instalacja | Galeria Gardzienice, ul. Grodzka 5a<\/strong><\/a><br \/>\nPortrety m\u0119skie z niecodziennym zarostem \u2013 zielonym! \u2013 wykonanym z r\u00f3\u017cnych rodzaj\u00f3w naturalnego mchu. Wielu kojarzy zarost z m\u0119sko\u015bci\u0105. Uwa\u017cany jest on przez niekt\u00f3rych za atrybut powagi oraz si\u0142y charakteru. Zarost dodaje r\u00f3wnie\u017c lat, co pozwala m\u0142odym m\u0119\u017cczyznom wygl\u0105da\u0107 powa\u017cniej, ale przy tym elegancko i dobrze.<br \/>\nDo obejrzenia instalacji zaprasza autor Pawe\u0142 Totoro Adamiec.<\/p>\n<hr>\n<p>W programie znajdziecie jeszcze wiele innych zaskakuj\u0105cych instalacji i punkt\u00f3w programu. Ca\u0142y harmonogram Festiwalu dost\u0119pny jest na stronie <a href=\"https:\/\/nockultury.pl\/pl\/program-2024\"><strong>PROGRAM<\/strong><\/a><\/p>\n<hr>\n<h2><strong>O Nocy Kultury<\/strong><\/h2>\n<p>Noc Kultury to kilkaset bezp\u0142atnych wydarze\u0144 artystycznych w przestrzeni publicznej Lublina. To tysi\u0105ce u\u015bmiechni\u0119tych ludzi spaceruj\u0105cych ulicami miasta w poszukiwaniu niezapomnianych wra\u017ce\u0144. To jedyna taka noc w roku, kiedy niemo\u017cliwe staje si\u0119 mo\u017cliwe! Koncerty, instalacje \u015bwietlne, spektakle, pokazy, warsztaty i wiele, wiele innych, wymykaj\u0105cych si\u0119 definicjom. Uczestnicy i uczestniczki mog\u0105 prze\u017cy\u0107 kumulacj\u0119 do\u015bwiadcze\u0144 i przyg\u00f3d spakowanych w pakiet siedmiu godzin. Tylko od nich zale\u017cy, czy to b\u0119dzie noc szalonych koncert\u00f3w i spektakli, czy kameralnych spotka\u0144 literackich. Noc Kultury, poprzez instalacje w przestrzeni publicznej, zmienia ca\u0142e ulice nie do poznania: to czas, kiedy mo\u017cna w\u0105cha\u0107 bramy, g\u0142aska\u0107 kud\u0142ate \u015bciany, zagl\u0105da\u0107 przez dziurk\u0119 od klucza do fantastycznych \u015bwiat\u00f3w. Przed wyj\u015bciem koniecznie trzeba na\u0142adowa\u0107 baterie w aparacie.<\/p>\n<p><strong>Noc Kultury<br \/>\n1\/2 czerwca 2024<br \/>\nStare Miasto, Lublin<br \/>\nWst\u0119p wolny <\/strong><\/p>\n<p><strong>&nbsp;<\/strong><\/p>\n<p>Organizatorem Festiwalu s\u0105 Warsztaty Kultury w Lublinie, Instytucja Kultury Miasta Lublin oraz Miasto Lublin.<\/p>\n<p>Patronat honorowy nad projektem obj\u0105\u0142 Prezydent Miasta Lublin \u2013 Krzysztof \u017buk.<\/p>\n<p><strong>Patroni medialni:<\/strong> TVP Kultura, TVP 3 Lublin, Polskie Radio Lublin, Radio Centrum, Gazeta Wyborcza, dlaStudenta.pl, Kultura Enter<br \/>\n<strong><br \/>\nSponsorzy:<\/strong> Per\u0142a \u2013 Browary Lubelskie S.A<\/p>\n","protected":false},"excerpt":{"rendered":"<p>Lubelska Noc Kultury ju\u017c za chwil\u0119 (1\/2 czerwca). Na uczestnik\u00f3w  [&#8230;]<\/p>\n","protected":false},"author":8,"featured_media":45855,"comment_status":"closed","ping_status":"open","sticky":false,"template":"","format":"standard","meta":{"_acf_changed":false,"ngg_post_thumbnail":0,"footnotes":""},"categories":[1],"tags":[],"class_list":["post-47664","post","type-post","status-publish","format-standard","has-post-thumbnail","hentry","category-bez-kategorii"],"acf":[],"yoast_head":"<!-- This site is optimized with the Yoast SEO plugin v26.1.1 - https:\/\/yoast.com\/wordpress\/plugins\/seo\/ -->\n<title>Zobacz koniecznie! | Noc Kultury 2024<\/title>\n<meta name=\"description\" content=\"Na uczestnik\u00f3w Festiwalu czeka mn\u00f3stwo atrakcji. Podpowiadamy, jakie punkty programu koniecznie trzeba mie\u0107 na swojej li\u015bcie.\" \/>\n<meta name=\"robots\" content=\"index, follow, max-snippet:-1, max-image-preview:large, max-video-preview:-1\" \/>\n<link rel=\"canonical\" href=\"https:\/\/nockultury.pl\/pl\/koniecznie-zobacz-to-na-nocy-kultury\/\" \/>\n<meta property=\"og:locale\" content=\"pl_PL\" \/>\n<meta property=\"og:type\" content=\"article\" \/>\n<meta property=\"og:title\" content=\"Zobacz koniecznie! | Noc Kultury 2024\" \/>\n<meta property=\"og:description\" content=\"Na uczestnik\u00f3w Festiwalu czeka mn\u00f3stwo atrakcji. Podpowiadamy, jakie punkty programu koniecznie trzeba mie\u0107 na swojej li\u015bcie.\" \/>\n<meta property=\"og:url\" content=\"https:\/\/nockultury.pl\/pl\/koniecznie-zobacz-to-na-nocy-kultury\/\" \/>\n<meta property=\"og:site_name\" content=\"Noc Kultury\" \/>\n<meta property=\"article:publisher\" content=\"https:\/\/www.facebook.com\/NocKultury\/\" \/>\n<meta property=\"article:published_time\" content=\"2024-05-27T13:02:45+00:00\" \/>\n<meta property=\"article:modified_time\" content=\"2024-05-27T13:37:33+00:00\" \/>\n<meta property=\"og:image\" content=\"https:\/\/nockultury.pl\/wp-content\/uploads\/2024\/01\/fot.-Katarzyna-Anna-Kubiak-13res.jpg\" \/>\n\t<meta property=\"og:image:width\" content=\"1920\" \/>\n\t<meta property=\"og:image:height\" content=\"1571\" \/>\n\t<meta property=\"og:image:type\" content=\"image\/jpeg\" \/>\n<meta name=\"author\" content=\"Ma\u0142gorzata Stanek\" \/>\n<meta name=\"twitter:card\" content=\"summary_large_image\" \/>\n<meta name=\"twitter:label1\" content=\"Napisane przez\" \/>\n\t<meta name=\"twitter:data1\" content=\"Ma\u0142gorzata Stanek\" \/>\n\t<meta name=\"twitter:label2\" content=\"Szacowany czas czytania\" \/>\n\t<meta name=\"twitter:data2\" content=\"7 minut\" \/>\n<script type=\"application\/ld+json\" class=\"yoast-schema-graph\">{\"@context\":\"https:\/\/schema.org\",\"@graph\":[{\"@type\":\"Article\",\"@id\":\"https:\/\/nockultury.pl\/pl\/koniecznie-zobacz-to-na-nocy-kultury\/#article\",\"isPartOf\":{\"@id\":\"https:\/\/nockultury.pl\/pl\/koniecznie-zobacz-to-na-nocy-kultury\/\"},\"author\":{\"name\":\"Ma\u0142gorzata Stanek\",\"@id\":\"https:\/\/nockultury.pl\/pl\/#\/schema\/person\/b455ea53392e5908331cf9642243f21c\"},\"headline\":\"Koniecznie zobacz to na Nocy Kultury!\",\"datePublished\":\"2024-05-27T13:02:45+00:00\",\"dateModified\":\"2024-05-27T13:37:33+00:00\",\"mainEntityOfPage\":{\"@id\":\"https:\/\/nockultury.pl\/pl\/koniecznie-zobacz-to-na-nocy-kultury\/\"},\"wordCount\":1326,\"publisher\":{\"@id\":\"https:\/\/nockultury.pl\/pl\/#organization\"},\"image\":{\"@id\":\"https:\/\/nockultury.pl\/pl\/koniecznie-zobacz-to-na-nocy-kultury\/#primaryimage\"},\"thumbnailUrl\":\"https:\/\/nockultury.pl\/wp-content\/uploads\/2024\/01\/fot.-Katarzyna-Anna-Kubiak-13res.jpg\",\"inLanguage\":\"pl-PL\"},{\"@type\":\"WebPage\",\"@id\":\"https:\/\/nockultury.pl\/pl\/koniecznie-zobacz-to-na-nocy-kultury\/\",\"url\":\"https:\/\/nockultury.pl\/pl\/koniecznie-zobacz-to-na-nocy-kultury\/\",\"name\":\"Zobacz koniecznie! | Noc Kultury 2024\",\"isPartOf\":{\"@id\":\"https:\/\/nockultury.pl\/pl\/#website\"},\"primaryImageOfPage\":{\"@id\":\"https:\/\/nockultury.pl\/pl\/koniecznie-zobacz-to-na-nocy-kultury\/#primaryimage\"},\"image\":{\"@id\":\"https:\/\/nockultury.pl\/pl\/koniecznie-zobacz-to-na-nocy-kultury\/#primaryimage\"},\"thumbnailUrl\":\"https:\/\/nockultury.pl\/wp-content\/uploads\/2024\/01\/fot.-Katarzyna-Anna-Kubiak-13res.jpg\",\"datePublished\":\"2024-05-27T13:02:45+00:00\",\"dateModified\":\"2024-05-27T13:37:33+00:00\",\"description\":\"Na uczestnik\u00f3w Festiwalu czeka mn\u00f3stwo atrakcji. Podpowiadamy, jakie punkty programu koniecznie trzeba mie\u0107 na swojej li\u015bcie.\",\"breadcrumb\":{\"@id\":\"https:\/\/nockultury.pl\/pl\/koniecznie-zobacz-to-na-nocy-kultury\/#breadcrumb\"},\"inLanguage\":\"pl-PL\",\"potentialAction\":[{\"@type\":\"ReadAction\",\"target\":[\"https:\/\/nockultury.pl\/pl\/koniecznie-zobacz-to-na-nocy-kultury\/\"]}]},{\"@type\":\"ImageObject\",\"inLanguage\":\"pl-PL\",\"@id\":\"https:\/\/nockultury.pl\/pl\/koniecznie-zobacz-to-na-nocy-kultury\/#primaryimage\",\"url\":\"https:\/\/nockultury.pl\/wp-content\/uploads\/2024\/01\/fot.-Katarzyna-Anna-Kubiak-13res.jpg\",\"contentUrl\":\"https:\/\/nockultury.pl\/wp-content\/uploads\/2024\/01\/fot.-Katarzyna-Anna-Kubiak-13res.jpg\",\"width\":1920,\"height\":1571,\"caption\":\"Ludzie spaceruj\u0105 podczas Nocy Kultury. Jest noc, nad g\u0142owami wisz\u0105 im pod\u015bwietlone kwiaty.\"},{\"@type\":\"BreadcrumbList\",\"@id\":\"https:\/\/nockultury.pl\/pl\/koniecznie-zobacz-to-na-nocy-kultury\/#breadcrumb\",\"itemListElement\":[{\"@type\":\"ListItem\",\"position\":1,\"name\":\"Strona g\u0142\u00f3wna\",\"item\":\"https:\/\/nockultury.pl\/pl\/\"},{\"@type\":\"ListItem\",\"position\":2,\"name\":\"Koniecznie zobacz to na Nocy Kultury!\"}]},{\"@type\":\"WebSite\",\"@id\":\"https:\/\/nockultury.pl\/pl\/#website\",\"url\":\"https:\/\/nockultury.pl\/pl\/\",\"name\":\"Noc Kultury\",\"description\":\"Lublin, Stare Miasto | wst\u0119p wolny\",\"publisher\":{\"@id\":\"https:\/\/nockultury.pl\/pl\/#organization\"},\"potentialAction\":[{\"@type\":\"SearchAction\",\"target\":{\"@type\":\"EntryPoint\",\"urlTemplate\":\"https:\/\/nockultury.pl\/pl\/?s={search_term_string}\"},\"query-input\":{\"@type\":\"PropertyValueSpecification\",\"valueRequired\":true,\"valueName\":\"search_term_string\"}}],\"inLanguage\":\"pl-PL\"},{\"@type\":\"Organization\",\"@id\":\"https:\/\/nockultury.pl\/pl\/#organization\",\"name\":\"Warsztaty Kultury w Lublinie\",\"url\":\"https:\/\/nockultury.pl\/pl\/\",\"logo\":{\"@type\":\"ImageObject\",\"inLanguage\":\"pl-PL\",\"@id\":\"https:\/\/nockultury.pl\/pl\/#\/schema\/logo\/image\/\",\"url\":\"https:\/\/nockultury.pl\/wp-content\/uploads\/2020\/03\/NOC-KULTURY-LOGO-170.jpg\",\"contentUrl\":\"https:\/\/nockultury.pl\/wp-content\/uploads\/2020\/03\/NOC-KULTURY-LOGO-170.jpg\",\"width\":170,\"height\":79,\"caption\":\"Warsztaty Kultury w Lublinie\"},\"image\":{\"@id\":\"https:\/\/nockultury.pl\/pl\/#\/schema\/logo\/image\/\"},\"sameAs\":[\"https:\/\/www.facebook.com\/NocKultury\/\",\"https:\/\/www.instagram.com\/nockultury\/\",\"https:\/\/www.youtube.com\/@videonockultury\"]},{\"@type\":\"Person\",\"@id\":\"https:\/\/nockultury.pl\/pl\/#\/schema\/person\/b455ea53392e5908331cf9642243f21c\",\"name\":\"Ma\u0142gorzata Stanek\",\"image\":{\"@type\":\"ImageObject\",\"inLanguage\":\"pl-PL\",\"@id\":\"https:\/\/nockultury.pl\/pl\/#\/schema\/person\/image\/\",\"url\":\"https:\/\/secure.gravatar.com\/avatar\/45935340e0720354e023c66e68c2c506b7ca3adf6417db0177bb9e832d57e28c?s=96&d=mm&r=g\",\"contentUrl\":\"https:\/\/secure.gravatar.com\/avatar\/45935340e0720354e023c66e68c2c506b7ca3adf6417db0177bb9e832d57e28c?s=96&d=mm&r=g\",\"caption\":\"Ma\u0142gorzata Stanek\"}}]}<\/script>\n<!-- \/ Yoast SEO plugin. -->","yoast_head_json":{"title":"Zobacz koniecznie! | Noc Kultury 2024","description":"Na uczestnik\u00f3w Festiwalu czeka mn\u00f3stwo atrakcji. Podpowiadamy, jakie punkty programu koniecznie trzeba mie\u0107 na swojej li\u015bcie.","robots":{"index":"index","follow":"follow","max-snippet":"max-snippet:-1","max-image-preview":"max-image-preview:large","max-video-preview":"max-video-preview:-1"},"canonical":"https:\/\/nockultury.pl\/pl\/koniecznie-zobacz-to-na-nocy-kultury\/","og_locale":"pl_PL","og_type":"article","og_title":"Zobacz koniecznie! | Noc Kultury 2024","og_description":"Na uczestnik\u00f3w Festiwalu czeka mn\u00f3stwo atrakcji. Podpowiadamy, jakie punkty programu koniecznie trzeba mie\u0107 na swojej li\u015bcie.","og_url":"https:\/\/nockultury.pl\/pl\/koniecznie-zobacz-to-na-nocy-kultury\/","og_site_name":"Noc Kultury","article_publisher":"https:\/\/www.facebook.com\/NocKultury\/","article_published_time":"2024-05-27T13:02:45+00:00","article_modified_time":"2024-05-27T13:37:33+00:00","og_image":[{"width":1920,"height":1571,"url":"https:\/\/nockultury.pl\/wp-content\/uploads\/2024\/01\/fot.-Katarzyna-Anna-Kubiak-13res.jpg","type":"image\/jpeg"}],"author":"Ma\u0142gorzata Stanek","twitter_card":"summary_large_image","twitter_misc":{"Napisane przez":"Ma\u0142gorzata Stanek","Szacowany czas czytania":"7 minut"},"schema":{"@context":"https:\/\/schema.org","@graph":[{"@type":"Article","@id":"https:\/\/nockultury.pl\/pl\/koniecznie-zobacz-to-na-nocy-kultury\/#article","isPartOf":{"@id":"https:\/\/nockultury.pl\/pl\/koniecznie-zobacz-to-na-nocy-kultury\/"},"author":{"name":"Ma\u0142gorzata Stanek","@id":"https:\/\/nockultury.pl\/pl\/#\/schema\/person\/b455ea53392e5908331cf9642243f21c"},"headline":"Koniecznie zobacz to na Nocy Kultury!","datePublished":"2024-05-27T13:02:45+00:00","dateModified":"2024-05-27T13:37:33+00:00","mainEntityOfPage":{"@id":"https:\/\/nockultury.pl\/pl\/koniecznie-zobacz-to-na-nocy-kultury\/"},"wordCount":1326,"publisher":{"@id":"https:\/\/nockultury.pl\/pl\/#organization"},"image":{"@id":"https:\/\/nockultury.pl\/pl\/koniecznie-zobacz-to-na-nocy-kultury\/#primaryimage"},"thumbnailUrl":"https:\/\/nockultury.pl\/wp-content\/uploads\/2024\/01\/fot.-Katarzyna-Anna-Kubiak-13res.jpg","inLanguage":"pl-PL"},{"@type":"WebPage","@id":"https:\/\/nockultury.pl\/pl\/koniecznie-zobacz-to-na-nocy-kultury\/","url":"https:\/\/nockultury.pl\/pl\/koniecznie-zobacz-to-na-nocy-kultury\/","name":"Zobacz koniecznie! | Noc Kultury 2024","isPartOf":{"@id":"https:\/\/nockultury.pl\/pl\/#website"},"primaryImageOfPage":{"@id":"https:\/\/nockultury.pl\/pl\/koniecznie-zobacz-to-na-nocy-kultury\/#primaryimage"},"image":{"@id":"https:\/\/nockultury.pl\/pl\/koniecznie-zobacz-to-na-nocy-kultury\/#primaryimage"},"thumbnailUrl":"https:\/\/nockultury.pl\/wp-content\/uploads\/2024\/01\/fot.-Katarzyna-Anna-Kubiak-13res.jpg","datePublished":"2024-05-27T13:02:45+00:00","dateModified":"2024-05-27T13:37:33+00:00","description":"Na uczestnik\u00f3w Festiwalu czeka mn\u00f3stwo atrakcji. Podpowiadamy, jakie punkty programu koniecznie trzeba mie\u0107 na swojej li\u015bcie.","breadcrumb":{"@id":"https:\/\/nockultury.pl\/pl\/koniecznie-zobacz-to-na-nocy-kultury\/#breadcrumb"},"inLanguage":"pl-PL","potentialAction":[{"@type":"ReadAction","target":["https:\/\/nockultury.pl\/pl\/koniecznie-zobacz-to-na-nocy-kultury\/"]}]},{"@type":"ImageObject","inLanguage":"pl-PL","@id":"https:\/\/nockultury.pl\/pl\/koniecznie-zobacz-to-na-nocy-kultury\/#primaryimage","url":"https:\/\/nockultury.pl\/wp-content\/uploads\/2024\/01\/fot.-Katarzyna-Anna-Kubiak-13res.jpg","contentUrl":"https:\/\/nockultury.pl\/wp-content\/uploads\/2024\/01\/fot.-Katarzyna-Anna-Kubiak-13res.jpg","width":1920,"height":1571,"caption":"Ludzie spaceruj\u0105 podczas Nocy Kultury. Jest noc, nad g\u0142owami wisz\u0105 im pod\u015bwietlone kwiaty."},{"@type":"BreadcrumbList","@id":"https:\/\/nockultury.pl\/pl\/koniecznie-zobacz-to-na-nocy-kultury\/#breadcrumb","itemListElement":[{"@type":"ListItem","position":1,"name":"Strona g\u0142\u00f3wna","item":"https:\/\/nockultury.pl\/pl\/"},{"@type":"ListItem","position":2,"name":"Koniecznie zobacz to na Nocy Kultury!"}]},{"@type":"WebSite","@id":"https:\/\/nockultury.pl\/pl\/#website","url":"https:\/\/nockultury.pl\/pl\/","name":"Noc Kultury","description":"Lublin, Stare Miasto | wst\u0119p wolny","publisher":{"@id":"https:\/\/nockultury.pl\/pl\/#organization"},"potentialAction":[{"@type":"SearchAction","target":{"@type":"EntryPoint","urlTemplate":"https:\/\/nockultury.pl\/pl\/?s={search_term_string}"},"query-input":{"@type":"PropertyValueSpecification","valueRequired":true,"valueName":"search_term_string"}}],"inLanguage":"pl-PL"},{"@type":"Organization","@id":"https:\/\/nockultury.pl\/pl\/#organization","name":"Warsztaty Kultury w Lublinie","url":"https:\/\/nockultury.pl\/pl\/","logo":{"@type":"ImageObject","inLanguage":"pl-PL","@id":"https:\/\/nockultury.pl\/pl\/#\/schema\/logo\/image\/","url":"https:\/\/nockultury.pl\/wp-content\/uploads\/2020\/03\/NOC-KULTURY-LOGO-170.jpg","contentUrl":"https:\/\/nockultury.pl\/wp-content\/uploads\/2020\/03\/NOC-KULTURY-LOGO-170.jpg","width":170,"height":79,"caption":"Warsztaty Kultury w Lublinie"},"image":{"@id":"https:\/\/nockultury.pl\/pl\/#\/schema\/logo\/image\/"},"sameAs":["https:\/\/www.facebook.com\/NocKultury\/","https:\/\/www.instagram.com\/nockultury\/","https:\/\/www.youtube.com\/@videonockultury"]},{"@type":"Person","@id":"https:\/\/nockultury.pl\/pl\/#\/schema\/person\/b455ea53392e5908331cf9642243f21c","name":"Ma\u0142gorzata Stanek","image":{"@type":"ImageObject","inLanguage":"pl-PL","@id":"https:\/\/nockultury.pl\/pl\/#\/schema\/person\/image\/","url":"https:\/\/secure.gravatar.com\/avatar\/45935340e0720354e023c66e68c2c506b7ca3adf6417db0177bb9e832d57e28c?s=96&d=mm&r=g","contentUrl":"https:\/\/secure.gravatar.com\/avatar\/45935340e0720354e023c66e68c2c506b7ca3adf6417db0177bb9e832d57e28c?s=96&d=mm&r=g","caption":"Ma\u0142gorzata Stanek"}}]}},"_links":{"self":[{"href":"https:\/\/nockultury.pl\/pl\/wp-json\/wp\/v2\/posts\/47664","targetHints":{"allow":["GET"]}}],"collection":[{"href":"https:\/\/nockultury.pl\/pl\/wp-json\/wp\/v2\/posts"}],"about":[{"href":"https:\/\/nockultury.pl\/pl\/wp-json\/wp\/v2\/types\/post"}],"author":[{"embeddable":true,"href":"https:\/\/nockultury.pl\/pl\/wp-json\/wp\/v2\/users\/8"}],"replies":[{"embeddable":true,"href":"https:\/\/nockultury.pl\/pl\/wp-json\/wp\/v2\/comments?post=47664"}],"version-history":[{"count":0,"href":"https:\/\/nockultury.pl\/pl\/wp-json\/wp\/v2\/posts\/47664\/revisions"}],"wp:featuredmedia":[{"embeddable":true,"href":"https:\/\/nockultury.pl\/pl\/wp-json\/wp\/v2\/media\/45855"}],"wp:attachment":[{"href":"https:\/\/nockultury.pl\/pl\/wp-json\/wp\/v2\/media?parent=47664"}],"wp:term":[{"taxonomy":"category","embeddable":true,"href":"https:\/\/nockultury.pl\/pl\/wp-json\/wp\/v2\/categories?post=47664"},{"taxonomy":"post_tag","embeddable":true,"href":"https:\/\/nockultury.pl\/pl\/wp-json\/wp\/v2\/tags?post=47664"}],"curies":[{"name":"wp","href":"https:\/\/api.w.org\/{rel}","templated":true}]}}