{"id":47723,"date":"2024-05-29T14:24:40","date_gmt":"2024-05-29T12:24:40","guid":{"rendered":"https:\/\/nockultury.pl\/?p=47723"},"modified":"2024-06-14T11:05:37","modified_gmt":"2024-06-14T09:05:37","slug":"od-rapu-po-jazz-od-akrobacji-na-rolkach-po-taniec-w-powietrzu-przed-nami-noc-kultury","status":"publish","type":"post","link":"https:\/\/nockultury.pl\/pl\/od-rapu-po-jazz-od-akrobacji-na-rolkach-po-taniec-w-powietrzu-przed-nami-noc-kultury\/","title":{"rendered":"Od rapu po jazz. Od akrobacji na rolkach po taniec w powietrzu. Przed nami Noc Kultury!"},"content":{"rendered":"<p><strong>Ju\u017c w najbli\u017cszy weekend (1\/2 czerwca) odb\u0119dzie si\u0119 lubelska Noc Kultury. Warsztaty Kultury w Lublinie zapraszaj\u0105 publiczno\u015b\u0107 na boisko szkolne Vetter\u00f3w, czyli na ulic\u0119 \u017bmigr\u00f3d, na kt\u00f3rej wyst\u0105pi\u0105 gwiazdy polskiego rapu \u2013 projekt \u0141ona x Konieczny x Krupa, Mandzik oraz m\u0142odzi arty\u015bci, laureaci konkursu \u201eM\u0142odzi Raperzy i Raperki\u201d. Na tej samej ulicy b\u0119dzie mo\u017cna pos\u0142ucha\u0107 r\u00f3wnie\u017c Rock and Rolla po francusku w wykonaniu zespo\u0142u Brut Magnifique. W tym roku scena stanie tak\u017ce na placu Dominika\u0144skim \u2013 tam b\u0119dzie mo\u017cna pos\u0142ucha\u0107 jazzu, popu, rocka i muzyki alternatywnej. Warto wybra\u0107 si\u0119 tak\u017ce na pokazy artystyczne na placu Litewskim. Taniec w powietrzu, jazda figurowa na rolkach oraz akrobacje na kole to tylko niekt\u00f3re z atrakcji czekaj\u0105cych na publiczno\u015b\u0107!<\/strong><\/p>\n<p><em><strong>&nbsp;<\/strong><\/em>Gor\u0105co zapraszamy Pa\u0144stwa do odwiedzenia naszych nocokulturowych scen, kt\u00f3re w tym roku b\u0119d\u0105 m.in. na ul. \u017bmigr\u00f3d, placu Dominika\u0144skim i placu Litewskim. Zaprezentuj\u0105 si\u0119 na nich r\u00f3\u017cnorodni arty\u015bci i artystki, kt\u00f3rzy z pewno\u015bci\u0105 zachwyc\u0105 Pa\u0144stwa swoj\u0105 kreatywno\u015bci\u0105 i talentem. Przygotowali\u015bmy bogaty program, obejmuj\u0105cy koncerty, pokazy taneczne i akrobatyczne wi\u0119c na pewno ka\u017cdy znajdzie co\u015b dla siebie. Noc Kultury niczym kwiat paproci zakwita raz w roku i znika ju\u017c nast\u0119pnego dnia, wi\u0119c mamy \u015bwiadomo\u015b\u0107, \u017ce nie da si\u0119 zobaczy\u0107 wszystkich wydarze\u0144. Polecam zapozna\u0107 si\u0119 z <a href=\"https:\/\/nockultury.pl\/pl\/program-2024\"><strong>naszym programem, kt\u00f3ry znajduje si\u0119 na stronie nockultury.p<\/strong><\/a>l i zaplanowa\u0107 sw\u00f3j nocokulturowy spacer.<\/p>\n<h2><strong>Co? Gdzie? Na kt\u00f3rej scenie?<\/strong><\/h2>\n<p><strong>&nbsp;<\/strong><strong>19.00\u20131.00 | Scena Rapu \u2013 koncerty | \u017bmigr\u00f3d \u2013 boisko przy szkole Vetter\u00f3w<br \/>\n<\/strong>Je\u015bli lubisz rap, to przyjd\u017a na boisko szko\u0142y Vetter\u00f3w na \u017bmigrodzie i prze\u017cyj niezapomniane emocje! Koncert rozpoczn\u0105 finali\u015bci konkursu <strong><a href=\"https:\/\/nockultury.pl\/pl\/events\/mlody-rap-koncerty\/\">Warsztat\u00f3w Kultury \u201eM\u0142odzi Raperzy i Raperki\u201d<\/a><\/strong>: Wlazix, MZM (Mati, Zaro, Maksym), Bambus i Tip Top, a g\u0142\u00f3wn\u0105 gwiazd\u0105 wieczoru b\u0119dzie kolektyw <a href=\"https:\/\/nockultury.pl\/pl\/events\/taxi-koncert-lona-x-konieczny-x-krupa\/\"><strong>\u0141ona x Konieczny x Krupa<\/strong><\/a>! W rapowe rytmy zabierze nas r\u00f3wnie\u017c Mandzik, bia\u0142oruski artysta. Przygotowali\u015bmy dla Was r\u00f3wnie\u017c niespodziank\u0119 rapow\u0105 w kobiecym wydaniu, a rockowe afterparty zapewni <a href=\"https:\/\/nockultury.pl\/pl\/events\/brut-magnifique-rock-and-roll-po-francusku-koncert-simon-gilbert-rudzinski-brut-magnifique\/\"><strong>Brut Magnifique<\/strong><\/a>. Produkcja specjalna Warsztat\u00f3w Kultury w Lublinie.<\/p>\n<hr>\n<p><strong>19.00\u20130.00 | Scena Ta\u0144ca \u2013 pokazy artystyczne<br \/>\n<\/strong>Pokazy na Scenie na pl. Litewskim otworzy widowisko taneczne <a href=\"https:\/\/nockultury.pl\/pl\/events\/taneczna-podroz-pokaz-taneczny-weroniki-wojtowicz-i-tancerzy-tancerek-studia-tanca-balans\/\"><strong>Weroniki W\u00f3jtowicz i tancerzy ze Studia Ta\u0144ca Balans<\/strong><\/a>. Nast\u0119pnie na parkiecie pojawi\u0105 si\u0119 \u0142y\u017cwiarki, aby pokaza\u0107 nam, w jaki spos\u00f3b mo\u017cna uprawia\u0107 ten sport latem. A jak to robi\u0105? Je\u017cd\u017c\u0105 na rolkach! Przekonajcie si\u0119, jak pi\u0119kny wyst\u0119p przygotowa\u0142y reprezentantki <a href=\"https:\/\/nockultury.pl\/pl\/events\/miedzy-sportem-a-sztuka-pokazy-jazdy-figurowej-na-rolkach-as-lublin\/\"><strong>As Lublin na Noc Kultury.<\/strong><\/a> To jednak nie jedyny sport, jakiego do\u015bwiadczycie tego wieczoru. Taniec w powietrzu wygl\u0105da tak lekko i p\u0142ynnie, wymaga jednak ogromnej si\u0142y i dyscypliny. Umiej\u0119tno\u015bci ta\u0144ca na szarfie zaprezentuj\u0105 reprezentantki <a href=\"https:\/\/nockultury.pl\/pl\/events\/pokaz-szarfowy-strefa-wysokich-lotow-pokazy-tanca-w-powietrzu-na-kole-aerial-hoop-high-life-studio\/\"><strong>Strefy Wysokich Lot\u00f3w<\/strong><\/a> zar\u00f3wno w pokazie grupowym, jak i w wyst\u0119pach solowych. Nie zabraknie r\u00f3wnie\u017c widowiskowego ta\u0144ca na kole w wykonaniu cz\u0142onki\u0144 i cz\u0142onk\u00f3w<a href=\"https:\/\/nockultury.pl\/pl\/events\/pokaz-szarfowy-strefa-wysokich-lotow-pokazy-tanca-w-powietrzu-na-kole-aerial-hoop-high-life-studio\/\"><strong> High Life Studio.<\/strong><\/a><\/p>\n<hr>\n<p><strong>19.00\u20131.00 | Scena Dominika\u0144ska | koncerty<br \/>\n<\/strong>Na tej scenie ka\u017cdy znajdzie co\u015b dla siebie. B\u0119dziecie mieli okazj\u0119 pos\u0142ucha\u0107 wyst\u0119pu uczni\u00f3w i uczennic <a href=\"https:\/\/nockultury.pl\/pl\/events\/scena-mlodych-koncert-i-jam-session-lubelskiej-szkoly-jazzu-i-muzyki-rozrywkowej\/\"><strong>Lubelskiej Szko\u0142y Jazzu i Muzyki Rozrywkowej<\/strong><\/a> oraz wzi\u0105\u0107 udzia\u0142 w jam session, czyli wsp\u00f3lnym improwizowanym muzykowaniu. Wielu emocji dostarczy Wam koncert <a href=\"https:\/\/nockultury.pl\/pl\/events\/jazz-noca-koncert-mlodych-wokalistow-w-towarzystwie-trio-jazzowego-rytm-i-melodia-szkola-muzyczna\/\"><strong>\u201eJazz noc\u0105\u201d w wykonaniu uczestnik\u00f3w i uczestniczek warsztat\u00f3w dla m\u0142odych wokalist\u00f3w<\/strong> <\/a>zorganizowanych przez szko\u0142\u0119 Rytm i Melodia. Brzmienia rockowe oraz muzyk\u0119 alternatywn\u0105 zapewni Julia Milewska przy akompaniamencie Micha\u0142a Czecha. Zesp\u00f3\u0142 <a href=\"https:\/\/nockultury.pl\/pl\/events\/blad-sredniokwadratowy-koncert\/\"><strong>B\u0142\u0105d \u015aredniokwadratowy<\/strong><\/a> zagra do ta\u0144ca melodie na pograniczu popu i rocka z dodatkiem lirycznych melodii. Ca\u0142o\u015bci wieczoru dope\u0142ni muzyka filmowa oraz musicalowa w wykonaniu student\u00f3w skupionych przy<a href=\"https:\/\/nockultury.pl\/pl\/events\/studencka-noc-musicalowa-teatr-itp\/\"> <strong>Teatrze ITP<\/strong><\/a>. Tej nocy z pewno\u015bci\u0105 nie zabraknie emocji i muzycznych odkry\u0107!<\/p>\n<p>Noc Kultury to nieustaj\u0105ce zadziwianie i zaskakiwanie. To okazja, by zobaczy\u0107 miasto w nowej ods\u0142onie. Festiwal zmienia znane miejsca nie do poznania: to czas, kiedy mo\u017cna w\u0105cha\u0107 bramy, g\u0142aska\u0107 kud\u0142ate \u015bciany, zagl\u0105da\u0107 przez dziurk\u0119 od klucza do fantastycznych \u015bwiat\u00f3w. Wszystko to za spraw\u0105 instalacji artystycznych, kt\u00f3rych nie zabraknie r\u00f3wnie\u017c w tym roku.<\/p>\n<p>Gor\u0105co polecamy przej\u015b\u0107 si\u0119 na ul. Jezuick\u0105, by zobaczy\u0107 <a href=\"https:\/\/nockultury.pl\/pl\/events\/neon-mural-pablo-caviedesa\/\"><strong>mural przygotowany przez P.Caviedesa<\/strong><\/a>, ekwadorskiego artyst\u0119, kt\u00f3ry stworzy\u0142 go specjalnie na Noc Kultury. W programie Festiwalu nie mo\u017ce zabrakn\u0105\u0107 instalacji artystycznych. Na szczeg\u00f3ln\u0105 uwag\u0119 zas\u0142uguje <a href=\"https:\/\/nockultury.pl\/pl\/events\/autobor-instalacja-studentek-i-studentow-wa-umcs-pod-kierunkiem-barbary-niscior\/\"><strong>Autob\u00f3r \u2013 praca studentek i student\u00f3w Wydzia\u0142u Artystycznego UMCS pod kierunkiem pani Barbary Ni\u015bcior<\/strong><\/a>, <a href=\"https:\/\/nockultury.pl\/pl\/events\/syndrom-instalacja-magdalena-zieniewicz-galeria-terytorium-marzena-galecka\/\"><strong>Syndrom, czyli prace graficzne stworzone za pomoc\u0105 sitodruku<\/strong><\/a> oraz <a href=\"https:\/\/nockultury.pl\/pl\/events\/zjawy-instalacja-julia-czekaj-zuzanna-klauda-studenci-i-studentki-wydzialu-artystycznego-umcs-pod-kierunkiem-barbary-niscior\/\"><strong>Zjawy \u2013 plakaty zwi\u0105zane z lubelskimi legendami<\/strong><\/a>. Nie wyobra\u017camy sobie nocokulturowego spaceru bez zobaczenia instalacji <a href=\"https:\/\/nockultury.pl\/pl\/events\/heroiny-instalacja-jaroslawa-koziary\/\"><strong>Jaros\u0142awa Koziary inspirowanej kwiatami maku i mak\u00f3wkami<\/strong><\/a>. Du\u017ce wra\u017cenie \u2013 pomimo swoich minimalistycznych rozmiar\u00f3w \u2013 zrobi praca <a href=\"https:\/\/nockultury.pl\/pl\/events\/font-henge-instalacja-marcina-skrzypka-osrodek-brama-grodzka-teatr-nn\/\"><strong>Marcina Skrzypka pt. Font Henge.<\/strong><\/a> Koniecznie trzeba wybra\u0107 si\u0119 na podw\u00f3rko przy ul. Z\u0142otej 5 i zobaczy\u0107 instalacj\u0119 <a href=\"https:\/\/nockultury.pl\/pl\/events\/tektura-krajobrazu-instalacja-studentow-kierunku-architektura-krajobrazu-kul-pod-kierunkiem-pawla-adamca\/\"><strong>archi-TEKTURA krajobrazu<\/strong><\/a> \u2013 miejsk\u0105 tekturow\u0105 d\u017cungl\u0119 urz\u0105dzon\u0105 na wz\u00f3r ogrodu botanicznego. Z kolei wszystkich tych, kt\u00f3rzy s\u0105 ciekawi <a href=\"https:\/\/nockultury.pl\/pl\/events\/sztuka-dziergania-instalacja-otulanie-wloczka\/\"><strong>co dzierga\u0142a Mona Lisa w przerwach pozowania mistrzowi<\/strong><\/a>, zapraszamy na Bram\u0119 Trynitarsk\u0105 i r\u00f3g ul. Olejnej i Noworybnej.<\/p>\n<h2><strong><u>Te instalacje musisz zobaczy\u0107!<\/u><\/strong><\/h2>\n<p><strong><a href=\"https:\/\/nockultury.pl\/pl\/events\/autobor-instalacja-studentek-i-studentow-wa-umcs-pod-kierunkiem-barbary-niscior\/\">19.00\u20132.00 | AutoB\u00f3r \u2013 instalacja | plac \u0141okietka<\/a><br \/>\n<\/strong>Zabytkowy trolejbus tej nocy zostanie zamieniony w szklarni\u0119! Na kilka godzin otworz\u0105 si\u0119 przed Tob\u0105 wrota magicznej przestrzeni. Po przekroczeniu progu AutoBoru znajdziesz si\u0119 w zak\u0105tku odizolowanym od powszechnego miejskiego pejza\u017cu. Daj si\u0119 porwa\u0107, tym razem nie sprawdzamy bilet\u00f3w! Realizacja mo\u017cliwa dzi\u0119ki wsparciu MPK Lublin i Lubelskiego Rynku Hurtowego S.A. w Eliz\u00f3wce. Do obejrzenia instalacji zapraszaj\u0105 autorzy \u2013 studentki i studenci Wydzia\u0142u Artystycznego UMCS pod kierunkiem Barbary Ni\u015bcior.<\/p>\n<hr>\n<p><strong><a href=\"https:\/\/nockultury.pl\/pl\/events\/zjawy-instalacja-julia-czekaj-zuzanna-klauda-studenci-i-studentki-wydzialu-artystycznego-umcs-pod-kierunkiem-barbary-niscior\/\">19.00\u20130.00 | Zjawy \u2013 instalacja | Warsztaty Kultury, Grodzka 7 \u2013 brama<\/a><br \/>\n<\/strong>Plakaty inspirowane lubelskimi legendami. Tego wieczora b\u0119dziecie mieli niepowtarzaln\u0105 okazj\u0119 przybi\u0107 pi\u0105tk\u0119 z \u0142ap\u0105 czarta! Do obejrzenia instalacji zapraszaj\u0105 autorzy Julia Czekaj i Zuzanna Klaudy pod kierunkiem B. Ni\u015bcior.<\/p>\n<hr>\n<p><strong><a href=\"https:\/\/nockultury.pl\/pl\/events\/font-henge-instalacja-marcina-skrzypka-osrodek-brama-grodzka-teatr-nn\/\">19.00\u20132.00 |&nbsp;Font Henge \u2013 instalacja | Dom S\u0142\u00f3w, Kr\u00f3lewska 17 \u2013 podw\u00f3rko<\/a><br \/>\n<\/strong>Najmniejsza instalacja artystyczna tej Nocy Kultury! Czy uda Wam si\u0119 j\u0105 odnale\u017a\u0107? To ho\u0142d dla ludzi wa\u017c\u0105cych s\u0142owa, zbudowany z czcionek zamiast kamieni wa\u017c\u0105cych tony. Zecerska metafora precyzji i delikatno\u015bci, kt\u00f3r\u0105 powinien charakteryzowa\u0107 si\u0119 ka\u017cdy akt mi\u0119dzyludzkiej komunikacji. Do obejrzenia instalacji zaprasza autor Marcin Skrzypek.<\/p>\n<hr>\n<p><strong><a href=\"https:\/\/nockultury.pl\/pl\/events\/syndrom-instalacja-magdalena-zieniewicz-galeria-terytorium-marzena-galecka\/\">19.00\u20130.00 | Syndrom \u2013 instalacja | Jezuicka 10<\/a><br \/>\n<\/strong>Tylko tej nocy zobaczysz prace graficzne zrobione technik\u0105 sitodruku i umieszczone na lodzie, kt\u00f3ry stopniowo topi\u0105c si\u0119, zmieni po\u0142o\u017cone na nim obrazy. Prace te rzucaj\u0105 \u015bwiat\u0142o na trudny problem syndromu rezygnacji w\u015br\u00f3d dzieci i m\u0142odzie\u017cy w obozach dla uchod\u017ac\u00f3w.<br \/>\nDo obejrzenia instalacji zapraszaj\u0105 autorzy Irena Zieniewicz i Galeria Terytorium.<\/p>\n<hr>\n<p><a href=\"https:\/\/nockultury.pl\/pl\/events\/neon-mural-pablo-caviedesa\/\"><strong>19.00\u20132.00 | Intermittencies of the Night \u2013 mural | Jezuicka 13<\/strong><\/a><br \/>\nMural, kt\u00f3ry jest uciele\u015bnieniem has\u0142a tegorocznej edycji Festiwalu \u2013 neurony miasta \u2013 specjalnie zaprojektowany na t\u0119 okazj\u0119 przez niezwykle interesuj\u0105cego i wszechstronnego ekwadorskiego artyst\u0119. Do obejrzenia muralu zaprasza autor \u2013 Pablo Caviedes.<\/p>\n<hr>\n<p><strong><a href=\"https:\/\/nockultury.pl\/pl\/events\/heroiny-instalacja-jaroslawa-koziary\/\">19.00\u20132.00 | Heroiny \u2013 instalacja | Rynek 9<\/a><br \/>\n<\/strong>Czy pami\u0119tacie monochromatyczne prace Jaros\u0142awa Koziary? Nie cz\u0119sto, ale si\u0119 zdarzaj\u0105. Podczas tegorocznej Nocy Kultury z kamienicy przy Rynku wyrosn\u0105 bia\u0142e botaniczne formy inspirowane kwiatami maku i mak\u00f3wkami. Do obejrzenia instalacji zaprasza autor \u2013 Jaros\u0142aw Koziara.<\/p>\n<hr>\n<p><strong><a href=\"https:\/\/nockultury.pl\/pl\/events\/tektura-krajobrazu-instalacja-studentow-kierunku-architektura-krajobrazu-kul-pod-kierunkiem-pawla-adamca\/\">19.00\u20132.00 | archi-TEKTURA krajobrazu \u2013 instalacja | Z\u0142ota 5 \u2013 podw\u00f3rko<\/a><br \/>\n<\/strong>Miejska tekturowa d\u017cungla urz\u0105dzona zosta\u0142a jak ogr\u00f3d botaniczny! B\u0119dziecie mogli pozna\u0107 wiele gatunk\u00f3w istniej\u0105cych ro\u015blin. Czy tej nocy zakwitnie dziwid\u0142o? Tego nie wiemy, ale na pewno zobaczycie Bukietnic\u0119 Armolda. Do obejrzenia instalacji zapraszaj\u0105 autorzy \u2013 studenci i studentki Architektury Krajobrazu KUL pod kierunkiem P. Totoro Adamca.<\/p>\n<hr>\n<p><strong><a href=\"https:\/\/nockultury.pl\/pl\/events\/sztuka-dziergania-instalacja-otulanie-wloczka\/\">19.00\u20132.00 | Sztuka Dziergania \u2013 instalacja | Brama Trynitarska i r\u00f3g Olejnej\/Noworybnej<\/a><br \/>\n<\/strong>Zapraszamy do galerii s\u0142ynnych obraz\u00f3w, na kt\u00f3rych zobaczymy postacie robi\u0105ce na drutach. Do obejrzenia instalacji zaprasza Otulanie w\u0142\u00f3czk\u0105.<\/p>\n<hr>\n<p>W programie znajdziecie jeszcze wiele innych zaskakuj\u0105cych instalacji i punkt\u00f3w programu. Ca\u0142y harmonogram Festiwalu dost\u0119pny jest w zak\u0142\u0105dce <a href=\"https:\/\/nockultury.pl\/pl\/program-2024\/\"><strong>PROGRAM<\/strong><\/a><\/p>\n<hr>\n<h2><strong>O Nocy Kultury<\/strong><\/h2>\n<p>Noc Kultury to kilkaset bezp\u0142atnych wydarze\u0144 artystycznych w przestrzeni publicznej Lublina. To tysi\u0105ce u\u015bmiechni\u0119tych ludzi spaceruj\u0105cych ulicami miasta w poszukiwaniu niezapomnianych wra\u017ce\u0144. To jedyna taka noc w roku, kiedy niemo\u017cliwe staje si\u0119 mo\u017cliwe! Koncerty, instalacje \u015bwietlne, spektakle, pokazy, warsztaty i wiele, wiele innych, wymykaj\u0105cych si\u0119 definicjom. Uczestnicy i uczestniczki mog\u0105 prze\u017cy\u0107 kumulacj\u0119 do\u015bwiadcze\u0144 i przyg\u00f3d spakowanych w pakiet siedmiu godzin. Tylko od nich zale\u017cy, czy to b\u0119dzie noc szalonych koncert\u00f3w i spektakli, czy kameralnych spotka\u0144 literackich. Noc Kultury, poprzez instalacje w przestrzeni publicznej, zmienia ca\u0142e ulice nie do poznania: to czas, kiedy mo\u017cna w\u0105cha\u0107 bramy, g\u0142aska\u0107 kud\u0142ate \u015bciany, zagl\u0105da\u0107 przez dziurk\u0119 od klucza do fantastycznych \u015bwiat\u00f3w. Przed wyj\u015bciem koniecznie trzeba na\u0142adowa\u0107 baterie w aparacie.<\/p>\n<p><strong>Noc Kultury<br \/>\n1\/2 czerwca 2024<br \/>\nStare Miasto, Lublin<br \/>\nWst\u0119p wolny <\/strong><\/p>\n<p>Organizatorem Festiwalu s\u0105 Warsztaty Kultury w Lublinie, Instytucja Kultury Miasta Lublin oraz Miasto Lublin.<\/p>\n<p>Patronat honorowy nad projektem obj\u0105\u0142 Prezydent Miasta Lublin \u2013 Krzysztof \u017buk.<\/p>\n<p><strong>Patroni medialni:<\/strong> TVP Kultura, TVP 3 Lublin, Polskie Radio Lublin, Radio Centrum, Gazeta Wyborcza, dlaStudenta.pl, Kultura Enter<br \/>\n<strong>Sponsorzy:<\/strong> Per\u0142a \u2013 Browary Lubelskie S.A.<\/p>\n","protected":false},"excerpt":{"rendered":"<p>Ju\u017c w najbli\u017cszy weekend (1\/2 czerwca) odb\u0119dzie si\u0119 lubelska Noc  [&#8230;]<\/p>\n","protected":false},"author":8,"featured_media":47724,"comment_status":"closed","ping_status":"open","sticky":false,"template":"","format":"standard","meta":{"_acf_changed":false,"ngg_post_thumbnail":0,"footnotes":""},"categories":[1],"tags":[],"class_list":["post-47723","post","type-post","status-publish","format-standard","has-post-thumbnail","hentry","category-bez-kategorii"],"acf":[],"yoast_head":"<!-- This site is optimized with the Yoast SEO plugin v26.1.1 - https:\/\/yoast.com\/wordpress\/plugins\/seo\/ -->\n<title>Od rapu po jazz. Od akrobacji na rolkach po taniec w powietrzu. Przed nami Noc Kultury!<\/title>\n<meta name=\"description\" content=\"Od rapu po jazz. Od akrobacji na rolkach po taniec w powietrzu. Przed nami Noc Kultury!\" \/>\n<meta name=\"robots\" content=\"index, follow, max-snippet:-1, max-image-preview:large, max-video-preview:-1\" \/>\n<link rel=\"canonical\" href=\"https:\/\/nockultury.pl\/pl\/od-rapu-po-jazz-od-akrobacji-na-rolkach-po-taniec-w-powietrzu-przed-nami-noc-kultury\/\" \/>\n<meta property=\"og:locale\" content=\"pl_PL\" \/>\n<meta property=\"og:type\" content=\"article\" \/>\n<meta property=\"og:title\" content=\"Od rapu po jazz. Od akrobacji na rolkach po taniec w powietrzu. Przed nami Noc Kultury!\" \/>\n<meta property=\"og:description\" content=\"Od rapu po jazz. Od akrobacji na rolkach po taniec w powietrzu. Przed nami Noc Kultury!\" \/>\n<meta property=\"og:url\" content=\"https:\/\/nockultury.pl\/pl\/od-rapu-po-jazz-od-akrobacji-na-rolkach-po-taniec-w-powietrzu-przed-nami-noc-kultury\/\" \/>\n<meta property=\"og:site_name\" content=\"Noc Kultury\" \/>\n<meta property=\"article:publisher\" content=\"https:\/\/www.facebook.com\/NocKultury\/\" \/>\n<meta property=\"article:published_time\" content=\"2024-05-29T12:24:40+00:00\" \/>\n<meta property=\"article:modified_time\" content=\"2024-06-14T09:05:37+00:00\" \/>\n<meta property=\"og:image\" content=\"https:\/\/nockultury.pl\/wp-content\/uploads\/2024\/05\/fot.-Michal-Pula-42.jpg\" \/>\n\t<meta property=\"og:image:width\" content=\"1358\" \/>\n\t<meta property=\"og:image:height\" content=\"1311\" \/>\n\t<meta property=\"og:image:type\" content=\"image\/jpeg\" \/>\n<meta name=\"author\" content=\"Ma\u0142gorzata Stanek\" \/>\n<meta name=\"twitter:card\" content=\"summary_large_image\" \/>\n<meta name=\"twitter:label1\" content=\"Napisane przez\" \/>\n\t<meta name=\"twitter:data1\" content=\"Ma\u0142gorzata Stanek\" \/>\n\t<meta name=\"twitter:label2\" content=\"Szacowany czas czytania\" \/>\n\t<meta name=\"twitter:data2\" content=\"8 minut\" \/>\n<script type=\"application\/ld+json\" class=\"yoast-schema-graph\">{\"@context\":\"https:\/\/schema.org\",\"@graph\":[{\"@type\":\"Article\",\"@id\":\"https:\/\/nockultury.pl\/pl\/od-rapu-po-jazz-od-akrobacji-na-rolkach-po-taniec-w-powietrzu-przed-nami-noc-kultury\/#article\",\"isPartOf\":{\"@id\":\"https:\/\/nockultury.pl\/pl\/od-rapu-po-jazz-od-akrobacji-na-rolkach-po-taniec-w-powietrzu-przed-nami-noc-kultury\/\"},\"author\":{\"name\":\"Ma\u0142gorzata Stanek\",\"@id\":\"https:\/\/nockultury.pl\/pl\/#\/schema\/person\/b455ea53392e5908331cf9642243f21c\"},\"headline\":\"Od rapu po jazz. Od akrobacji na rolkach po taniec w powietrzu. Przed nami Noc Kultury!\",\"datePublished\":\"2024-05-29T12:24:40+00:00\",\"dateModified\":\"2024-06-14T09:05:37+00:00\",\"mainEntityOfPage\":{\"@id\":\"https:\/\/nockultury.pl\/pl\/od-rapu-po-jazz-od-akrobacji-na-rolkach-po-taniec-w-powietrzu-przed-nami-noc-kultury\/\"},\"wordCount\":1518,\"publisher\":{\"@id\":\"https:\/\/nockultury.pl\/pl\/#organization\"},\"image\":{\"@id\":\"https:\/\/nockultury.pl\/pl\/od-rapu-po-jazz-od-akrobacji-na-rolkach-po-taniec-w-powietrzu-przed-nami-noc-kultury\/#primaryimage\"},\"thumbnailUrl\":\"https:\/\/nockultury.pl\/wp-content\/uploads\/2024\/05\/fot.-Michal-Pula-42.jpg\",\"inLanguage\":\"pl-PL\"},{\"@type\":\"WebPage\",\"@id\":\"https:\/\/nockultury.pl\/pl\/od-rapu-po-jazz-od-akrobacji-na-rolkach-po-taniec-w-powietrzu-przed-nami-noc-kultury\/\",\"url\":\"https:\/\/nockultury.pl\/pl\/od-rapu-po-jazz-od-akrobacji-na-rolkach-po-taniec-w-powietrzu-przed-nami-noc-kultury\/\",\"name\":\"Od rapu po jazz. Od akrobacji na rolkach po taniec w powietrzu. Przed nami Noc Kultury!\",\"isPartOf\":{\"@id\":\"https:\/\/nockultury.pl\/pl\/#website\"},\"primaryImageOfPage\":{\"@id\":\"https:\/\/nockultury.pl\/pl\/od-rapu-po-jazz-od-akrobacji-na-rolkach-po-taniec-w-powietrzu-przed-nami-noc-kultury\/#primaryimage\"},\"image\":{\"@id\":\"https:\/\/nockultury.pl\/pl\/od-rapu-po-jazz-od-akrobacji-na-rolkach-po-taniec-w-powietrzu-przed-nami-noc-kultury\/#primaryimage\"},\"thumbnailUrl\":\"https:\/\/nockultury.pl\/wp-content\/uploads\/2024\/05\/fot.-Michal-Pula-42.jpg\",\"datePublished\":\"2024-05-29T12:24:40+00:00\",\"dateModified\":\"2024-06-14T09:05:37+00:00\",\"description\":\"Od rapu po jazz. Od akrobacji na rolkach po taniec w powietrzu. Przed nami Noc Kultury!\",\"breadcrumb\":{\"@id\":\"https:\/\/nockultury.pl\/pl\/od-rapu-po-jazz-od-akrobacji-na-rolkach-po-taniec-w-powietrzu-przed-nami-noc-kultury\/#breadcrumb\"},\"inLanguage\":\"pl-PL\",\"potentialAction\":[{\"@type\":\"ReadAction\",\"target\":[\"https:\/\/nockultury.pl\/pl\/od-rapu-po-jazz-od-akrobacji-na-rolkach-po-taniec-w-powietrzu-przed-nami-noc-kultury\/\"]}]},{\"@type\":\"ImageObject\",\"inLanguage\":\"pl-PL\",\"@id\":\"https:\/\/nockultury.pl\/pl\/od-rapu-po-jazz-od-akrobacji-na-rolkach-po-taniec-w-powietrzu-przed-nami-noc-kultury\/#primaryimage\",\"url\":\"https:\/\/nockultury.pl\/wp-content\/uploads\/2024\/05\/fot.-Michal-Pula-42.jpg\",\"contentUrl\":\"https:\/\/nockultury.pl\/wp-content\/uploads\/2024\/05\/fot.-Michal-Pula-42.jpg\",\"width\":1358,\"height\":1311,\"caption\":\"Nad g\u0142owami ludzi wisz\u0105 kwiaty pod\u015bwietlone na czerwono i zielono. Budz\u0105 tajemniczo\u015b\u0107 i trwog\u0119.\"},{\"@type\":\"BreadcrumbList\",\"@id\":\"https:\/\/nockultury.pl\/pl\/od-rapu-po-jazz-od-akrobacji-na-rolkach-po-taniec-w-powietrzu-przed-nami-noc-kultury\/#breadcrumb\",\"itemListElement\":[{\"@type\":\"ListItem\",\"position\":1,\"name\":\"Strona g\u0142\u00f3wna\",\"item\":\"https:\/\/nockultury.pl\/pl\/\"},{\"@type\":\"ListItem\",\"position\":2,\"name\":\"Od rapu po jazz. Od akrobacji na rolkach po taniec w powietrzu. Przed nami Noc Kultury!\"}]},{\"@type\":\"WebSite\",\"@id\":\"https:\/\/nockultury.pl\/pl\/#website\",\"url\":\"https:\/\/nockultury.pl\/pl\/\",\"name\":\"Noc Kultury\",\"description\":\"Lublin, Stare Miasto | wst\u0119p wolny\",\"publisher\":{\"@id\":\"https:\/\/nockultury.pl\/pl\/#organization\"},\"potentialAction\":[{\"@type\":\"SearchAction\",\"target\":{\"@type\":\"EntryPoint\",\"urlTemplate\":\"https:\/\/nockultury.pl\/pl\/?s={search_term_string}\"},\"query-input\":{\"@type\":\"PropertyValueSpecification\",\"valueRequired\":true,\"valueName\":\"search_term_string\"}}],\"inLanguage\":\"pl-PL\"},{\"@type\":\"Organization\",\"@id\":\"https:\/\/nockultury.pl\/pl\/#organization\",\"name\":\"Warsztaty Kultury w Lublinie\",\"url\":\"https:\/\/nockultury.pl\/pl\/\",\"logo\":{\"@type\":\"ImageObject\",\"inLanguage\":\"pl-PL\",\"@id\":\"https:\/\/nockultury.pl\/pl\/#\/schema\/logo\/image\/\",\"url\":\"https:\/\/nockultury.pl\/wp-content\/uploads\/2020\/03\/NOC-KULTURY-LOGO-170.jpg\",\"contentUrl\":\"https:\/\/nockultury.pl\/wp-content\/uploads\/2020\/03\/NOC-KULTURY-LOGO-170.jpg\",\"width\":170,\"height\":79,\"caption\":\"Warsztaty Kultury w Lublinie\"},\"image\":{\"@id\":\"https:\/\/nockultury.pl\/pl\/#\/schema\/logo\/image\/\"},\"sameAs\":[\"https:\/\/www.facebook.com\/NocKultury\/\",\"https:\/\/www.instagram.com\/nockultury\/\",\"https:\/\/www.youtube.com\/@videonockultury\"]},{\"@type\":\"Person\",\"@id\":\"https:\/\/nockultury.pl\/pl\/#\/schema\/person\/b455ea53392e5908331cf9642243f21c\",\"name\":\"Ma\u0142gorzata Stanek\",\"image\":{\"@type\":\"ImageObject\",\"inLanguage\":\"pl-PL\",\"@id\":\"https:\/\/nockultury.pl\/pl\/#\/schema\/person\/image\/\",\"url\":\"https:\/\/secure.gravatar.com\/avatar\/45935340e0720354e023c66e68c2c506b7ca3adf6417db0177bb9e832d57e28c?s=96&d=mm&r=g\",\"contentUrl\":\"https:\/\/secure.gravatar.com\/avatar\/45935340e0720354e023c66e68c2c506b7ca3adf6417db0177bb9e832d57e28c?s=96&d=mm&r=g\",\"caption\":\"Ma\u0142gorzata Stanek\"}}]}<\/script>\n<!-- \/ Yoast SEO plugin. -->","yoast_head_json":{"title":"Od rapu po jazz. Od akrobacji na rolkach po taniec w powietrzu. Przed nami Noc Kultury!","description":"Od rapu po jazz. Od akrobacji na rolkach po taniec w powietrzu. Przed nami Noc Kultury!","robots":{"index":"index","follow":"follow","max-snippet":"max-snippet:-1","max-image-preview":"max-image-preview:large","max-video-preview":"max-video-preview:-1"},"canonical":"https:\/\/nockultury.pl\/pl\/od-rapu-po-jazz-od-akrobacji-na-rolkach-po-taniec-w-powietrzu-przed-nami-noc-kultury\/","og_locale":"pl_PL","og_type":"article","og_title":"Od rapu po jazz. Od akrobacji na rolkach po taniec w powietrzu. Przed nami Noc Kultury!","og_description":"Od rapu po jazz. Od akrobacji na rolkach po taniec w powietrzu. Przed nami Noc Kultury!","og_url":"https:\/\/nockultury.pl\/pl\/od-rapu-po-jazz-od-akrobacji-na-rolkach-po-taniec-w-powietrzu-przed-nami-noc-kultury\/","og_site_name":"Noc Kultury","article_publisher":"https:\/\/www.facebook.com\/NocKultury\/","article_published_time":"2024-05-29T12:24:40+00:00","article_modified_time":"2024-06-14T09:05:37+00:00","og_image":[{"width":1358,"height":1311,"url":"https:\/\/nockultury.pl\/wp-content\/uploads\/2024\/05\/fot.-Michal-Pula-42.jpg","type":"image\/jpeg"}],"author":"Ma\u0142gorzata Stanek","twitter_card":"summary_large_image","twitter_misc":{"Napisane przez":"Ma\u0142gorzata Stanek","Szacowany czas czytania":"8 minut"},"schema":{"@context":"https:\/\/schema.org","@graph":[{"@type":"Article","@id":"https:\/\/nockultury.pl\/pl\/od-rapu-po-jazz-od-akrobacji-na-rolkach-po-taniec-w-powietrzu-przed-nami-noc-kultury\/#article","isPartOf":{"@id":"https:\/\/nockultury.pl\/pl\/od-rapu-po-jazz-od-akrobacji-na-rolkach-po-taniec-w-powietrzu-przed-nami-noc-kultury\/"},"author":{"name":"Ma\u0142gorzata Stanek","@id":"https:\/\/nockultury.pl\/pl\/#\/schema\/person\/b455ea53392e5908331cf9642243f21c"},"headline":"Od rapu po jazz. Od akrobacji na rolkach po taniec w powietrzu. Przed nami Noc Kultury!","datePublished":"2024-05-29T12:24:40+00:00","dateModified":"2024-06-14T09:05:37+00:00","mainEntityOfPage":{"@id":"https:\/\/nockultury.pl\/pl\/od-rapu-po-jazz-od-akrobacji-na-rolkach-po-taniec-w-powietrzu-przed-nami-noc-kultury\/"},"wordCount":1518,"publisher":{"@id":"https:\/\/nockultury.pl\/pl\/#organization"},"image":{"@id":"https:\/\/nockultury.pl\/pl\/od-rapu-po-jazz-od-akrobacji-na-rolkach-po-taniec-w-powietrzu-przed-nami-noc-kultury\/#primaryimage"},"thumbnailUrl":"https:\/\/nockultury.pl\/wp-content\/uploads\/2024\/05\/fot.-Michal-Pula-42.jpg","inLanguage":"pl-PL"},{"@type":"WebPage","@id":"https:\/\/nockultury.pl\/pl\/od-rapu-po-jazz-od-akrobacji-na-rolkach-po-taniec-w-powietrzu-przed-nami-noc-kultury\/","url":"https:\/\/nockultury.pl\/pl\/od-rapu-po-jazz-od-akrobacji-na-rolkach-po-taniec-w-powietrzu-przed-nami-noc-kultury\/","name":"Od rapu po jazz. Od akrobacji na rolkach po taniec w powietrzu. Przed nami Noc Kultury!","isPartOf":{"@id":"https:\/\/nockultury.pl\/pl\/#website"},"primaryImageOfPage":{"@id":"https:\/\/nockultury.pl\/pl\/od-rapu-po-jazz-od-akrobacji-na-rolkach-po-taniec-w-powietrzu-przed-nami-noc-kultury\/#primaryimage"},"image":{"@id":"https:\/\/nockultury.pl\/pl\/od-rapu-po-jazz-od-akrobacji-na-rolkach-po-taniec-w-powietrzu-przed-nami-noc-kultury\/#primaryimage"},"thumbnailUrl":"https:\/\/nockultury.pl\/wp-content\/uploads\/2024\/05\/fot.-Michal-Pula-42.jpg","datePublished":"2024-05-29T12:24:40+00:00","dateModified":"2024-06-14T09:05:37+00:00","description":"Od rapu po jazz. Od akrobacji na rolkach po taniec w powietrzu. Przed nami Noc Kultury!","breadcrumb":{"@id":"https:\/\/nockultury.pl\/pl\/od-rapu-po-jazz-od-akrobacji-na-rolkach-po-taniec-w-powietrzu-przed-nami-noc-kultury\/#breadcrumb"},"inLanguage":"pl-PL","potentialAction":[{"@type":"ReadAction","target":["https:\/\/nockultury.pl\/pl\/od-rapu-po-jazz-od-akrobacji-na-rolkach-po-taniec-w-powietrzu-przed-nami-noc-kultury\/"]}]},{"@type":"ImageObject","inLanguage":"pl-PL","@id":"https:\/\/nockultury.pl\/pl\/od-rapu-po-jazz-od-akrobacji-na-rolkach-po-taniec-w-powietrzu-przed-nami-noc-kultury\/#primaryimage","url":"https:\/\/nockultury.pl\/wp-content\/uploads\/2024\/05\/fot.-Michal-Pula-42.jpg","contentUrl":"https:\/\/nockultury.pl\/wp-content\/uploads\/2024\/05\/fot.-Michal-Pula-42.jpg","width":1358,"height":1311,"caption":"Nad g\u0142owami ludzi wisz\u0105 kwiaty pod\u015bwietlone na czerwono i zielono. Budz\u0105 tajemniczo\u015b\u0107 i trwog\u0119."},{"@type":"BreadcrumbList","@id":"https:\/\/nockultury.pl\/pl\/od-rapu-po-jazz-od-akrobacji-na-rolkach-po-taniec-w-powietrzu-przed-nami-noc-kultury\/#breadcrumb","itemListElement":[{"@type":"ListItem","position":1,"name":"Strona g\u0142\u00f3wna","item":"https:\/\/nockultury.pl\/pl\/"},{"@type":"ListItem","position":2,"name":"Od rapu po jazz. Od akrobacji na rolkach po taniec w powietrzu. Przed nami Noc Kultury!"}]},{"@type":"WebSite","@id":"https:\/\/nockultury.pl\/pl\/#website","url":"https:\/\/nockultury.pl\/pl\/","name":"Noc Kultury","description":"Lublin, Stare Miasto | wst\u0119p wolny","publisher":{"@id":"https:\/\/nockultury.pl\/pl\/#organization"},"potentialAction":[{"@type":"SearchAction","target":{"@type":"EntryPoint","urlTemplate":"https:\/\/nockultury.pl\/pl\/?s={search_term_string}"},"query-input":{"@type":"PropertyValueSpecification","valueRequired":true,"valueName":"search_term_string"}}],"inLanguage":"pl-PL"},{"@type":"Organization","@id":"https:\/\/nockultury.pl\/pl\/#organization","name":"Warsztaty Kultury w Lublinie","url":"https:\/\/nockultury.pl\/pl\/","logo":{"@type":"ImageObject","inLanguage":"pl-PL","@id":"https:\/\/nockultury.pl\/pl\/#\/schema\/logo\/image\/","url":"https:\/\/nockultury.pl\/wp-content\/uploads\/2020\/03\/NOC-KULTURY-LOGO-170.jpg","contentUrl":"https:\/\/nockultury.pl\/wp-content\/uploads\/2020\/03\/NOC-KULTURY-LOGO-170.jpg","width":170,"height":79,"caption":"Warsztaty Kultury w Lublinie"},"image":{"@id":"https:\/\/nockultury.pl\/pl\/#\/schema\/logo\/image\/"},"sameAs":["https:\/\/www.facebook.com\/NocKultury\/","https:\/\/www.instagram.com\/nockultury\/","https:\/\/www.youtube.com\/@videonockultury"]},{"@type":"Person","@id":"https:\/\/nockultury.pl\/pl\/#\/schema\/person\/b455ea53392e5908331cf9642243f21c","name":"Ma\u0142gorzata Stanek","image":{"@type":"ImageObject","inLanguage":"pl-PL","@id":"https:\/\/nockultury.pl\/pl\/#\/schema\/person\/image\/","url":"https:\/\/secure.gravatar.com\/avatar\/45935340e0720354e023c66e68c2c506b7ca3adf6417db0177bb9e832d57e28c?s=96&d=mm&r=g","contentUrl":"https:\/\/secure.gravatar.com\/avatar\/45935340e0720354e023c66e68c2c506b7ca3adf6417db0177bb9e832d57e28c?s=96&d=mm&r=g","caption":"Ma\u0142gorzata Stanek"}}]}},"_links":{"self":[{"href":"https:\/\/nockultury.pl\/pl\/wp-json\/wp\/v2\/posts\/47723","targetHints":{"allow":["GET"]}}],"collection":[{"href":"https:\/\/nockultury.pl\/pl\/wp-json\/wp\/v2\/posts"}],"about":[{"href":"https:\/\/nockultury.pl\/pl\/wp-json\/wp\/v2\/types\/post"}],"author":[{"embeddable":true,"href":"https:\/\/nockultury.pl\/pl\/wp-json\/wp\/v2\/users\/8"}],"replies":[{"embeddable":true,"href":"https:\/\/nockultury.pl\/pl\/wp-json\/wp\/v2\/comments?post=47723"}],"version-history":[{"count":0,"href":"https:\/\/nockultury.pl\/pl\/wp-json\/wp\/v2\/posts\/47723\/revisions"}],"wp:featuredmedia":[{"embeddable":true,"href":"https:\/\/nockultury.pl\/pl\/wp-json\/wp\/v2\/media\/47724"}],"wp:attachment":[{"href":"https:\/\/nockultury.pl\/pl\/wp-json\/wp\/v2\/media?parent=47723"}],"wp:term":[{"taxonomy":"category","embeddable":true,"href":"https:\/\/nockultury.pl\/pl\/wp-json\/wp\/v2\/categories?post=47723"},{"taxonomy":"post_tag","embeddable":true,"href":"https:\/\/nockultury.pl\/pl\/wp-json\/wp\/v2\/tags?post=47723"}],"curies":[{"name":"wp","href":"https:\/\/api.w.org\/{rel}","templated":true}]}}