{"id":48066,"date":"2025-02-07T10:32:20","date_gmt":"2025-02-07T09:32:20","guid":{"rendered":"https:\/\/nockultury.pl\/?p=48066"},"modified":"2025-02-07T10:38:43","modified_gmt":"2025-02-07T09:38:43","slug":"zostan-menadzerem-menadzerka-strefy-wydarzen-wolontariat-nocy-kultury-2025","status":"publish","type":"post","link":"https:\/\/nockultury.pl\/pl\/zostan-menadzerem-menadzerka-strefy-wydarzen-wolontariat-nocy-kultury-2025\/","title":{"rendered":"Zosta\u0144 menad\u017cerem\/menad\u017cerk\u0105 strefy wydarze\u0144! | Wolontariat Nocy Kultury"},"content":{"rendered":"<p><strong>Je\u017celi zwiedzanie miasta podczas Nocy Kultury sprawia Ci mn\u00f3stwo rado\u015bci i uwa\u017casz, \u017ce \u015bwietnie odnalaz\u0142by\u015b\/odnalaz\u0142aby\u015b si\u0119 przy jej organizacji, to ta propozycja jest w\u0142a\u015bnie dla Ciebie. Pom\u00f3\u017c nam przy festiwalu i zosta\u0144 menad\u017cerem\/menad\u017cerk\u0105 strefy wydarze\u0144 najbardziej nieprzewidywalnej nocy w Polsce. <\/strong><\/p>\n<h2><div class=\"fusion-button-wrapper\"><a class=\"fusion-button button-flat button-medium button-custom fusion-button-default button-1 fusion-button-default-span fusion-button-default-type\" style=\"--button_accent_color:#ffffff;--button_accent_hover_color:#ffffff;--button_border_hover_color:#ffffff;--button_gradient_top_color:var(--awb-color4);--button_gradient_bottom_color:var(--awb-color4);--button_gradient_top_color_hover:#000000;--button_gradient_bottom_color_hover:#000000;--button_margin-top:2%;--button_margin-bottom:2%;\" target=\"_blank\" rel=\"noopener noreferrer\" href=\"https:\/\/docs.google.com\/forms\/d\/e\/1FAIpQLScPXFXS8JM_cIU6odDswbL0cdn70dk1_J4BNuloMvZ7bU8WfA\/viewform\"><span class=\"fusion-button-text awb-button__text awb-button__text--default\">zg\u0142o\u015b si\u0119<\/span><\/a><\/div><\/h2>\n<h2>Opis<\/h2>\n<p>Przed Tob\u0105 nie tylko odpowiedzialna, lecz r\u00f3wnie\u017c niezwykle satysfakcjonuj\u0105ca rola. Uczestnicz\u0105c w tworzeniu Nocy Kultury mo\u017cesz wykaza\u0107 si\u0119 w\u0142asn\u0105 inicjatyw\u0105 przy planowaniu wydarze\u0144 jednego z najwi\u0119kszych festiwali w mie\u015bcie. To tak\u017ce szansa na wykorzystanie swoich umiej\u0119tno\u015bci w praktyce.<\/p>\n<p>Menad\u017cerowie i menad\u017cerki stref wydarze\u0144 ceni\u0105 sobie zaufanie, jakim obdarzamy ich, przydzielaj\u0105c wa\u017cne zadania. To nie tylko nasza opinia, ale i samych wolontariuszy oraz wolontariuszek, kt\u00f3rzy swoimi spostrze\u017ceniami dziel\u0105 si\u0119 w ankietach podsumowuj\u0105cych wsp\u00f3ln\u0105 prac\u0119 przy Nocy Kultury.<\/p>\n<p><em>\u201eCiesz\u0119 si\u0119, \u017ce mog\u0142am wykorzysta\u0107 swoje umiej\u0119tno\u015bci poprzez to, \u017ce by\u0142am idealnie dopasowana do charakteru wykonywanych zada\u0144\u201d, \u201ePodoba\u0142a mi si\u0119 mo\u017cliwo\u015b\u0107 wykazania si\u0119 w\u0142asn\u0105 wen\u0105 tw\u00f3rcz\u0105\u201d, \u201ePomoc przy organizacji takiego wydarzenia to super przygoda!\u201d <\/em>\u2013 to tylko kilka przyk\u0142ad\u00f3w.<\/p>\n<p>W tym roku zn\u00f3w mo\u017cesz zaanga\u017cowa\u0107 si\u0119 w organizacj\u0119 wydarzenia i zosta\u0107 menad\u017cerem\/menad\u017cerk\u0105 strefy wydarze\u0144! Twoim zadaniem b\u0119dzie zaopiekowanie si\u0119 jedn\u0105 z lokacji Nocy Kultury np. placem, na kt\u00f3rym b\u0119dzie odbywa\u0142o si\u0119 kilka wydarze\u0144 artystycznych lub podw\u00f3rkiem, kt\u00f3re tej nocy stanie si\u0119 scen\u0105 muzyczn\u0105. Jako osoba zaanga\u017cowana w projekt podejmiesz wsp\u00f3\u0142prac\u0119 z artystami i artystkami oraz zadbasz o to, aby wszystko przebieg\u0142o zgodnie z planem. Zale\u017cy nam, aby\u015b by\u0142\/by\u0142a z nami od pocz\u0105tku. Chcemy wsp\u00f3lnie z Tob\u0105 przejrze\u0107 projekty, kt\u00f3re sp\u0142yn\u0105 do nas podczas otwartego naboru i odda\u0107 w Twoje r\u0119ce cz\u0119\u015b\u0107 z nich, aby\u015b czuwa\u0142\/czuwa\u0142a nad ich sprawn\u0105 realizacj\u0105.&nbsp;<\/p>\n<p>\u2013<em> Nie martw si\u0119, \u017ce brakuje Ci do\u015bwiadczenia. Zdob\u0119dziesz je, wsp\u00f3\u0142pracuj\u0105c z nami, a przy okazji poznasz fantastycznych ludzi, kt\u00f3rzy ch\u0119tnie udziel\u0105 Ci wsparcia przy realizacji zada\u0144. To tak\u017ce doskona\u0142a okazja, by\u015b mia\u0142 lub mia\u0142a realny wp\u0142yw na to, jak b\u0119dzie wygl\u0105da\u0107 tegoroczna edycja<\/em> \u2013 zapewnia Joanna Wawi\u00f3rka-Kamieniecka, dyrektorka Nocy Kultury.<\/p>\n<h2><strong>Co mo\u017cesz zyska\u0107?<\/strong><\/h2>\n<ul>\n<li>Rozw\u00f3j umiej\u0119tno\u015bci w zakresie planowania, koordynacji, komunikacji, logistyki, promocji i relacji z partnerami, kt\u00f3re z pewno\u015bci\u0105 przydadz\u0105 si\u0119 w pracy event menagera;<\/li>\n<li>Kontakty i networking \u2013 wsp\u00f3\u0142praca z artystami\/artystkami, ekspertami\/ekspertkami i instytucjami zwi\u0105zanymi z kultur\u0105;<\/li>\n<li>Referencje i certyfikaty \u2013 mo\u017cliwo\u015b\u0107 otrzymania dokument\u00f3w potwierdzaj\u0105cych udzia\u0142 w organizacji festiwalu;<\/li>\n<li>Dost\u0119p do kulis wydarze\u0144 kulturalnych \u2013 unikalna okazja do zapoznania si\u0119 z kulisami pracy przy jednym z najwi\u0119kszych festiwali lubelskich;<\/li>\n<li>Satysfakcj\u0119 z tworzenia kultury miejskiej \u2013 wprowadzanie w \u017cycie r\u00f3\u017cnorodnych wydarze\u0144 kulturalnych w ramach festiwalu Nocy Kultury 2025.<\/li>\n<\/ul>\n<h2><strong>Twoje obowi\u0105zki<\/strong><\/h2>\n<ul>\n<li>Wsp\u00f3\u0142koordynowanie otwartego naboru;<\/li>\n<li>Uczestniczenie w cotygodniowych spotkaniach online \/ na \u017cywo (marzec \u2013 czerwiec);<\/li>\n<li>Zarz\u0105dzanie prac\u0105 wolontariuszy\/wolontariuszek;<\/li>\n<li>Promocja festiwalu;<\/li>\n<li>Tworzenie autorskich punkt\u00f3w programu;<\/li>\n<li>Wsp\u00f3\u0142praca z zespo\u0142em badawczym;<\/li>\n<li>Kontakt z partnerami festiwalu;<\/li>\n<li>Koordynowanie bie\u017c\u0105cych zada\u0144.<\/li>\n<\/ul>\n<h2><strong>Warunki udzia\u0142u<\/strong><\/h2>\n<ul>\n<li>Uko\u0144czone 18 lat;<\/li>\n<li>Podpisanie umowy o wolontariacie;<\/li>\n<li>Przestrzeganie zasad poufno\u015bci;<\/li>\n<li>Regularne spotkania raz w tygodniu (online \/ na \u017cywo);<\/li>\n<li>Zaanga\u017cowanie i gotowo\u015b\u0107 do pracy przy projekcie od lutego do czerwca oraz w Noc Kultury.<\/li>\n<\/ul>\n<h2><strong>Informacje praktyczne<\/strong><\/h2>\n<p><strong>Kiedy<\/strong><\/p>\n<p>7\u201314 lutego 2025 | nab\u00f3r<br \/>\n20 lutego \u2013 pierwsze spotkanie zespo\u0142u w Warsztatach Kultury w Lublinie o godz. 17.00<br \/>\nmarzec \u2013 czerwiec 2025 | zaanga\u017cowanie i gotowo\u015b\u0107 do pracy przy projekcie (szczeg\u00f3\u0142owy harmonogram pracy zostanie ustalony podczas pierwszego spotkania)<br \/>\n7\/8 czerwca | Noc Kultury<\/p>\n<p><strong>Dla kogo:<\/strong> dla os\u00f3b pe\u0142noletnich<\/p>\n<h2><div class=\"fusion-button-wrapper\"><a class=\"fusion-button button-flat button-medium button-custom fusion-button-default button-2 fusion-button-default-span fusion-button-default-type\" style=\"--button_accent_color:#ffffff;--button_accent_hover_color:#ffffff;--button_border_hover_color:#ffffff;--button_gradient_top_color:var(--awb-color4);--button_gradient_bottom_color:var(--awb-color4);--button_gradient_top_color_hover:#000000;--button_gradient_bottom_color_hover:#000000;--button_margin-top:2%;--button_margin-bottom:2%;\" target=\"_blank\" rel=\"noopener noreferrer\" href=\"https:\/\/docs.google.com\/forms\/d\/e\/1FAIpQLScPXFXS8JM_cIU6odDswbL0cdn70dk1_J4BNuloMvZ7bU8WfA\/viewform\"><span class=\"fusion-button-text awb-button__text awb-button__text--default\">zg\u0142o\u015b si\u0119<\/span><\/a><\/div><\/h2>\n","protected":false},"excerpt":{"rendered":"<p>Je\u017celi zwiedzanie miasta podczas Nocy Kultury sprawia Ci mn\u00f3stwo rado\u015bci  [&#8230;]<\/p>\n","protected":false},"author":8,"featured_media":48067,"comment_status":"closed","ping_status":"open","sticky":false,"template":"","format":"standard","meta":{"_acf_changed":false,"ngg_post_thumbnail":0,"footnotes":""},"categories":[1],"tags":[],"class_list":["post-48066","post","type-post","status-publish","format-standard","has-post-thumbnail","hentry","category-bez-kategorii"],"acf":[],"yoast_head":"<!-- This site is optimized with the Yoast SEO plugin v26.1.1 - https:\/\/yoast.com\/wordpress\/plugins\/seo\/ -->\n<title>Zosta\u0144 menad\u017cerem\/menad\u017cerk\u0105 strefy wydarze\u0144! | Wolontariat Nocy Kultury<\/title>\n<meta name=\"description\" content=\"Zosta\u0144 menad\u017cerem\/menad\u017cerk\u0105 strefy wydarze\u0144! | Wolontariat Nocy Kulturych\" \/>\n<meta name=\"robots\" content=\"index, follow, max-snippet:-1, max-image-preview:large, max-video-preview:-1\" \/>\n<link rel=\"canonical\" href=\"https:\/\/nockultury.pl\/pl\/zostan-menadzerem-menadzerka-strefy-wydarzen-wolontariat-nocy-kultury-2025\/\" \/>\n<meta property=\"og:locale\" content=\"pl_PL\" \/>\n<meta property=\"og:type\" content=\"article\" \/>\n<meta property=\"og:title\" content=\"Zosta\u0144 menad\u017cerem\/menad\u017cerk\u0105 strefy wydarze\u0144! | Wolontariat Nocy Kultury\" \/>\n<meta property=\"og:description\" content=\"Zosta\u0144 menad\u017cerem\/menad\u017cerk\u0105 strefy wydarze\u0144! | Wolontariat Nocy Kulturych\" \/>\n<meta property=\"og:url\" content=\"https:\/\/nockultury.pl\/pl\/zostan-menadzerem-menadzerka-strefy-wydarzen-wolontariat-nocy-kultury-2025\/\" \/>\n<meta property=\"og:site_name\" content=\"Noc Kultury\" \/>\n<meta property=\"article:publisher\" content=\"https:\/\/www.facebook.com\/NocKultury\/\" \/>\n<meta property=\"article:published_time\" content=\"2025-02-07T09:32:20+00:00\" \/>\n<meta property=\"article:modified_time\" content=\"2025-02-07T09:38:43+00:00\" \/>\n<meta property=\"og:image\" content=\"https:\/\/nockultury.pl\/wp-content\/uploads\/2025\/02\/menago_kwadrat.webp\" \/>\n\t<meta property=\"og:image:width\" content=\"1080\" \/>\n\t<meta property=\"og:image:height\" content=\"1080\" \/>\n\t<meta property=\"og:image:type\" content=\"image\/webp\" \/>\n<meta name=\"author\" content=\"Ma\u0142gorzata Stanek\" \/>\n<meta name=\"twitter:card\" content=\"summary_large_image\" \/>\n<meta name=\"twitter:label1\" content=\"Napisane przez\" \/>\n\t<meta name=\"twitter:data1\" content=\"Ma\u0142gorzata Stanek\" \/>\n\t<meta name=\"twitter:label2\" content=\"Szacowany czas czytania\" \/>\n\t<meta name=\"twitter:data2\" content=\"4 minuty\" \/>\n<script type=\"application\/ld+json\" class=\"yoast-schema-graph\">{\"@context\":\"https:\/\/schema.org\",\"@graph\":[{\"@type\":\"Article\",\"@id\":\"https:\/\/nockultury.pl\/pl\/zostan-menadzerem-menadzerka-strefy-wydarzen-wolontariat-nocy-kultury-2025\/#article\",\"isPartOf\":{\"@id\":\"https:\/\/nockultury.pl\/pl\/zostan-menadzerem-menadzerka-strefy-wydarzen-wolontariat-nocy-kultury-2025\/\"},\"author\":{\"name\":\"Ma\u0142gorzata Stanek\",\"@id\":\"https:\/\/nockultury.pl\/pl\/#\/schema\/person\/b455ea53392e5908331cf9642243f21c\"},\"headline\":\"Zosta\u0144 menad\u017cerem\/menad\u017cerk\u0105 strefy wydarze\u0144! | Wolontariat Nocy Kultury\",\"datePublished\":\"2025-02-07T09:32:20+00:00\",\"dateModified\":\"2025-02-07T09:38:43+00:00\",\"mainEntityOfPage\":{\"@id\":\"https:\/\/nockultury.pl\/pl\/zostan-menadzerem-menadzerka-strefy-wydarzen-wolontariat-nocy-kultury-2025\/\"},\"wordCount\":999,\"publisher\":{\"@id\":\"https:\/\/nockultury.pl\/pl\/#organization\"},\"image\":{\"@id\":\"https:\/\/nockultury.pl\/pl\/zostan-menadzerem-menadzerka-strefy-wydarzen-wolontariat-nocy-kultury-2025\/#primaryimage\"},\"thumbnailUrl\":\"https:\/\/nockultury.pl\/wp-content\/uploads\/2025\/02\/menago_kwadrat.webp\",\"inLanguage\":\"pl-PL\"},{\"@type\":\"WebPage\",\"@id\":\"https:\/\/nockultury.pl\/pl\/zostan-menadzerem-menadzerka-strefy-wydarzen-wolontariat-nocy-kultury-2025\/\",\"url\":\"https:\/\/nockultury.pl\/pl\/zostan-menadzerem-menadzerka-strefy-wydarzen-wolontariat-nocy-kultury-2025\/\",\"name\":\"Zosta\u0144 menad\u017cerem\/menad\u017cerk\u0105 strefy wydarze\u0144! | Wolontariat Nocy Kultury\",\"isPartOf\":{\"@id\":\"https:\/\/nockultury.pl\/pl\/#website\"},\"primaryImageOfPage\":{\"@id\":\"https:\/\/nockultury.pl\/pl\/zostan-menadzerem-menadzerka-strefy-wydarzen-wolontariat-nocy-kultury-2025\/#primaryimage\"},\"image\":{\"@id\":\"https:\/\/nockultury.pl\/pl\/zostan-menadzerem-menadzerka-strefy-wydarzen-wolontariat-nocy-kultury-2025\/#primaryimage\"},\"thumbnailUrl\":\"https:\/\/nockultury.pl\/wp-content\/uploads\/2025\/02\/menago_kwadrat.webp\",\"datePublished\":\"2025-02-07T09:32:20+00:00\",\"dateModified\":\"2025-02-07T09:38:43+00:00\",\"description\":\"Zosta\u0144 menad\u017cerem\/menad\u017cerk\u0105 strefy wydarze\u0144! | Wolontariat Nocy Kulturych\",\"breadcrumb\":{\"@id\":\"https:\/\/nockultury.pl\/pl\/zostan-menadzerem-menadzerka-strefy-wydarzen-wolontariat-nocy-kultury-2025\/#breadcrumb\"},\"inLanguage\":\"pl-PL\",\"potentialAction\":[{\"@type\":\"ReadAction\",\"target\":[\"https:\/\/nockultury.pl\/pl\/zostan-menadzerem-menadzerka-strefy-wydarzen-wolontariat-nocy-kultury-2025\/\"]}]},{\"@type\":\"ImageObject\",\"inLanguage\":\"pl-PL\",\"@id\":\"https:\/\/nockultury.pl\/pl\/zostan-menadzerem-menadzerka-strefy-wydarzen-wolontariat-nocy-kultury-2025\/#primaryimage\",\"url\":\"https:\/\/nockultury.pl\/wp-content\/uploads\/2025\/02\/menago_kwadrat.webp\",\"contentUrl\":\"https:\/\/nockultury.pl\/wp-content\/uploads\/2025\/02\/menago_kwadrat.webp\",\"width\":1080,\"height\":1080,\"caption\":\"Dziewczyny trzymaj\u0105 balony w kszta\u0142cie liter. Napis: zosta\u0144 menad\u017cerk\u0105\/em strefy wydarze\u0144.\"},{\"@type\":\"BreadcrumbList\",\"@id\":\"https:\/\/nockultury.pl\/pl\/zostan-menadzerem-menadzerka-strefy-wydarzen-wolontariat-nocy-kultury-2025\/#breadcrumb\",\"itemListElement\":[{\"@type\":\"ListItem\",\"position\":1,\"name\":\"Strona g\u0142\u00f3wna\",\"item\":\"https:\/\/nockultury.pl\/pl\/\"},{\"@type\":\"ListItem\",\"position\":2,\"name\":\"Zosta\u0144 menad\u017cerem\/menad\u017cerk\u0105 strefy wydarze\u0144! | Wolontariat Nocy Kultury\"}]},{\"@type\":\"WebSite\",\"@id\":\"https:\/\/nockultury.pl\/pl\/#website\",\"url\":\"https:\/\/nockultury.pl\/pl\/\",\"name\":\"Noc Kultury\",\"description\":\"Lublin, Stare Miasto | wst\u0119p wolny\",\"publisher\":{\"@id\":\"https:\/\/nockultury.pl\/pl\/#organization\"},\"potentialAction\":[{\"@type\":\"SearchAction\",\"target\":{\"@type\":\"EntryPoint\",\"urlTemplate\":\"https:\/\/nockultury.pl\/pl\/?s={search_term_string}\"},\"query-input\":{\"@type\":\"PropertyValueSpecification\",\"valueRequired\":true,\"valueName\":\"search_term_string\"}}],\"inLanguage\":\"pl-PL\"},{\"@type\":\"Organization\",\"@id\":\"https:\/\/nockultury.pl\/pl\/#organization\",\"name\":\"Warsztaty Kultury w Lublinie\",\"url\":\"https:\/\/nockultury.pl\/pl\/\",\"logo\":{\"@type\":\"ImageObject\",\"inLanguage\":\"pl-PL\",\"@id\":\"https:\/\/nockultury.pl\/pl\/#\/schema\/logo\/image\/\",\"url\":\"https:\/\/nockultury.pl\/wp-content\/uploads\/2020\/03\/NOC-KULTURY-LOGO-170.jpg\",\"contentUrl\":\"https:\/\/nockultury.pl\/wp-content\/uploads\/2020\/03\/NOC-KULTURY-LOGO-170.jpg\",\"width\":170,\"height\":79,\"caption\":\"Warsztaty Kultury w Lublinie\"},\"image\":{\"@id\":\"https:\/\/nockultury.pl\/pl\/#\/schema\/logo\/image\/\"},\"sameAs\":[\"https:\/\/www.facebook.com\/NocKultury\/\",\"https:\/\/www.instagram.com\/nockultury\/\",\"https:\/\/www.youtube.com\/@videonockultury\"]},{\"@type\":\"Person\",\"@id\":\"https:\/\/nockultury.pl\/pl\/#\/schema\/person\/b455ea53392e5908331cf9642243f21c\",\"name\":\"Ma\u0142gorzata Stanek\",\"image\":{\"@type\":\"ImageObject\",\"inLanguage\":\"pl-PL\",\"@id\":\"https:\/\/nockultury.pl\/pl\/#\/schema\/person\/image\/\",\"url\":\"https:\/\/secure.gravatar.com\/avatar\/45935340e0720354e023c66e68c2c506b7ca3adf6417db0177bb9e832d57e28c?s=96&d=mm&r=g\",\"contentUrl\":\"https:\/\/secure.gravatar.com\/avatar\/45935340e0720354e023c66e68c2c506b7ca3adf6417db0177bb9e832d57e28c?s=96&d=mm&r=g\",\"caption\":\"Ma\u0142gorzata Stanek\"}}]}<\/script>\n<!-- \/ Yoast SEO plugin. -->","yoast_head_json":{"title":"Zosta\u0144 menad\u017cerem\/menad\u017cerk\u0105 strefy wydarze\u0144! | Wolontariat Nocy Kultury","description":"Zosta\u0144 menad\u017cerem\/menad\u017cerk\u0105 strefy wydarze\u0144! | Wolontariat Nocy Kulturych","robots":{"index":"index","follow":"follow","max-snippet":"max-snippet:-1","max-image-preview":"max-image-preview:large","max-video-preview":"max-video-preview:-1"},"canonical":"https:\/\/nockultury.pl\/pl\/zostan-menadzerem-menadzerka-strefy-wydarzen-wolontariat-nocy-kultury-2025\/","og_locale":"pl_PL","og_type":"article","og_title":"Zosta\u0144 menad\u017cerem\/menad\u017cerk\u0105 strefy wydarze\u0144! | Wolontariat Nocy Kultury","og_description":"Zosta\u0144 menad\u017cerem\/menad\u017cerk\u0105 strefy wydarze\u0144! | Wolontariat Nocy Kulturych","og_url":"https:\/\/nockultury.pl\/pl\/zostan-menadzerem-menadzerka-strefy-wydarzen-wolontariat-nocy-kultury-2025\/","og_site_name":"Noc Kultury","article_publisher":"https:\/\/www.facebook.com\/NocKultury\/","article_published_time":"2025-02-07T09:32:20+00:00","article_modified_time":"2025-02-07T09:38:43+00:00","og_image":[{"width":1080,"height":1080,"url":"https:\/\/nockultury.pl\/wp-content\/uploads\/2025\/02\/menago_kwadrat.webp","type":"image\/webp"}],"author":"Ma\u0142gorzata Stanek","twitter_card":"summary_large_image","twitter_misc":{"Napisane przez":"Ma\u0142gorzata Stanek","Szacowany czas czytania":"4 minuty"},"schema":{"@context":"https:\/\/schema.org","@graph":[{"@type":"Article","@id":"https:\/\/nockultury.pl\/pl\/zostan-menadzerem-menadzerka-strefy-wydarzen-wolontariat-nocy-kultury-2025\/#article","isPartOf":{"@id":"https:\/\/nockultury.pl\/pl\/zostan-menadzerem-menadzerka-strefy-wydarzen-wolontariat-nocy-kultury-2025\/"},"author":{"name":"Ma\u0142gorzata Stanek","@id":"https:\/\/nockultury.pl\/pl\/#\/schema\/person\/b455ea53392e5908331cf9642243f21c"},"headline":"Zosta\u0144 menad\u017cerem\/menad\u017cerk\u0105 strefy wydarze\u0144! | Wolontariat Nocy Kultury","datePublished":"2025-02-07T09:32:20+00:00","dateModified":"2025-02-07T09:38:43+00:00","mainEntityOfPage":{"@id":"https:\/\/nockultury.pl\/pl\/zostan-menadzerem-menadzerka-strefy-wydarzen-wolontariat-nocy-kultury-2025\/"},"wordCount":999,"publisher":{"@id":"https:\/\/nockultury.pl\/pl\/#organization"},"image":{"@id":"https:\/\/nockultury.pl\/pl\/zostan-menadzerem-menadzerka-strefy-wydarzen-wolontariat-nocy-kultury-2025\/#primaryimage"},"thumbnailUrl":"https:\/\/nockultury.pl\/wp-content\/uploads\/2025\/02\/menago_kwadrat.webp","inLanguage":"pl-PL"},{"@type":"WebPage","@id":"https:\/\/nockultury.pl\/pl\/zostan-menadzerem-menadzerka-strefy-wydarzen-wolontariat-nocy-kultury-2025\/","url":"https:\/\/nockultury.pl\/pl\/zostan-menadzerem-menadzerka-strefy-wydarzen-wolontariat-nocy-kultury-2025\/","name":"Zosta\u0144 menad\u017cerem\/menad\u017cerk\u0105 strefy wydarze\u0144! | Wolontariat Nocy Kultury","isPartOf":{"@id":"https:\/\/nockultury.pl\/pl\/#website"},"primaryImageOfPage":{"@id":"https:\/\/nockultury.pl\/pl\/zostan-menadzerem-menadzerka-strefy-wydarzen-wolontariat-nocy-kultury-2025\/#primaryimage"},"image":{"@id":"https:\/\/nockultury.pl\/pl\/zostan-menadzerem-menadzerka-strefy-wydarzen-wolontariat-nocy-kultury-2025\/#primaryimage"},"thumbnailUrl":"https:\/\/nockultury.pl\/wp-content\/uploads\/2025\/02\/menago_kwadrat.webp","datePublished":"2025-02-07T09:32:20+00:00","dateModified":"2025-02-07T09:38:43+00:00","description":"Zosta\u0144 menad\u017cerem\/menad\u017cerk\u0105 strefy wydarze\u0144! | Wolontariat Nocy Kulturych","breadcrumb":{"@id":"https:\/\/nockultury.pl\/pl\/zostan-menadzerem-menadzerka-strefy-wydarzen-wolontariat-nocy-kultury-2025\/#breadcrumb"},"inLanguage":"pl-PL","potentialAction":[{"@type":"ReadAction","target":["https:\/\/nockultury.pl\/pl\/zostan-menadzerem-menadzerka-strefy-wydarzen-wolontariat-nocy-kultury-2025\/"]}]},{"@type":"ImageObject","inLanguage":"pl-PL","@id":"https:\/\/nockultury.pl\/pl\/zostan-menadzerem-menadzerka-strefy-wydarzen-wolontariat-nocy-kultury-2025\/#primaryimage","url":"https:\/\/nockultury.pl\/wp-content\/uploads\/2025\/02\/menago_kwadrat.webp","contentUrl":"https:\/\/nockultury.pl\/wp-content\/uploads\/2025\/02\/menago_kwadrat.webp","width":1080,"height":1080,"caption":"Dziewczyny trzymaj\u0105 balony w kszta\u0142cie liter. Napis: zosta\u0144 menad\u017cerk\u0105\/em strefy wydarze\u0144."},{"@type":"BreadcrumbList","@id":"https:\/\/nockultury.pl\/pl\/zostan-menadzerem-menadzerka-strefy-wydarzen-wolontariat-nocy-kultury-2025\/#breadcrumb","itemListElement":[{"@type":"ListItem","position":1,"name":"Strona g\u0142\u00f3wna","item":"https:\/\/nockultury.pl\/pl\/"},{"@type":"ListItem","position":2,"name":"Zosta\u0144 menad\u017cerem\/menad\u017cerk\u0105 strefy wydarze\u0144! | Wolontariat Nocy Kultury"}]},{"@type":"WebSite","@id":"https:\/\/nockultury.pl\/pl\/#website","url":"https:\/\/nockultury.pl\/pl\/","name":"Noc Kultury","description":"Lublin, Stare Miasto | wst\u0119p wolny","publisher":{"@id":"https:\/\/nockultury.pl\/pl\/#organization"},"potentialAction":[{"@type":"SearchAction","target":{"@type":"EntryPoint","urlTemplate":"https:\/\/nockultury.pl\/pl\/?s={search_term_string}"},"query-input":{"@type":"PropertyValueSpecification","valueRequired":true,"valueName":"search_term_string"}}],"inLanguage":"pl-PL"},{"@type":"Organization","@id":"https:\/\/nockultury.pl\/pl\/#organization","name":"Warsztaty Kultury w Lublinie","url":"https:\/\/nockultury.pl\/pl\/","logo":{"@type":"ImageObject","inLanguage":"pl-PL","@id":"https:\/\/nockultury.pl\/pl\/#\/schema\/logo\/image\/","url":"https:\/\/nockultury.pl\/wp-content\/uploads\/2020\/03\/NOC-KULTURY-LOGO-170.jpg","contentUrl":"https:\/\/nockultury.pl\/wp-content\/uploads\/2020\/03\/NOC-KULTURY-LOGO-170.jpg","width":170,"height":79,"caption":"Warsztaty Kultury w Lublinie"},"image":{"@id":"https:\/\/nockultury.pl\/pl\/#\/schema\/logo\/image\/"},"sameAs":["https:\/\/www.facebook.com\/NocKultury\/","https:\/\/www.instagram.com\/nockultury\/","https:\/\/www.youtube.com\/@videonockultury"]},{"@type":"Person","@id":"https:\/\/nockultury.pl\/pl\/#\/schema\/person\/b455ea53392e5908331cf9642243f21c","name":"Ma\u0142gorzata Stanek","image":{"@type":"ImageObject","inLanguage":"pl-PL","@id":"https:\/\/nockultury.pl\/pl\/#\/schema\/person\/image\/","url":"https:\/\/secure.gravatar.com\/avatar\/45935340e0720354e023c66e68c2c506b7ca3adf6417db0177bb9e832d57e28c?s=96&d=mm&r=g","contentUrl":"https:\/\/secure.gravatar.com\/avatar\/45935340e0720354e023c66e68c2c506b7ca3adf6417db0177bb9e832d57e28c?s=96&d=mm&r=g","caption":"Ma\u0142gorzata Stanek"}}]}},"_links":{"self":[{"href":"https:\/\/nockultury.pl\/pl\/wp-json\/wp\/v2\/posts\/48066","targetHints":{"allow":["GET"]}}],"collection":[{"href":"https:\/\/nockultury.pl\/pl\/wp-json\/wp\/v2\/posts"}],"about":[{"href":"https:\/\/nockultury.pl\/pl\/wp-json\/wp\/v2\/types\/post"}],"author":[{"embeddable":true,"href":"https:\/\/nockultury.pl\/pl\/wp-json\/wp\/v2\/users\/8"}],"replies":[{"embeddable":true,"href":"https:\/\/nockultury.pl\/pl\/wp-json\/wp\/v2\/comments?post=48066"}],"version-history":[{"count":0,"href":"https:\/\/nockultury.pl\/pl\/wp-json\/wp\/v2\/posts\/48066\/revisions"}],"wp:featuredmedia":[{"embeddable":true,"href":"https:\/\/nockultury.pl\/pl\/wp-json\/wp\/v2\/media\/48067"}],"wp:attachment":[{"href":"https:\/\/nockultury.pl\/pl\/wp-json\/wp\/v2\/media?parent=48066"}],"wp:term":[{"taxonomy":"category","embeddable":true,"href":"https:\/\/nockultury.pl\/pl\/wp-json\/wp\/v2\/categories?post=48066"},{"taxonomy":"post_tag","embeddable":true,"href":"https:\/\/nockultury.pl\/pl\/wp-json\/wp\/v2\/tags?post=48066"}],"curies":[{"name":"wp","href":"https:\/\/api.w.org\/{rel}","templated":true}]}}