{"id":48114,"date":"2025-03-20T16:09:32","date_gmt":"2025-03-20T15:09:32","guid":{"rendered":"https:\/\/nockultury.pl\/?p=48114"},"modified":"2025-04-01T13:16:39","modified_gmt":"2025-04-01T11:16:39","slug":"o-s-t-r-gwiazda-sceny-rapu","status":"publish","type":"post","link":"https:\/\/nockultury.pl\/pl\/o-s-t-r-gwiazda-sceny-rapu\/","title":{"rendered":"O.S.T.R. gwiazd\u0105 sceny rapu"},"content":{"rendered":"<p><strong>Adam O.S.T.R. Ostrowski, jeden z najlepszych artyst\u00f3w polskiego hip-hopu, b\u0119dzie gwiazd\u0105 sceny rapu tegorocznej edycji Nocy Kultury (7\/8 czerwca 2025 r., Lublin). Jego koncert poprzedz\u0105 m.in. wyst\u0119py laureatek i laureat\u00f3w konkursu M\u0142ody Rap. <\/strong><\/p>\n<h2>Opis<\/h2>\n<p>O.S.T.R. nale\u017cy do grona najbardziej utalentowanych raper\u00f3w w Polsce. Na krajowej scenie hiphopowej osi\u0105gn\u0105\u0142 ju\u017c niemal wszystko. Jest posiadaczem Diamentowej P\u0142yty za album \u201e\u017bycie po \u015bmierci\u201d, a tak\u017ce 10 platynowych i 7 z\u0142otych p\u0142yt, w tym dw\u00f3ch podw\u00f3jnie platynowych. Na swoim koncie ma te\u017c pi\u0119\u0107 Fryderyk\u00f3w \u2013 nagr\u00f3d przyznawanych przez \u015brodowisko muzyczne. W 2016 r. utw\u00f3r \u201eO robieniu bit\u00f3w\u201d z albumu \u201e7\u201d znalaz\u0142 si\u0119 w podr\u0119czniku do muzyki dla klas sz\u00f3stych szko\u0142y podstawowej.<\/p>\n<p>Artysta debiutowa\u0142 w 2002 r. albumem \u201eMasz to jak w banku\u201d, ale dopiero kolejne wydawnictwa przynios\u0142y mu prawdziw\u0105 popularno\u015b\u0107. Od lat jego muzyka regularnie trafia na szczyty list sprzeda\u017cy, a on sam jest laureatem licznych nagr\u00f3d muzycznych. Do dzi\u015b uznawany jest za jednego z najlepszych producent\u00f3w hip-hopowych w Polsce. W swojej tw\u00f3rczo\u015bci du\u017cy nacisk k\u0142adzie na niezale\u017cno\u015b\u0107 i unikanie zewn\u0119trznych wp\u0142yw\u00f3w. W podk\u0142adach \u0142\u0105czy cz\u0119sto elementy jazzu, soulu oraz klasycznego hip-hopu. Siln\u0105 stron\u0105 s\u0105 te\u017c inteligentne teksty, w kt\u00f3rych nie boi si\u0119 dzieli\u0107 osobistymi do\u015bwiadczeniami.<\/p>\n<p>W maju 2024 r. ukaza\u0142 si\u0119 jego ostatni jak dot\u0105d album zatytu\u0142owany \u201eXX\u201d. P\u0142yta stworzona we wsp\u00f3\u0142pracy z&nbsp;Muzeum II Wojny \u015awiatowej w Gda\u0144sku przenosi s\u0142uchacza do lat 20. ubieg\u0142ego wieku. O.S.T.R. wciela si\u0119 w przeci\u0119tnego mieszka\u0144ca polskiego miasta w dwudziestoleciu mi\u0119dzywojennym rapuj\u0105c o otaczaj\u0105cym go \u015bwiecie w perspektywie naocznego \u015bwiadka tych wydarze\u0144.<\/p>\n<p>&nbsp;<\/p>\n<h2><a href=\"https:\/\/nockultury.pl\/pl\/mlody-rap-nabor-na-noc-kultury-2025\/\"><strong>Mo\u017cesz by\u0107 supportem dla O.S.T.R. Nab\u00f3r trwa do 24 marca!<\/strong><\/a><\/h2>\n<p>Koncert O.S.T.R. poprzedz\u0105 wyst\u0119py laureat\u00f3w i laureatek konkursu \u201eM\u0142ody rap\u201d. Mog\u0105 wzi\u0105\u0107 w nim udzia\u0142 osoby z ca\u0142ej Polski w wieku 18\u201325 lat (indywidualnie lub z zespo\u0142ami), kt\u00f3re tworz\u0105 i wyst\u0119puj\u0105 amatorsko i nie maj\u0105 kontraktu z profesjonaln\u0105 wytw\u00f3rni\u0105 p\u0142ytow\u0105. Tw\u00f3j warsztat oceni\u0105 zesp\u00f3\u0142 Nocy Kultury, a dodatkowe wyr\u00f3\u017cnienia przyznaj\u0105 m.in. ZETENA, \u0141ona, Wi\u015bnia Bakajoko i Junior Stress. Nie czekaj, poka\u017c, co potrafisz!<\/p>\n<p>To niepowtarzalna okazja do pokazania swojego talentu przed wielotysi\u0119czn\u0105 publiczno\u015bci\u0105 festiwalu Nocy Kultury. Wybrani przez jury arty\u015bci i artystki znajd\u0105 si\u0119 w oficjalnym programie Nocy Kultury i otrzymaj\u0105 promocj\u0119 w materia\u0142ach drukowanych, na stronie internetowej oraz w social mediach festiwalu. Po festiwalu dostan\u0105 tak\u017ce pakiet zdj\u0119\u0107 z koncertu, kt\u00f3rych b\u0119d\u0105 mogli u\u017cy\u0107 do dalszej promocji.<\/p>\n<p>Dodatkow\u0105 korzy\u015bci\u0105 jest mo\u017cliwo\u015b\u0107 zapisania si\u0119 na zaj\u0119cia \u201eRap na warsztat\u201d, kt\u00f3re poprowadzi ZETENA, w\u0142a\u015bciciel Studia Nagra\u0144 REDLINE STUDIO, realizator d\u017awi\u0119ku w studio i w terenie.<\/p>\n<p>Zg\u0142oszenia przyjmowane s\u0105 do 24 marca 2025 r. za po\u015brednictwem <a href=\"https:\/\/docs.google.com\/forms\/d\/e\/1FAIpQLSf3KRk2r9gHG4D5mqbAh-1lbGPQETN5qgnxrnr0npKlnWb4Vw\/viewform\">formularza online<\/a> dost\u0119pnego na stronie nockultury.pl.<\/p>\n<p><strong>&nbsp;<\/strong><\/p>\n<h2><strong>O Nocy Kultury<\/strong><\/h2>\n<p>Noc Kultury to kilkaset bezp\u0142atnych wydarze\u0144 artystycznych w przestrzeni publicznej Lublina. To tysi\u0105ce u\u015bmiechni\u0119tych ludzi spaceruj\u0105cych ulicami miasta w poszukiwaniu niezapomnianych wra\u017ce\u0144. To jedyna taka noc w roku, kiedy niemo\u017cliwe staje si\u0119 mo\u017cliwe! Koncerty, instalacje \u015bwietlne, spektakle, pokazy, warsztaty i wiele, wiele innych, wymykaj\u0105cych si\u0119 definicjom. Uczestnicy mog\u0105 prze\u017cy\u0107 kumulacj\u0119 do\u015bwiadcze\u0144 i przyg\u00f3d spakowanych w pakiet siedmiu godzin. Tylko od nich zale\u017cy, czy to b\u0119dzie noc szalonych koncert\u00f3w i spektakli, czy kameralnych spotka\u0144 literackich. Noc Kultury, poprzez instalacje w przestrzeni publicznej, zmienia ca\u0142e ulice nie do poznania: to czas, kiedy mo\u017cna w\u0105cha\u0107 bramy, g\u0142aska\u0107 kud\u0142ate \u015bciany, zagl\u0105da\u0107 przez dziurk\u0119 od klucza do fantastycznych \u015bwiat\u00f3w. Przed wyj\u015bciem koniecznie trzeba na\u0142adowa\u0107 baterie w aparacie!<\/p>\n<h2><strong>Informacje praktyczne:<\/strong><\/h2>\n<p><strong>&nbsp;<\/strong><strong>Noc Kultury<br \/>\n<\/strong>7\/8 czerwca 2025<br \/>\nLublin \u2013 Stare Miasto i \u015ar\u00f3dmie\u015bcie<br \/>\nnockultury.pl<br \/>\nWst\u0119p wolny<\/p>\n<h2>\n<strong>Harmonogram konkursu M\u0142ody rap:<\/strong><\/h2>\n<p><strong>&nbsp;<\/strong><strong>do 24 marca 2025 r<\/strong>. | <a href=\"https:\/\/docs.google.com\/forms\/d\/e\/1FAIpQLSf3KRk2r9gHG4D5mqbAh-1lbGPQETN5qgnxrnr0npKlnWb4Vw\/viewform\" target=\"_blank\" rel=\"noopener\"><strong>nab\u00f3r zg\u0142osze\u0144<\/strong><\/a><br \/>\n<strong>kwiecie\u0144 2025<\/strong> <strong>r.<\/strong> | eliminacje konkursowe<br \/>\n<strong>12 kwietnia 2025 r<\/strong>. | \u201eRap na warsztat:&nbsp;Jak nie kra\u015b\u0107 beat\u00f3w?\u201d<br \/>\n<strong>17 maja 2025 r. | \u201e<\/strong>Rap na warsztat: Jak si\u0119 nagra\u0107?\u201d<br \/>\n<strong>maj 2025<\/strong> r. | wyniki naboru<br \/>\n<strong>7\/8 czerwca 2025<\/strong> <strong>r.<\/strong> \u2013 Scena rapu na Nocy Kultury<\/p>\n","protected":false},"excerpt":{"rendered":"<p>Adam O.S.T.R. Ostrowski, jeden z najlepszych artyst\u00f3w polskiego hip-hopu, b\u0119dzie  [&#8230;]<\/p>\n","protected":false},"author":8,"featured_media":48115,"comment_status":"closed","ping_status":"open","sticky":false,"template":"","format":"standard","meta":{"_acf_changed":false,"ngg_post_thumbnail":0,"footnotes":""},"categories":[1],"tags":[],"class_list":["post-48114","post","type-post","status-publish","format-standard","has-post-thumbnail","hentry","category-bez-kategorii"],"acf":[],"yoast_head":"<!-- This site is optimized with the Yoast SEO plugin v26.1.1 - https:\/\/yoast.com\/wordpress\/plugins\/seo\/ -->\n<title>O.S.T.R. gwiazd\u0105 sceny rapu<\/title>\n<meta name=\"description\" content=\"Adam O.S.T.R. Ostrowski, jeden z najlepszych artyst\u00f3w polskiego hip-hopu, b\u0119dzie gwiazd\u0105 sceny rapu tegorocznej edycji Nocy Kultury\" \/>\n<meta name=\"robots\" content=\"index, follow, max-snippet:-1, max-image-preview:large, max-video-preview:-1\" \/>\n<link rel=\"canonical\" href=\"https:\/\/nockultury.pl\/pl\/o-s-t-r-gwiazda-sceny-rapu\/\" \/>\n<meta property=\"og:locale\" content=\"pl_PL\" \/>\n<meta property=\"og:type\" content=\"article\" \/>\n<meta property=\"og:title\" content=\"O.S.T.R. gwiazd\u0105 sceny rapu\" \/>\n<meta property=\"og:description\" content=\"Adam O.S.T.R. Ostrowski, jeden z najlepszych artyst\u00f3w polskiego hip-hopu, b\u0119dzie gwiazd\u0105 sceny rapu tegorocznej edycji Nocy Kultury\" \/>\n<meta property=\"og:url\" content=\"https:\/\/nockultury.pl\/pl\/o-s-t-r-gwiazda-sceny-rapu\/\" \/>\n<meta property=\"og:site_name\" content=\"Noc Kultury\" \/>\n<meta property=\"article:publisher\" content=\"https:\/\/www.facebook.com\/NocKultury\/\" \/>\n<meta property=\"article:published_time\" content=\"2025-03-20T15:09:32+00:00\" \/>\n<meta property=\"article:modified_time\" content=\"2025-04-01T11:16:39+00:00\" \/>\n<meta property=\"og:image\" content=\"https:\/\/nockultury.pl\/wp-content\/uploads\/2025\/03\/nk_rapsy_ostr_kwadrat_3.png\" \/>\n\t<meta property=\"og:image:width\" content=\"1080\" \/>\n\t<meta property=\"og:image:height\" content=\"1080\" \/>\n\t<meta property=\"og:image:type\" content=\"image\/png\" \/>\n<meta name=\"author\" content=\"Ma\u0142gorzata Stanek\" \/>\n<meta name=\"twitter:card\" content=\"summary_large_image\" \/>\n<meta name=\"twitter:label1\" content=\"Napisane przez\" \/>\n\t<meta name=\"twitter:data1\" content=\"Ma\u0142gorzata Stanek\" \/>\n\t<meta name=\"twitter:label2\" content=\"Szacowany czas czytania\" \/>\n\t<meta name=\"twitter:data2\" content=\"6 minut\" \/>\n<script type=\"application\/ld+json\" class=\"yoast-schema-graph\">{\"@context\":\"https:\/\/schema.org\",\"@graph\":[{\"@type\":\"Article\",\"@id\":\"https:\/\/nockultury.pl\/pl\/o-s-t-r-gwiazda-sceny-rapu\/#article\",\"isPartOf\":{\"@id\":\"https:\/\/nockultury.pl\/pl\/o-s-t-r-gwiazda-sceny-rapu\/\"},\"author\":{\"name\":\"Ma\u0142gorzata Stanek\",\"@id\":\"https:\/\/nockultury.pl\/pl\/#\/schema\/person\/b455ea53392e5908331cf9642243f21c\"},\"headline\":\"O.S.T.R. gwiazd\u0105 sceny rapu\",\"datePublished\":\"2025-03-20T15:09:32+00:00\",\"dateModified\":\"2025-04-01T11:16:39+00:00\",\"mainEntityOfPage\":{\"@id\":\"https:\/\/nockultury.pl\/pl\/o-s-t-r-gwiazda-sceny-rapu\/\"},\"wordCount\":715,\"publisher\":{\"@id\":\"https:\/\/nockultury.pl\/pl\/#organization\"},\"image\":{\"@id\":\"https:\/\/nockultury.pl\/pl\/o-s-t-r-gwiazda-sceny-rapu\/#primaryimage\"},\"thumbnailUrl\":\"https:\/\/nockultury.pl\/wp-content\/uploads\/2025\/03\/nk_rapsy_ostr_kwadrat_3.png\",\"inLanguage\":\"pl-PL\"},{\"@type\":\"WebPage\",\"@id\":\"https:\/\/nockultury.pl\/pl\/o-s-t-r-gwiazda-sceny-rapu\/\",\"url\":\"https:\/\/nockultury.pl\/pl\/o-s-t-r-gwiazda-sceny-rapu\/\",\"name\":\"O.S.T.R. gwiazd\u0105 sceny rapu\",\"isPartOf\":{\"@id\":\"https:\/\/nockultury.pl\/pl\/#website\"},\"primaryImageOfPage\":{\"@id\":\"https:\/\/nockultury.pl\/pl\/o-s-t-r-gwiazda-sceny-rapu\/#primaryimage\"},\"image\":{\"@id\":\"https:\/\/nockultury.pl\/pl\/o-s-t-r-gwiazda-sceny-rapu\/#primaryimage\"},\"thumbnailUrl\":\"https:\/\/nockultury.pl\/wp-content\/uploads\/2025\/03\/nk_rapsy_ostr_kwadrat_3.png\",\"datePublished\":\"2025-03-20T15:09:32+00:00\",\"dateModified\":\"2025-04-01T11:16:39+00:00\",\"description\":\"Adam O.S.T.R. Ostrowski, jeden z najlepszych artyst\u00f3w polskiego hip-hopu, b\u0119dzie gwiazd\u0105 sceny rapu tegorocznej edycji Nocy Kultury\",\"breadcrumb\":{\"@id\":\"https:\/\/nockultury.pl\/pl\/o-s-t-r-gwiazda-sceny-rapu\/#breadcrumb\"},\"inLanguage\":\"pl-PL\",\"potentialAction\":[{\"@type\":\"ReadAction\",\"target\":[\"https:\/\/nockultury.pl\/pl\/o-s-t-r-gwiazda-sceny-rapu\/\"]}]},{\"@type\":\"ImageObject\",\"inLanguage\":\"pl-PL\",\"@id\":\"https:\/\/nockultury.pl\/pl\/o-s-t-r-gwiazda-sceny-rapu\/#primaryimage\",\"url\":\"https:\/\/nockultury.pl\/wp-content\/uploads\/2025\/03\/nk_rapsy_ostr_kwadrat_3.png\",\"contentUrl\":\"https:\/\/nockultury.pl\/wp-content\/uploads\/2025\/03\/nk_rapsy_ostr_kwadrat_3.png\",\"width\":1080,\"height\":1080,\"caption\":\"Grafika z napisem M\u0142ody rap, Noc Kultury 2025. O.S.T.R. Jest na niej zdj\u0119cie m\u0119\u017cczyzny.\"},{\"@type\":\"BreadcrumbList\",\"@id\":\"https:\/\/nockultury.pl\/pl\/o-s-t-r-gwiazda-sceny-rapu\/#breadcrumb\",\"itemListElement\":[{\"@type\":\"ListItem\",\"position\":1,\"name\":\"Strona g\u0142\u00f3wna\",\"item\":\"https:\/\/nockultury.pl\/pl\/\"},{\"@type\":\"ListItem\",\"position\":2,\"name\":\"O.S.T.R. gwiazd\u0105 sceny rapu\"}]},{\"@type\":\"WebSite\",\"@id\":\"https:\/\/nockultury.pl\/pl\/#website\",\"url\":\"https:\/\/nockultury.pl\/pl\/\",\"name\":\"Noc Kultury\",\"description\":\"Lublin, Stare Miasto | wst\u0119p wolny\",\"publisher\":{\"@id\":\"https:\/\/nockultury.pl\/pl\/#organization\"},\"potentialAction\":[{\"@type\":\"SearchAction\",\"target\":{\"@type\":\"EntryPoint\",\"urlTemplate\":\"https:\/\/nockultury.pl\/pl\/?s={search_term_string}\"},\"query-input\":{\"@type\":\"PropertyValueSpecification\",\"valueRequired\":true,\"valueName\":\"search_term_string\"}}],\"inLanguage\":\"pl-PL\"},{\"@type\":\"Organization\",\"@id\":\"https:\/\/nockultury.pl\/pl\/#organization\",\"name\":\"Warsztaty Kultury w Lublinie\",\"url\":\"https:\/\/nockultury.pl\/pl\/\",\"logo\":{\"@type\":\"ImageObject\",\"inLanguage\":\"pl-PL\",\"@id\":\"https:\/\/nockultury.pl\/pl\/#\/schema\/logo\/image\/\",\"url\":\"https:\/\/nockultury.pl\/wp-content\/uploads\/2020\/03\/NOC-KULTURY-LOGO-170.jpg\",\"contentUrl\":\"https:\/\/nockultury.pl\/wp-content\/uploads\/2020\/03\/NOC-KULTURY-LOGO-170.jpg\",\"width\":170,\"height\":79,\"caption\":\"Warsztaty Kultury w Lublinie\"},\"image\":{\"@id\":\"https:\/\/nockultury.pl\/pl\/#\/schema\/logo\/image\/\"},\"sameAs\":[\"https:\/\/www.facebook.com\/NocKultury\/\",\"https:\/\/www.instagram.com\/nockultury\/\",\"https:\/\/www.youtube.com\/@videonockultury\"]},{\"@type\":\"Person\",\"@id\":\"https:\/\/nockultury.pl\/pl\/#\/schema\/person\/b455ea53392e5908331cf9642243f21c\",\"name\":\"Ma\u0142gorzata Stanek\",\"image\":{\"@type\":\"ImageObject\",\"inLanguage\":\"pl-PL\",\"@id\":\"https:\/\/nockultury.pl\/pl\/#\/schema\/person\/image\/\",\"url\":\"https:\/\/secure.gravatar.com\/avatar\/45935340e0720354e023c66e68c2c506b7ca3adf6417db0177bb9e832d57e28c?s=96&d=mm&r=g\",\"contentUrl\":\"https:\/\/secure.gravatar.com\/avatar\/45935340e0720354e023c66e68c2c506b7ca3adf6417db0177bb9e832d57e28c?s=96&d=mm&r=g\",\"caption\":\"Ma\u0142gorzata Stanek\"}}]}<\/script>\n<!-- \/ Yoast SEO plugin. -->","yoast_head_json":{"title":"O.S.T.R. gwiazd\u0105 sceny rapu","description":"Adam O.S.T.R. Ostrowski, jeden z najlepszych artyst\u00f3w polskiego hip-hopu, b\u0119dzie gwiazd\u0105 sceny rapu tegorocznej edycji Nocy Kultury","robots":{"index":"index","follow":"follow","max-snippet":"max-snippet:-1","max-image-preview":"max-image-preview:large","max-video-preview":"max-video-preview:-1"},"canonical":"https:\/\/nockultury.pl\/pl\/o-s-t-r-gwiazda-sceny-rapu\/","og_locale":"pl_PL","og_type":"article","og_title":"O.S.T.R. gwiazd\u0105 sceny rapu","og_description":"Adam O.S.T.R. Ostrowski, jeden z najlepszych artyst\u00f3w polskiego hip-hopu, b\u0119dzie gwiazd\u0105 sceny rapu tegorocznej edycji Nocy Kultury","og_url":"https:\/\/nockultury.pl\/pl\/o-s-t-r-gwiazda-sceny-rapu\/","og_site_name":"Noc Kultury","article_publisher":"https:\/\/www.facebook.com\/NocKultury\/","article_published_time":"2025-03-20T15:09:32+00:00","article_modified_time":"2025-04-01T11:16:39+00:00","og_image":[{"width":1080,"height":1080,"url":"https:\/\/nockultury.pl\/wp-content\/uploads\/2025\/03\/nk_rapsy_ostr_kwadrat_3.png","type":"image\/png"}],"author":"Ma\u0142gorzata Stanek","twitter_card":"summary_large_image","twitter_misc":{"Napisane przez":"Ma\u0142gorzata Stanek","Szacowany czas czytania":"6 minut"},"schema":{"@context":"https:\/\/schema.org","@graph":[{"@type":"Article","@id":"https:\/\/nockultury.pl\/pl\/o-s-t-r-gwiazda-sceny-rapu\/#article","isPartOf":{"@id":"https:\/\/nockultury.pl\/pl\/o-s-t-r-gwiazda-sceny-rapu\/"},"author":{"name":"Ma\u0142gorzata Stanek","@id":"https:\/\/nockultury.pl\/pl\/#\/schema\/person\/b455ea53392e5908331cf9642243f21c"},"headline":"O.S.T.R. gwiazd\u0105 sceny rapu","datePublished":"2025-03-20T15:09:32+00:00","dateModified":"2025-04-01T11:16:39+00:00","mainEntityOfPage":{"@id":"https:\/\/nockultury.pl\/pl\/o-s-t-r-gwiazda-sceny-rapu\/"},"wordCount":715,"publisher":{"@id":"https:\/\/nockultury.pl\/pl\/#organization"},"image":{"@id":"https:\/\/nockultury.pl\/pl\/o-s-t-r-gwiazda-sceny-rapu\/#primaryimage"},"thumbnailUrl":"https:\/\/nockultury.pl\/wp-content\/uploads\/2025\/03\/nk_rapsy_ostr_kwadrat_3.png","inLanguage":"pl-PL"},{"@type":"WebPage","@id":"https:\/\/nockultury.pl\/pl\/o-s-t-r-gwiazda-sceny-rapu\/","url":"https:\/\/nockultury.pl\/pl\/o-s-t-r-gwiazda-sceny-rapu\/","name":"O.S.T.R. gwiazd\u0105 sceny rapu","isPartOf":{"@id":"https:\/\/nockultury.pl\/pl\/#website"},"primaryImageOfPage":{"@id":"https:\/\/nockultury.pl\/pl\/o-s-t-r-gwiazda-sceny-rapu\/#primaryimage"},"image":{"@id":"https:\/\/nockultury.pl\/pl\/o-s-t-r-gwiazda-sceny-rapu\/#primaryimage"},"thumbnailUrl":"https:\/\/nockultury.pl\/wp-content\/uploads\/2025\/03\/nk_rapsy_ostr_kwadrat_3.png","datePublished":"2025-03-20T15:09:32+00:00","dateModified":"2025-04-01T11:16:39+00:00","description":"Adam O.S.T.R. Ostrowski, jeden z najlepszych artyst\u00f3w polskiego hip-hopu, b\u0119dzie gwiazd\u0105 sceny rapu tegorocznej edycji Nocy Kultury","breadcrumb":{"@id":"https:\/\/nockultury.pl\/pl\/o-s-t-r-gwiazda-sceny-rapu\/#breadcrumb"},"inLanguage":"pl-PL","potentialAction":[{"@type":"ReadAction","target":["https:\/\/nockultury.pl\/pl\/o-s-t-r-gwiazda-sceny-rapu\/"]}]},{"@type":"ImageObject","inLanguage":"pl-PL","@id":"https:\/\/nockultury.pl\/pl\/o-s-t-r-gwiazda-sceny-rapu\/#primaryimage","url":"https:\/\/nockultury.pl\/wp-content\/uploads\/2025\/03\/nk_rapsy_ostr_kwadrat_3.png","contentUrl":"https:\/\/nockultury.pl\/wp-content\/uploads\/2025\/03\/nk_rapsy_ostr_kwadrat_3.png","width":1080,"height":1080,"caption":"Grafika z napisem M\u0142ody rap, Noc Kultury 2025. O.S.T.R. Jest na niej zdj\u0119cie m\u0119\u017cczyzny."},{"@type":"BreadcrumbList","@id":"https:\/\/nockultury.pl\/pl\/o-s-t-r-gwiazda-sceny-rapu\/#breadcrumb","itemListElement":[{"@type":"ListItem","position":1,"name":"Strona g\u0142\u00f3wna","item":"https:\/\/nockultury.pl\/pl\/"},{"@type":"ListItem","position":2,"name":"O.S.T.R. gwiazd\u0105 sceny rapu"}]},{"@type":"WebSite","@id":"https:\/\/nockultury.pl\/pl\/#website","url":"https:\/\/nockultury.pl\/pl\/","name":"Noc Kultury","description":"Lublin, Stare Miasto | wst\u0119p wolny","publisher":{"@id":"https:\/\/nockultury.pl\/pl\/#organization"},"potentialAction":[{"@type":"SearchAction","target":{"@type":"EntryPoint","urlTemplate":"https:\/\/nockultury.pl\/pl\/?s={search_term_string}"},"query-input":{"@type":"PropertyValueSpecification","valueRequired":true,"valueName":"search_term_string"}}],"inLanguage":"pl-PL"},{"@type":"Organization","@id":"https:\/\/nockultury.pl\/pl\/#organization","name":"Warsztaty Kultury w Lublinie","url":"https:\/\/nockultury.pl\/pl\/","logo":{"@type":"ImageObject","inLanguage":"pl-PL","@id":"https:\/\/nockultury.pl\/pl\/#\/schema\/logo\/image\/","url":"https:\/\/nockultury.pl\/wp-content\/uploads\/2020\/03\/NOC-KULTURY-LOGO-170.jpg","contentUrl":"https:\/\/nockultury.pl\/wp-content\/uploads\/2020\/03\/NOC-KULTURY-LOGO-170.jpg","width":170,"height":79,"caption":"Warsztaty Kultury w Lublinie"},"image":{"@id":"https:\/\/nockultury.pl\/pl\/#\/schema\/logo\/image\/"},"sameAs":["https:\/\/www.facebook.com\/NocKultury\/","https:\/\/www.instagram.com\/nockultury\/","https:\/\/www.youtube.com\/@videonockultury"]},{"@type":"Person","@id":"https:\/\/nockultury.pl\/pl\/#\/schema\/person\/b455ea53392e5908331cf9642243f21c","name":"Ma\u0142gorzata Stanek","image":{"@type":"ImageObject","inLanguage":"pl-PL","@id":"https:\/\/nockultury.pl\/pl\/#\/schema\/person\/image\/","url":"https:\/\/secure.gravatar.com\/avatar\/45935340e0720354e023c66e68c2c506b7ca3adf6417db0177bb9e832d57e28c?s=96&d=mm&r=g","contentUrl":"https:\/\/secure.gravatar.com\/avatar\/45935340e0720354e023c66e68c2c506b7ca3adf6417db0177bb9e832d57e28c?s=96&d=mm&r=g","caption":"Ma\u0142gorzata Stanek"}}]}},"_links":{"self":[{"href":"https:\/\/nockultury.pl\/pl\/wp-json\/wp\/v2\/posts\/48114","targetHints":{"allow":["GET"]}}],"collection":[{"href":"https:\/\/nockultury.pl\/pl\/wp-json\/wp\/v2\/posts"}],"about":[{"href":"https:\/\/nockultury.pl\/pl\/wp-json\/wp\/v2\/types\/post"}],"author":[{"embeddable":true,"href":"https:\/\/nockultury.pl\/pl\/wp-json\/wp\/v2\/users\/8"}],"replies":[{"embeddable":true,"href":"https:\/\/nockultury.pl\/pl\/wp-json\/wp\/v2\/comments?post=48114"}],"version-history":[{"count":0,"href":"https:\/\/nockultury.pl\/pl\/wp-json\/wp\/v2\/posts\/48114\/revisions"}],"wp:featuredmedia":[{"embeddable":true,"href":"https:\/\/nockultury.pl\/pl\/wp-json\/wp\/v2\/media\/48115"}],"wp:attachment":[{"href":"https:\/\/nockultury.pl\/pl\/wp-json\/wp\/v2\/media?parent=48114"}],"wp:term":[{"taxonomy":"category","embeddable":true,"href":"https:\/\/nockultury.pl\/pl\/wp-json\/wp\/v2\/categories?post=48114"},{"taxonomy":"post_tag","embeddable":true,"href":"https:\/\/nockultury.pl\/pl\/wp-json\/wp\/v2\/tags?post=48114"}],"curies":[{"name":"wp","href":"https:\/\/api.w.org\/{rel}","templated":true}]}}