{"id":48204,"date":"2025-04-03T15:47:40","date_gmt":"2025-04-03T13:47:40","guid":{"rendered":"https:\/\/nockultury.pl\/?p=48204"},"modified":"2025-04-03T15:47:40","modified_gmt":"2025-04-03T13:47:40","slug":"ii-etap-konkursu-mlody-rap","status":"publish","type":"post","link":"https:\/\/nockultury.pl\/pl\/ii-etap-konkursu-mlody-rap\/","title":{"rendered":"II etap konkursu \u201eM\u0142ody rap\u201d"},"content":{"rendered":"<p><strong>&nbsp;<\/strong><strong>Kilkunastu m\u0142odych raper\u00f3w i raperek powalczy w czwartek 10 kwietnia w Teatrze Starym w Lublinie o mo\u017cliwo\u015b\u0107 wyst\u0105pienia na scenie rapu Nocy Kultury przed gwiazd\u0105 wydarzenia \u2013O.S.T.R. Ich warsztat oceni zesp\u00f3\u0142 Nocy Kultury, ale Twoje wsparcie mo\u017ce okaza\u0107 si\u0119 bezcenne. Przyjd\u017a na koncert i odkryj przysz\u0142e gwiazdy hip-hopu. Pocz\u0105tek o godz. 17.00. Wst\u0119p wolny.<\/strong><\/p>\n<h2><strong>&nbsp;Opis<\/strong><\/h2>\n<p>Przes\u0142uchania w Teatrze Starym w Lublinie b\u0119d\u0105 ju\u017c drugim etapem konkursu \u201eM\u0142ody rap\u201d. Dla pocz\u0105tkuj\u0105cych artyst\u00f3w i artystek jest on niepowtarzaln\u0105 okazj\u0105 do pokazania swojego talentu przed wielotysi\u0119czn\u0105 publiczno\u015bci\u0105 festiwalu Noc Kultury. Laureaci i laureatki b\u0119d\u0105 supportem przed O.S.T.R., jedn\u0105 z najwi\u0119kszych i najwa\u017cniejszych postaci sceny rapowej w Polsce. To tak\u017ce niez\u0142a szko\u0142a \u017cycia i szansa wyst\u0119pu na profesjonalnej scenie.<\/p>\n<p>Zwyci\u0119zcy i zwyci\u0119\u017cczynie konkursowych przes\u0142ucha\u0144 znajd\u0105 si\u0119 w oficjalnym programie Nocy Kultury i otrzymaj\u0105 promocj\u0119 w materia\u0142ach drukowanych, na stronie internetowej oraz w social mediach festiwalu. Po festiwalu organizatorzy udost\u0119pni\u0105 im tak\u017ce pakiet zdj\u0119\u0107 z koncertu, kt\u00f3rych b\u0119d\u0105 mogli u\u017cy\u0107 do dalszej promocji.<\/p>\n<p>&nbsp;To ju\u017c trzecia edycja naszego konkursu, kt\u00f3ry z roku na rok cieszy si\u0119 coraz wi\u0119ksz\u0105 popularno\u015bci\u0105. Z kilkudziesi\u0119ciu zg\u0142osze\u0144 wybrali\u015bmy tym razem fina\u0142ow\u0105 pi\u0119tnastk\u0119 artyst\u00f3w i artystek, kt\u00f3rzy powalcz\u0105 w Teatrze Starym o mo\u017cliwo\u015b\u0107 wyst\u0119pu na profesjonalnej scenie podczas Nocy Kultury. Jeste\u015bmy bardzo ciekawi, jak poradz\u0105 sobie ze swoim repertuarem. Kto wie, czy na naszych oczach nie narodzi si\u0119 za chwil\u0119 nowa gwiazda hip-hopu.<\/p>\n<p>W czwartkowym koncercie o wyst\u0119p na scenie rapu Nocy Kultury powalcz\u0105:<\/p>\n<p>\u2013 AJURSI<br \/>\n\u2013 Aszur<br \/>\n\u2013 Bambus<br \/>\n\u2013 Czelentano<br \/>\n\u2013 Jan Maci\u0105g<br \/>\n\u2013 Julox<br \/>\n\u2013 MZM<br \/>\n\u2013 Pablo RMG<br \/>\n\u2013 Panus<br \/>\n\u2013 POV<br \/>\n\u2013 Szerry<br \/>\n\u2013 Trip2Ghetto<br \/>\n\u2013 Whosmyk<br \/>\n\u2013 Wiksji<br \/>\n\u2013 Wlazix<\/p>\n<p>Dodatkowe wyr\u00f3\u017cnienia uczestnikom i uczestniczkom przes\u0142ucha\u0144 przyznaj\u0105 te\u017c ZETENA, \u0141ona, Wi\u015bnia Bakajoko i Junior Stress.<\/p>\n<h2>\n<strong>Informacje praktyczne<\/strong><\/h2>\n<p><strong>Kiedy:<\/strong> 10 kwietnia 2025 (czwartek), godz. 17.00\u201320.00<br \/>\n<strong>Gdzie:<\/strong> Teatr Stary w Lublinie, ul. Jezuicka 18<br \/>\n<strong>Wst\u0119p wolny<\/strong><\/p>\n<p>&nbsp;<\/p>\n<h2><strong>O gwie\u017adzie sceny rapu<\/strong><\/h2>\n<p>O.S.T.R. nale\u017cy do grona najbardziej utalentowanych raper\u00f3w w Polsce. Na krajowej scenie hip-hopowej osi\u0105gn\u0105\u0142 ju\u017c niemal wszystko. Jest posiadaczem Diamentowej P\u0142yty za album \u201e\u017bycie po \u015bmierci\u201d, a tak\u017ce 10 platynowych i 7 z\u0142otych p\u0142yt, w tym dw\u00f3ch podw\u00f3jnie platynowych. Na swoim koncie ma te\u017c pi\u0119\u0107 Fryderyk\u00f3w \u2013 nagr\u00f3d przyznawanych przez \u015brodowisko muzyczne. W 2016 r. utw\u00f3r \u201eO robieniu bit\u00f3w\u201d z albumu \u201e7\u201d znalaz\u0142 si\u0119 w podr\u0119czniku do muzyki dla klas sz\u00f3stych szko\u0142y podstawowej. Od lat jego muzyka regularnie trafia na szczyty list sprzeda\u017cy, a on sam jest laureatem licznych nagr\u00f3d muzycznych. Do dzi\u015b uznaje si\u0119 go za jednego z najlepszych producent\u00f3w hip-hopowych w Polsce. W podk\u0142adach \u0142\u0105czy cz\u0119sto elementy jazzu, soulu oraz klasycznego hip-hopu. Siln\u0105 stron\u0105 s\u0105 te\u017c inteligentne teksty, w kt\u00f3rych nie boi si\u0119 dzieli\u0107 osobistymi do\u015bwiadczeniami.<\/p>\n","protected":false},"excerpt":{"rendered":"<p>&nbsp;Kilkunastu m\u0142odych raper\u00f3w i raperek powalczy w czwartek 10 kwietnia  [&#8230;]<\/p>\n","protected":false},"author":8,"featured_media":48205,"comment_status":"closed","ping_status":"open","sticky":false,"template":"","format":"standard","meta":{"_acf_changed":false,"ngg_post_thumbnail":0,"footnotes":""},"categories":[1],"tags":[],"class_list":["post-48204","post","type-post","status-publish","format-standard","has-post-thumbnail","hentry","category-bez-kategorii"],"acf":[],"yoast_head":"<!-- This site is optimized with the Yoast SEO plugin v26.1.1 - https:\/\/yoast.com\/wordpress\/plugins\/seo\/ -->\n<title>II etap konkursu \u201eM\u0142ody rap\u201d<\/title>\n<meta name=\"description\" content=\"II etap konkursu \u201eM\u0142ody rap\u201d\" \/>\n<meta name=\"robots\" content=\"index, follow, max-snippet:-1, max-image-preview:large, max-video-preview:-1\" \/>\n<link rel=\"canonical\" href=\"https:\/\/nockultury.pl\/pl\/ii-etap-konkursu-mlody-rap\/\" \/>\n<meta property=\"og:locale\" content=\"pl_PL\" \/>\n<meta property=\"og:type\" content=\"article\" \/>\n<meta property=\"og:title\" content=\"II etap konkursu \u201eM\u0142ody rap\u201d\" \/>\n<meta property=\"og:description\" content=\"II etap konkursu \u201eM\u0142ody rap\u201d\" \/>\n<meta property=\"og:url\" content=\"https:\/\/nockultury.pl\/pl\/ii-etap-konkursu-mlody-rap\/\" \/>\n<meta property=\"og:site_name\" content=\"Noc Kultury\" \/>\n<meta property=\"article:publisher\" content=\"https:\/\/www.facebook.com\/NocKultury\/\" \/>\n<meta property=\"article:published_time\" content=\"2025-04-03T13:47:40+00:00\" \/>\n<meta property=\"og:image\" content=\"https:\/\/nockultury.pl\/wp-content\/uploads\/2025\/04\/II_etap_kwadrat_3.png\" \/>\n\t<meta property=\"og:image:width\" content=\"1080\" \/>\n\t<meta property=\"og:image:height\" content=\"1080\" \/>\n\t<meta property=\"og:image:type\" content=\"image\/png\" \/>\n<meta name=\"author\" content=\"Ma\u0142gorzata Stanek\" \/>\n<meta name=\"twitter:card\" content=\"summary_large_image\" \/>\n<meta name=\"twitter:label1\" content=\"Napisane przez\" \/>\n\t<meta name=\"twitter:data1\" content=\"Ma\u0142gorzata Stanek\" \/>\n\t<meta name=\"twitter:label2\" content=\"Szacowany czas czytania\" \/>\n\t<meta name=\"twitter:data2\" content=\"3 minuty\" \/>\n<script type=\"application\/ld+json\" class=\"yoast-schema-graph\">{\"@context\":\"https:\/\/schema.org\",\"@graph\":[{\"@type\":\"Article\",\"@id\":\"https:\/\/nockultury.pl\/pl\/ii-etap-konkursu-mlody-rap\/#article\",\"isPartOf\":{\"@id\":\"https:\/\/nockultury.pl\/pl\/ii-etap-konkursu-mlody-rap\/\"},\"author\":{\"name\":\"Ma\u0142gorzata Stanek\",\"@id\":\"https:\/\/nockultury.pl\/pl\/#\/schema\/person\/b455ea53392e5908331cf9642243f21c\"},\"headline\":\"II etap konkursu \u201eM\u0142ody rap\u201d\",\"datePublished\":\"2025-04-03T13:47:40+00:00\",\"mainEntityOfPage\":{\"@id\":\"https:\/\/nockultury.pl\/pl\/ii-etap-konkursu-mlody-rap\/\"},\"wordCount\":500,\"publisher\":{\"@id\":\"https:\/\/nockultury.pl\/pl\/#organization\"},\"image\":{\"@id\":\"https:\/\/nockultury.pl\/pl\/ii-etap-konkursu-mlody-rap\/#primaryimage\"},\"thumbnailUrl\":\"https:\/\/nockultury.pl\/wp-content\/uploads\/2025\/04\/II_etap_kwadrat_3.png\",\"inLanguage\":\"pl-PL\"},{\"@type\":\"WebPage\",\"@id\":\"https:\/\/nockultury.pl\/pl\/ii-etap-konkursu-mlody-rap\/\",\"url\":\"https:\/\/nockultury.pl\/pl\/ii-etap-konkursu-mlody-rap\/\",\"name\":\"II etap konkursu \u201eM\u0142ody rap\u201d\",\"isPartOf\":{\"@id\":\"https:\/\/nockultury.pl\/pl\/#website\"},\"primaryImageOfPage\":{\"@id\":\"https:\/\/nockultury.pl\/pl\/ii-etap-konkursu-mlody-rap\/#primaryimage\"},\"image\":{\"@id\":\"https:\/\/nockultury.pl\/pl\/ii-etap-konkursu-mlody-rap\/#primaryimage\"},\"thumbnailUrl\":\"https:\/\/nockultury.pl\/wp-content\/uploads\/2025\/04\/II_etap_kwadrat_3.png\",\"datePublished\":\"2025-04-03T13:47:40+00:00\",\"description\":\"II etap konkursu \u201eM\u0142ody rap\u201d\",\"breadcrumb\":{\"@id\":\"https:\/\/nockultury.pl\/pl\/ii-etap-konkursu-mlody-rap\/#breadcrumb\"},\"inLanguage\":\"pl-PL\",\"potentialAction\":[{\"@type\":\"ReadAction\",\"target\":[\"https:\/\/nockultury.pl\/pl\/ii-etap-konkursu-mlody-rap\/\"]}]},{\"@type\":\"ImageObject\",\"inLanguage\":\"pl-PL\",\"@id\":\"https:\/\/nockultury.pl\/pl\/ii-etap-konkursu-mlody-rap\/#primaryimage\",\"url\":\"https:\/\/nockultury.pl\/wp-content\/uploads\/2025\/04\/II_etap_kwadrat_3.png\",\"contentUrl\":\"https:\/\/nockultury.pl\/wp-content\/uploads\/2025\/04\/II_etap_kwadrat_3.png\",\"width\":1080,\"height\":1080,\"caption\":\"Grafika z napisem: M\u0142ody rap noc Kultury 2025, II etap konkursu.\"},{\"@type\":\"BreadcrumbList\",\"@id\":\"https:\/\/nockultury.pl\/pl\/ii-etap-konkursu-mlody-rap\/#breadcrumb\",\"itemListElement\":[{\"@type\":\"ListItem\",\"position\":1,\"name\":\"Strona g\u0142\u00f3wna\",\"item\":\"https:\/\/nockultury.pl\/pl\/\"},{\"@type\":\"ListItem\",\"position\":2,\"name\":\"II etap konkursu \u201eM\u0142ody rap\u201d\"}]},{\"@type\":\"WebSite\",\"@id\":\"https:\/\/nockultury.pl\/pl\/#website\",\"url\":\"https:\/\/nockultury.pl\/pl\/\",\"name\":\"Noc Kultury\",\"description\":\"Lublin, Stare Miasto | wst\u0119p wolny\",\"publisher\":{\"@id\":\"https:\/\/nockultury.pl\/pl\/#organization\"},\"potentialAction\":[{\"@type\":\"SearchAction\",\"target\":{\"@type\":\"EntryPoint\",\"urlTemplate\":\"https:\/\/nockultury.pl\/pl\/?s={search_term_string}\"},\"query-input\":{\"@type\":\"PropertyValueSpecification\",\"valueRequired\":true,\"valueName\":\"search_term_string\"}}],\"inLanguage\":\"pl-PL\"},{\"@type\":\"Organization\",\"@id\":\"https:\/\/nockultury.pl\/pl\/#organization\",\"name\":\"Warsztaty Kultury w Lublinie\",\"url\":\"https:\/\/nockultury.pl\/pl\/\",\"logo\":{\"@type\":\"ImageObject\",\"inLanguage\":\"pl-PL\",\"@id\":\"https:\/\/nockultury.pl\/pl\/#\/schema\/logo\/image\/\",\"url\":\"https:\/\/nockultury.pl\/wp-content\/uploads\/2020\/03\/NOC-KULTURY-LOGO-170.jpg\",\"contentUrl\":\"https:\/\/nockultury.pl\/wp-content\/uploads\/2020\/03\/NOC-KULTURY-LOGO-170.jpg\",\"width\":170,\"height\":79,\"caption\":\"Warsztaty Kultury w Lublinie\"},\"image\":{\"@id\":\"https:\/\/nockultury.pl\/pl\/#\/schema\/logo\/image\/\"},\"sameAs\":[\"https:\/\/www.facebook.com\/NocKultury\/\",\"https:\/\/www.instagram.com\/nockultury\/\",\"https:\/\/www.youtube.com\/@videonockultury\"]},{\"@type\":\"Person\",\"@id\":\"https:\/\/nockultury.pl\/pl\/#\/schema\/person\/b455ea53392e5908331cf9642243f21c\",\"name\":\"Ma\u0142gorzata Stanek\",\"image\":{\"@type\":\"ImageObject\",\"inLanguage\":\"pl-PL\",\"@id\":\"https:\/\/nockultury.pl\/pl\/#\/schema\/person\/image\/\",\"url\":\"https:\/\/secure.gravatar.com\/avatar\/45935340e0720354e023c66e68c2c506b7ca3adf6417db0177bb9e832d57e28c?s=96&d=mm&r=g\",\"contentUrl\":\"https:\/\/secure.gravatar.com\/avatar\/45935340e0720354e023c66e68c2c506b7ca3adf6417db0177bb9e832d57e28c?s=96&d=mm&r=g\",\"caption\":\"Ma\u0142gorzata Stanek\"}}]}<\/script>\n<!-- \/ Yoast SEO plugin. -->","yoast_head_json":{"title":"II etap konkursu \u201eM\u0142ody rap\u201d","description":"II etap konkursu \u201eM\u0142ody rap\u201d","robots":{"index":"index","follow":"follow","max-snippet":"max-snippet:-1","max-image-preview":"max-image-preview:large","max-video-preview":"max-video-preview:-1"},"canonical":"https:\/\/nockultury.pl\/pl\/ii-etap-konkursu-mlody-rap\/","og_locale":"pl_PL","og_type":"article","og_title":"II etap konkursu \u201eM\u0142ody rap\u201d","og_description":"II etap konkursu \u201eM\u0142ody rap\u201d","og_url":"https:\/\/nockultury.pl\/pl\/ii-etap-konkursu-mlody-rap\/","og_site_name":"Noc Kultury","article_publisher":"https:\/\/www.facebook.com\/NocKultury\/","article_published_time":"2025-04-03T13:47:40+00:00","og_image":[{"width":1080,"height":1080,"url":"https:\/\/nockultury.pl\/wp-content\/uploads\/2025\/04\/II_etap_kwadrat_3.png","type":"image\/png"}],"author":"Ma\u0142gorzata Stanek","twitter_card":"summary_large_image","twitter_misc":{"Napisane przez":"Ma\u0142gorzata Stanek","Szacowany czas czytania":"3 minuty"},"schema":{"@context":"https:\/\/schema.org","@graph":[{"@type":"Article","@id":"https:\/\/nockultury.pl\/pl\/ii-etap-konkursu-mlody-rap\/#article","isPartOf":{"@id":"https:\/\/nockultury.pl\/pl\/ii-etap-konkursu-mlody-rap\/"},"author":{"name":"Ma\u0142gorzata Stanek","@id":"https:\/\/nockultury.pl\/pl\/#\/schema\/person\/b455ea53392e5908331cf9642243f21c"},"headline":"II etap konkursu \u201eM\u0142ody rap\u201d","datePublished":"2025-04-03T13:47:40+00:00","mainEntityOfPage":{"@id":"https:\/\/nockultury.pl\/pl\/ii-etap-konkursu-mlody-rap\/"},"wordCount":500,"publisher":{"@id":"https:\/\/nockultury.pl\/pl\/#organization"},"image":{"@id":"https:\/\/nockultury.pl\/pl\/ii-etap-konkursu-mlody-rap\/#primaryimage"},"thumbnailUrl":"https:\/\/nockultury.pl\/wp-content\/uploads\/2025\/04\/II_etap_kwadrat_3.png","inLanguage":"pl-PL"},{"@type":"WebPage","@id":"https:\/\/nockultury.pl\/pl\/ii-etap-konkursu-mlody-rap\/","url":"https:\/\/nockultury.pl\/pl\/ii-etap-konkursu-mlody-rap\/","name":"II etap konkursu \u201eM\u0142ody rap\u201d","isPartOf":{"@id":"https:\/\/nockultury.pl\/pl\/#website"},"primaryImageOfPage":{"@id":"https:\/\/nockultury.pl\/pl\/ii-etap-konkursu-mlody-rap\/#primaryimage"},"image":{"@id":"https:\/\/nockultury.pl\/pl\/ii-etap-konkursu-mlody-rap\/#primaryimage"},"thumbnailUrl":"https:\/\/nockultury.pl\/wp-content\/uploads\/2025\/04\/II_etap_kwadrat_3.png","datePublished":"2025-04-03T13:47:40+00:00","description":"II etap konkursu \u201eM\u0142ody rap\u201d","breadcrumb":{"@id":"https:\/\/nockultury.pl\/pl\/ii-etap-konkursu-mlody-rap\/#breadcrumb"},"inLanguage":"pl-PL","potentialAction":[{"@type":"ReadAction","target":["https:\/\/nockultury.pl\/pl\/ii-etap-konkursu-mlody-rap\/"]}]},{"@type":"ImageObject","inLanguage":"pl-PL","@id":"https:\/\/nockultury.pl\/pl\/ii-etap-konkursu-mlody-rap\/#primaryimage","url":"https:\/\/nockultury.pl\/wp-content\/uploads\/2025\/04\/II_etap_kwadrat_3.png","contentUrl":"https:\/\/nockultury.pl\/wp-content\/uploads\/2025\/04\/II_etap_kwadrat_3.png","width":1080,"height":1080,"caption":"Grafika z napisem: M\u0142ody rap noc Kultury 2025, II etap konkursu."},{"@type":"BreadcrumbList","@id":"https:\/\/nockultury.pl\/pl\/ii-etap-konkursu-mlody-rap\/#breadcrumb","itemListElement":[{"@type":"ListItem","position":1,"name":"Strona g\u0142\u00f3wna","item":"https:\/\/nockultury.pl\/pl\/"},{"@type":"ListItem","position":2,"name":"II etap konkursu \u201eM\u0142ody rap\u201d"}]},{"@type":"WebSite","@id":"https:\/\/nockultury.pl\/pl\/#website","url":"https:\/\/nockultury.pl\/pl\/","name":"Noc Kultury","description":"Lublin, Stare Miasto | wst\u0119p wolny","publisher":{"@id":"https:\/\/nockultury.pl\/pl\/#organization"},"potentialAction":[{"@type":"SearchAction","target":{"@type":"EntryPoint","urlTemplate":"https:\/\/nockultury.pl\/pl\/?s={search_term_string}"},"query-input":{"@type":"PropertyValueSpecification","valueRequired":true,"valueName":"search_term_string"}}],"inLanguage":"pl-PL"},{"@type":"Organization","@id":"https:\/\/nockultury.pl\/pl\/#organization","name":"Warsztaty Kultury w Lublinie","url":"https:\/\/nockultury.pl\/pl\/","logo":{"@type":"ImageObject","inLanguage":"pl-PL","@id":"https:\/\/nockultury.pl\/pl\/#\/schema\/logo\/image\/","url":"https:\/\/nockultury.pl\/wp-content\/uploads\/2020\/03\/NOC-KULTURY-LOGO-170.jpg","contentUrl":"https:\/\/nockultury.pl\/wp-content\/uploads\/2020\/03\/NOC-KULTURY-LOGO-170.jpg","width":170,"height":79,"caption":"Warsztaty Kultury w Lublinie"},"image":{"@id":"https:\/\/nockultury.pl\/pl\/#\/schema\/logo\/image\/"},"sameAs":["https:\/\/www.facebook.com\/NocKultury\/","https:\/\/www.instagram.com\/nockultury\/","https:\/\/www.youtube.com\/@videonockultury"]},{"@type":"Person","@id":"https:\/\/nockultury.pl\/pl\/#\/schema\/person\/b455ea53392e5908331cf9642243f21c","name":"Ma\u0142gorzata Stanek","image":{"@type":"ImageObject","inLanguage":"pl-PL","@id":"https:\/\/nockultury.pl\/pl\/#\/schema\/person\/image\/","url":"https:\/\/secure.gravatar.com\/avatar\/45935340e0720354e023c66e68c2c506b7ca3adf6417db0177bb9e832d57e28c?s=96&d=mm&r=g","contentUrl":"https:\/\/secure.gravatar.com\/avatar\/45935340e0720354e023c66e68c2c506b7ca3adf6417db0177bb9e832d57e28c?s=96&d=mm&r=g","caption":"Ma\u0142gorzata Stanek"}}]}},"_links":{"self":[{"href":"https:\/\/nockultury.pl\/pl\/wp-json\/wp\/v2\/posts\/48204","targetHints":{"allow":["GET"]}}],"collection":[{"href":"https:\/\/nockultury.pl\/pl\/wp-json\/wp\/v2\/posts"}],"about":[{"href":"https:\/\/nockultury.pl\/pl\/wp-json\/wp\/v2\/types\/post"}],"author":[{"embeddable":true,"href":"https:\/\/nockultury.pl\/pl\/wp-json\/wp\/v2\/users\/8"}],"replies":[{"embeddable":true,"href":"https:\/\/nockultury.pl\/pl\/wp-json\/wp\/v2\/comments?post=48204"}],"version-history":[{"count":0,"href":"https:\/\/nockultury.pl\/pl\/wp-json\/wp\/v2\/posts\/48204\/revisions"}],"wp:featuredmedia":[{"embeddable":true,"href":"https:\/\/nockultury.pl\/pl\/wp-json\/wp\/v2\/media\/48205"}],"wp:attachment":[{"href":"https:\/\/nockultury.pl\/pl\/wp-json\/wp\/v2\/media?parent=48204"}],"wp:term":[{"taxonomy":"category","embeddable":true,"href":"https:\/\/nockultury.pl\/pl\/wp-json\/wp\/v2\/categories?post=48204"},{"taxonomy":"post_tag","embeddable":true,"href":"https:\/\/nockultury.pl\/pl\/wp-json\/wp\/v2\/tags?post=48204"}],"curies":[{"name":"wp","href":"https:\/\/api.w.org\/{rel}","templated":true}]}}