{"id":48669,"date":"2025-05-12T13:16:29","date_gmt":"2025-05-12T11:16:29","guid":{"rendered":"https:\/\/nockultury.pl\/?p=48669"},"modified":"2025-05-12T13:22:58","modified_gmt":"2025-05-12T11:22:58","slug":"noc-kultury-2025-czy-odnajdziesz-te-atrakcje-w-przestrzeni-miasta","status":"publish","type":"post","link":"https:\/\/nockultury.pl\/pl\/noc-kultury-2025-czy-odnajdziesz-te-atrakcje-w-przestrzeni-miasta\/","title":{"rendered":"Noc Kultury 2025. Czy odnajdziesz te atrakcje w przestrzeni miasta?"},"content":{"rendered":"<p><strong>Noc Kultury (7\/8 czerwca) to wielkie \u015bwietlne instalacje,&nbsp; muzyczne sceny i spektakularne widowiska na placach Lublina, ale nie tylko&#8230; Jak co roku&nbsp; szykujemy wiele mniejszych, r\u00f3wnie ciekawych, ale trudniejszych do odnalezienia w g\u0105szczu atrakcji i licznej publiczno\u015bci punkt\u00f3w programu. To plan dla koneser\u00f3w i koneserek Nocy Kultury, kt\u00f3rych ciesz\u0105 ma\u0142e rzeczy, maj\u0105 wyczulony wzrok na urocze niespodzianki poukrywane w zakamarkach Starego Miasta i chc\u0105 zajrze\u0107 tam, gdzie inni mog\u0105 nie trafi\u0107. Oto lista nocokulturowych smaczk\u00f3w.<\/strong><\/p>\n<h2><strong>Zagadkowe lokalizacje<\/strong><\/h2>\n<p>Podczas nocokulturowego spaceru warto dok\u0142adnie si\u0119 rozgl\u0105da\u0107. W programie festiwalu jest kilka atrakcji, do kt\u00f3rych organizatorzy celowo nie podali lokalizacji. Rozsiane po Starym Mie\u015bcie, ukryte w bramach, zau\u0142kach i dziurach w murze. Czy je dostrze\u017cesz?&nbsp;<\/p>\n<p>Instalacj\u0105 dla os\u00f3b, kt\u00f3re lubi\u0105 zabaw\u0119 w chowanego, b\u0119d\u0105 <a href=\"https:\/\/nockultury.pl\/pl\/events\/speech-balloons-instalacja-interaktywna-produkcja-specjalna-warsztatow-kultury-w-lublinie\/\"><strong>speech balloons<\/strong><\/a> przygotowane dla publiczno\u015bci festiwalu przez Warsztaty Kultury. To komiksowe dymki z r\u00f3\u017cnymi has\u0142ami powieszone w przestrzeni Starego Miasta w Lublinie! Zdj\u0119cie z nimi b\u0119dzie doskona\u0142\u0105 pami\u0105tk\u0105 z tej niezwyk\u0142ej nocy.<\/p>\n<p>Do poszukiwa\u0144 zaprosz\u0105 nas te\u017c studenci i studentki Grafiki Wydzia\u0142u Artystycznego UMCS. Pod os\u0142on\u0105 nocy z pracowni Andrzeja poucieka\u0142y wszystkie koty! Teraz rozbiegane po zau\u0142kach Starego Miasta czekaj\u0105, a\u017c kto\u015b je odnajdzie. Nie zapomnij wzi\u0105\u0107 ulotki \u2013 pomo\u017ce Ci w poszukiwaniach kocich uciekinier\u00f3w! A je\u015bli chcesz doda\u0107 to wydarzenie do ulubionych na stronie nockultury.pl, wyszukaj <a href=\"https:\/\/nockultury.pl\/pl\/events\/koty-zaginely-instalacja-grupa-studentek-iv-roku-grafiki-isp-wydzialu-artystycznego-umcs-w-lublinie-pod-opieka-dr-hab-szt-barbary-niscior\/\"><strong>Koty zagin\u0119\u0142y!<\/strong><\/a><\/p>\n<p>Pok\u00f3j, dobro, sens \u2013 to <a href=\"https:\/\/nockultury.pl\/pl\/events\/cieple-slowa-otulanie-wloczka\/\"><strong>dobre, ciep\u0142e s\u0142owa<\/strong><\/a>, a podczas Nocy Kultury jeszcze cieplejsze, bo wydziergane przez <strong>Otulanie w\u0142\u00f3czk\u0105 <\/strong>z puchatych w\u0142\u00f3czek. Gdy zmarzniesz podczas nocnego spaceru, rozgl\u0105daj si\u0119 po staromiejskich zakamarkach w ich poszukiwaniu.<\/p>\n<h2><strong>Bi\u017cuteryjne instalacje<\/strong><\/h2>\n<p>Do tej kategorii warto za\u0142o\u017cy\u0107 okulary lub wyci\u0105gn\u0105\u0107 z torebki lup\u0119. Mo\u017cna ich bowiem nie zauwa\u017cy\u0107. Jedn\u0105 z takich instalacji s\u0105<a href=\"https:\/\/nockultury.pl\/pl\/events\/skarby-zycia-instalacja-oleksandra-yakovenko\/\"><strong> Skarby \u017cycia <\/strong><\/a>autorstwa Oleksandry Yakovenko. To miniaturowe domki, kt\u00f3re zamieszkuj\u0105 symboliczne stworzenia. Jakie? Czy \u017cyj\u0105 ze sob\u0105 w zgodzie? Sprawd\u017a to podczas festiwalu.<\/p>\n<p>Wielko\u015bci ceg\u0142y b\u0119d\u0105 te\u017c<a href=\"https:\/\/nockultury.pl\/pl\/events\/lubelskie-legendy-z-klockow-lego-instalacja-michala-chmielowski-jaskierthebard\/\"><strong> Lubelskie legendy z klock\u00f3w LEGO<\/strong><\/a> stworzone przez Micha\u0142a Chmielowskiego. To autorska interpretacja trzech lubelskich legend wykonana specjalnie na tegoroczn\u0105 Noc Kultury.<\/p>\n<p>Do miniaturowych instalacji zalicza si\u0119 tak\u017ce<a href=\"https:\/\/nockultury.pl\/pl\/events\/wioska-relacji-instalacja-aleksandra-parka-patrycja-pycka-wioletta-filipek-gabriela-kwasniewska-alicja-maszerowska-patrycja-sitkowska\/\"> <strong>Wioska relacji<\/strong><\/a>, nad kt\u00f3r\u0105 pracuj\u0105 Aleksandra Parka, Patrycja Pycka, Wioletta Filipek, Gabriela Kwa\u015bniewska, Alicja Maszerowska oraz Patrycja Sitkowska. Jacy mieszka\u0144cy kryj\u0105 si\u0119 w Lublinie? Podczas tegorocznej Nocy Kultury spr\u00f3buj dostrzec tak\u017ce tych najmniejszych, kryj\u0105cych si\u0119 w \u015bcianach kamienicy i pozw\u00f3l si\u0119 wci\u0105gn\u0105\u0107 do ich malutkiego \u015bwiata.<\/p>\n<p>Podczas Nocy Kultury warto tak\u017ce rozejrze\u0107 za najmniejszym muralem, jaki powstanie w Lublinie. <a href=\"https:\/\/nockultury.pl\/pl\/events\/dorozka-mural-mykhailo-levchenko\/\"><strong>Doro\u017cka Mykhaila Levchenko<\/strong><\/a> to niewielki malunek w ho\u0142dzie lubelskim doro\u017ckarzom, kt\u00f3rych w Lublinie by\u0142o niegdy\u015b bardzo du\u017co.<\/p>\n<p><strong>W \u015brodku staromiejskich kamienic&nbsp; <\/strong><\/p>\n<p>Nie s\u0105 daleko, ale nie napotkamy ich, spaceruj\u0105c po g\u0142\u00f3wnej ulicy Starego Miasta w Lublinie. \u017beby je zobaczy\u0107, trzeba wej\u015b\u0107 do \u015brodka mijanych kamienic. Oto kilka wydarze\u0144, do kt\u00f3rych bez adresu nie trafimy:<\/p>\n<p><strong><a href=\"https:\/\/nockultury.pl\/pl\/events\/harmonia-kolorow-i-slow-wysawa-ewelina-zajaczkowska\/\">Harmonia kolor\u00f3w i s\u0142\u00f3w<\/a> <\/strong>to wystawa akwareli Eweliny Zaj\u0105czkowskiej, inspirowanych poezj\u0105 haiku Piotra Zieniuka. Pracom b\u0119d\u0105 towarzyszy\u0107 wiersze, co stworzy unikaln\u0105, multisensoryczn\u0105 przestrze\u0144 w Galerii Gardzienice przy ul. Grodzka 5a.<\/p>\n<p>Nieopodal, bo w Centrum Inspiracji Turystycznej przy ul. Jezuickiej 1\/3 znajdziemy wystaw\u0119 pod tytu\u0142em <a href=\"https:\/\/nockultury.pl\/pl\/events\/tymczasem-w-alternatywnej-rzeczywistosci-czesc-druga-telegazeta-michal-jadczak-teatr-wschodni\/\"><strong>Tymczasem w alternatywnej rzeczywisto\u015bci cz\u0119\u015b\u0107 druga: \u201eTelegazeta\u201d<\/strong><\/a>, za kt\u00f3r\u0105 odpowiedzialni s\u0105 Teatr Wschodni oraz Micha\u0142 Jadczak. Cykl charakteryzuje si\u0119 mocno ironicznym i sarkastycznym spojrzeniem na szeroko rozumian\u0105 \u201elubelsko\u015b\u0107\u201d, w szczeg\u00f3lno\u015bci na to, co tak naprawd\u0119 na ni\u0105 si\u0119 sk\u0142ada i co reprezentuje ona sob\u0105 na zewn\u0105trz.<\/p>\n<p>A co powiesz na to, \u017ceby wyskoczy\u0107 z t\u0142umu zwiedzaj\u0105cych i zanurzy\u0107 si\u0119 na chwil\u0119 w wiklinie? Ga\u0142\u0105zki wikliny otaczaj\u0105ce mog\u0105 da\u0107 Ci chwile wytchnienia i relaksu w czasie tej intensywnej nocy. Mog\u0105 by\u0107 te\u017c form\u0105 drobnego szale\u0144stwa i niestandardowym okryciem g\u0142owy. Korzystaj wed\u0142ug w\u0142asnych potrzeb! Instalacj\u0119 pod nazw\u0105<a href=\"https:\/\/nockultury.pl\/pl\/events\/z-glowa-w-wiklinie-instalacja-anny-elsner\/\"> <strong>Z g\u0142ow\u0105 w wiklinie<\/strong><\/a> autorstwa Anny Elsner znajdziesz na Grodzkiej 7 w Warsztatach Kultury w Lublinie. W tej samej lokalizacji wzmocni Twoje wra\u017cenia z kontaktu z natur\u0105 instalacja <a href=\"https:\/\/nockultury.pl\/pl\/events\/jak-trawa-rosnie-slychac-w-calym-miescie-produkcja-specjalna-warsztatow-kultury-w-lublinie\/\"><strong>Jak trawa ro\u015bnie \u2013 s\u0142ycha\u0107 w ca\u0142ym mie\u015bcie , produkcja specjalna&nbsp;<\/strong><\/a> Warsztat\u00f3w Kultury w Lublinie<\/p>\n<p>To oczywi\u015bcie wyb\u00f3r atrakcji Nocy Kultury. Pe\u0142ny program \u2013 kilkaset wydarze\u0144 tutaj: https:\/\/nockultury.pl\/program-2025<\/p>\n<p><strong>Noc Kultury<\/strong><\/p>\n<p>7\/8 czerwca 2025 r.<br \/>\nLublin \u2013 Stare Miasto i \u015ar\u00f3dmie\u015bcie<\/p>\n<p>Wst\u0119p wolny<\/p>\n<p><strong>Organizatorzy wydarzenia:<br \/>\n<\/strong>Warsztaty Kultury w Lublinie, Instytucja Kultury Miasta Lublin oraz Miasto Lublin.<\/p>\n<p>Patronat honorowy nad projektem obj\u0105\u0142 Prezydent Miasta Lublin \u2013 Krzysztof \u017buk.<\/p>\n<p><strong>Patroni medialni:<\/strong> TVP Kultura, Radio Nowy \u015awiat, Charaktery, TVP 3 Lublin, Polskie Radio Lublin, Gazeta Wyborcza, Kultura Enter<br \/>\n<strong>Sponsorzy:<\/strong> PGE, Per\u0142a \u2013 Browary Lubelskie S.A.<\/p>\n","protected":false},"excerpt":{"rendered":"<p>Noc Kultury (7\/8 czerwca) to wielkie \u015bwietlne instalacje,&nbsp; muzyczne sceny  [&#8230;]<\/p>\n","protected":false},"author":8,"featured_media":48670,"comment_status":"closed","ping_status":"open","sticky":false,"template":"","format":"standard","meta":{"_acf_changed":false,"ngg_post_thumbnail":0,"footnotes":""},"categories":[1],"tags":[],"class_list":["post-48669","post","type-post","status-publish","format-standard","has-post-thumbnail","hentry","category-bez-kategorii"],"acf":[],"yoast_head":"<!-- This site is optimized with the Yoast SEO plugin v26.1.1 - https:\/\/yoast.com\/wordpress\/plugins\/seo\/ -->\n<title>Noc Kultury 2025. Czy odnajdziesz te atrakcje w przestrzeni miasta? - Noc Kultury<\/title>\n<meta name=\"robots\" content=\"index, follow, max-snippet:-1, max-image-preview:large, max-video-preview:-1\" \/>\n<link rel=\"canonical\" href=\"https:\/\/nockultury.pl\/pl\/noc-kultury-2025-czy-odnajdziesz-te-atrakcje-w-przestrzeni-miasta\/\" \/>\n<meta property=\"og:locale\" content=\"pl_PL\" \/>\n<meta property=\"og:type\" content=\"article\" \/>\n<meta property=\"og:title\" content=\"Noc Kultury 2025. Czy odnajdziesz te atrakcje w przestrzeni miasta? - Noc Kultury\" \/>\n<meta property=\"og:description\" content=\"Noc Kultury (7\/8 czerwca) to wielkie \u015bwietlne instalacje,&nbsp; muzyczne sceny [...]\" \/>\n<meta property=\"og:url\" content=\"https:\/\/nockultury.pl\/pl\/noc-kultury-2025-czy-odnajdziesz-te-atrakcje-w-przestrzeni-miasta\/\" \/>\n<meta property=\"og:site_name\" content=\"Noc Kultury\" \/>\n<meta property=\"article:publisher\" content=\"https:\/\/www.facebook.com\/NocKultury\/\" \/>\n<meta property=\"article:published_time\" content=\"2025-05-12T11:16:29+00:00\" \/>\n<meta property=\"article:modified_time\" content=\"2025-05-12T11:22:58+00:00\" \/>\n<meta property=\"og:image\" content=\"https:\/\/nockultury.pl\/wp-content\/uploads\/2025\/05\/fot._Katarzyna_Anna_Kubiak_1.webp\" \/>\n\t<meta property=\"og:image:width\" content=\"1920\" \/>\n\t<meta property=\"og:image:height\" content=\"1282\" \/>\n\t<meta property=\"og:image:type\" content=\"image\/webp\" \/>\n<meta name=\"author\" content=\"Ma\u0142gorzata Stanek\" \/>\n<meta name=\"twitter:card\" content=\"summary_large_image\" \/>\n<meta name=\"twitter:label1\" content=\"Napisane przez\" \/>\n\t<meta name=\"twitter:data1\" content=\"Ma\u0142gorzata Stanek\" \/>\n\t<meta name=\"twitter:label2\" content=\"Szacowany czas czytania\" \/>\n\t<meta name=\"twitter:data2\" content=\"5 minut\" \/>\n<script type=\"application\/ld+json\" class=\"yoast-schema-graph\">{\"@context\":\"https:\/\/schema.org\",\"@graph\":[{\"@type\":\"Article\",\"@id\":\"https:\/\/nockultury.pl\/pl\/noc-kultury-2025-czy-odnajdziesz-te-atrakcje-w-przestrzeni-miasta\/#article\",\"isPartOf\":{\"@id\":\"https:\/\/nockultury.pl\/pl\/noc-kultury-2025-czy-odnajdziesz-te-atrakcje-w-przestrzeni-miasta\/\"},\"author\":{\"name\":\"Ma\u0142gorzata Stanek\",\"@id\":\"https:\/\/nockultury.pl\/pl\/#\/schema\/person\/b455ea53392e5908331cf9642243f21c\"},\"headline\":\"Noc Kultury 2025. Czy odnajdziesz te atrakcje w przestrzeni miasta?\",\"datePublished\":\"2025-05-12T11:16:29+00:00\",\"dateModified\":\"2025-05-12T11:22:58+00:00\",\"mainEntityOfPage\":{\"@id\":\"https:\/\/nockultury.pl\/pl\/noc-kultury-2025-czy-odnajdziesz-te-atrakcje-w-przestrzeni-miasta\/\"},\"wordCount\":800,\"publisher\":{\"@id\":\"https:\/\/nockultury.pl\/pl\/#organization\"},\"image\":{\"@id\":\"https:\/\/nockultury.pl\/pl\/noc-kultury-2025-czy-odnajdziesz-te-atrakcje-w-przestrzeni-miasta\/#primaryimage\"},\"thumbnailUrl\":\"https:\/\/nockultury.pl\/wp-content\/uploads\/2025\/05\/fot._Katarzyna_Anna_Kubiak_1.webp\",\"inLanguage\":\"pl-PL\"},{\"@type\":\"WebPage\",\"@id\":\"https:\/\/nockultury.pl\/pl\/noc-kultury-2025-czy-odnajdziesz-te-atrakcje-w-przestrzeni-miasta\/\",\"url\":\"https:\/\/nockultury.pl\/pl\/noc-kultury-2025-czy-odnajdziesz-te-atrakcje-w-przestrzeni-miasta\/\",\"name\":\"Noc Kultury 2025. Czy odnajdziesz te atrakcje w przestrzeni miasta? - Noc Kultury\",\"isPartOf\":{\"@id\":\"https:\/\/nockultury.pl\/pl\/#website\"},\"primaryImageOfPage\":{\"@id\":\"https:\/\/nockultury.pl\/pl\/noc-kultury-2025-czy-odnajdziesz-te-atrakcje-w-przestrzeni-miasta\/#primaryimage\"},\"image\":{\"@id\":\"https:\/\/nockultury.pl\/pl\/noc-kultury-2025-czy-odnajdziesz-te-atrakcje-w-przestrzeni-miasta\/#primaryimage\"},\"thumbnailUrl\":\"https:\/\/nockultury.pl\/wp-content\/uploads\/2025\/05\/fot._Katarzyna_Anna_Kubiak_1.webp\",\"datePublished\":\"2025-05-12T11:16:29+00:00\",\"dateModified\":\"2025-05-12T11:22:58+00:00\",\"breadcrumb\":{\"@id\":\"https:\/\/nockultury.pl\/pl\/noc-kultury-2025-czy-odnajdziesz-te-atrakcje-w-przestrzeni-miasta\/#breadcrumb\"},\"inLanguage\":\"pl-PL\",\"potentialAction\":[{\"@type\":\"ReadAction\",\"target\":[\"https:\/\/nockultury.pl\/pl\/noc-kultury-2025-czy-odnajdziesz-te-atrakcje-w-przestrzeni-miasta\/\"]}]},{\"@type\":\"ImageObject\",\"inLanguage\":\"pl-PL\",\"@id\":\"https:\/\/nockultury.pl\/pl\/noc-kultury-2025-czy-odnajdziesz-te-atrakcje-w-przestrzeni-miasta\/#primaryimage\",\"url\":\"https:\/\/nockultury.pl\/wp-content\/uploads\/2025\/05\/fot._Katarzyna_Anna_Kubiak_1.webp\",\"contentUrl\":\"https:\/\/nockultury.pl\/wp-content\/uploads\/2025\/05\/fot._Katarzyna_Anna_Kubiak_1.webp\",\"width\":1920,\"height\":1282,\"caption\":\"Instalacja podczas Nocy Kultury. To z\u0142ote \u0142ab\u0119dzie z papieru.\"},{\"@type\":\"BreadcrumbList\",\"@id\":\"https:\/\/nockultury.pl\/pl\/noc-kultury-2025-czy-odnajdziesz-te-atrakcje-w-przestrzeni-miasta\/#breadcrumb\",\"itemListElement\":[{\"@type\":\"ListItem\",\"position\":1,\"name\":\"Strona g\u0142\u00f3wna\",\"item\":\"https:\/\/nockultury.pl\/pl\/\"},{\"@type\":\"ListItem\",\"position\":2,\"name\":\"Noc Kultury 2025. Czy odnajdziesz te atrakcje w przestrzeni miasta?\"}]},{\"@type\":\"WebSite\",\"@id\":\"https:\/\/nockultury.pl\/pl\/#website\",\"url\":\"https:\/\/nockultury.pl\/pl\/\",\"name\":\"Noc Kultury\",\"description\":\"Lublin, Stare Miasto | wst\u0119p wolny\",\"publisher\":{\"@id\":\"https:\/\/nockultury.pl\/pl\/#organization\"},\"potentialAction\":[{\"@type\":\"SearchAction\",\"target\":{\"@type\":\"EntryPoint\",\"urlTemplate\":\"https:\/\/nockultury.pl\/pl\/?s={search_term_string}\"},\"query-input\":{\"@type\":\"PropertyValueSpecification\",\"valueRequired\":true,\"valueName\":\"search_term_string\"}}],\"inLanguage\":\"pl-PL\"},{\"@type\":\"Organization\",\"@id\":\"https:\/\/nockultury.pl\/pl\/#organization\",\"name\":\"Warsztaty Kultury w Lublinie\",\"url\":\"https:\/\/nockultury.pl\/pl\/\",\"logo\":{\"@type\":\"ImageObject\",\"inLanguage\":\"pl-PL\",\"@id\":\"https:\/\/nockultury.pl\/pl\/#\/schema\/logo\/image\/\",\"url\":\"https:\/\/nockultury.pl\/wp-content\/uploads\/2020\/03\/NOC-KULTURY-LOGO-170.jpg\",\"contentUrl\":\"https:\/\/nockultury.pl\/wp-content\/uploads\/2020\/03\/NOC-KULTURY-LOGO-170.jpg\",\"width\":170,\"height\":79,\"caption\":\"Warsztaty Kultury w Lublinie\"},\"image\":{\"@id\":\"https:\/\/nockultury.pl\/pl\/#\/schema\/logo\/image\/\"},\"sameAs\":[\"https:\/\/www.facebook.com\/NocKultury\/\",\"https:\/\/www.instagram.com\/nockultury\/\",\"https:\/\/www.youtube.com\/@videonockultury\"]},{\"@type\":\"Person\",\"@id\":\"https:\/\/nockultury.pl\/pl\/#\/schema\/person\/b455ea53392e5908331cf9642243f21c\",\"name\":\"Ma\u0142gorzata Stanek\",\"image\":{\"@type\":\"ImageObject\",\"inLanguage\":\"pl-PL\",\"@id\":\"https:\/\/nockultury.pl\/pl\/#\/schema\/person\/image\/\",\"url\":\"https:\/\/secure.gravatar.com\/avatar\/45935340e0720354e023c66e68c2c506b7ca3adf6417db0177bb9e832d57e28c?s=96&d=mm&r=g\",\"contentUrl\":\"https:\/\/secure.gravatar.com\/avatar\/45935340e0720354e023c66e68c2c506b7ca3adf6417db0177bb9e832d57e28c?s=96&d=mm&r=g\",\"caption\":\"Ma\u0142gorzata Stanek\"}}]}<\/script>\n<!-- \/ Yoast SEO plugin. -->","yoast_head_json":{"title":"Noc Kultury 2025. Czy odnajdziesz te atrakcje w przestrzeni miasta? - Noc Kultury","robots":{"index":"index","follow":"follow","max-snippet":"max-snippet:-1","max-image-preview":"max-image-preview:large","max-video-preview":"max-video-preview:-1"},"canonical":"https:\/\/nockultury.pl\/pl\/noc-kultury-2025-czy-odnajdziesz-te-atrakcje-w-przestrzeni-miasta\/","og_locale":"pl_PL","og_type":"article","og_title":"Noc Kultury 2025. Czy odnajdziesz te atrakcje w przestrzeni miasta? - Noc Kultury","og_description":"Noc Kultury (7\/8 czerwca) to wielkie \u015bwietlne instalacje,&nbsp; muzyczne sceny [...]","og_url":"https:\/\/nockultury.pl\/pl\/noc-kultury-2025-czy-odnajdziesz-te-atrakcje-w-przestrzeni-miasta\/","og_site_name":"Noc Kultury","article_publisher":"https:\/\/www.facebook.com\/NocKultury\/","article_published_time":"2025-05-12T11:16:29+00:00","article_modified_time":"2025-05-12T11:22:58+00:00","og_image":[{"width":1920,"height":1282,"url":"https:\/\/nockultury.pl\/wp-content\/uploads\/2025\/05\/fot._Katarzyna_Anna_Kubiak_1.webp","type":"image\/webp"}],"author":"Ma\u0142gorzata Stanek","twitter_card":"summary_large_image","twitter_misc":{"Napisane przez":"Ma\u0142gorzata Stanek","Szacowany czas czytania":"5 minut"},"schema":{"@context":"https:\/\/schema.org","@graph":[{"@type":"Article","@id":"https:\/\/nockultury.pl\/pl\/noc-kultury-2025-czy-odnajdziesz-te-atrakcje-w-przestrzeni-miasta\/#article","isPartOf":{"@id":"https:\/\/nockultury.pl\/pl\/noc-kultury-2025-czy-odnajdziesz-te-atrakcje-w-przestrzeni-miasta\/"},"author":{"name":"Ma\u0142gorzata Stanek","@id":"https:\/\/nockultury.pl\/pl\/#\/schema\/person\/b455ea53392e5908331cf9642243f21c"},"headline":"Noc Kultury 2025. Czy odnajdziesz te atrakcje w przestrzeni miasta?","datePublished":"2025-05-12T11:16:29+00:00","dateModified":"2025-05-12T11:22:58+00:00","mainEntityOfPage":{"@id":"https:\/\/nockultury.pl\/pl\/noc-kultury-2025-czy-odnajdziesz-te-atrakcje-w-przestrzeni-miasta\/"},"wordCount":800,"publisher":{"@id":"https:\/\/nockultury.pl\/pl\/#organization"},"image":{"@id":"https:\/\/nockultury.pl\/pl\/noc-kultury-2025-czy-odnajdziesz-te-atrakcje-w-przestrzeni-miasta\/#primaryimage"},"thumbnailUrl":"https:\/\/nockultury.pl\/wp-content\/uploads\/2025\/05\/fot._Katarzyna_Anna_Kubiak_1.webp","inLanguage":"pl-PL"},{"@type":"WebPage","@id":"https:\/\/nockultury.pl\/pl\/noc-kultury-2025-czy-odnajdziesz-te-atrakcje-w-przestrzeni-miasta\/","url":"https:\/\/nockultury.pl\/pl\/noc-kultury-2025-czy-odnajdziesz-te-atrakcje-w-przestrzeni-miasta\/","name":"Noc Kultury 2025. Czy odnajdziesz te atrakcje w przestrzeni miasta? - Noc Kultury","isPartOf":{"@id":"https:\/\/nockultury.pl\/pl\/#website"},"primaryImageOfPage":{"@id":"https:\/\/nockultury.pl\/pl\/noc-kultury-2025-czy-odnajdziesz-te-atrakcje-w-przestrzeni-miasta\/#primaryimage"},"image":{"@id":"https:\/\/nockultury.pl\/pl\/noc-kultury-2025-czy-odnajdziesz-te-atrakcje-w-przestrzeni-miasta\/#primaryimage"},"thumbnailUrl":"https:\/\/nockultury.pl\/wp-content\/uploads\/2025\/05\/fot._Katarzyna_Anna_Kubiak_1.webp","datePublished":"2025-05-12T11:16:29+00:00","dateModified":"2025-05-12T11:22:58+00:00","breadcrumb":{"@id":"https:\/\/nockultury.pl\/pl\/noc-kultury-2025-czy-odnajdziesz-te-atrakcje-w-przestrzeni-miasta\/#breadcrumb"},"inLanguage":"pl-PL","potentialAction":[{"@type":"ReadAction","target":["https:\/\/nockultury.pl\/pl\/noc-kultury-2025-czy-odnajdziesz-te-atrakcje-w-przestrzeni-miasta\/"]}]},{"@type":"ImageObject","inLanguage":"pl-PL","@id":"https:\/\/nockultury.pl\/pl\/noc-kultury-2025-czy-odnajdziesz-te-atrakcje-w-przestrzeni-miasta\/#primaryimage","url":"https:\/\/nockultury.pl\/wp-content\/uploads\/2025\/05\/fot._Katarzyna_Anna_Kubiak_1.webp","contentUrl":"https:\/\/nockultury.pl\/wp-content\/uploads\/2025\/05\/fot._Katarzyna_Anna_Kubiak_1.webp","width":1920,"height":1282,"caption":"Instalacja podczas Nocy Kultury. To z\u0142ote \u0142ab\u0119dzie z papieru."},{"@type":"BreadcrumbList","@id":"https:\/\/nockultury.pl\/pl\/noc-kultury-2025-czy-odnajdziesz-te-atrakcje-w-przestrzeni-miasta\/#breadcrumb","itemListElement":[{"@type":"ListItem","position":1,"name":"Strona g\u0142\u00f3wna","item":"https:\/\/nockultury.pl\/pl\/"},{"@type":"ListItem","position":2,"name":"Noc Kultury 2025. Czy odnajdziesz te atrakcje w przestrzeni miasta?"}]},{"@type":"WebSite","@id":"https:\/\/nockultury.pl\/pl\/#website","url":"https:\/\/nockultury.pl\/pl\/","name":"Noc Kultury","description":"Lublin, Stare Miasto | wst\u0119p wolny","publisher":{"@id":"https:\/\/nockultury.pl\/pl\/#organization"},"potentialAction":[{"@type":"SearchAction","target":{"@type":"EntryPoint","urlTemplate":"https:\/\/nockultury.pl\/pl\/?s={search_term_string}"},"query-input":{"@type":"PropertyValueSpecification","valueRequired":true,"valueName":"search_term_string"}}],"inLanguage":"pl-PL"},{"@type":"Organization","@id":"https:\/\/nockultury.pl\/pl\/#organization","name":"Warsztaty Kultury w Lublinie","url":"https:\/\/nockultury.pl\/pl\/","logo":{"@type":"ImageObject","inLanguage":"pl-PL","@id":"https:\/\/nockultury.pl\/pl\/#\/schema\/logo\/image\/","url":"https:\/\/nockultury.pl\/wp-content\/uploads\/2020\/03\/NOC-KULTURY-LOGO-170.jpg","contentUrl":"https:\/\/nockultury.pl\/wp-content\/uploads\/2020\/03\/NOC-KULTURY-LOGO-170.jpg","width":170,"height":79,"caption":"Warsztaty Kultury w Lublinie"},"image":{"@id":"https:\/\/nockultury.pl\/pl\/#\/schema\/logo\/image\/"},"sameAs":["https:\/\/www.facebook.com\/NocKultury\/","https:\/\/www.instagram.com\/nockultury\/","https:\/\/www.youtube.com\/@videonockultury"]},{"@type":"Person","@id":"https:\/\/nockultury.pl\/pl\/#\/schema\/person\/b455ea53392e5908331cf9642243f21c","name":"Ma\u0142gorzata Stanek","image":{"@type":"ImageObject","inLanguage":"pl-PL","@id":"https:\/\/nockultury.pl\/pl\/#\/schema\/person\/image\/","url":"https:\/\/secure.gravatar.com\/avatar\/45935340e0720354e023c66e68c2c506b7ca3adf6417db0177bb9e832d57e28c?s=96&d=mm&r=g","contentUrl":"https:\/\/secure.gravatar.com\/avatar\/45935340e0720354e023c66e68c2c506b7ca3adf6417db0177bb9e832d57e28c?s=96&d=mm&r=g","caption":"Ma\u0142gorzata Stanek"}}]}},"_links":{"self":[{"href":"https:\/\/nockultury.pl\/pl\/wp-json\/wp\/v2\/posts\/48669","targetHints":{"allow":["GET"]}}],"collection":[{"href":"https:\/\/nockultury.pl\/pl\/wp-json\/wp\/v2\/posts"}],"about":[{"href":"https:\/\/nockultury.pl\/pl\/wp-json\/wp\/v2\/types\/post"}],"author":[{"embeddable":true,"href":"https:\/\/nockultury.pl\/pl\/wp-json\/wp\/v2\/users\/8"}],"replies":[{"embeddable":true,"href":"https:\/\/nockultury.pl\/pl\/wp-json\/wp\/v2\/comments?post=48669"}],"version-history":[{"count":0,"href":"https:\/\/nockultury.pl\/pl\/wp-json\/wp\/v2\/posts\/48669\/revisions"}],"wp:featuredmedia":[{"embeddable":true,"href":"https:\/\/nockultury.pl\/pl\/wp-json\/wp\/v2\/media\/48670"}],"wp:attachment":[{"href":"https:\/\/nockultury.pl\/pl\/wp-json\/wp\/v2\/media?parent=48669"}],"wp:term":[{"taxonomy":"category","embeddable":true,"href":"https:\/\/nockultury.pl\/pl\/wp-json\/wp\/v2\/categories?post=48669"},{"taxonomy":"post_tag","embeddable":true,"href":"https:\/\/nockultury.pl\/pl\/wp-json\/wp\/v2\/tags?post=48669"}],"curies":[{"name":"wp","href":"https:\/\/api.w.org\/{rel}","templated":true}]}}