{"id":51150,"date":"2026-06-05T16:21:22","date_gmt":"2026-06-05T14:21:22","guid":{"rendered":"https:\/\/nockultury.pl\/?p=51150"},"modified":"2026-06-06T10:37:15","modified_gmt":"2026-06-06T08:37:15","slug":"noc-kultury-2026-juz-dzis-sprawdz-7-praktycznych-porad-od-nas","status":"publish","type":"post","link":"https:\/\/nockultury.pl\/pl\/noc-kultury-2026-juz-dzis-sprawdz-7-praktycznych-porad-od-nas\/","title":{"rendered":"Noc Kultury 2026 ju\u017c dzi\u015b! Sprawd\u017a 7 praktycznych porad od nas"},"content":{"rendered":"<p><strong>Ju\u017c dzi\u015b w nocy odb\u0119dzie si\u0119 najbardziej magiczny festiwal w Polsce: lubelska Noc Kultury! Przed nami fascynuj\u0105cy wiecz\u00f3r, wype\u0142niony muzyk\u0105 i sztuk\u0105. O czym nale\u017cy pami\u0119ta\u0107, wybieraj\u0105c si\u0119 na Noc Kultury? Przeczytaj nasz poradnik!<\/strong><\/p>\n<h2>Kiedy, gdzie, jak?<\/h2>\n<p>Widzimy si\u0119 w <strong>noc z 6 na 7 czerwca 2026 r.<\/strong> w godzinach od 19.00 do 2.00. Noc jest bardzo kr\u00f3tka, a atrakcji wiele. <strong>Na Starym Mie\u015bcie w Lublinie<\/strong> czeka na Ciebie blisko 200 instalacji, koncert\u00f3w, pokaz\u00f3w i spektakli. Noc Kultury odbywa si\u0119 tak\u017ce w wielu innych miejscach na terenie Lublina. Dok\u0142adny program znajdziesz na <a href=\"https:\/\/nockultury.pl\" target=\"_blank\" rel=\"noopener\"><strong>nockultury.pl<\/strong><\/a> oraz w naszej oficjalnej aplikacji <a href=\"https:\/\/warsztatykultury.pl\/pl\/noc-kultury-2026-pobierz-aplikacje-z-programem\/\" target=\"_blank\" rel=\"noopener\"><strong>MK Events (kod wydarzenia 3865)<\/strong><\/a>.<\/p>\n<p>Wszystkie punkty programu Nocy Kultury s\u0105 bezp\u0142atne!<\/p>\n<p><strong><a href=\"https:\/\/nockultury.pl\/wp-content\/uploads\/2026\/06\/Mapa-Nocy-Kultury-2026.jpg\" target=\"_blank\" rel=\"noopener\">MAPA FESTIWALU<\/a><\/strong><\/p>\n<p><strong><a href=\"https:\/\/nockultury.pl\/pl\/noc-kultury-2026-tych-wydarzen-nie-mozesz-przegapic\/\" target=\"_blank\" rel=\"noopener\">POLECANE WYDARZENIA<\/a><\/strong><\/p>\n<p><strong><a href=\"https:\/\/nockultury.pl\/pl\/program-2026\/\" target=\"_blank\" rel=\"noopener\">CA\u0141Y PROGRAM<\/a><\/strong><\/p>\n<p><strong><a href=\"https:\/\/mk-e.pl\/r\/app\/019e4a2f34e7797ab26028a8086aaee7\" target=\"_blank\" rel=\"noopener\">POBIERZ APK\u0118, KOD WYDARZENIA: 3865<\/a><\/strong><\/p>\n<h2>7 praktycznych porad na Noc Kultury<\/h2>\n<p><strong>1. Zainstaluj nasz\u0105 oficjaln\u0105 aplikacj\u0119!<\/strong><\/p>\n<p>W App Store lub w Google Play wyszukaj MK Events. Po zainstalowaniu wpisz kod wydarzenia: <strong>3865<\/strong>.<\/p>\n<p>Teraz mo\u017cesz sprawnie przeszukiwa\u0107 program w Twoim telefonie, dodawa\u0107 wydarzenia do ulubionych, a nawet ocenia\u0107. B\u0119dziemy te\u017c przypomina\u0107 o kilku najwa\u017cniejszych punktach programu, \u017ceby Ci nie umkn\u0119\u0142y.<\/p>\n<p>Wi\u0119cej informacji znajdziesz <a href=\"https:\/\/warsztatykultury.pl\/pl\/noc-kultury-2026-pobierz-aplikacje-z-programem\/\" target=\"_blank\" rel=\"noopener\"><strong>na naszej stronie<\/strong><\/a>.<\/p>\n<p>Przypominamy, \u017ce nie drukujemy program\u00f3w ze wzgl\u0119du na ekologi\u0119!<\/p>\n<p><strong>2. Ubierz si\u0119 wygodnie<\/strong> \u2013 Noc Kultury to mn\u00f3stwo wydarze\u0144 na terenie Starego Miasta i okolic, wi\u0119c wygodne buty s\u0105 niezb\u0119dne.<\/p>\n<p><strong>3. Zamiast samochodu wybierz komunikacj\u0119 miejsk\u0105<\/strong> \u2013 b\u0119dzie szybciej i wygodniej. Ze wzgl\u0119du na du\u017ce zainteresowanie festiwalem podr\u00f3\u017c samochodem do centrum Lublina mo\u017ce wi\u0105za\u0107 si\u0119 z du\u017cym problemem z zaparkowaniem auta.<\/p>\n<p>Podczas trwania Nocy Kultury <strong>publiczna komunikacja nocna b\u0119dzie BEZP\u0141ATNA!<\/strong> W godzinach 22.30\u20132.30 linie N1, N2 i N3 b\u0119d\u0105 kursowa\u0107 co 30 minut, a w godzinach 2.30\u20134.30 co 60 minut.<\/p>\n<p><strong>4. Zostaw zwierzaka w domu.<\/strong> Kochamy je, dlatego dbaj\u0105c o komfort, dobre samopoczucie i bezpiecze\u0144stwo Twojego pupila, sugerujemy, aby na t\u0119 jedn\u0105 noc zosta\u0142 w domu. Noc Kultury to kilkadziesi\u0105t tysi\u0119cy uczestnik\u00f3w, intensywny d\u017awi\u0119k, \u015bwiat\u0142o i wyj\u0105tkowy nat\u0142ok bod\u017ac\u00f3w, kt\u00f3re spowoduj\u0105 du\u017cy stres i mog\u0105 wystraszy\u0107 nawet obytego w takich sytuacjach zwierzaka.<\/p>\n<p><strong>5. Na\u0142aduj bateri\u0119 w telefonie<\/strong> \u2013 dzi\u0119ki temu uwiecznisz niecodzienne instalacje artystyczne.<\/p>\n<p><strong>6. Alkohol tylko w wyznaczonych miejscach<\/strong> \u2013 pami\u0119taj, \u017ce w przestrzeni publicznej obowi\u0105zuje zakaz jego spo\u017cywania. W celu odpoczynku zapraszamy do nocokulturowej strefy chilloutu w Browarze Per\u0142a przy ulicy Bernardy\u0144skiej 15.<\/p>\n<p><strong>7. Baw si\u0119 dobrze!<\/strong> Korzystaj, bo to jedyna taka noc w roku \u2013 wszystko zniknie wraz ze wschodem s\u0142o\u0144ca niczym pi\u0119kny sen!<\/p>\n<h2>Informacje dla os\u00f3b z niepe\u0142nosprawno\u015bci\u0105<\/h2>\n<p>Zadbali\u015bmy o to, by <strong><a href=\"https:\/\/nockultury.pl\/pl\/program-2026\/\" target=\"_blank\" rel=\"noopener\">program na naszej stronie www<\/a><\/strong> by\u0142 jak najbardziej przejrzysty. Znajdziesz tam szczeg\u00f3\u0142owy harmonogram z filtrami, kt\u00f3re u\u0142atwiaj\u0105 wyszukiwanie atrakcji nie tylko wed\u0142ug lokalizacji i godziny, lecz tak\u017ce rodzaju wydarzenia i poziomu dost\u0119pno\u015bci dla os\u00f3b z niepe\u0142nosprawno\u015bciami.<\/p>\n<p>Wiemy, \u017ce program jest ogromny i mo\u017ce przyt\u0142acza\u0107, dlatego przygotowali\u015bmy te\u017c inne formy. Mo\u017cesz pobra\u0107 <strong><a href=\"https:\/\/nockultury.pl\/wp-content\/uploads\/2026\/05\/Program-Nocy-Kultury-2026.pdf\" target=\"_blank\" rel=\"noopener\">uproszczony PDF z programem<\/a><\/strong> i wydrukowa\u0107 sobie jako \u015bci\u0105gawk\u0119.<\/p>\n<p>Nasza grupa specjalna Wolontariusze Dost\u0119pno\u015bci przygotowa\u0142a te\u017c:<\/p>\n<ul>\n<li><strong><a href=\"https:\/\/nockultury.pl\/wp-content\/uploads\/2026\/06\/Mapa-Nocy-Kultury-2026.pdf\" target=\"_blank\" rel=\"noopener\">Map\u0119 Dost\u0119pno\u015bci<\/a><\/strong><\/li>\n<li><strong><a href=\"https:\/\/drive.google.com\/file\/d\/1Nv2AF7WetSFIo51uNC48sCUJSHj7OmZQ\/view\" target=\"_blank\" rel=\"noopener\">Szczeg\u00f3\u0142owe informacje o dost\u0119pno\u015bci Nocy Kultury<\/a><\/strong><\/li>\n<\/ul>\n<p>A je\u015bli lubisz mie\u0107 wszystko pod kontrol\u0105, to mo\u017ce przyda Ci si\u0119 <strong><a href=\"https:\/\/experience.arcgis.com\/experience\/1c46dc5db5f64682ae8c8e8e2387dec3\/page\/NOC-KULTURY-2026\" target=\"_blank\" rel=\"noopener\">nocokulturowa mapa Google<\/a><\/strong>, kt\u00f3r\u0105 zrobi\u0142a dla Nocy Kultury Amelia Kwiatkowska. To narz\u0119dzie idealnie sprawdzi si\u0119 podczas w\u0119dr\u00f3wki zau\u0142kami Starego Miasta. Dzi\u0119ki niemu odnajdziesz wszystkie nasze wydarzenia i nie zgubisz si\u0119 w g\u0105szczu atrakcji!<\/p>\n<p>Nasz program ma te\u017c opcj\u0119 dodawania wydarze\u0144 do ulubionych. Po wybraniu poszczeg\u00f3lnych wydarze\u0144, mo\u017cesz wydrukowa\u0107 swoj\u0105 osobist\u0105 selekcj\u0119 i zabra\u0107 \u015bci\u0105gawk\u0119 na Noc Kultury.<\/p>\n<h2>Sprawdzaj zmiany na bie\u017c\u0105co<\/h2>\n<p>Noc Kultury to festiwal o dynamicznym charakterze, wi\u0119c trzeba pami\u0119ta\u0107, \u017ce zdarzaj\u0105 si\u0119 zmiany lokalizacji, a nawet odwo\u0142ania w ostatniej chwili. Aktualne informacje w czasie trwania wydarzenia warto \u015bledzi\u0107 na profilach Nocy Kultury na <strong><a href=\"https:\/\/www.facebook.com\/NocKultury\/\" target=\"_blank\" rel=\"noopener\">Facebooku<\/a><\/strong> i <a href=\"https:\/\/www.instagram.com\/nockultury\/\" target=\"_blank\" rel=\"noopener\"><strong>Instagramie<\/strong><\/a>.<\/p>\n<h2>Punkt Info Nocy Kultury<\/h2>\n<p>Dodatkowym wsparciem dla Ciebie b\u0119d\u0105 wolontariusze i wolontariuszki Nocy Kultury \u2013 \u0142atwo ich rozpozna\u0107 po pomara\u0144czowych koszulkach i identyfikatorach. W razie w\u0105tpliwo\u015bci lub potrzeby pomocy warto uda\u0107 si\u0119 do Punktu Informacyjnego na placu \u0141okietka (obok ratusza). Punkt b\u0119dzie czynny od 12.00 a\u017c do p\u00f3\u0142nocy.<br \/>\nW s\u0105siedztwie Punktu Informacyjnego dzia\u0142a\u0107 b\u0119dzie tak\u017ce punkt medyczny w karetce zaparkowanej pod Bram\u0105 Krakowsk\u0105.<\/p>\n<h2>Odbierz wej\u015bci\u00f3wki<\/h2>\n<p>99% festiwalowego programu jest og\u00f3lnodost\u0119pne i otwarte dla ka\u017cdego, a wej\u015bci\u00f3wki obowi\u0105zuj\u0105 tylko na wybrane, kameralne wydarzenia w zamkni\u0119tych przestrzeniach (np. spektakle w teatrach, warsztaty). Rezerwacja bezp\u0142atnych wej\u015bci\u00f3wek ju\u017c si\u0119 zako\u0144czy\u0142a, ale teraz nadszed\u0142 czas, \u017ceby je odebra\u0107. Mo\u017cesz to zrobi\u0107 w Punkcie Informacyjnym Nocy Kultury na placu \u0141okietka w godz. 12.00\u201318.00. Wej\u015bci\u00f3wki, kt\u00f3re nie zostan\u0105 odebrane do godziny 18.00, wracaj\u0105 do puli; rezerwacje wygasaj\u0105, a bilety s\u0105 dost\u0119pne do odbioru dla wszystkich ch\u0119tnych.<\/p>\n<h2>Utrudnienia w ruchu<\/h2>\n<p>Urz\u0105d Miasta Lublin zamyka w ka\u017cdy wakacyjny weekend ulic\u0119 Kr\u00f3lewsk\u0105. Nie inaczej b\u0119dzie podczas Nocy Kultury. Ulica b\u0119dzie wy\u0142\u0105czona z ruchu na odcinku od ul. Bajkowskiego do ul. Podwale. Z ul. Bajkowskiego kierowcy pojad\u0105 w lewo w ul. Lubartowsk\u0105, a dojazd do posesji b\u0119dzie odbywa\u0142 si\u0119 od ul. Wyszy\u0144skiego.<br \/>\nDla ruchu ko\u0142owego do p\u00f3\u0142nocy zamkni\u0119ta zostanie tak\u017ce ul. Miedziana.<\/p>\n<h2>O Nocy Kultury<\/h2>\n<p><a href=\"https:\/\/nockultury.pl\/\"><strong>Noc Kultury<\/strong><\/a> to kilkaset bezp\u0142atnych wydarze\u0144 artystycznych w przestrzeni publicznej Lublina. To tysi\u0105ce u\u015bmiechni\u0119tych ludzi spaceruj\u0105cych ulicami miasta w poszukiwaniu niezapomnianych wra\u017ce\u0144. To jedyna taka noc w roku, kiedy niemo\u017cliwe staje si\u0119 mo\u017cliwe! Koncerty, instalacje \u015bwietlne, spektakle, pokazy, warsztaty i wiele, wiele innych, wymykaj\u0105cych si\u0119 definicjom. Uczestnicy i uczestniczki mog\u0105 prze\u017cy\u0107 kumulacj\u0119 do\u015bwiadcze\u0144 i przyg\u00f3d spakowanych w pakiet siedmiu godzin. Tylko od nich zale\u017cy, czy to b\u0119dzie noc szalonych koncert\u00f3w i spektakli czy kameralnych spotka\u0144 literackich. Noc Kultury, poprzez instalacje w przestrzeni publicznej, zmienia ca\u0142e ulice nie do poznania: to czas, kiedy mo\u017cna w\u0105cha\u0107 bramy, g\u0142aska\u0107 kud\u0142ate \u015bciany, zagl\u0105da\u0107 przez dziurk\u0119 od klucza do fantastycznych \u015bwiat\u00f3w. Przed wyj\u015bciem koniecznie trzeba na\u0142adowa\u0107 baterie w aparacie.<\/p>\n<p>Ju\u017c po raz dwudziesty zapraszamy na endemiczny <em>spacerum profanum<\/em> po lubelskim Starym Mie\u015bcie. To b\u0119dzie dobra noc.<\/p>\n<p><strong>Noc Kultury<\/strong><br \/>\n6\/7 czerwca 2026<br \/>\nLublin \u2013 Stare Miasto i \u015ar\u00f3dmie\u015bcie<br \/>\n<a href=\"https:\/\/nockultury.pl\/\"><strong>nockultury.pl<\/strong><\/a><br \/>\nWst\u0119p wolny<\/p>\n<p><strong>Organizatorzy wydarzenia:<\/strong><br \/>\nWarsztaty Kultury w Lublinie, Instytucja Kultury Miasta Lublin oraz Miasto Lublin.<br \/>\nPatronat honorowy nad projektem obj\u0105\u0142 Prezydent Miasta Lublin \u2013 Krzysztof \u017buk.<br \/>\nPatroni medialni: TVP Kultura, Radio Nowy \u015awiat, Gazeta Wyborcza, TVP 3 Lublin, Polskie Radio Lublin, Radio Centrum, Kultura Enter.<br \/>\nSponsorzy: Per\u0142a \u2013 Browary Lubelskie S.A., PGE Energia Ciep\u0142a S.A.<\/p>\n","protected":false},"excerpt":{"rendered":"<p>Ju\u017c dzi\u015b w nocy odb\u0119dzie si\u0119 najbardziej magiczny festiwal w  [&#8230;]<\/p>\n","protected":false},"author":16,"featured_media":51152,"comment_status":"closed","ping_status":"open","sticky":false,"template":"","format":"standard","meta":{"_acf_changed":false,"ngg_post_thumbnail":0,"footnotes":""},"categories":[1],"tags":[],"class_list":["post-51150","post","type-post","status-publish","format-standard","has-post-thumbnail","hentry","category-bez-kategorii"],"acf":[],"yoast_head":"<!-- This site is optimized with the Yoast SEO plugin v26.1.1 - https:\/\/yoast.com\/wordpress\/plugins\/seo\/ -->\n<title>Noc Kultury 2026 ju\u017c dzi\u015b! Sprawd\u017a 7 praktycznych porad od nas<\/title>\n<meta name=\"description\" content=\"Ju\u017c w ten weekend \u2013 z 6 na 7 czerwca \u2013 odb\u0119dzie si\u0119 najbardziej magiczny festiwal w Polsce: lubelska Noc Kultury! Przed nami fascynuj\u0105cy wiecz\u00f3r, wype\u0142niony muzyk\u0105 i sztuk\u0105. O czym nale\u017cy pami\u0119ta\u0107, wybieraj\u0105c si\u0119 na Noc Kultury? Przeczytaj nasz poradnik!\" \/>\n<meta name=\"robots\" content=\"index, follow, max-snippet:-1, max-image-preview:large, max-video-preview:-1\" \/>\n<link rel=\"canonical\" href=\"https:\/\/nockultury.pl\/pl\/noc-kultury-2026-juz-dzis-sprawdz-7-praktycznych-porad-od-nas\/\" \/>\n<meta property=\"og:locale\" content=\"pl_PL\" \/>\n<meta property=\"og:type\" content=\"article\" \/>\n<meta property=\"og:title\" content=\"Noc Kultury 2026 ju\u017c dzi\u015b! Sprawd\u017a 7 praktycznych porad od nas\" \/>\n<meta property=\"og:description\" content=\"Ju\u017c w ten weekend \u2013 z 6 na 7 czerwca \u2013 odb\u0119dzie si\u0119 najbardziej magiczny festiwal w Polsce: lubelska Noc Kultury! Przed nami fascynuj\u0105cy wiecz\u00f3r, wype\u0142niony muzyk\u0105 i sztuk\u0105. O czym nale\u017cy pami\u0119ta\u0107, wybieraj\u0105c si\u0119 na Noc Kultury? Przeczytaj nasz poradnik!\" \/>\n<meta property=\"og:url\" content=\"https:\/\/nockultury.pl\/pl\/noc-kultury-2026-juz-dzis-sprawdz-7-praktycznych-porad-od-nas\/\" \/>\n<meta property=\"og:site_name\" content=\"Noc Kultury\" \/>\n<meta property=\"article:publisher\" content=\"https:\/\/www.facebook.com\/NocKultury\/\" \/>\n<meta property=\"article:published_time\" content=\"2026-06-05T14:21:22+00:00\" \/>\n<meta property=\"article:modified_time\" content=\"2026-06-06T08:37:15+00:00\" \/>\n<meta property=\"og:image\" content=\"https:\/\/nockultury.pl\/wp-content\/uploads\/2026\/06\/Wolo_nk_static.jpg\" \/>\n\t<meta property=\"og:image:width\" content=\"1080\" \/>\n\t<meta property=\"og:image:height\" content=\"1440\" \/>\n\t<meta property=\"og:image:type\" content=\"image\/jpeg\" \/>\n<meta name=\"author\" content=\"Monika B\u0142aszczak\" \/>\n<meta name=\"twitter:card\" content=\"summary_large_image\" \/>\n<meta name=\"twitter:label1\" content=\"Napisane przez\" \/>\n\t<meta name=\"twitter:data1\" content=\"Monika B\u0142aszczak\" \/>\n\t<meta name=\"twitter:label2\" content=\"Szacowany czas czytania\" \/>\n\t<meta name=\"twitter:data2\" content=\"7 minut\" \/>\n<script type=\"application\/ld+json\" class=\"yoast-schema-graph\">{\"@context\":\"https:\/\/schema.org\",\"@graph\":[{\"@type\":\"Article\",\"@id\":\"https:\/\/nockultury.pl\/pl\/noc-kultury-2026-juz-dzis-sprawdz-7-praktycznych-porad-od-nas\/#article\",\"isPartOf\":{\"@id\":\"https:\/\/nockultury.pl\/pl\/noc-kultury-2026-juz-dzis-sprawdz-7-praktycznych-porad-od-nas\/\"},\"author\":{\"name\":\"Monika B\u0142aszczak\",\"@id\":\"https:\/\/nockultury.pl\/pl\/#\/schema\/person\/88c6272f167ec063ac61385a70a3dcea\"},\"headline\":\"Noc Kultury 2026 ju\u017c dzi\u015b! Sprawd\u017a 7 praktycznych porad od nas\",\"datePublished\":\"2026-06-05T14:21:22+00:00\",\"dateModified\":\"2026-06-06T08:37:15+00:00\",\"mainEntityOfPage\":{\"@id\":\"https:\/\/nockultury.pl\/pl\/noc-kultury-2026-juz-dzis-sprawdz-7-praktycznych-porad-od-nas\/\"},\"wordCount\":1134,\"publisher\":{\"@id\":\"https:\/\/nockultury.pl\/pl\/#organization\"},\"image\":{\"@id\":\"https:\/\/nockultury.pl\/pl\/noc-kultury-2026-juz-dzis-sprawdz-7-praktycznych-porad-od-nas\/#primaryimage\"},\"thumbnailUrl\":\"https:\/\/nockultury.pl\/wp-content\/uploads\/2026\/06\/Wolo_nk_static.jpg\",\"inLanguage\":\"pl-PL\"},{\"@type\":\"WebPage\",\"@id\":\"https:\/\/nockultury.pl\/pl\/noc-kultury-2026-juz-dzis-sprawdz-7-praktycznych-porad-od-nas\/\",\"url\":\"https:\/\/nockultury.pl\/pl\/noc-kultury-2026-juz-dzis-sprawdz-7-praktycznych-porad-od-nas\/\",\"name\":\"Noc Kultury 2026 ju\u017c dzi\u015b! Sprawd\u017a 7 praktycznych porad od nas\",\"isPartOf\":{\"@id\":\"https:\/\/nockultury.pl\/pl\/#website\"},\"primaryImageOfPage\":{\"@id\":\"https:\/\/nockultury.pl\/pl\/noc-kultury-2026-juz-dzis-sprawdz-7-praktycznych-porad-od-nas\/#primaryimage\"},\"image\":{\"@id\":\"https:\/\/nockultury.pl\/pl\/noc-kultury-2026-juz-dzis-sprawdz-7-praktycznych-porad-od-nas\/#primaryimage\"},\"thumbnailUrl\":\"https:\/\/nockultury.pl\/wp-content\/uploads\/2026\/06\/Wolo_nk_static.jpg\",\"datePublished\":\"2026-06-05T14:21:22+00:00\",\"dateModified\":\"2026-06-06T08:37:15+00:00\",\"description\":\"Ju\u017c w ten weekend \u2013 z 6 na 7 czerwca \u2013 odb\u0119dzie si\u0119 najbardziej magiczny festiwal w Polsce: lubelska Noc Kultury! Przed nami fascynuj\u0105cy wiecz\u00f3r, wype\u0142niony muzyk\u0105 i sztuk\u0105. O czym nale\u017cy pami\u0119ta\u0107, wybieraj\u0105c si\u0119 na Noc Kultury? Przeczytaj nasz poradnik!\",\"breadcrumb\":{\"@id\":\"https:\/\/nockultury.pl\/pl\/noc-kultury-2026-juz-dzis-sprawdz-7-praktycznych-porad-od-nas\/#breadcrumb\"},\"inLanguage\":\"pl-PL\",\"potentialAction\":[{\"@type\":\"ReadAction\",\"target\":[\"https:\/\/nockultury.pl\/pl\/noc-kultury-2026-juz-dzis-sprawdz-7-praktycznych-porad-od-nas\/\"]}]},{\"@type\":\"ImageObject\",\"inLanguage\":\"pl-PL\",\"@id\":\"https:\/\/nockultury.pl\/pl\/noc-kultury-2026-juz-dzis-sprawdz-7-praktycznych-porad-od-nas\/#primaryimage\",\"url\":\"https:\/\/nockultury.pl\/wp-content\/uploads\/2026\/06\/Wolo_nk_static.jpg\",\"contentUrl\":\"https:\/\/nockultury.pl\/wp-content\/uploads\/2026\/06\/Wolo_nk_static.jpg\",\"width\":1080,\"height\":1440,\"caption\":\"Wolontariuszki obs\u0142uguj\u0105 punkt informacyjny nocy kultury. Maj\u0105 takie same pomara\u0144czowe koszulki.\"},{\"@type\":\"BreadcrumbList\",\"@id\":\"https:\/\/nockultury.pl\/pl\/noc-kultury-2026-juz-dzis-sprawdz-7-praktycznych-porad-od-nas\/#breadcrumb\",\"itemListElement\":[{\"@type\":\"ListItem\",\"position\":1,\"name\":\"Strona g\u0142\u00f3wna\",\"item\":\"https:\/\/nockultury.pl\/pl\/\"},{\"@type\":\"ListItem\",\"position\":2,\"name\":\"Noc Kultury 2026 ju\u017c dzi\u015b! Sprawd\u017a 7 praktycznych porad od nas\"}]},{\"@type\":\"WebSite\",\"@id\":\"https:\/\/nockultury.pl\/pl\/#website\",\"url\":\"https:\/\/nockultury.pl\/pl\/\",\"name\":\"Noc Kultury\",\"description\":\"Lublin, Stare Miasto | wst\u0119p wolny\",\"publisher\":{\"@id\":\"https:\/\/nockultury.pl\/pl\/#organization\"},\"potentialAction\":[{\"@type\":\"SearchAction\",\"target\":{\"@type\":\"EntryPoint\",\"urlTemplate\":\"https:\/\/nockultury.pl\/pl\/?s={search_term_string}\"},\"query-input\":{\"@type\":\"PropertyValueSpecification\",\"valueRequired\":true,\"valueName\":\"search_term_string\"}}],\"inLanguage\":\"pl-PL\"},{\"@type\":\"Organization\",\"@id\":\"https:\/\/nockultury.pl\/pl\/#organization\",\"name\":\"Warsztaty Kultury w Lublinie\",\"url\":\"https:\/\/nockultury.pl\/pl\/\",\"logo\":{\"@type\":\"ImageObject\",\"inLanguage\":\"pl-PL\",\"@id\":\"https:\/\/nockultury.pl\/pl\/#\/schema\/logo\/image\/\",\"url\":\"https:\/\/nockultury.pl\/wp-content\/uploads\/2020\/03\/NOC-KULTURY-LOGO-170.jpg\",\"contentUrl\":\"https:\/\/nockultury.pl\/wp-content\/uploads\/2020\/03\/NOC-KULTURY-LOGO-170.jpg\",\"width\":170,\"height\":79,\"caption\":\"Warsztaty Kultury w Lublinie\"},\"image\":{\"@id\":\"https:\/\/nockultury.pl\/pl\/#\/schema\/logo\/image\/\"},\"sameAs\":[\"https:\/\/www.facebook.com\/NocKultury\/\",\"https:\/\/www.instagram.com\/nockultury\/\",\"https:\/\/www.youtube.com\/@videonockultury\"]},{\"@type\":\"Person\",\"@id\":\"https:\/\/nockultury.pl\/pl\/#\/schema\/person\/88c6272f167ec063ac61385a70a3dcea\",\"name\":\"Monika B\u0142aszczak\",\"image\":{\"@type\":\"ImageObject\",\"inLanguage\":\"pl-PL\",\"@id\":\"https:\/\/nockultury.pl\/pl\/#\/schema\/person\/image\/\",\"url\":\"https:\/\/secure.gravatar.com\/avatar\/74760378240dbab49962d9566e1399a30ae747db9727bf0880e349369d0d5fdf?s=96&d=mm&r=g\",\"contentUrl\":\"https:\/\/secure.gravatar.com\/avatar\/74760378240dbab49962d9566e1399a30ae747db9727bf0880e349369d0d5fdf?s=96&d=mm&r=g\",\"caption\":\"Monika B\u0142aszczak\"}}]}<\/script>\n<!-- \/ Yoast SEO plugin. -->","yoast_head_json":{"title":"Noc Kultury 2026 ju\u017c dzi\u015b! Sprawd\u017a 7 praktycznych porad od nas","description":"Ju\u017c w ten weekend \u2013 z 6 na 7 czerwca \u2013 odb\u0119dzie si\u0119 najbardziej magiczny festiwal w Polsce: lubelska Noc Kultury! Przed nami fascynuj\u0105cy wiecz\u00f3r, wype\u0142niony muzyk\u0105 i sztuk\u0105. O czym nale\u017cy pami\u0119ta\u0107, wybieraj\u0105c si\u0119 na Noc Kultury? Przeczytaj nasz poradnik!","robots":{"index":"index","follow":"follow","max-snippet":"max-snippet:-1","max-image-preview":"max-image-preview:large","max-video-preview":"max-video-preview:-1"},"canonical":"https:\/\/nockultury.pl\/pl\/noc-kultury-2026-juz-dzis-sprawdz-7-praktycznych-porad-od-nas\/","og_locale":"pl_PL","og_type":"article","og_title":"Noc Kultury 2026 ju\u017c dzi\u015b! Sprawd\u017a 7 praktycznych porad od nas","og_description":"Ju\u017c w ten weekend \u2013 z 6 na 7 czerwca \u2013 odb\u0119dzie si\u0119 najbardziej magiczny festiwal w Polsce: lubelska Noc Kultury! Przed nami fascynuj\u0105cy wiecz\u00f3r, wype\u0142niony muzyk\u0105 i sztuk\u0105. O czym nale\u017cy pami\u0119ta\u0107, wybieraj\u0105c si\u0119 na Noc Kultury? Przeczytaj nasz poradnik!","og_url":"https:\/\/nockultury.pl\/pl\/noc-kultury-2026-juz-dzis-sprawdz-7-praktycznych-porad-od-nas\/","og_site_name":"Noc Kultury","article_publisher":"https:\/\/www.facebook.com\/NocKultury\/","article_published_time":"2026-06-05T14:21:22+00:00","article_modified_time":"2026-06-06T08:37:15+00:00","og_image":[{"width":1080,"height":1440,"url":"https:\/\/nockultury.pl\/wp-content\/uploads\/2026\/06\/Wolo_nk_static.jpg","type":"image\/jpeg"}],"author":"Monika B\u0142aszczak","twitter_card":"summary_large_image","twitter_misc":{"Napisane przez":"Monika B\u0142aszczak","Szacowany czas czytania":"7 minut"},"schema":{"@context":"https:\/\/schema.org","@graph":[{"@type":"Article","@id":"https:\/\/nockultury.pl\/pl\/noc-kultury-2026-juz-dzis-sprawdz-7-praktycznych-porad-od-nas\/#article","isPartOf":{"@id":"https:\/\/nockultury.pl\/pl\/noc-kultury-2026-juz-dzis-sprawdz-7-praktycznych-porad-od-nas\/"},"author":{"name":"Monika B\u0142aszczak","@id":"https:\/\/nockultury.pl\/pl\/#\/schema\/person\/88c6272f167ec063ac61385a70a3dcea"},"headline":"Noc Kultury 2026 ju\u017c dzi\u015b! Sprawd\u017a 7 praktycznych porad od nas","datePublished":"2026-06-05T14:21:22+00:00","dateModified":"2026-06-06T08:37:15+00:00","mainEntityOfPage":{"@id":"https:\/\/nockultury.pl\/pl\/noc-kultury-2026-juz-dzis-sprawdz-7-praktycznych-porad-od-nas\/"},"wordCount":1134,"publisher":{"@id":"https:\/\/nockultury.pl\/pl\/#organization"},"image":{"@id":"https:\/\/nockultury.pl\/pl\/noc-kultury-2026-juz-dzis-sprawdz-7-praktycznych-porad-od-nas\/#primaryimage"},"thumbnailUrl":"https:\/\/nockultury.pl\/wp-content\/uploads\/2026\/06\/Wolo_nk_static.jpg","inLanguage":"pl-PL"},{"@type":"WebPage","@id":"https:\/\/nockultury.pl\/pl\/noc-kultury-2026-juz-dzis-sprawdz-7-praktycznych-porad-od-nas\/","url":"https:\/\/nockultury.pl\/pl\/noc-kultury-2026-juz-dzis-sprawdz-7-praktycznych-porad-od-nas\/","name":"Noc Kultury 2026 ju\u017c dzi\u015b! Sprawd\u017a 7 praktycznych porad od nas","isPartOf":{"@id":"https:\/\/nockultury.pl\/pl\/#website"},"primaryImageOfPage":{"@id":"https:\/\/nockultury.pl\/pl\/noc-kultury-2026-juz-dzis-sprawdz-7-praktycznych-porad-od-nas\/#primaryimage"},"image":{"@id":"https:\/\/nockultury.pl\/pl\/noc-kultury-2026-juz-dzis-sprawdz-7-praktycznych-porad-od-nas\/#primaryimage"},"thumbnailUrl":"https:\/\/nockultury.pl\/wp-content\/uploads\/2026\/06\/Wolo_nk_static.jpg","datePublished":"2026-06-05T14:21:22+00:00","dateModified":"2026-06-06T08:37:15+00:00","description":"Ju\u017c w ten weekend \u2013 z 6 na 7 czerwca \u2013 odb\u0119dzie si\u0119 najbardziej magiczny festiwal w Polsce: lubelska Noc Kultury! Przed nami fascynuj\u0105cy wiecz\u00f3r, wype\u0142niony muzyk\u0105 i sztuk\u0105. O czym nale\u017cy pami\u0119ta\u0107, wybieraj\u0105c si\u0119 na Noc Kultury? Przeczytaj nasz poradnik!","breadcrumb":{"@id":"https:\/\/nockultury.pl\/pl\/noc-kultury-2026-juz-dzis-sprawdz-7-praktycznych-porad-od-nas\/#breadcrumb"},"inLanguage":"pl-PL","potentialAction":[{"@type":"ReadAction","target":["https:\/\/nockultury.pl\/pl\/noc-kultury-2026-juz-dzis-sprawdz-7-praktycznych-porad-od-nas\/"]}]},{"@type":"ImageObject","inLanguage":"pl-PL","@id":"https:\/\/nockultury.pl\/pl\/noc-kultury-2026-juz-dzis-sprawdz-7-praktycznych-porad-od-nas\/#primaryimage","url":"https:\/\/nockultury.pl\/wp-content\/uploads\/2026\/06\/Wolo_nk_static.jpg","contentUrl":"https:\/\/nockultury.pl\/wp-content\/uploads\/2026\/06\/Wolo_nk_static.jpg","width":1080,"height":1440,"caption":"Wolontariuszki obs\u0142uguj\u0105 punkt informacyjny nocy kultury. Maj\u0105 takie same pomara\u0144czowe koszulki."},{"@type":"BreadcrumbList","@id":"https:\/\/nockultury.pl\/pl\/noc-kultury-2026-juz-dzis-sprawdz-7-praktycznych-porad-od-nas\/#breadcrumb","itemListElement":[{"@type":"ListItem","position":1,"name":"Strona g\u0142\u00f3wna","item":"https:\/\/nockultury.pl\/pl\/"},{"@type":"ListItem","position":2,"name":"Noc Kultury 2026 ju\u017c dzi\u015b! Sprawd\u017a 7 praktycznych porad od nas"}]},{"@type":"WebSite","@id":"https:\/\/nockultury.pl\/pl\/#website","url":"https:\/\/nockultury.pl\/pl\/","name":"Noc Kultury","description":"Lublin, Stare Miasto | wst\u0119p wolny","publisher":{"@id":"https:\/\/nockultury.pl\/pl\/#organization"},"potentialAction":[{"@type":"SearchAction","target":{"@type":"EntryPoint","urlTemplate":"https:\/\/nockultury.pl\/pl\/?s={search_term_string}"},"query-input":{"@type":"PropertyValueSpecification","valueRequired":true,"valueName":"search_term_string"}}],"inLanguage":"pl-PL"},{"@type":"Organization","@id":"https:\/\/nockultury.pl\/pl\/#organization","name":"Warsztaty Kultury w Lublinie","url":"https:\/\/nockultury.pl\/pl\/","logo":{"@type":"ImageObject","inLanguage":"pl-PL","@id":"https:\/\/nockultury.pl\/pl\/#\/schema\/logo\/image\/","url":"https:\/\/nockultury.pl\/wp-content\/uploads\/2020\/03\/NOC-KULTURY-LOGO-170.jpg","contentUrl":"https:\/\/nockultury.pl\/wp-content\/uploads\/2020\/03\/NOC-KULTURY-LOGO-170.jpg","width":170,"height":79,"caption":"Warsztaty Kultury w Lublinie"},"image":{"@id":"https:\/\/nockultury.pl\/pl\/#\/schema\/logo\/image\/"},"sameAs":["https:\/\/www.facebook.com\/NocKultury\/","https:\/\/www.instagram.com\/nockultury\/","https:\/\/www.youtube.com\/@videonockultury"]},{"@type":"Person","@id":"https:\/\/nockultury.pl\/pl\/#\/schema\/person\/88c6272f167ec063ac61385a70a3dcea","name":"Monika B\u0142aszczak","image":{"@type":"ImageObject","inLanguage":"pl-PL","@id":"https:\/\/nockultury.pl\/pl\/#\/schema\/person\/image\/","url":"https:\/\/secure.gravatar.com\/avatar\/74760378240dbab49962d9566e1399a30ae747db9727bf0880e349369d0d5fdf?s=96&d=mm&r=g","contentUrl":"https:\/\/secure.gravatar.com\/avatar\/74760378240dbab49962d9566e1399a30ae747db9727bf0880e349369d0d5fdf?s=96&d=mm&r=g","caption":"Monika B\u0142aszczak"}}]}},"_links":{"self":[{"href":"https:\/\/nockultury.pl\/pl\/wp-json\/wp\/v2\/posts\/51150","targetHints":{"allow":["GET"]}}],"collection":[{"href":"https:\/\/nockultury.pl\/pl\/wp-json\/wp\/v2\/posts"}],"about":[{"href":"https:\/\/nockultury.pl\/pl\/wp-json\/wp\/v2\/types\/post"}],"author":[{"embeddable":true,"href":"https:\/\/nockultury.pl\/pl\/wp-json\/wp\/v2\/users\/16"}],"replies":[{"embeddable":true,"href":"https:\/\/nockultury.pl\/pl\/wp-json\/wp\/v2\/comments?post=51150"}],"version-history":[{"count":4,"href":"https:\/\/nockultury.pl\/pl\/wp-json\/wp\/v2\/posts\/51150\/revisions"}],"predecessor-version":[{"id":51162,"href":"https:\/\/nockultury.pl\/pl\/wp-json\/wp\/v2\/posts\/51150\/revisions\/51162"}],"wp:featuredmedia":[{"embeddable":true,"href":"https:\/\/nockultury.pl\/pl\/wp-json\/wp\/v2\/media\/51152"}],"wp:attachment":[{"href":"https:\/\/nockultury.pl\/pl\/wp-json\/wp\/v2\/media?parent=51150"}],"wp:term":[{"taxonomy":"category","embeddable":true,"href":"https:\/\/nockultury.pl\/pl\/wp-json\/wp\/v2\/categories?post=51150"},{"taxonomy":"post_tag","embeddable":true,"href":"https:\/\/nockultury.pl\/pl\/wp-json\/wp\/v2\/tags?post=51150"}],"curies":[{"name":"wp","href":"https:\/\/api.w.org\/{rel}","templated":true}]}}